{"id":10256,"date":"2020-12-23T16:37:49","date_gmt":"2020-12-23T15:37:49","guid":{"rendered":"https:\/\/www.aribau.es\/?p=10256"},"modified":"2021-04-26T16:41:44","modified_gmt":"2021-04-26T15:41:44","slug":"que-los-vinos-de-aribau-te-acompanen-esta-navidad","status":"publish","type":"post","link":"https:\/\/www.aribau.es\/ca\/que-los-vinos-de-aribau-te-acompanen-esta-navidad\/","title":{"rendered":"QUE ELS VINS D'ARIBAU T'ACOMPANYIN AQUEST NADAL"},"content":{"rendered":"<p class=\"translation-block\">Ja sabem que aquest Nadal ser\u00e0 molt diferent del que estem acostumats. A la majoria de cases, ser\u00e0 impossible ajuntar-se amb tota la fam\u00edlia amb qui ens agradaria passar aquestes festes. I aix\u00f2 far\u00e0 que, segur, aquest Nadal siguin tend\u00e8ncia els  <em>v\u00eddeosopars<\/em>, que no s\u00f3n el mateix, \u00e9s clar, per\u00f2 almenys ens permetran \"estar\" amb els nostres.<\/p>\n<p><!--more--><\/p>\n<p>I perqu\u00e8 la trobada sigui el m\u00e9s similar a all\u00f2 que ens hauria agradat que fos, us proposem un joc: que en totes les cases, el men\u00fa sigui exactament el mateix. I si el men\u00fa ho \u00e9s, com no han de ser-ho els vins? En el tema de la cuina no ens ficarem, que cadasc\u00fa sap on s\u00f3n els seus l\u00edmits. O sigui que aqu\u00ed va la nostra proposta de vins perqu\u00e8 brindeu, encara que sigui digitalment, aquest Nadal.<\/p>\n<p>&nbsp;<\/p>\n<p><strong><a href=\"https:\/\/www.aribau.es\/wp-content\/uploads\/2016\/09\/ampolla_musugorri_mid_res_02.jpg\"><img decoding=\"async\" class=\"alignleft size-medium wp-image-4843\" src=\"https:\/\/www.aribau.es\/wp-content\/uploads\/2016\/09\/ampolla_musugorri_mid_res_02-150x300.jpg\" alt=\"\" width=\"150\" height=\"300\" srcset=\"https:\/\/www.aribau.es\/wp-content\/uploads\/2016\/09\/ampolla_musugorri_mid_res_02-150x300.jpg 150w, https:\/\/www.aribau.es\/wp-content\/uploads\/2016\/09\/ampolla_musugorri_mid_res_02.jpg 400w\" sizes=\"(max-width: 150px) 100vw, 150px\" \/><\/a>Per comen\u00e7ar, benvingut sigui un vermut <\/strong><\/p>\n<p>I, com no podia ser d'una altra manera, el nostre vermut <a href=\"https:\/\/www.aribau.es\/ca\/musugorri\/\" target=\"_blank\" rel=\"noopener\"><strong><em>Musugorri<\/em><\/strong><\/a> \u00e9s sense dubte la millor alternativa per a aquest Nadal. I no nom\u00e9s perqu\u00e8 est\u00e0 bon\u00edssim sin\u00f3 perqu\u00e8, com ja sabeu, \u00e9s un vermut solidari. I en aquestes dates, i m\u00e9s aquest any, \u00e9s moment de pensar una mica en els altres.<\/p>\n<p><em>Musugorri<\/em> \u00e9s un vermut que s'elabora de manera tradicional i 100% natural a La Secuita (Tarragona). Per a la seva maceraci\u00f3 s'utilitzen 30 bot\u00e0nics que li aporten uns intensos i complexos aromes i sabors de marcat car\u00e0cter mediterrani. La suau amargor i delicada dol\u00e7or fan d'aquest un vermut equilibrat i persistent.<\/p>\n<p><strong>\u00a0<a href=\"https:\/\/www.aribau.es\/wp-content\/uploads\/2014\/06\/i-tant-garnacha-2011_f_10003990.jpg\"><img decoding=\"async\" class=\"alignright size-full wp-image-3616\" src=\"https:\/\/www.aribau.es\/wp-content\/uploads\/2014\/06\/i-tant-garnacha-2011_f_10003990.jpg\" alt=\"\" width=\"85\" height=\"245\" \/><\/a><\/strong><\/p>\n<p><strong>Un blanc ben fresquet per amenitzar els entrants <\/strong><\/p>\n<p>La garnatxa \u00e9s una d'aquelles varietats a l'al\u00e7a que b\u00e9 mereixen un espai a la nostra taula aquest Nadal. <a href=\"https:\/\/www.aribau.es\/ca\/i-tant-blanco\/\" target=\"_blank\" rel=\"noopener\"><strong><em>I Tant Blanc<\/em><\/strong><\/a> \u00e9s un 100% garnatxa blanca de la DO Terra Alta, la zona que concentra el 30% de la producci\u00f3 mundial d'aquesta varietat. Un vi blanc amb crian\u00e7a que troba l'equilibri en la suavitat pr\u00f2pia de la garnatxa i la salinitat que li aporta la pr\u00f2pia mineralitat del terreny on es cultiven les vinyes.<\/p>\n<p>&nbsp;<\/p>\n<p><strong><a href=\"https:\/\/www.aribau.es\/wp-content\/uploads\/2019\/07\/cargol_treu_banya_2018_low_res.jpg\"><img decoding=\"async\" class=\"alignleft size-medium wp-image-6476\" src=\"https:\/\/www.aribau.es\/wp-content\/uploads\/2019\/07\/cargol_treu_banya_2018_low_res-150x300.jpg\" alt=\"\" width=\"150\" height=\"300\" srcset=\"https:\/\/www.aribau.es\/wp-content\/uploads\/2019\/07\/cargol_treu_banya_2018_low_res-150x300.jpg 150w, https:\/\/www.aribau.es\/wp-content\/uploads\/2019\/07\/cargol_treu_banya_2018_low_res.jpg 384w\" sizes=\"(max-width: 150px) 100vw, 150px\" \/><\/a>Surten els plats principals. Obrim els negres!<\/strong><\/p>\n<p>I enguany volem apostar per un negre potent, d'aquells que entren tan b\u00e9 quan s'intensifica el fred. Ens referim a <a href=\"https:\/\/www.aribau.es\/ca\/cargol-treu-banya\/\" target=\"_blank\" rel=\"noopener\"><strong><em>Cargol Treu Banya<\/em><\/strong><\/a>un negre amb 6 mesos de crian\u00e7a i Denominaci\u00f3 d'Origen Costers del Segre, elaborat amb un cupatge d'ull de llebre, garnatxa negra, melot i syrah. Un vi amb un marcat accent de Lleida que acompanyar\u00e0 a la perfecci\u00f3 uns caragols. Ens consta que en algunes cases \u00e9s un plat de llarga tradici\u00f3 per aquestes dates.<\/p>\n<p>&nbsp;<\/p>\n<p><strong>I per brindar, que no falti el cava! <a href=\"https:\/\/www.aribau.es\/wp-content\/uploads\/2019\/10\/i_tant_brut_nature_low_res.jpg\"><img loading=\"lazy\" decoding=\"async\" class=\"alignright size-medium wp-image-6570\" src=\"https:\/\/www.aribau.es\/wp-content\/uploads\/2019\/10\/i_tant_brut_nature_low_res-150x300.jpg\" alt=\"\" width=\"150\" height=\"300\" srcset=\"https:\/\/www.aribau.es\/wp-content\/uploads\/2019\/10\/i_tant_brut_nature_low_res-150x300.jpg 150w, https:\/\/www.aribau.es\/wp-content\/uploads\/2019\/10\/i_tant_brut_nature_low_res.jpg 384w\" sizes=\"(max-width: 150px) 100vw, 150px\" \/><\/a><\/strong><\/p>\n<p>Que consti que el posem al final per\u00f2 \u00e9s perfectament adaptable al men\u00fa. Hi ha molta gent a qui li agrada dinar amb cava, i nosaltres no serem qui li posi traves. En tot cas, aix\u00f2 s\u00ed, us proposem que sigui amb <a href=\"https:\/\/www.aribau.es\/ca\/i-tant-cava-brut-nature-reserva\/\" target=\"_blank\" rel=\"noopener\"><strong><em>I Tant Cava Brut Nature Reserva<\/em><\/strong><\/a>, un cava elaborat a base de tres varietats aut\u00f2ctones del Pened\u00e8s (xarel\u00b7lo, macabeu i  parellada), de bombolla fina i amb crian\u00e7a. En definitiva, el cava perfecte per brindar al final del dinar o, com d\u00e8iem, per acompanyar qualsevol dels plats que se serveixin.<\/p>\n<p>Sigui com sigui, el que s\u00ed que esperem \u00e9s que passeu un dinar de Nadal que, almenys, us faci somiar amb l'any vinent, quan pugueu tornar a estar tots junts al voltant d'una taula. Bon Nadal!<\/p>","protected":false},"excerpt":{"rendered":"<p>Ya sabemos que esta Navidad va a ser muy diferente a lo que estamos acostumbrados. En la mayor\u00eda de casas va a ser imposible juntarse con toda la familia con la que nos gustar\u00eda pasar estas fiestas. Y eso har\u00e1 que, seguro, esta Navidad sean tendencia las v\u00eddeocenas, que no son lo mismo, claro, pero &#8230; <a title=\"QUE ELS VINS D&#039;ARIBAU T&#039;ACOMPANYIN AQUEST NADAL\" class=\"read-more\" href=\"https:\/\/www.aribau.es\/ca\/que-los-vinos-de-aribau-te-acompanen-esta-navidad\/\" aria-label=\"M\u00e9s informaci\u00f3 sobre QUE LOS VINOS DE ARIBAU TE ACOMPA\u00d1EN ESTA NAVIDAD\">Llegiu m\u00e9s<\/a><\/p>","protected":false},"author":3,"featured_media":10257,"comment_status":"closed","ping_status":"closed","sticky":false,"template":"","format":"standard","meta":{"footnotes":""},"categories":[406],"tags":[305,562,443,572,407],"class_list":["post-10256","post","type-post","status-publish","format-standard","has-post-thumbnail","hentry","category-noticias","tag-aribau","tag-cargol-treu-banya","tag-i-tant-blanco","tag-i-tant-cava","tag-musugorri"],"yoast_head":"<!-- This site is optimized with the Yoast SEO plugin v26.7 - https:\/\/yoast.com\/wordpress\/plugins\/seo\/ -->\n<title>QUE LOS VINOS DE ARIBAU TE ACOMPA\u00d1EN ESTA NAVIDAD - Aribau<\/title>\n<meta name=\"robots\" content=\"index, follow, max-snippet:-1, max-image-preview:large, max-video-preview:-1\" \/>\n<link rel=\"canonical\" href=\"https:\/\/www.aribau.es\/ca\/que-los-vinos-de-aribau-te-acompanen-esta-navidad\/\" \/>\n<meta property=\"og:locale\" content=\"ca_ES\" \/>\n<meta property=\"og:type\" content=\"article\" \/>\n<meta property=\"og:title\" content=\"QUE LOS VINOS DE ARIBAU TE ACOMPA\u00d1EN ESTA NAVIDAD - Aribau\" \/>\n<meta property=\"og:description\" content=\"Ya sabemos que esta Navidad va a ser muy diferente a lo que estamos acostumbrados. En la mayor\u00eda de casas va a ser imposible juntarse con toda la familia con la que nos gustar\u00eda pasar estas fiestas. Y eso har\u00e1 que, seguro, esta Navidad sean tendencia las v\u00eddeocenas, que no son lo mismo, claro, pero ... Llegiu m\u00e9s\" \/>\n<meta property=\"og:url\" content=\"https:\/\/www.aribau.es\/ca\/que-los-vinos-de-aribau-te-acompanen-esta-navidad\/\" \/>\n<meta property=\"og:site_name\" content=\"Aribau\" \/>\n<meta property=\"article:publisher\" content=\"https:\/\/www.facebook.com\/aribau1964\/\" \/>\n<meta property=\"article:published_time\" content=\"2020-12-23T15:37:49+00:00\" \/>\n<meta property=\"article:modified_time\" content=\"2021-04-26T15:41:44+00:00\" \/>\n<meta property=\"og:image\" content=\"https:\/\/www.aribau.es\/wp-content\/uploads\/2021\/04\/navidad_aribau.png\" \/>\n\t<meta property=\"og:image:width\" content=\"1000\" \/>\n\t<meta property=\"og:image:height\" content=\"562\" \/>\n\t<meta property=\"og:image:type\" content=\"image\/png\" \/>\n<meta name=\"author\" content=\"aribau\" \/>\n<meta name=\"twitter:card\" content=\"summary_large_image\" \/>\n<meta name=\"twitter:creator\" content=\"@aribau1964\" \/>\n<meta name=\"twitter:site\" content=\"@aribau1964\" \/>\n<meta name=\"twitter:label1\" content=\"Escrit per\" \/>\n\t<meta name=\"twitter:data1\" content=\"aribau\" \/>\n\t<meta name=\"twitter:label2\" content=\"Temps estimat de lectura\" \/>\n\t<meta name=\"twitter:data2\" content=\"3 minuts\" \/>\n<script type=\"application\/ld+json\" class=\"yoast-schema-graph\">{\"@context\":\"https:\/\/schema.org\",\"@graph\":[{\"@type\":\"Article\",\"@id\":\"https:\/\/www.aribau.es\/que-los-vinos-de-aribau-te-acompanen-esta-navidad\/#article\",\"isPartOf\":{\"@id\":\"https:\/\/www.aribau.es\/que-los-vinos-de-aribau-te-acompanen-esta-navidad\/\"},\"author\":{\"name\":\"aribau\",\"@id\":\"https:\/\/www.aribau.es\/#\/schema\/person\/77a976898b3c705ed016499633f4ffd0\"},\"headline\":\"QUE LOS VINOS DE ARIBAU TE ACOMPA\u00d1EN ESTA NAVIDAD\",\"datePublished\":\"2020-12-23T15:37:49+00:00\",\"dateModified\":\"2021-04-26T15:41:44+00:00\",\"mainEntityOfPage\":{\"@id\":\"https:\/\/www.aribau.es\/que-los-vinos-de-aribau-te-acompanen-esta-navidad\/\"},\"wordCount\":624,\"publisher\":{\"@id\":\"https:\/\/www.aribau.es\/#organization\"},\"image\":{\"@id\":\"https:\/\/www.aribau.es\/que-los-vinos-de-aribau-te-acompanen-esta-navidad\/#primaryimage\"},\"thumbnailUrl\":\"https:\/\/www.aribau.es\/wp-content\/uploads\/2021\/04\/navidad_aribau.png\",\"keywords\":[\"Aribau\",\"Cargol Treu Banya\",\"I Tant blanco\",\"I Tant Cava\",\"Musugorri\"],\"articleSection\":[\"Noticias\"],\"inLanguage\":\"ca\"},{\"@type\":\"WebPage\",\"@id\":\"https:\/\/www.aribau.es\/que-los-vinos-de-aribau-te-acompanen-esta-navidad\/\",\"url\":\"https:\/\/www.aribau.es\/que-los-vinos-de-aribau-te-acompanen-esta-navidad\/\",\"name\":\"QUE LOS VINOS DE ARIBAU TE ACOMPA\u00d1EN ESTA NAVIDAD - Aribau\",\"isPartOf\":{\"@id\":\"https:\/\/www.aribau.es\/#website\"},\"primaryImageOfPage\":{\"@id\":\"https:\/\/www.aribau.es\/que-los-vinos-de-aribau-te-acompanen-esta-navidad\/#primaryimage\"},\"image\":{\"@id\":\"https:\/\/www.aribau.es\/que-los-vinos-de-aribau-te-acompanen-esta-navidad\/#primaryimage\"},\"thumbnailUrl\":\"https:\/\/www.aribau.es\/wp-content\/uploads\/2021\/04\/navidad_aribau.png\",\"datePublished\":\"2020-12-23T15:37:49+00:00\",\"dateModified\":\"2021-04-26T15:41:44+00:00\",\"breadcrumb\":{\"@id\":\"https:\/\/www.aribau.es\/que-los-vinos-de-aribau-te-acompanen-esta-navidad\/#breadcrumb\"},\"inLanguage\":\"ca\",\"potentialAction\":[{\"@type\":\"ReadAction\",\"target\":[\"https:\/\/www.aribau.es\/que-los-vinos-de-aribau-te-acompanen-esta-navidad\/\"]}]},{\"@type\":\"ImageObject\",\"inLanguage\":\"ca\",\"@id\":\"https:\/\/www.aribau.es\/que-los-vinos-de-aribau-te-acompanen-esta-navidad\/#primaryimage\",\"url\":\"https:\/\/www.aribau.es\/wp-content\/uploads\/2021\/04\/navidad_aribau.png\",\"contentUrl\":\"https:\/\/www.aribau.es\/wp-content\/uploads\/2021\/04\/navidad_aribau.png\",\"width\":1000,\"height\":562},{\"@type\":\"BreadcrumbList\",\"@id\":\"https:\/\/www.aribau.es\/que-los-vinos-de-aribau-te-acompanen-esta-navidad\/#breadcrumb\",\"itemListElement\":[{\"@type\":\"ListItem\",\"position\":1,\"name\":\"Portada\",\"item\":\"https:\/\/www.aribau.es\/\"},{\"@type\":\"ListItem\",\"position\":2,\"name\":\"QUE LOS VINOS DE ARIBAU TE ACOMPA\u00d1EN ESTA NAVIDAD\"}]},{\"@type\":\"WebSite\",\"@id\":\"https:\/\/www.aribau.es\/#website\",\"url\":\"https:\/\/www.aribau.es\/\",\"name\":\"Aribau\",\"description\":\"VINOS Y BODEGAS\",\"publisher\":{\"@id\":\"https:\/\/www.aribau.es\/#organization\"},\"potentialAction\":[{\"@type\":\"SearchAction\",\"target\":{\"@type\":\"EntryPoint\",\"urlTemplate\":\"https:\/\/www.aribau.es\/?s={search_term_string}\"},\"query-input\":{\"@type\":\"PropertyValueSpecification\",\"valueRequired\":true,\"valueName\":\"search_term_string\"}}],\"inLanguage\":\"ca\"},{\"@type\":\"Organization\",\"@id\":\"https:\/\/www.aribau.es\/#organization\",\"name\":\"Aribau\",\"url\":\"https:\/\/www.aribau.es\/\",\"logo\":{\"@type\":\"ImageObject\",\"inLanguage\":\"ca\",\"@id\":\"https:\/\/www.aribau.es\/#\/schema\/logo\/image\/\",\"url\":\"https:\/\/www.aribau.es\/wp-content\/uploads\/2022\/03\/logo.png\",\"contentUrl\":\"https:\/\/www.aribau.es\/wp-content\/uploads\/2022\/03\/logo.png\",\"width\":300,\"height\":300,\"caption\":\"Aribau\"},\"image\":{\"@id\":\"https:\/\/www.aribau.es\/#\/schema\/logo\/image\/\"},\"sameAs\":[\"https:\/\/www.facebook.com\/aribau1964\/\",\"https:\/\/x.com\/aribau1964\",\"https:\/\/www.instagram.com\/aribau1964\/\"]},{\"@type\":\"Person\",\"@id\":\"https:\/\/www.aribau.es\/#\/schema\/person\/77a976898b3c705ed016499633f4ffd0\",\"name\":\"aribau\",\"image\":{\"@type\":\"ImageObject\",\"inLanguage\":\"ca\",\"@id\":\"https:\/\/www.aribau.es\/#\/schema\/person\/image\/\",\"url\":\"https:\/\/secure.gravatar.com\/avatar\/6690491f832d5b32aa9482b978c9464816810fbff0f6658034a34c9d9657b94e?s=96&d=mm&r=g\",\"contentUrl\":\"https:\/\/secure.gravatar.com\/avatar\/6690491f832d5b32aa9482b978c9464816810fbff0f6658034a34c9d9657b94e?s=96&d=mm&r=g\",\"caption\":\"aribau\"},\"url\":\"https:\/\/www.aribau.es\/ca\/author\/aribau\/\"}]}<\/script>\n<!-- \/ Yoast SEO plugin. -->","yoast_head_json":{"title":"QUE LOS VINOS DE ARIBAU TE ACOMPA\u00d1EN ESTA NAVIDAD - Aribau","robots":{"index":"index","follow":"follow","max-snippet":"max-snippet:-1","max-image-preview":"max-image-preview:large","max-video-preview":"max-video-preview:-1"},"canonical":"https:\/\/www.aribau.es\/ca\/que-los-vinos-de-aribau-te-acompanen-esta-navidad\/","og_locale":"ca_ES","og_type":"article","og_title":"QUE LOS VINOS DE ARIBAU TE ACOMPA\u00d1EN ESTA NAVIDAD - Aribau","og_description":"Ya sabemos que esta Navidad va a ser muy diferente a lo que estamos acostumbrados. En la mayor\u00eda de casas va a ser imposible juntarse con toda la familia con la que nos gustar\u00eda pasar estas fiestas. Y eso har\u00e1 que, seguro, esta Navidad sean tendencia las v\u00eddeocenas, que no son lo mismo, claro, pero ... Llegiu m\u00e9s","og_url":"https:\/\/www.aribau.es\/ca\/que-los-vinos-de-aribau-te-acompanen-esta-navidad\/","og_site_name":"Aribau","article_publisher":"https:\/\/www.facebook.com\/aribau1964\/","article_published_time":"2020-12-23T15:37:49+00:00","article_modified_time":"2021-04-26T15:41:44+00:00","og_image":[{"width":1000,"height":562,"url":"https:\/\/www.aribau.es\/wp-content\/uploads\/2021\/04\/navidad_aribau.png","type":"image\/png"}],"author":"aribau","twitter_card":"summary_large_image","twitter_creator":"@aribau1964","twitter_site":"@aribau1964","twitter_misc":{"Escrit per":"aribau","Temps estimat de lectura":"3 minuts"},"schema":{"@context":"https:\/\/schema.org","@graph":[{"@type":"Article","@id":"https:\/\/www.aribau.es\/que-los-vinos-de-aribau-te-acompanen-esta-navidad\/#article","isPartOf":{"@id":"https:\/\/www.aribau.es\/que-los-vinos-de-aribau-te-acompanen-esta-navidad\/"},"author":{"name":"aribau","@id":"https:\/\/www.aribau.es\/#\/schema\/person\/77a976898b3c705ed016499633f4ffd0"},"headline":"QUE LOS VINOS DE ARIBAU TE ACOMPA\u00d1EN ESTA NAVIDAD","datePublished":"2020-12-23T15:37:49+00:00","dateModified":"2021-04-26T15:41:44+00:00","mainEntityOfPage":{"@id":"https:\/\/www.aribau.es\/que-los-vinos-de-aribau-te-acompanen-esta-navidad\/"},"wordCount":624,"publisher":{"@id":"https:\/\/www.aribau.es\/#organization"},"image":{"@id":"https:\/\/www.aribau.es\/que-los-vinos-de-aribau-te-acompanen-esta-navidad\/#primaryimage"},"thumbnailUrl":"https:\/\/www.aribau.es\/wp-content\/uploads\/2021\/04\/navidad_aribau.png","keywords":["Aribau","Cargol Treu Banya","I Tant blanco","I Tant Cava","Musugorri"],"articleSection":["Noticias"],"inLanguage":"ca"},{"@type":"WebPage","@id":"https:\/\/www.aribau.es\/que-los-vinos-de-aribau-te-acompanen-esta-navidad\/","url":"https:\/\/www.aribau.es\/que-los-vinos-de-aribau-te-acompanen-esta-navidad\/","name":"QUE LOS VINOS DE ARIBAU TE ACOMPA\u00d1EN ESTA NAVIDAD - Aribau","isPartOf":{"@id":"https:\/\/www.aribau.es\/#website"},"primaryImageOfPage":{"@id":"https:\/\/www.aribau.es\/que-los-vinos-de-aribau-te-acompanen-esta-navidad\/#primaryimage"},"image":{"@id":"https:\/\/www.aribau.es\/que-los-vinos-de-aribau-te-acompanen-esta-navidad\/#primaryimage"},"thumbnailUrl":"https:\/\/www.aribau.es\/wp-content\/uploads\/2021\/04\/navidad_aribau.png","datePublished":"2020-12-23T15:37:49+00:00","dateModified":"2021-04-26T15:41:44+00:00","breadcrumb":{"@id":"https:\/\/www.aribau.es\/que-los-vinos-de-aribau-te-acompanen-esta-navidad\/#breadcrumb"},"inLanguage":"ca","potentialAction":[{"@type":"ReadAction","target":["https:\/\/www.aribau.es\/que-los-vinos-de-aribau-te-acompanen-esta-navidad\/"]}]},{"@type":"ImageObject","inLanguage":"ca","@id":"https:\/\/www.aribau.es\/que-los-vinos-de-aribau-te-acompanen-esta-navidad\/#primaryimage","url":"https:\/\/www.aribau.es\/wp-content\/uploads\/2021\/04\/navidad_aribau.png","contentUrl":"https:\/\/www.aribau.es\/wp-content\/uploads\/2021\/04\/navidad_aribau.png","width":1000,"height":562},{"@type":"BreadcrumbList","@id":"https:\/\/www.aribau.es\/que-los-vinos-de-aribau-te-acompanen-esta-navidad\/#breadcrumb","itemListElement":[{"@type":"ListItem","position":1,"name":"Portada","item":"https:\/\/www.aribau.es\/"},{"@type":"ListItem","position":2,"name":"QUE LOS VINOS DE ARIBAU TE ACOMPA\u00d1EN ESTA NAVIDAD"}]},{"@type":"WebSite","@id":"https:\/\/www.aribau.es\/#website","url":"https:\/\/www.aribau.es\/","name":"Aribau","description":"VINOS Y BODEGAS","publisher":{"@id":"https:\/\/www.aribau.es\/#organization"},"potentialAction":[{"@type":"SearchAction","target":{"@type":"EntryPoint","urlTemplate":"https:\/\/www.aribau.es\/?s={search_term_string}"},"query-input":{"@type":"PropertyValueSpecification","valueRequired":true,"valueName":"search_term_string"}}],"inLanguage":"ca"},{"@type":"Organization","@id":"https:\/\/www.aribau.es\/#organization","name":"Aribau","url":"https:\/\/www.aribau.es\/","logo":{"@type":"ImageObject","inLanguage":"ca","@id":"https:\/\/www.aribau.es\/#\/schema\/logo\/image\/","url":"https:\/\/www.aribau.es\/wp-content\/uploads\/2022\/03\/logo.png","contentUrl":"https:\/\/www.aribau.es\/wp-content\/uploads\/2022\/03\/logo.png","width":300,"height":300,"caption":"Aribau"},"image":{"@id":"https:\/\/www.aribau.es\/#\/schema\/logo\/image\/"},"sameAs":["https:\/\/www.facebook.com\/aribau1964\/","https:\/\/x.com\/aribau1964","https:\/\/www.instagram.com\/aribau1964\/"]},{"@type":"Person","@id":"https:\/\/www.aribau.es\/#\/schema\/person\/77a976898b3c705ed016499633f4ffd0","name":"aribau","image":{"@type":"ImageObject","inLanguage":"ca","@id":"https:\/\/www.aribau.es\/#\/schema\/person\/image\/","url":"https:\/\/secure.gravatar.com\/avatar\/6690491f832d5b32aa9482b978c9464816810fbff0f6658034a34c9d9657b94e?s=96&d=mm&r=g","contentUrl":"https:\/\/secure.gravatar.com\/avatar\/6690491f832d5b32aa9482b978c9464816810fbff0f6658034a34c9d9657b94e?s=96&d=mm&r=g","caption":"aribau"},"url":"https:\/\/www.aribau.es\/ca\/author\/aribau\/"}]}},"_links":{"self":[{"href":"https:\/\/www.aribau.es\/ca\/wp-json\/wp\/v2\/posts\/10256","targetHints":{"allow":["GET"]}}],"collection":[{"href":"https:\/\/www.aribau.es\/ca\/wp-json\/wp\/v2\/posts"}],"about":[{"href":"https:\/\/www.aribau.es\/ca\/wp-json\/wp\/v2\/types\/post"}],"author":[{"embeddable":true,"href":"https:\/\/www.aribau.es\/ca\/wp-json\/wp\/v2\/users\/3"}],"replies":[{"embeddable":true,"href":"https:\/\/www.aribau.es\/ca\/wp-json\/wp\/v2\/comments?post=10256"}],"version-history":[{"count":1,"href":"https:\/\/www.aribau.es\/ca\/wp-json\/wp\/v2\/posts\/10256\/revisions"}],"predecessor-version":[{"id":10258,"href":"https:\/\/www.aribau.es\/ca\/wp-json\/wp\/v2\/posts\/10256\/revisions\/10258"}],"wp:featuredmedia":[{"embeddable":true,"href":"https:\/\/www.aribau.es\/ca\/wp-json\/wp\/v2\/media\/10257"}],"wp:attachment":[{"href":"https:\/\/www.aribau.es\/ca\/wp-json\/wp\/v2\/media?parent=10256"}],"wp:term":[{"taxonomy":"category","embeddable":true,"href":"https:\/\/www.aribau.es\/ca\/wp-json\/wp\/v2\/categories?post=10256"},{"taxonomy":"post_tag","embeddable":true,"href":"https:\/\/www.aribau.es\/ca\/wp-json\/wp\/v2\/tags?post=10256"}],"curies":[{"name":"wp","href":"https:\/\/api.w.org\/{rel}","templated":true}]}}