{"id":10259,"date":"2020-12-30T16:42:33","date_gmt":"2020-12-30T15:42:33","guid":{"rendered":"https:\/\/www.aribau.es\/?p=10259"},"modified":"2021-04-26T16:46:06","modified_gmt":"2021-04-26T15:46:06","slug":"brindamos-contigo-para-despedir-este-2020","status":"publish","type":"post","link":"https:\/\/www.aribau.es\/ca\/brindamos-contigo-para-despedir-este-2020\/","title":{"rendered":"BRINDEM AMB TU PER ACOMIADAR AQUEST 2020"},"content":{"rendered":"<p>Per fi ha arribat el dia de dir ad\u00e9u a un any que s'ha fet llaaaarg, i no precisament perqu\u00e8 hagi estat un any de trasp\u00e0s...<\/p>\n<p>El cas \u00e9s que aqu\u00ed estem, a punt de dir-li ad\u00e9u al 2020 amb gran il\u00b7lusi\u00f3 malgrat no poder ajuntar-nos amb tots els amics per celebrar-ho. O sigui que, a falta d'amics, us proposem uns companys de taula que segur que us faran l'entrada en l'any nou molt m\u00e9s amena.<\/p>\n<p><!--more--><\/p>\n<p>&nbsp;<\/p>\n<p><strong><a href=\"https:\/\/www.aribau.es\/wp-content\/uploads\/2018\/12\/bertsolari-121x300.jpg\"><img decoding=\"async\" class=\"alignleft size-medium wp-image-6251\" src=\"https:\/\/www.aribau.es\/wp-content\/uploads\/2018\/12\/bertsolari-121x300-121x300.jpg\" alt=\"\" width=\"121\" height=\"300\" \/><\/a>Un vermut per comen\u00e7ar<\/strong><\/p>\n<p>Aquest any m\u00e9s que mai, segur que l'estona pr\u00e8via al sopar la dedicarem a fer m\u00e9s d'una videotrucada per veure a tota aquella fam\u00edlia i amics amb qui ens agradaria passar la nit i no podr\u00e0 ser. O sigui que, qu\u00e8 millor que un vermut per amenitzar aquestes trobades digitals? Un homenatge a totes les estones que aquest any ens ha fet passar davant l'ordinador.<\/p>\n<p class=\"translation-block\"><a href=\"https:\/\/www.aribau.es\/ca\/bertsolari-2\/\" target=\"_self\" rel=\"noopener\"><strong><em>Bertsolari<\/em><\/strong><\/a> \u00e9s un vermut amb un caracter\u00edstic sabor dol\u00e7 al mateix temps que amarg i arom\u00e0tic. Preparat a base de vi, sucre, alcohol i una maceraci\u00f3 de fins a 40 bot\u00e0nics, destaquen les seves aromes mediterr\u00e0nies i a fruites com la taronja o la llimona.<\/p>\n<p><strong><a href=\"https:\/\/www.aribau.es\/wp-content\/uploads\/2016\/09\/ladescarada_web_02.jpg\"><img decoding=\"async\" class=\"alignright size-medium wp-image-4715\" src=\"https:\/\/www.aribau.es\/wp-content\/uploads\/2016\/09\/ladescarada_web_02-121x300.jpg\" alt=\"\" width=\"121\" height=\"300\" srcset=\"https:\/\/www.aribau.es\/wp-content\/uploads\/2016\/09\/ladescarada_web_02-121x300.jpg 121w, https:\/\/www.aribau.es\/wp-content\/uploads\/2016\/09\/ladescarada_web_02.jpg 322w\" sizes=\"(max-width: 121px) 100vw, 121px\" \/><\/a><\/strong><\/p>\n<p>&nbsp;<\/p>\n<p><strong>Una mica de poca vergonya per animar la nit<\/strong><\/p>\n<p><a href=\"https:\/\/www.aribau.es\/ca\/la-descarada\/\" target=\"_blank\" rel=\"noopener\"><strong><em>La Descarada<\/em><\/strong><\/a> \u00e9s, sense dubte, el nostre vi m\u00e9s atrevit. Un vi blanc, jove, floral i fresc on predomina el ra\u00efm moscat, una varietat fresca i descarada que li imprimeix un car\u00e0cter \u00fanic i dif\u00edcil d'oblidar. El company perfecte per a una nit com aquesta.<\/p>\n<p>&nbsp;<\/p>\n<p><strong><a href=\"https:\/\/www.aribau.es\/wp-content\/uploads\/2016\/09\/tronat_negre_web_02-1.jpg\"><img decoding=\"async\" class=\"alignleft size-medium wp-image-4755\" src=\"https:\/\/www.aribau.es\/wp-content\/uploads\/2016\/09\/tronat_negre_web_02-1-121x300.jpg\" alt=\"\" width=\"121\" height=\"300\" srcset=\"https:\/\/www.aribau.es\/wp-content\/uploads\/2016\/09\/tronat_negre_web_02-1-121x300.jpg 121w, https:\/\/www.aribau.es\/wp-content\/uploads\/2016\/09\/tronat_negre_web_02-1.jpg 322w\" sizes=\"(max-width: 121px) 100vw, 121px\" \/><\/a>I de la descarada, al <em>tronat<\/em><\/strong><\/p>\n<p>Si <em>La Descarada<\/em> \u00e9s el nostre vi m\u00e9s atrevit, el nostre <a href=\"https:\/\/www.aribau.es\/ca\/tronat-tinto\/\" target=\"_blank\" rel=\"noopener\"><strong><em>Tronat<\/em><\/strong><\/a> \u00e9s, sense dubte, el m\u00e9s boig de tots. Un vi negre de la DO Empord\u00e0 que passa 12 mesos en b\u00f3ta de roure americ\u00e0 i uns quants m\u00e9s en ampolla per aconseguir l'harmonia necess\u00e0ria entre sabor i aroma. Tronat Tinto \u00e9s un vi amb estructura i complexitat que acompanyar\u00e0 perfectament els plats principals d'aquest darrer sopar de l'any. <em>Tronat Tinto<\/em> es un vino con estructura y complejidad que acompa\u00f1ar\u00e1 perfectamente los platos principales de esta \u00faltima cena del a\u00f1o.<\/p>\n<p><strong><a href=\"https:\/\/www.aribau.es\/wp-content\/uploads\/2019\/10\/i_tant_brut_rose_low_res.jpg\"><img loading=\"lazy\" decoding=\"async\" class=\"alignright size-medium wp-image-6569\" src=\"https:\/\/www.aribau.es\/wp-content\/uploads\/2019\/10\/i_tant_brut_rose_low_res-150x300.jpg\" alt=\"\" width=\"150\" height=\"300\" srcset=\"https:\/\/www.aribau.es\/wp-content\/uploads\/2019\/10\/i_tant_brut_rose_low_res-150x300.jpg 150w, https:\/\/www.aribau.es\/wp-content\/uploads\/2019\/10\/i_tant_brut_rose_low_res.jpg 384w\" sizes=\"(max-width: 150px) 100vw, 150px\" \/><\/a><\/strong><\/p>\n<p>&nbsp;<\/p>\n<p><strong>Un cava diferent per posar fi al 2020 <\/strong><\/p>\n<p>I per acomiadar l'any que tots tenim especials ganes de perdre de vista, us proposem fer-ho amb un cava diferent: <a href=\"https:\/\/www.aribau.es\/ca\/i-tant-cava-brut-nature-rosado\/\" target=\"_blank\" rel=\"noopener\"><strong><em>I Tant Brut Nature Rosat<\/em><\/strong><\/a>Elaborat 100% amb la varietat pinot noir i amb una crian\u00e7a m\u00ednima de 14 mesos, \u00e9s un cava amb un caracter\u00edstic color cirera amb matisos salm\u00f3. Un cava elegant, de bombolla fina i persistent, i amb un toc gol\u00f3s. El punt perfecte per dir ad\u00e9u a aquest any per\u00f2, sobretot, per entrar en l'any nou amb la millor de les sensacions. Salut i Feli\u00e7 2021!<\/p>","protected":false},"excerpt":{"rendered":"<p>Por fin ha llegado el d\u00eda de decir adi\u00f3s a un a\u00f1o que se ha hecho laaaargo, y no precisamente porque haya sido un a\u00f1o bisiesto\u2026 El caso es que aqu\u00ed estamos, a punto de decirle adi\u00f3s al 2020 con gran ilusi\u00f3n pese a no poder juntarnos con todos los amigos para celebrarlo. As\u00ed que, &#8230; <a title=\"BRINDEM AMB TU PER ACOMIADAR AQUEST 2020\" class=\"read-more\" href=\"https:\/\/www.aribau.es\/ca\/brindamos-contigo-para-despedir-este-2020\/\" aria-label=\"M\u00e9s informaci\u00f3 sobre BRINDAMOS CONTIGO PARA DESPEDIR ESTE 2020\">Llegiu m\u00e9s<\/a><\/p>","protected":false},"author":3,"featured_media":10260,"comment_status":"closed","ping_status":"closed","sticky":false,"template":"","format":"standard","meta":{"footnotes":""},"categories":[406],"tags":[305,439,572,341,422],"class_list":["post-10259","post","type-post","status-publish","format-standard","has-post-thumbnail","hentry","category-noticias","tag-aribau","tag-bertsolari","tag-i-tant-cava","tag-la-descarada","tag-tronat-tinto"],"yoast_head":"<!-- This site is optimized with the Yoast SEO plugin v26.7 - https:\/\/yoast.com\/wordpress\/plugins\/seo\/ -->\n<title>BRINDAMOS CONTIGO PARA DESPEDIR ESTE 2020 - Aribau<\/title>\n<meta name=\"robots\" content=\"index, follow, max-snippet:-1, max-image-preview:large, max-video-preview:-1\" \/>\n<link rel=\"canonical\" href=\"https:\/\/www.aribau.es\/ca\/brindamos-contigo-para-despedir-este-2020\/\" \/>\n<meta property=\"og:locale\" content=\"ca_ES\" \/>\n<meta property=\"og:type\" content=\"article\" \/>\n<meta property=\"og:title\" content=\"BRINDAMOS CONTIGO PARA DESPEDIR ESTE 2020 - Aribau\" \/>\n<meta property=\"og:description\" content=\"Por fin ha llegado el d\u00eda de decir adi\u00f3s a un a\u00f1o que se ha hecho laaaargo, y no precisamente porque haya sido un a\u00f1o bisiesto\u2026 El caso es que aqu\u00ed estamos, a punto de decirle adi\u00f3s al 2020 con gran ilusi\u00f3n pese a no poder juntarnos con todos los amigos para celebrarlo. As\u00ed que, ... Llegiu m\u00e9s\" \/>\n<meta property=\"og:url\" content=\"https:\/\/www.aribau.es\/ca\/brindamos-contigo-para-despedir-este-2020\/\" \/>\n<meta property=\"og:site_name\" content=\"Aribau\" \/>\n<meta property=\"article:publisher\" content=\"https:\/\/www.facebook.com\/aribau1964\/\" \/>\n<meta property=\"article:published_time\" content=\"2020-12-30T15:42:33+00:00\" \/>\n<meta property=\"article:modified_time\" content=\"2021-04-26T15:46:06+00:00\" \/>\n<meta property=\"og:image\" content=\"https:\/\/www.aribau.es\/wp-content\/uploads\/2021\/04\/brindis-aribau.jpg\" \/>\n\t<meta property=\"og:image:width\" content=\"1200\" \/>\n\t<meta property=\"og:image:height\" content=\"801\" \/>\n\t<meta property=\"og:image:type\" content=\"image\/jpeg\" \/>\n<meta name=\"author\" content=\"aribau\" \/>\n<meta name=\"twitter:card\" content=\"summary_large_image\" \/>\n<meta name=\"twitter:creator\" content=\"@aribau1964\" \/>\n<meta name=\"twitter:site\" content=\"@aribau1964\" \/>\n<meta name=\"twitter:label1\" content=\"Escrit per\" \/>\n\t<meta name=\"twitter:data1\" content=\"aribau\" \/>\n\t<meta name=\"twitter:label2\" content=\"Temps estimat de lectura\" \/>\n\t<meta name=\"twitter:data2\" content=\"2 minuts\" \/>\n<script type=\"application\/ld+json\" class=\"yoast-schema-graph\">{\"@context\":\"https:\/\/schema.org\",\"@graph\":[{\"@type\":\"Article\",\"@id\":\"https:\/\/www.aribau.es\/ca\/brindamos-contigo-para-despedir-este-2020\/#article\",\"isPartOf\":{\"@id\":\"https:\/\/www.aribau.es\/ca\/brindamos-contigo-para-despedir-este-2020\/\"},\"author\":{\"name\":\"aribau\",\"@id\":\"https:\/\/www.aribau.es\/#\/schema\/person\/77a976898b3c705ed016499633f4ffd0\"},\"headline\":\"BRINDAMOS CONTIGO PARA DESPEDIR ESTE 2020\",\"datePublished\":\"2020-12-30T15:42:33+00:00\",\"dateModified\":\"2021-04-26T15:46:06+00:00\",\"mainEntityOfPage\":{\"@id\":\"https:\/\/www.aribau.es\/ca\/brindamos-contigo-para-despedir-este-2020\/\"},\"wordCount\":473,\"publisher\":{\"@id\":\"https:\/\/www.aribau.es\/#organization\"},\"image\":{\"@id\":\"https:\/\/www.aribau.es\/ca\/brindamos-contigo-para-despedir-este-2020\/#primaryimage\"},\"thumbnailUrl\":\"https:\/\/www.aribau.es\/wp-content\/uploads\/2021\/04\/brindis-aribau.jpg\",\"keywords\":[\"Aribau\",\"Bertsolari\",\"I Tant Cava\",\"La descarada\",\"Tronat tinto\"],\"articleSection\":[\"Noticias\"],\"inLanguage\":\"ca\"},{\"@type\":\"WebPage\",\"@id\":\"https:\/\/www.aribau.es\/ca\/brindamos-contigo-para-despedir-este-2020\/\",\"url\":\"https:\/\/www.aribau.es\/ca\/brindamos-contigo-para-despedir-este-2020\/\",\"name\":\"BRINDAMOS CONTIGO PARA DESPEDIR ESTE 2020 - Aribau\",\"isPartOf\":{\"@id\":\"https:\/\/www.aribau.es\/#website\"},\"primaryImageOfPage\":{\"@id\":\"https:\/\/www.aribau.es\/ca\/brindamos-contigo-para-despedir-este-2020\/#primaryimage\"},\"image\":{\"@id\":\"https:\/\/www.aribau.es\/ca\/brindamos-contigo-para-despedir-este-2020\/#primaryimage\"},\"thumbnailUrl\":\"https:\/\/www.aribau.es\/wp-content\/uploads\/2021\/04\/brindis-aribau.jpg\",\"datePublished\":\"2020-12-30T15:42:33+00:00\",\"dateModified\":\"2021-04-26T15:46:06+00:00\",\"breadcrumb\":{\"@id\":\"https:\/\/www.aribau.es\/ca\/brindamos-contigo-para-despedir-este-2020\/#breadcrumb\"},\"inLanguage\":\"ca\",\"potentialAction\":[{\"@type\":\"ReadAction\",\"target\":[\"https:\/\/www.aribau.es\/ca\/brindamos-contigo-para-despedir-este-2020\/\"]}]},{\"@type\":\"ImageObject\",\"inLanguage\":\"ca\",\"@id\":\"https:\/\/www.aribau.es\/ca\/brindamos-contigo-para-despedir-este-2020\/#primaryimage\",\"url\":\"https:\/\/www.aribau.es\/wp-content\/uploads\/2021\/04\/brindis-aribau.jpg\",\"contentUrl\":\"https:\/\/www.aribau.es\/wp-content\/uploads\/2021\/04\/brindis-aribau.jpg\",\"width\":1200,\"height\":801},{\"@type\":\"BreadcrumbList\",\"@id\":\"https:\/\/www.aribau.es\/ca\/brindamos-contigo-para-despedir-este-2020\/#breadcrumb\",\"itemListElement\":[{\"@type\":\"ListItem\",\"position\":1,\"name\":\"Portada\",\"item\":\"https:\/\/www.aribau.es\/\"},{\"@type\":\"ListItem\",\"position\":2,\"name\":\"BRINDAMOS CONTIGO PARA DESPEDIR ESTE 2020\"}]},{\"@type\":\"WebSite\",\"@id\":\"https:\/\/www.aribau.es\/#website\",\"url\":\"https:\/\/www.aribau.es\/\",\"name\":\"Aribau\",\"description\":\"VINOS Y BODEGAS\",\"publisher\":{\"@id\":\"https:\/\/www.aribau.es\/#organization\"},\"potentialAction\":[{\"@type\":\"SearchAction\",\"target\":{\"@type\":\"EntryPoint\",\"urlTemplate\":\"https:\/\/www.aribau.es\/?s={search_term_string}\"},\"query-input\":{\"@type\":\"PropertyValueSpecification\",\"valueRequired\":true,\"valueName\":\"search_term_string\"}}],\"inLanguage\":\"ca\"},{\"@type\":\"Organization\",\"@id\":\"https:\/\/www.aribau.es\/#organization\",\"name\":\"Aribau\",\"url\":\"https:\/\/www.aribau.es\/\",\"logo\":{\"@type\":\"ImageObject\",\"inLanguage\":\"ca\",\"@id\":\"https:\/\/www.aribau.es\/#\/schema\/logo\/image\/\",\"url\":\"https:\/\/www.aribau.es\/wp-content\/uploads\/2022\/03\/logo.png\",\"contentUrl\":\"https:\/\/www.aribau.es\/wp-content\/uploads\/2022\/03\/logo.png\",\"width\":300,\"height\":300,\"caption\":\"Aribau\"},\"image\":{\"@id\":\"https:\/\/www.aribau.es\/#\/schema\/logo\/image\/\"},\"sameAs\":[\"https:\/\/www.facebook.com\/aribau1964\/\",\"https:\/\/x.com\/aribau1964\",\"https:\/\/www.instagram.com\/aribau1964\/\"]},{\"@type\":\"Person\",\"@id\":\"https:\/\/www.aribau.es\/#\/schema\/person\/77a976898b3c705ed016499633f4ffd0\",\"name\":\"aribau\",\"image\":{\"@type\":\"ImageObject\",\"inLanguage\":\"ca\",\"@id\":\"https:\/\/www.aribau.es\/#\/schema\/person\/image\/\",\"url\":\"https:\/\/secure.gravatar.com\/avatar\/6690491f832d5b32aa9482b978c9464816810fbff0f6658034a34c9d9657b94e?s=96&d=mm&r=g\",\"contentUrl\":\"https:\/\/secure.gravatar.com\/avatar\/6690491f832d5b32aa9482b978c9464816810fbff0f6658034a34c9d9657b94e?s=96&d=mm&r=g\",\"caption\":\"aribau\"},\"url\":\"https:\/\/www.aribau.es\/ca\/author\/aribau\/\"}]}<\/script>\n<!-- \/ Yoast SEO plugin. -->","yoast_head_json":{"title":"BRINDAMOS CONTIGO PARA DESPEDIR ESTE 2020 - Aribau","robots":{"index":"index","follow":"follow","max-snippet":"max-snippet:-1","max-image-preview":"max-image-preview:large","max-video-preview":"max-video-preview:-1"},"canonical":"https:\/\/www.aribau.es\/ca\/brindamos-contigo-para-despedir-este-2020\/","og_locale":"ca_ES","og_type":"article","og_title":"BRINDAMOS CONTIGO PARA DESPEDIR ESTE 2020 - Aribau","og_description":"Por fin ha llegado el d\u00eda de decir adi\u00f3s a un a\u00f1o que se ha hecho laaaargo, y no precisamente porque haya sido un a\u00f1o bisiesto\u2026 El caso es que aqu\u00ed estamos, a punto de decirle adi\u00f3s al 2020 con gran ilusi\u00f3n pese a no poder juntarnos con todos los amigos para celebrarlo. As\u00ed que, ... Llegiu m\u00e9s","og_url":"https:\/\/www.aribau.es\/ca\/brindamos-contigo-para-despedir-este-2020\/","og_site_name":"Aribau","article_publisher":"https:\/\/www.facebook.com\/aribau1964\/","article_published_time":"2020-12-30T15:42:33+00:00","article_modified_time":"2021-04-26T15:46:06+00:00","og_image":[{"width":1200,"height":801,"url":"https:\/\/www.aribau.es\/wp-content\/uploads\/2021\/04\/brindis-aribau.jpg","type":"image\/jpeg"}],"author":"aribau","twitter_card":"summary_large_image","twitter_creator":"@aribau1964","twitter_site":"@aribau1964","twitter_misc":{"Escrit per":"aribau","Temps estimat de lectura":"2 minuts"},"schema":{"@context":"https:\/\/schema.org","@graph":[{"@type":"Article","@id":"https:\/\/www.aribau.es\/ca\/brindamos-contigo-para-despedir-este-2020\/#article","isPartOf":{"@id":"https:\/\/www.aribau.es\/ca\/brindamos-contigo-para-despedir-este-2020\/"},"author":{"name":"aribau","@id":"https:\/\/www.aribau.es\/#\/schema\/person\/77a976898b3c705ed016499633f4ffd0"},"headline":"BRINDAMOS CONTIGO PARA DESPEDIR ESTE 2020","datePublished":"2020-12-30T15:42:33+00:00","dateModified":"2021-04-26T15:46:06+00:00","mainEntityOfPage":{"@id":"https:\/\/www.aribau.es\/ca\/brindamos-contigo-para-despedir-este-2020\/"},"wordCount":473,"publisher":{"@id":"https:\/\/www.aribau.es\/#organization"},"image":{"@id":"https:\/\/www.aribau.es\/ca\/brindamos-contigo-para-despedir-este-2020\/#primaryimage"},"thumbnailUrl":"https:\/\/www.aribau.es\/wp-content\/uploads\/2021\/04\/brindis-aribau.jpg","keywords":["Aribau","Bertsolari","I Tant Cava","La descarada","Tronat tinto"],"articleSection":["Noticias"],"inLanguage":"ca"},{"@type":"WebPage","@id":"https:\/\/www.aribau.es\/ca\/brindamos-contigo-para-despedir-este-2020\/","url":"https:\/\/www.aribau.es\/ca\/brindamos-contigo-para-despedir-este-2020\/","name":"BRINDAMOS CONTIGO PARA DESPEDIR ESTE 2020 - Aribau","isPartOf":{"@id":"https:\/\/www.aribau.es\/#website"},"primaryImageOfPage":{"@id":"https:\/\/www.aribau.es\/ca\/brindamos-contigo-para-despedir-este-2020\/#primaryimage"},"image":{"@id":"https:\/\/www.aribau.es\/ca\/brindamos-contigo-para-despedir-este-2020\/#primaryimage"},"thumbnailUrl":"https:\/\/www.aribau.es\/wp-content\/uploads\/2021\/04\/brindis-aribau.jpg","datePublished":"2020-12-30T15:42:33+00:00","dateModified":"2021-04-26T15:46:06+00:00","breadcrumb":{"@id":"https:\/\/www.aribau.es\/ca\/brindamos-contigo-para-despedir-este-2020\/#breadcrumb"},"inLanguage":"ca","potentialAction":[{"@type":"ReadAction","target":["https:\/\/www.aribau.es\/ca\/brindamos-contigo-para-despedir-este-2020\/"]}]},{"@type":"ImageObject","inLanguage":"ca","@id":"https:\/\/www.aribau.es\/ca\/brindamos-contigo-para-despedir-este-2020\/#primaryimage","url":"https:\/\/www.aribau.es\/wp-content\/uploads\/2021\/04\/brindis-aribau.jpg","contentUrl":"https:\/\/www.aribau.es\/wp-content\/uploads\/2021\/04\/brindis-aribau.jpg","width":1200,"height":801},{"@type":"BreadcrumbList","@id":"https:\/\/www.aribau.es\/ca\/brindamos-contigo-para-despedir-este-2020\/#breadcrumb","itemListElement":[{"@type":"ListItem","position":1,"name":"Portada","item":"https:\/\/www.aribau.es\/"},{"@type":"ListItem","position":2,"name":"BRINDAMOS CONTIGO PARA DESPEDIR ESTE 2020"}]},{"@type":"WebSite","@id":"https:\/\/www.aribau.es\/#website","url":"https:\/\/www.aribau.es\/","name":"Aribau","description":"VINOS Y BODEGAS","publisher":{"@id":"https:\/\/www.aribau.es\/#organization"},"potentialAction":[{"@type":"SearchAction","target":{"@type":"EntryPoint","urlTemplate":"https:\/\/www.aribau.es\/?s={search_term_string}"},"query-input":{"@type":"PropertyValueSpecification","valueRequired":true,"valueName":"search_term_string"}}],"inLanguage":"ca"},{"@type":"Organization","@id":"https:\/\/www.aribau.es\/#organization","name":"Aribau","url":"https:\/\/www.aribau.es\/","logo":{"@type":"ImageObject","inLanguage":"ca","@id":"https:\/\/www.aribau.es\/#\/schema\/logo\/image\/","url":"https:\/\/www.aribau.es\/wp-content\/uploads\/2022\/03\/logo.png","contentUrl":"https:\/\/www.aribau.es\/wp-content\/uploads\/2022\/03\/logo.png","width":300,"height":300,"caption":"Aribau"},"image":{"@id":"https:\/\/www.aribau.es\/#\/schema\/logo\/image\/"},"sameAs":["https:\/\/www.facebook.com\/aribau1964\/","https:\/\/x.com\/aribau1964","https:\/\/www.instagram.com\/aribau1964\/"]},{"@type":"Person","@id":"https:\/\/www.aribau.es\/#\/schema\/person\/77a976898b3c705ed016499633f4ffd0","name":"aribau","image":{"@type":"ImageObject","inLanguage":"ca","@id":"https:\/\/www.aribau.es\/#\/schema\/person\/image\/","url":"https:\/\/secure.gravatar.com\/avatar\/6690491f832d5b32aa9482b978c9464816810fbff0f6658034a34c9d9657b94e?s=96&d=mm&r=g","contentUrl":"https:\/\/secure.gravatar.com\/avatar\/6690491f832d5b32aa9482b978c9464816810fbff0f6658034a34c9d9657b94e?s=96&d=mm&r=g","caption":"aribau"},"url":"https:\/\/www.aribau.es\/ca\/author\/aribau\/"}]}},"_links":{"self":[{"href":"https:\/\/www.aribau.es\/ca\/wp-json\/wp\/v2\/posts\/10259","targetHints":{"allow":["GET"]}}],"collection":[{"href":"https:\/\/www.aribau.es\/ca\/wp-json\/wp\/v2\/posts"}],"about":[{"href":"https:\/\/www.aribau.es\/ca\/wp-json\/wp\/v2\/types\/post"}],"author":[{"embeddable":true,"href":"https:\/\/www.aribau.es\/ca\/wp-json\/wp\/v2\/users\/3"}],"replies":[{"embeddable":true,"href":"https:\/\/www.aribau.es\/ca\/wp-json\/wp\/v2\/comments?post=10259"}],"version-history":[{"count":2,"href":"https:\/\/www.aribau.es\/ca\/wp-json\/wp\/v2\/posts\/10259\/revisions"}],"predecessor-version":[{"id":10262,"href":"https:\/\/www.aribau.es\/ca\/wp-json\/wp\/v2\/posts\/10259\/revisions\/10262"}],"wp:featuredmedia":[{"embeddable":true,"href":"https:\/\/www.aribau.es\/ca\/wp-json\/wp\/v2\/media\/10260"}],"wp:attachment":[{"href":"https:\/\/www.aribau.es\/ca\/wp-json\/wp\/v2\/media?parent=10259"}],"wp:term":[{"taxonomy":"category","embeddable":true,"href":"https:\/\/www.aribau.es\/ca\/wp-json\/wp\/v2\/categories?post=10259"},{"taxonomy":"post_tag","embeddable":true,"href":"https:\/\/www.aribau.es\/ca\/wp-json\/wp\/v2\/tags?post=10259"}],"curies":[{"name":"wp","href":"https:\/\/api.w.org\/{rel}","templated":true}]}}