{"id":10263,"date":"2021-01-07T16:46:42","date_gmt":"2021-01-07T15:46:42","guid":{"rendered":"https:\/\/www.aribau.es\/?p=10263"},"modified":"2021-04-26T16:48:40","modified_gmt":"2021-04-26T15:48:40","slug":"record-historico-en-2020-en-la-compra-de-vino-en-el-canal-alimentacion","status":"publish","type":"post","link":"https:\/\/www.aribau.es\/ca\/record-historico-en-2020-en-la-compra-de-vino-en-el-canal-alimentacion\/","title":{"rendered":"R\u00c8CORD HIST\u00d2RIC EN 2020 EN LA COMPRA DE VI AL CANAL ALIMENTACI\u00d3"},"content":{"rendered":"<p>Com era d'esperar en un any com el 2020 en qu\u00e8, per desgr\u00e0cia, l'hostaleria ha passat moltes setmanes amb tancament a causa de la crisi sanit\u00e0ria de la Covid-19, han augmentat significativament les vendes de vi al canal alimentaci\u00f3, \u00e9s a dir, a supermercats, hipermercats, grans superf\u00edcies, botigues especialitzades...<\/p>\n<p><!--more--><\/p>\n<p>Segons les dades publicades pel Ministeri d'Agricultura, Pesca i Alimentaci\u00f3, les compres de vi en el canal alimentaci\u00f3 van cr\u00e9ixer de forma molt notable durant els primers mesos de 2020, tant en volum com en valor, amb un increment del 15,3% i un 18% respectivament. En xifres, les vendes van arribar fins als 410 milions de litres i els 1.241,4 milions d'euros, amb un preu mitj\u00e0 un 2,3% superior al per\u00edode anterior i situant-se entre els 2,96 i els 3,02 \u20ac\/litre.<\/p>\n<p>Amb aquestes dades es confirma la tend\u00e8ncia a l'al\u00e7a del valor del vi a Espanya, promoguda fonamentalment per la millora dels vins amb Denominaci\u00f3 d'Origen, que augmenten any rere any el seu valor, Aix\u00ed, malgrat que tots els tipus de vi han crescut, el vi tranquil amb DO ha estat el que m\u00e9s ho ha fet al llarg del darrer any, gaireb\u00e9 un 25%, i ha estat el m\u00e9s comprat en el canal alimentaci\u00f3, amb 170,5 milions de litres, consolidant aix\u00ed el seu clar lideratge en valor davant el vi sense DO, que enguany ha marcat un descens tant en volum com en valor.<\/p>\n<p>Pel que fa al consum total de vi a Espanya, segons les dades d'INFOVI publicades per l'Organitzaci\u00f3 Interprofessional del Vi d'Espanya (OIVE), l'estimaci\u00f3 del consum de vi tenint en compte tots els canals (alimentaci\u00f3, Horeca, venda online...) va baixar lleugerament dels 9,5 milions d'hectolitres, descendit aix\u00ed dels 11 milions d'hectolitres consumits en el per\u00edode anterior.<\/p>\n<p>La causa principal que explica aquesta baixada la trobem, de nou, a la pand\u00e8mia. Despr\u00e9s de cr\u00e9ixer en febrer, a partir de mar\u00e7 es va registrar una important p\u00e8rdua que va durar fins al mes de juny a conseq\u00fc\u00e8ncia del confinament i el tancament temporal de l'hostaleria, entre altres. Al juliol, amb la desescalada, es produeix un petit repunt, per\u00f2 la caiguda torna de nou a l'agost, sent especialment destacable durant els mesos de setembre i octubre.<\/p>","protected":false},"excerpt":{"rendered":"<p>Com era d'esperar en un any com el 2020 en qu\u00e8, per desgr\u00e0cia, l'hostaleria ha passat moltes setmanes amb tancament a causa de la crisi sanit\u00e0ria de la Covid-19, han augmentat significativament les vendes de vi al canal alimentaci\u00f3, \u00e9s a dir, a supermercats, hipermercats, grans superf\u00edcies, botigues especialitzades...<\/p>","protected":false},"author":3,"featured_media":10264,"comment_status":"closed","ping_status":"closed","sticky":false,"template":"","format":"standard","meta":{"footnotes":""},"categories":[406],"tags":[507],"class_list":["post-10263","post","type-post","status-publish","format-standard","has-post-thumbnail","hentry","category-noticias","tag-consumo"],"yoast_head":"<!-- This site is optimized with the Yoast SEO plugin v26.7 - https:\/\/yoast.com\/wordpress\/plugins\/seo\/ -->\n<title>R\u00c9CORD HIST\u00d3RICO EN 2020 EN LA COMPRA DE VINO EN EL CANAL ALIMENTACI\u00d3N - Aribau<\/title>\n<meta name=\"robots\" content=\"index, follow, max-snippet:-1, max-image-preview:large, max-video-preview:-1\" \/>\n<link rel=\"canonical\" href=\"https:\/\/www.aribau.es\/ca\/record-historico-en-2020-en-la-compra-de-vino-en-el-canal-alimentacion\/\" \/>\n<meta property=\"og:locale\" content=\"ca_ES\" \/>\n<meta property=\"og:type\" content=\"article\" \/>\n<meta property=\"og:title\" content=\"R\u00c9CORD HIST\u00d3RICO EN 2020 EN LA COMPRA DE VINO EN EL CANAL ALIMENTACI\u00d3N - Aribau\" \/>\n<meta property=\"og:description\" content=\"Como era de esperar en un a\u00f1o como el 2020, en que, por desgracia, la hosteler\u00eda ha pasado muchas semanas con cierres a causa de la crisis sanitaria de la Covid-19, han aumentado significativamente las ventas de vino en el canal alimentaci\u00f3n, es decir en supermercados, hipermercados, grandes superficies, tiendas especializadas\u2026\" \/>\n<meta property=\"og:url\" content=\"https:\/\/www.aribau.es\/ca\/record-historico-en-2020-en-la-compra-de-vino-en-el-canal-alimentacion\/\" \/>\n<meta property=\"og:site_name\" content=\"Aribau\" \/>\n<meta property=\"article:publisher\" content=\"https:\/\/www.facebook.com\/aribau1964\/\" \/>\n<meta property=\"article:published_time\" content=\"2021-01-07T15:46:42+00:00\" \/>\n<meta property=\"article:modified_time\" content=\"2021-04-26T15:48:40+00:00\" \/>\n<meta property=\"og:image\" content=\"https:\/\/www.aribau.es\/wp-content\/uploads\/2021\/04\/tienda-vino-aribau.jpg\" \/>\n\t<meta property=\"og:image:width\" content=\"1200\" \/>\n\t<meta property=\"og:image:height\" content=\"800\" \/>\n\t<meta property=\"og:image:type\" content=\"image\/jpeg\" \/>\n<meta name=\"author\" content=\"aribau\" \/>\n<meta name=\"twitter:card\" content=\"summary_large_image\" \/>\n<meta name=\"twitter:creator\" content=\"@aribau1964\" \/>\n<meta name=\"twitter:site\" content=\"@aribau1964\" \/>\n<meta name=\"twitter:label1\" content=\"Escrit per\" \/>\n\t<meta name=\"twitter:data1\" content=\"aribau\" \/>\n\t<meta name=\"twitter:label2\" content=\"Temps estimat de lectura\" \/>\n\t<meta name=\"twitter:data2\" content=\"2 minuts\" \/>\n<script type=\"application\/ld+json\" class=\"yoast-schema-graph\">{\"@context\":\"https:\/\/schema.org\",\"@graph\":[{\"@type\":\"Article\",\"@id\":\"https:\/\/www.aribau.es\/ca\/record-historico-en-2020-en-la-compra-de-vino-en-el-canal-alimentacion\/#article\",\"isPartOf\":{\"@id\":\"https:\/\/www.aribau.es\/ca\/record-historico-en-2020-en-la-compra-de-vino-en-el-canal-alimentacion\/\"},\"author\":{\"name\":\"aribau\",\"@id\":\"https:\/\/www.aribau.es\/#\/schema\/person\/77a976898b3c705ed016499633f4ffd0\"},\"headline\":\"R\u00c9CORD HIST\u00d3RICO EN 2020 EN LA COMPRA DE VINO EN EL CANAL ALIMENTACI\u00d3N\",\"datePublished\":\"2021-01-07T15:46:42+00:00\",\"dateModified\":\"2021-04-26T15:48:40+00:00\",\"mainEntityOfPage\":{\"@id\":\"https:\/\/www.aribau.es\/ca\/record-historico-en-2020-en-la-compra-de-vino-en-el-canal-alimentacion\/\"},\"wordCount\":405,\"publisher\":{\"@id\":\"https:\/\/www.aribau.es\/#organization\"},\"image\":{\"@id\":\"https:\/\/www.aribau.es\/ca\/record-historico-en-2020-en-la-compra-de-vino-en-el-canal-alimentacion\/#primaryimage\"},\"thumbnailUrl\":\"https:\/\/www.aribau.es\/wp-content\/uploads\/2021\/04\/tienda-vino-aribau.jpg\",\"keywords\":[\"consumo\"],\"articleSection\":[\"Noticias\"],\"inLanguage\":\"ca\"},{\"@type\":\"WebPage\",\"@id\":\"https:\/\/www.aribau.es\/ca\/record-historico-en-2020-en-la-compra-de-vino-en-el-canal-alimentacion\/\",\"url\":\"https:\/\/www.aribau.es\/ca\/record-historico-en-2020-en-la-compra-de-vino-en-el-canal-alimentacion\/\",\"name\":\"R\u00c9CORD HIST\u00d3RICO EN 2020 EN LA COMPRA DE VINO EN EL CANAL ALIMENTACI\u00d3N - Aribau\",\"isPartOf\":{\"@id\":\"https:\/\/www.aribau.es\/#website\"},\"primaryImageOfPage\":{\"@id\":\"https:\/\/www.aribau.es\/ca\/record-historico-en-2020-en-la-compra-de-vino-en-el-canal-alimentacion\/#primaryimage\"},\"image\":{\"@id\":\"https:\/\/www.aribau.es\/ca\/record-historico-en-2020-en-la-compra-de-vino-en-el-canal-alimentacion\/#primaryimage\"},\"thumbnailUrl\":\"https:\/\/www.aribau.es\/wp-content\/uploads\/2021\/04\/tienda-vino-aribau.jpg\",\"datePublished\":\"2021-01-07T15:46:42+00:00\",\"dateModified\":\"2021-04-26T15:48:40+00:00\",\"breadcrumb\":{\"@id\":\"https:\/\/www.aribau.es\/ca\/record-historico-en-2020-en-la-compra-de-vino-en-el-canal-alimentacion\/#breadcrumb\"},\"inLanguage\":\"ca\",\"potentialAction\":[{\"@type\":\"ReadAction\",\"target\":[\"https:\/\/www.aribau.es\/ca\/record-historico-en-2020-en-la-compra-de-vino-en-el-canal-alimentacion\/\"]}]},{\"@type\":\"ImageObject\",\"inLanguage\":\"ca\",\"@id\":\"https:\/\/www.aribau.es\/ca\/record-historico-en-2020-en-la-compra-de-vino-en-el-canal-alimentacion\/#primaryimage\",\"url\":\"https:\/\/www.aribau.es\/wp-content\/uploads\/2021\/04\/tienda-vino-aribau.jpg\",\"contentUrl\":\"https:\/\/www.aribau.es\/wp-content\/uploads\/2021\/04\/tienda-vino-aribau.jpg\",\"width\":1200,\"height\":800},{\"@type\":\"BreadcrumbList\",\"@id\":\"https:\/\/www.aribau.es\/ca\/record-historico-en-2020-en-la-compra-de-vino-en-el-canal-alimentacion\/#breadcrumb\",\"itemListElement\":[{\"@type\":\"ListItem\",\"position\":1,\"name\":\"Portada\",\"item\":\"https:\/\/www.aribau.es\/\"},{\"@type\":\"ListItem\",\"position\":2,\"name\":\"R\u00c9CORD HIST\u00d3RICO EN 2020 EN LA COMPRA DE VINO EN EL CANAL ALIMENTACI\u00d3N\"}]},{\"@type\":\"WebSite\",\"@id\":\"https:\/\/www.aribau.es\/#website\",\"url\":\"https:\/\/www.aribau.es\/\",\"name\":\"Aribau\",\"description\":\"VINOS Y BODEGAS\",\"publisher\":{\"@id\":\"https:\/\/www.aribau.es\/#organization\"},\"potentialAction\":[{\"@type\":\"SearchAction\",\"target\":{\"@type\":\"EntryPoint\",\"urlTemplate\":\"https:\/\/www.aribau.es\/?s={search_term_string}\"},\"query-input\":{\"@type\":\"PropertyValueSpecification\",\"valueRequired\":true,\"valueName\":\"search_term_string\"}}],\"inLanguage\":\"ca\"},{\"@type\":\"Organization\",\"@id\":\"https:\/\/www.aribau.es\/#organization\",\"name\":\"Aribau\",\"url\":\"https:\/\/www.aribau.es\/\",\"logo\":{\"@type\":\"ImageObject\",\"inLanguage\":\"ca\",\"@id\":\"https:\/\/www.aribau.es\/#\/schema\/logo\/image\/\",\"url\":\"https:\/\/www.aribau.es\/wp-content\/uploads\/2022\/03\/logo.png\",\"contentUrl\":\"https:\/\/www.aribau.es\/wp-content\/uploads\/2022\/03\/logo.png\",\"width\":300,\"height\":300,\"caption\":\"Aribau\"},\"image\":{\"@id\":\"https:\/\/www.aribau.es\/#\/schema\/logo\/image\/\"},\"sameAs\":[\"https:\/\/www.facebook.com\/aribau1964\/\",\"https:\/\/x.com\/aribau1964\",\"https:\/\/www.instagram.com\/aribau1964\/\"]},{\"@type\":\"Person\",\"@id\":\"https:\/\/www.aribau.es\/#\/schema\/person\/77a976898b3c705ed016499633f4ffd0\",\"name\":\"aribau\",\"image\":{\"@type\":\"ImageObject\",\"inLanguage\":\"ca\",\"@id\":\"https:\/\/www.aribau.es\/#\/schema\/person\/image\/\",\"url\":\"https:\/\/secure.gravatar.com\/avatar\/6690491f832d5b32aa9482b978c9464816810fbff0f6658034a34c9d9657b94e?s=96&d=mm&r=g\",\"contentUrl\":\"https:\/\/secure.gravatar.com\/avatar\/6690491f832d5b32aa9482b978c9464816810fbff0f6658034a34c9d9657b94e?s=96&d=mm&r=g\",\"caption\":\"aribau\"},\"url\":\"https:\/\/www.aribau.es\/ca\/author\/aribau\/\"}]}<\/script>\n<!-- \/ Yoast SEO plugin. -->","yoast_head_json":{"title":"R\u00c9CORD HIST\u00d3RICO EN 2020 EN LA COMPRA DE VINO EN EL CANAL ALIMENTACI\u00d3N - Aribau","robots":{"index":"index","follow":"follow","max-snippet":"max-snippet:-1","max-image-preview":"max-image-preview:large","max-video-preview":"max-video-preview:-1"},"canonical":"https:\/\/www.aribau.es\/ca\/record-historico-en-2020-en-la-compra-de-vino-en-el-canal-alimentacion\/","og_locale":"ca_ES","og_type":"article","og_title":"R\u00c9CORD HIST\u00d3RICO EN 2020 EN LA COMPRA DE VINO EN EL CANAL ALIMENTACI\u00d3N - Aribau","og_description":"Como era de esperar en un a\u00f1o como el 2020, en que, por desgracia, la hosteler\u00eda ha pasado muchas semanas con cierres a causa de la crisis sanitaria de la Covid-19, han aumentado significativamente las ventas de vino en el canal alimentaci\u00f3n, es decir en supermercados, hipermercados, grandes superficies, tiendas especializadas\u2026","og_url":"https:\/\/www.aribau.es\/ca\/record-historico-en-2020-en-la-compra-de-vino-en-el-canal-alimentacion\/","og_site_name":"Aribau","article_publisher":"https:\/\/www.facebook.com\/aribau1964\/","article_published_time":"2021-01-07T15:46:42+00:00","article_modified_time":"2021-04-26T15:48:40+00:00","og_image":[{"width":1200,"height":800,"url":"https:\/\/www.aribau.es\/wp-content\/uploads\/2021\/04\/tienda-vino-aribau.jpg","type":"image\/jpeg"}],"author":"aribau","twitter_card":"summary_large_image","twitter_creator":"@aribau1964","twitter_site":"@aribau1964","twitter_misc":{"Escrit per":"aribau","Temps estimat de lectura":"2 minuts"},"schema":{"@context":"https:\/\/schema.org","@graph":[{"@type":"Article","@id":"https:\/\/www.aribau.es\/ca\/record-historico-en-2020-en-la-compra-de-vino-en-el-canal-alimentacion\/#article","isPartOf":{"@id":"https:\/\/www.aribau.es\/ca\/record-historico-en-2020-en-la-compra-de-vino-en-el-canal-alimentacion\/"},"author":{"name":"aribau","@id":"https:\/\/www.aribau.es\/#\/schema\/person\/77a976898b3c705ed016499633f4ffd0"},"headline":"R\u00c9CORD HIST\u00d3RICO EN 2020 EN LA COMPRA DE VINO EN EL CANAL ALIMENTACI\u00d3N","datePublished":"2021-01-07T15:46:42+00:00","dateModified":"2021-04-26T15:48:40+00:00","mainEntityOfPage":{"@id":"https:\/\/www.aribau.es\/ca\/record-historico-en-2020-en-la-compra-de-vino-en-el-canal-alimentacion\/"},"wordCount":405,"publisher":{"@id":"https:\/\/www.aribau.es\/#organization"},"image":{"@id":"https:\/\/www.aribau.es\/ca\/record-historico-en-2020-en-la-compra-de-vino-en-el-canal-alimentacion\/#primaryimage"},"thumbnailUrl":"https:\/\/www.aribau.es\/wp-content\/uploads\/2021\/04\/tienda-vino-aribau.jpg","keywords":["consumo"],"articleSection":["Noticias"],"inLanguage":"ca"},{"@type":"WebPage","@id":"https:\/\/www.aribau.es\/ca\/record-historico-en-2020-en-la-compra-de-vino-en-el-canal-alimentacion\/","url":"https:\/\/www.aribau.es\/ca\/record-historico-en-2020-en-la-compra-de-vino-en-el-canal-alimentacion\/","name":"R\u00c9CORD HIST\u00d3RICO EN 2020 EN LA COMPRA DE VINO EN EL CANAL ALIMENTACI\u00d3N - Aribau","isPartOf":{"@id":"https:\/\/www.aribau.es\/#website"},"primaryImageOfPage":{"@id":"https:\/\/www.aribau.es\/ca\/record-historico-en-2020-en-la-compra-de-vino-en-el-canal-alimentacion\/#primaryimage"},"image":{"@id":"https:\/\/www.aribau.es\/ca\/record-historico-en-2020-en-la-compra-de-vino-en-el-canal-alimentacion\/#primaryimage"},"thumbnailUrl":"https:\/\/www.aribau.es\/wp-content\/uploads\/2021\/04\/tienda-vino-aribau.jpg","datePublished":"2021-01-07T15:46:42+00:00","dateModified":"2021-04-26T15:48:40+00:00","breadcrumb":{"@id":"https:\/\/www.aribau.es\/ca\/record-historico-en-2020-en-la-compra-de-vino-en-el-canal-alimentacion\/#breadcrumb"},"inLanguage":"ca","potentialAction":[{"@type":"ReadAction","target":["https:\/\/www.aribau.es\/ca\/record-historico-en-2020-en-la-compra-de-vino-en-el-canal-alimentacion\/"]}]},{"@type":"ImageObject","inLanguage":"ca","@id":"https:\/\/www.aribau.es\/ca\/record-historico-en-2020-en-la-compra-de-vino-en-el-canal-alimentacion\/#primaryimage","url":"https:\/\/www.aribau.es\/wp-content\/uploads\/2021\/04\/tienda-vino-aribau.jpg","contentUrl":"https:\/\/www.aribau.es\/wp-content\/uploads\/2021\/04\/tienda-vino-aribau.jpg","width":1200,"height":800},{"@type":"BreadcrumbList","@id":"https:\/\/www.aribau.es\/ca\/record-historico-en-2020-en-la-compra-de-vino-en-el-canal-alimentacion\/#breadcrumb","itemListElement":[{"@type":"ListItem","position":1,"name":"Portada","item":"https:\/\/www.aribau.es\/"},{"@type":"ListItem","position":2,"name":"R\u00c9CORD HIST\u00d3RICO EN 2020 EN LA COMPRA DE VINO EN EL CANAL ALIMENTACI\u00d3N"}]},{"@type":"WebSite","@id":"https:\/\/www.aribau.es\/#website","url":"https:\/\/www.aribau.es\/","name":"Aribau","description":"VINOS Y BODEGAS","publisher":{"@id":"https:\/\/www.aribau.es\/#organization"},"potentialAction":[{"@type":"SearchAction","target":{"@type":"EntryPoint","urlTemplate":"https:\/\/www.aribau.es\/?s={search_term_string}"},"query-input":{"@type":"PropertyValueSpecification","valueRequired":true,"valueName":"search_term_string"}}],"inLanguage":"ca"},{"@type":"Organization","@id":"https:\/\/www.aribau.es\/#organization","name":"Aribau","url":"https:\/\/www.aribau.es\/","logo":{"@type":"ImageObject","inLanguage":"ca","@id":"https:\/\/www.aribau.es\/#\/schema\/logo\/image\/","url":"https:\/\/www.aribau.es\/wp-content\/uploads\/2022\/03\/logo.png","contentUrl":"https:\/\/www.aribau.es\/wp-content\/uploads\/2022\/03\/logo.png","width":300,"height":300,"caption":"Aribau"},"image":{"@id":"https:\/\/www.aribau.es\/#\/schema\/logo\/image\/"},"sameAs":["https:\/\/www.facebook.com\/aribau1964\/","https:\/\/x.com\/aribau1964","https:\/\/www.instagram.com\/aribau1964\/"]},{"@type":"Person","@id":"https:\/\/www.aribau.es\/#\/schema\/person\/77a976898b3c705ed016499633f4ffd0","name":"aribau","image":{"@type":"ImageObject","inLanguage":"ca","@id":"https:\/\/www.aribau.es\/#\/schema\/person\/image\/","url":"https:\/\/secure.gravatar.com\/avatar\/6690491f832d5b32aa9482b978c9464816810fbff0f6658034a34c9d9657b94e?s=96&d=mm&r=g","contentUrl":"https:\/\/secure.gravatar.com\/avatar\/6690491f832d5b32aa9482b978c9464816810fbff0f6658034a34c9d9657b94e?s=96&d=mm&r=g","caption":"aribau"},"url":"https:\/\/www.aribau.es\/ca\/author\/aribau\/"}]}},"_links":{"self":[{"href":"https:\/\/www.aribau.es\/ca\/wp-json\/wp\/v2\/posts\/10263","targetHints":{"allow":["GET"]}}],"collection":[{"href":"https:\/\/www.aribau.es\/ca\/wp-json\/wp\/v2\/posts"}],"about":[{"href":"https:\/\/www.aribau.es\/ca\/wp-json\/wp\/v2\/types\/post"}],"author":[{"embeddable":true,"href":"https:\/\/www.aribau.es\/ca\/wp-json\/wp\/v2\/users\/3"}],"replies":[{"embeddable":true,"href":"https:\/\/www.aribau.es\/ca\/wp-json\/wp\/v2\/comments?post=10263"}],"version-history":[{"count":1,"href":"https:\/\/www.aribau.es\/ca\/wp-json\/wp\/v2\/posts\/10263\/revisions"}],"predecessor-version":[{"id":10265,"href":"https:\/\/www.aribau.es\/ca\/wp-json\/wp\/v2\/posts\/10263\/revisions\/10265"}],"wp:featuredmedia":[{"embeddable":true,"href":"https:\/\/www.aribau.es\/ca\/wp-json\/wp\/v2\/media\/10264"}],"wp:attachment":[{"href":"https:\/\/www.aribau.es\/ca\/wp-json\/wp\/v2\/media?parent=10263"}],"wp:term":[{"taxonomy":"category","embeddable":true,"href":"https:\/\/www.aribau.es\/ca\/wp-json\/wp\/v2\/categories?post=10263"},{"taxonomy":"post_tag","embeddable":true,"href":"https:\/\/www.aribau.es\/ca\/wp-json\/wp\/v2\/tags?post=10263"}],"curies":[{"name":"wp","href":"https:\/\/api.w.org\/{rel}","templated":true}]}}