{"id":10793,"date":"2021-05-06T12:41:59","date_gmt":"2021-05-06T11:41:59","guid":{"rendered":"https:\/\/www.aribau.es\/?p=10793"},"modified":"2021-05-06T12:41:59","modified_gmt":"2021-05-06T11:41:59","slug":"vina-bujanda-crianza-de-vina-bujanda","status":"publish","type":"post","link":"https:\/\/www.aribau.es\/ca\/vina-bujanda-crianza-de-vina-bujanda\/","title":{"rendered":"\u2018VI\u00d1A BUJANDA CRIANZA\u2019 DE VI\u00d1A BUJANDA"},"content":{"rendered":"<p>Vi\u00f1a Bujanda elabora els seus vins amb les dues varietats m\u00e9s representatives de la seva regi\u00f3 vit\u00edcola: ull de llebre i macabeu de vinyes situades tant a la Rioja Alta (Logro\u00f1o) com a la Rioja Alabesa (Oy\u00f3n). La seva gamma de vins completa el cat\u00e0leg de Fam\u00edlia Mart\u00ednez Bujanda, amb un clar concepte d'elaborar un perfil de vi de Rioja m\u00e9s tradicional, amb el crian\u00e7a i el reserva com a base, per\u00f2 sense oblidar les tradicionals elaboracions de vins de l'any (negre, rosat i blanc) de la DOQ.<\/p>\n<p><!--more--><\/p>\n<p>El vi \u201cVi\u00f1a Bujanda Crianza\u201d \u00e9s d\u2019intensitat mitjana-alta, de color vermell porpra i rivet de menisc blav\u00f3s, amb una ll\u00e0grima densa. En nas es poden apreciar els aromes de fruits negres (mora i nabius) units als especiats provinents del roure americ\u00e0, tabac ros i lleugeres notes bals\u00e0miques. T\u00e9 un bon reflex de la varietat ull de llebre, mostrant eleg\u00e0ncia i complexitat.<\/p>\n<p>El pas per boca mostra una entrada \u00e0mplia, fresca i sedosa, desenvolupant-se durant el seu recorregut un gran volum i estructura. Final llarg, gust\u00f3s i d'un extraordinari aroma en retronasal.<\/p>\n<p>El \u201cVi\u00f1a Bujanda Crianza\u201d marida perfectament amb formatges de curaci\u00f3 mitjana i carns blanques i vermelles. Tamb\u00e9 \u00e9s un acompanyant idoni per a peixos amb salsa i plats de cullera.<\/p>\n<p>&nbsp;<\/p>\n<p><strong>Sobre el celler<\/strong><\/p>\n<p><a href=\"https:\/\/www.aribau.es\/wp-content\/uploads\/2021\/05\/historia-01.jpg\"><img fetchpriority=\"high\" decoding=\"async\" class=\"aligncenter wp-image-7227\" src=\"https:\/\/www.aribau.es\/wp-content\/uploads\/2021\/05\/historia-01-834x1024.jpg\" alt=\"\" width=\"376\" height=\"462\" \/><\/a><\/p>\n<p>Vi\u00f1a Bujanda posseeix un total de 120 hect\u00e0rees repartides en parcel\u00b7les per Rioja Alabesa i Rioja Alta, entre elles una important finca en els voltants de Logro\u00f1o \"El Seminario\". El celler \u00e9s un projecte que Carlos i Pilar Mart\u00ednez Bujanda van decidir emprendre a casa, Oy\u00f3n, on el seu besavi Joaqu\u00edn Mart\u00ednez Bujanda va fundar el celler familiar.<\/p>\n<p>El celler combina la tradici\u00f3 familiar dels viticultors amb les m\u00e9s modernes t\u00e8cniques enol\u00f2giques, concepte que es plasma en la iconografia i en el propi etiquetatge dels vins, amb una imatge moderna il\u00b7lustrada amb una tipografia cl\u00e0ssica.<\/p>","protected":false},"excerpt":{"rendered":"<p>Vi\u00f1a Bujanda elabora sus vinos con las dos variedades m\u00e1s representativas de su regi\u00f3n vit\u00edcola: tempranillo y macabeo de vi\u00f1edos situados tanto en la Rioja Alta (Logro\u00f1o) como la Rioja Alavesa (Oy\u00f3n). Su gama de vinos completa el cat\u00e1logo de Familia Mart\u00ednez Bujanda, con un claro concepto de elaborar un perfil de vino de Rioja &#8230; <a title=\"\u2018VI\u00d1A BUJANDA CRIANZA\u2019 DE VI\u00d1A BUJANDA\" class=\"read-more\" href=\"https:\/\/www.aribau.es\/ca\/vina-bujanda-crianza-de-vina-bujanda\/\" aria-label=\"M\u00e9s informaci\u00f3 sobre \u2018VI\u00d1A BUJANDA CRIANZA\u2019 DE VI\u00d1A BUJANDA\">Llegiu m\u00e9s<\/a><\/p>","protected":false},"author":3,"featured_media":10794,"comment_status":"closed","ping_status":"closed","sticky":false,"template":"","format":"standard","meta":{"footnotes":""},"categories":[406],"tags":[],"class_list":["post-10793","post","type-post","status-publish","format-standard","has-post-thumbnail","hentry","category-noticias"],"yoast_head":"<!-- This site is optimized with the Yoast SEO plugin v26.7 - https:\/\/yoast.com\/wordpress\/plugins\/seo\/ -->\n<title>\u2018VI\u00d1A BUJANDA CRIANZA\u2019 DE VI\u00d1A BUJANDA - Aribau<\/title>\n<meta name=\"robots\" content=\"index, follow, max-snippet:-1, max-image-preview:large, max-video-preview:-1\" \/>\n<link rel=\"canonical\" href=\"https:\/\/www.aribau.es\/ca\/vina-bujanda-crianza-de-vina-bujanda\/\" \/>\n<meta property=\"og:locale\" content=\"ca_ES\" \/>\n<meta property=\"og:type\" content=\"article\" \/>\n<meta property=\"og:title\" content=\"\u2018VI\u00d1A BUJANDA CRIANZA\u2019 DE VI\u00d1A BUJANDA - Aribau\" \/>\n<meta property=\"og:description\" content=\"Vi\u00f1a Bujanda elabora sus vinos con las dos variedades m\u00e1s representativas de su regi\u00f3n vit\u00edcola: tempranillo y macabeo de vi\u00f1edos situados tanto en la Rioja Alta (Logro\u00f1o) como la Rioja Alavesa (Oy\u00f3n). Su gama de vinos completa el cat\u00e1logo de Familia Mart\u00ednez Bujanda, con un claro concepto de elaborar un perfil de vino de Rioja ... Llegiu m\u00e9s\" \/>\n<meta property=\"og:url\" content=\"https:\/\/www.aribau.es\/ca\/vina-bujanda-crianza-de-vina-bujanda\/\" \/>\n<meta property=\"og:site_name\" content=\"Aribau\" \/>\n<meta property=\"article:publisher\" content=\"https:\/\/www.facebook.com\/aribau1964\/\" \/>\n<meta property=\"article:published_time\" content=\"2021-05-06T11:41:59+00:00\" \/>\n<meta property=\"og:image\" content=\"https:\/\/www.aribau.es\/wp-content\/uploads\/2021\/05\/vina-bujanda-crianza-rotated.jpg\" \/>\n\t<meta property=\"og:image:width\" content=\"600\" \/>\n\t<meta property=\"og:image:height\" content=\"480\" \/>\n\t<meta property=\"og:image:type\" content=\"image\/jpeg\" \/>\n<meta name=\"author\" content=\"aribau\" \/>\n<meta name=\"twitter:card\" content=\"summary_large_image\" \/>\n<meta name=\"twitter:creator\" content=\"@aribau1964\" \/>\n<meta name=\"twitter:site\" content=\"@aribau1964\" \/>\n<meta name=\"twitter:label1\" content=\"Escrit per\" \/>\n\t<meta name=\"twitter:data1\" content=\"aribau\" \/>\n\t<meta name=\"twitter:label2\" content=\"Temps estimat de lectura\" \/>\n\t<meta name=\"twitter:data2\" content=\"2 minuts\" \/>\n<script type=\"application\/ld+json\" class=\"yoast-schema-graph\">{\"@context\":\"https:\/\/schema.org\",\"@graph\":[{\"@type\":\"Article\",\"@id\":\"https:\/\/www.aribau.es\/vina-bujanda-crianza-de-vina-bujanda\/#article\",\"isPartOf\":{\"@id\":\"https:\/\/www.aribau.es\/vina-bujanda-crianza-de-vina-bujanda\/\"},\"author\":{\"name\":\"aribau\",\"@id\":\"https:\/\/www.aribau.es\/#\/schema\/person\/77a976898b3c705ed016499633f4ffd0\"},\"headline\":\"\u2018VI\u00d1A BUJANDA CRIANZA\u2019 DE VI\u00d1A BUJANDA\",\"datePublished\":\"2021-05-06T11:41:59+00:00\",\"mainEntityOfPage\":{\"@id\":\"https:\/\/www.aribau.es\/vina-bujanda-crianza-de-vina-bujanda\/\"},\"wordCount\":344,\"publisher\":{\"@id\":\"https:\/\/www.aribau.es\/#organization\"},\"image\":{\"@id\":\"https:\/\/www.aribau.es\/vina-bujanda-crianza-de-vina-bujanda\/#primaryimage\"},\"thumbnailUrl\":\"https:\/\/www.aribau.es\/wp-content\/uploads\/2021\/05\/vina-bujanda-crianza-rotated.jpg\",\"articleSection\":[\"Noticias\"],\"inLanguage\":\"ca\"},{\"@type\":\"WebPage\",\"@id\":\"https:\/\/www.aribau.es\/vina-bujanda-crianza-de-vina-bujanda\/\",\"url\":\"https:\/\/www.aribau.es\/vina-bujanda-crianza-de-vina-bujanda\/\",\"name\":\"\u2018VI\u00d1A BUJANDA CRIANZA\u2019 DE VI\u00d1A BUJANDA - Aribau\",\"isPartOf\":{\"@id\":\"https:\/\/www.aribau.es\/#website\"},\"primaryImageOfPage\":{\"@id\":\"https:\/\/www.aribau.es\/vina-bujanda-crianza-de-vina-bujanda\/#primaryimage\"},\"image\":{\"@id\":\"https:\/\/www.aribau.es\/vina-bujanda-crianza-de-vina-bujanda\/#primaryimage\"},\"thumbnailUrl\":\"https:\/\/www.aribau.es\/wp-content\/uploads\/2021\/05\/vina-bujanda-crianza-rotated.jpg\",\"datePublished\":\"2021-05-06T11:41:59+00:00\",\"breadcrumb\":{\"@id\":\"https:\/\/www.aribau.es\/vina-bujanda-crianza-de-vina-bujanda\/#breadcrumb\"},\"inLanguage\":\"ca\",\"potentialAction\":[{\"@type\":\"ReadAction\",\"target\":[\"https:\/\/www.aribau.es\/vina-bujanda-crianza-de-vina-bujanda\/\"]}]},{\"@type\":\"ImageObject\",\"inLanguage\":\"ca\",\"@id\":\"https:\/\/www.aribau.es\/vina-bujanda-crianza-de-vina-bujanda\/#primaryimage\",\"url\":\"https:\/\/www.aribau.es\/wp-content\/uploads\/2021\/05\/vina-bujanda-crianza-rotated.jpg\",\"contentUrl\":\"https:\/\/www.aribau.es\/wp-content\/uploads\/2021\/05\/vina-bujanda-crianza-rotated.jpg\",\"width\":600,\"height\":480},{\"@type\":\"BreadcrumbList\",\"@id\":\"https:\/\/www.aribau.es\/vina-bujanda-crianza-de-vina-bujanda\/#breadcrumb\",\"itemListElement\":[{\"@type\":\"ListItem\",\"position\":1,\"name\":\"Portada\",\"item\":\"https:\/\/www.aribau.es\/\"},{\"@type\":\"ListItem\",\"position\":2,\"name\":\"\u2018VI\u00d1A BUJANDA CRIANZA\u2019 DE VI\u00d1A BUJANDA\"}]},{\"@type\":\"WebSite\",\"@id\":\"https:\/\/www.aribau.es\/#website\",\"url\":\"https:\/\/www.aribau.es\/\",\"name\":\"Aribau\",\"description\":\"VINOS Y BODEGAS\",\"publisher\":{\"@id\":\"https:\/\/www.aribau.es\/#organization\"},\"potentialAction\":[{\"@type\":\"SearchAction\",\"target\":{\"@type\":\"EntryPoint\",\"urlTemplate\":\"https:\/\/www.aribau.es\/?s={search_term_string}\"},\"query-input\":{\"@type\":\"PropertyValueSpecification\",\"valueRequired\":true,\"valueName\":\"search_term_string\"}}],\"inLanguage\":\"ca\"},{\"@type\":\"Organization\",\"@id\":\"https:\/\/www.aribau.es\/#organization\",\"name\":\"Aribau\",\"url\":\"https:\/\/www.aribau.es\/\",\"logo\":{\"@type\":\"ImageObject\",\"inLanguage\":\"ca\",\"@id\":\"https:\/\/www.aribau.es\/#\/schema\/logo\/image\/\",\"url\":\"https:\/\/www.aribau.es\/wp-content\/uploads\/2022\/03\/logo.png\",\"contentUrl\":\"https:\/\/www.aribau.es\/wp-content\/uploads\/2022\/03\/logo.png\",\"width\":300,\"height\":300,\"caption\":\"Aribau\"},\"image\":{\"@id\":\"https:\/\/www.aribau.es\/#\/schema\/logo\/image\/\"},\"sameAs\":[\"https:\/\/www.facebook.com\/aribau1964\/\",\"https:\/\/x.com\/aribau1964\",\"https:\/\/www.instagram.com\/aribau1964\/\"]},{\"@type\":\"Person\",\"@id\":\"https:\/\/www.aribau.es\/#\/schema\/person\/77a976898b3c705ed016499633f4ffd0\",\"name\":\"aribau\",\"image\":{\"@type\":\"ImageObject\",\"inLanguage\":\"ca\",\"@id\":\"https:\/\/www.aribau.es\/#\/schema\/person\/image\/\",\"url\":\"https:\/\/secure.gravatar.com\/avatar\/6690491f832d5b32aa9482b978c9464816810fbff0f6658034a34c9d9657b94e?s=96&d=mm&r=g\",\"contentUrl\":\"https:\/\/secure.gravatar.com\/avatar\/6690491f832d5b32aa9482b978c9464816810fbff0f6658034a34c9d9657b94e?s=96&d=mm&r=g\",\"caption\":\"aribau\"},\"url\":\"https:\/\/www.aribau.es\/ca\/author\/aribau\/\"}]}<\/script>\n<!-- \/ Yoast SEO plugin. -->","yoast_head_json":{"title":"\u2018VI\u00d1A BUJANDA CRIANZA\u2019 DE VI\u00d1A BUJANDA - Aribau","robots":{"index":"index","follow":"follow","max-snippet":"max-snippet:-1","max-image-preview":"max-image-preview:large","max-video-preview":"max-video-preview:-1"},"canonical":"https:\/\/www.aribau.es\/ca\/vina-bujanda-crianza-de-vina-bujanda\/","og_locale":"ca_ES","og_type":"article","og_title":"\u2018VI\u00d1A BUJANDA CRIANZA\u2019 DE VI\u00d1A BUJANDA - Aribau","og_description":"Vi\u00f1a Bujanda elabora sus vinos con las dos variedades m\u00e1s representativas de su regi\u00f3n vit\u00edcola: tempranillo y macabeo de vi\u00f1edos situados tanto en la Rioja Alta (Logro\u00f1o) como la Rioja Alavesa (Oy\u00f3n). Su gama de vinos completa el cat\u00e1logo de Familia Mart\u00ednez Bujanda, con un claro concepto de elaborar un perfil de vino de Rioja ... Llegiu m\u00e9s","og_url":"https:\/\/www.aribau.es\/ca\/vina-bujanda-crianza-de-vina-bujanda\/","og_site_name":"Aribau","article_publisher":"https:\/\/www.facebook.com\/aribau1964\/","article_published_time":"2021-05-06T11:41:59+00:00","og_image":[{"width":600,"height":480,"url":"https:\/\/www.aribau.es\/wp-content\/uploads\/2021\/05\/vina-bujanda-crianza-rotated.jpg","type":"image\/jpeg"}],"author":"aribau","twitter_card":"summary_large_image","twitter_creator":"@aribau1964","twitter_site":"@aribau1964","twitter_misc":{"Escrit per":"aribau","Temps estimat de lectura":"2 minuts"},"schema":{"@context":"https:\/\/schema.org","@graph":[{"@type":"Article","@id":"https:\/\/www.aribau.es\/vina-bujanda-crianza-de-vina-bujanda\/#article","isPartOf":{"@id":"https:\/\/www.aribau.es\/vina-bujanda-crianza-de-vina-bujanda\/"},"author":{"name":"aribau","@id":"https:\/\/www.aribau.es\/#\/schema\/person\/77a976898b3c705ed016499633f4ffd0"},"headline":"\u2018VI\u00d1A BUJANDA CRIANZA\u2019 DE VI\u00d1A BUJANDA","datePublished":"2021-05-06T11:41:59+00:00","mainEntityOfPage":{"@id":"https:\/\/www.aribau.es\/vina-bujanda-crianza-de-vina-bujanda\/"},"wordCount":344,"publisher":{"@id":"https:\/\/www.aribau.es\/#organization"},"image":{"@id":"https:\/\/www.aribau.es\/vina-bujanda-crianza-de-vina-bujanda\/#primaryimage"},"thumbnailUrl":"https:\/\/www.aribau.es\/wp-content\/uploads\/2021\/05\/vina-bujanda-crianza-rotated.jpg","articleSection":["Noticias"],"inLanguage":"ca"},{"@type":"WebPage","@id":"https:\/\/www.aribau.es\/vina-bujanda-crianza-de-vina-bujanda\/","url":"https:\/\/www.aribau.es\/vina-bujanda-crianza-de-vina-bujanda\/","name":"\u2018VI\u00d1A BUJANDA CRIANZA\u2019 DE VI\u00d1A BUJANDA - Aribau","isPartOf":{"@id":"https:\/\/www.aribau.es\/#website"},"primaryImageOfPage":{"@id":"https:\/\/www.aribau.es\/vina-bujanda-crianza-de-vina-bujanda\/#primaryimage"},"image":{"@id":"https:\/\/www.aribau.es\/vina-bujanda-crianza-de-vina-bujanda\/#primaryimage"},"thumbnailUrl":"https:\/\/www.aribau.es\/wp-content\/uploads\/2021\/05\/vina-bujanda-crianza-rotated.jpg","datePublished":"2021-05-06T11:41:59+00:00","breadcrumb":{"@id":"https:\/\/www.aribau.es\/vina-bujanda-crianza-de-vina-bujanda\/#breadcrumb"},"inLanguage":"ca","potentialAction":[{"@type":"ReadAction","target":["https:\/\/www.aribau.es\/vina-bujanda-crianza-de-vina-bujanda\/"]}]},{"@type":"ImageObject","inLanguage":"ca","@id":"https:\/\/www.aribau.es\/vina-bujanda-crianza-de-vina-bujanda\/#primaryimage","url":"https:\/\/www.aribau.es\/wp-content\/uploads\/2021\/05\/vina-bujanda-crianza-rotated.jpg","contentUrl":"https:\/\/www.aribau.es\/wp-content\/uploads\/2021\/05\/vina-bujanda-crianza-rotated.jpg","width":600,"height":480},{"@type":"BreadcrumbList","@id":"https:\/\/www.aribau.es\/vina-bujanda-crianza-de-vina-bujanda\/#breadcrumb","itemListElement":[{"@type":"ListItem","position":1,"name":"Portada","item":"https:\/\/www.aribau.es\/"},{"@type":"ListItem","position":2,"name":"\u2018VI\u00d1A BUJANDA CRIANZA\u2019 DE VI\u00d1A BUJANDA"}]},{"@type":"WebSite","@id":"https:\/\/www.aribau.es\/#website","url":"https:\/\/www.aribau.es\/","name":"Aribau","description":"VINOS Y BODEGAS","publisher":{"@id":"https:\/\/www.aribau.es\/#organization"},"potentialAction":[{"@type":"SearchAction","target":{"@type":"EntryPoint","urlTemplate":"https:\/\/www.aribau.es\/?s={search_term_string}"},"query-input":{"@type":"PropertyValueSpecification","valueRequired":true,"valueName":"search_term_string"}}],"inLanguage":"ca"},{"@type":"Organization","@id":"https:\/\/www.aribau.es\/#organization","name":"Aribau","url":"https:\/\/www.aribau.es\/","logo":{"@type":"ImageObject","inLanguage":"ca","@id":"https:\/\/www.aribau.es\/#\/schema\/logo\/image\/","url":"https:\/\/www.aribau.es\/wp-content\/uploads\/2022\/03\/logo.png","contentUrl":"https:\/\/www.aribau.es\/wp-content\/uploads\/2022\/03\/logo.png","width":300,"height":300,"caption":"Aribau"},"image":{"@id":"https:\/\/www.aribau.es\/#\/schema\/logo\/image\/"},"sameAs":["https:\/\/www.facebook.com\/aribau1964\/","https:\/\/x.com\/aribau1964","https:\/\/www.instagram.com\/aribau1964\/"]},{"@type":"Person","@id":"https:\/\/www.aribau.es\/#\/schema\/person\/77a976898b3c705ed016499633f4ffd0","name":"aribau","image":{"@type":"ImageObject","inLanguage":"ca","@id":"https:\/\/www.aribau.es\/#\/schema\/person\/image\/","url":"https:\/\/secure.gravatar.com\/avatar\/6690491f832d5b32aa9482b978c9464816810fbff0f6658034a34c9d9657b94e?s=96&d=mm&r=g","contentUrl":"https:\/\/secure.gravatar.com\/avatar\/6690491f832d5b32aa9482b978c9464816810fbff0f6658034a34c9d9657b94e?s=96&d=mm&r=g","caption":"aribau"},"url":"https:\/\/www.aribau.es\/ca\/author\/aribau\/"}]}},"_links":{"self":[{"href":"https:\/\/www.aribau.es\/ca\/wp-json\/wp\/v2\/posts\/10793","targetHints":{"allow":["GET"]}}],"collection":[{"href":"https:\/\/www.aribau.es\/ca\/wp-json\/wp\/v2\/posts"}],"about":[{"href":"https:\/\/www.aribau.es\/ca\/wp-json\/wp\/v2\/types\/post"}],"author":[{"embeddable":true,"href":"https:\/\/www.aribau.es\/ca\/wp-json\/wp\/v2\/users\/3"}],"replies":[{"embeddable":true,"href":"https:\/\/www.aribau.es\/ca\/wp-json\/wp\/v2\/comments?post=10793"}],"version-history":[{"count":1,"href":"https:\/\/www.aribau.es\/ca\/wp-json\/wp\/v2\/posts\/10793\/revisions"}],"predecessor-version":[{"id":10795,"href":"https:\/\/www.aribau.es\/ca\/wp-json\/wp\/v2\/posts\/10793\/revisions\/10795"}],"wp:featuredmedia":[{"embeddable":true,"href":"https:\/\/www.aribau.es\/ca\/wp-json\/wp\/v2\/media\/10794"}],"wp:attachment":[{"href":"https:\/\/www.aribau.es\/ca\/wp-json\/wp\/v2\/media?parent=10793"}],"wp:term":[{"taxonomy":"category","embeddable":true,"href":"https:\/\/www.aribau.es\/ca\/wp-json\/wp\/v2\/categories?post=10793"},{"taxonomy":"post_tag","embeddable":true,"href":"https:\/\/www.aribau.es\/ca\/wp-json\/wp\/v2\/tags?post=10793"}],"curies":[{"name":"wp","href":"https:\/\/api.w.org\/{rel}","templated":true}]}}