{"id":11954,"date":"2021-09-02T11:05:38","date_gmt":"2021-09-02T10:05:38","guid":{"rendered":"https:\/\/www.aribau.es\/?p=11954"},"modified":"2021-09-02T11:05:38","modified_gmt":"2021-09-02T10:05:38","slug":"nuevas-etiquetas-para-los-vinos-i-tant","status":"publish","type":"post","link":"https:\/\/www.aribau.es\/ca\/nuevas-etiquetas-para-los-vinos-i-tant\/","title":{"rendered":"NOVES ETIQUETES PER ALS VINS \"I TANT\""},"content":{"rendered":"<p>Els vins blanc, negre i rosat \u201cI tant\u201d estrenen nova etiqueta! Deixen enrere el seu tradicional disseny per adoptar <strong>un aire m\u00e9s modern i fresc, amb una est\u00e8tica m\u00e9s cuidada<\/strong> i aportant m\u00e9s vitalitat a l\u2019ampolla, ja que les etiquetes tenen un fons blanc.<\/p>\n<p>Pren major protagonisme el s\u00edmbol barcelon\u00ed, que abans s\u2019ubicava a la part superior de l\u2019etiqueta i ara se situa just al centre, amb una mida m\u00e9s gran i <strong>amb els colors representatius del vi al qual corresponen<\/strong>. \u00c9s a dir, es fa servir el color blanc per al vi blanc garnatxa blanca de la DO Terra Alta, el vermell per al vi negre elaborat amb garnatxa negra de la DO Montsant i el color rosa per a l\u2019etiqueta del vi rosat de garnatxa de la DO Terra Alta.<\/p>\n<p>Els tres vins canvien d\u2019anyada i d\u2019etiqueta per\u00f2 <strong>mantenen la seva ess\u00e8ncia i la seva identitat.<\/strong> El concepte \u201cI tant\u201d \u00e9s una expressi\u00f3 per reafirmar i corroborar el que l\u2019altre persona acaba de dir. En aquest sentit, els vins \u201cI tant\u201d pretenen oferir una selecci\u00f3 de vins de la terra catalana, elaborats \u00fanicament amb varietats aut\u00f2ctones i s\u00f3n el reflex del paisatge caracter\u00edstic de cada zona vit\u00edcola.<\/p>\n<p>Els vins \u201cI tant\u201d<strong> s\u00f3n aut\u00e8ntics i honestos, alhora que f\u00e0cils d'entendre i de beure,<\/strong> amb l'\u00fanica complexitat que ofereix la terra, el clima i les vinyes de cada zona. Quan acabis de tastar-los, acabar\u00e0s exclamant: \u201c I tant que \u00e9s un garnatxa negra del Montant!\u201d o b\u00e9: \u201cI tant que \u00e9s una garnatxa blanca de la Terra Alta!\u201d.<\/p>\n<p>L'objectiu principal? Gaudir menjant i maridant els plats amb un vi catal\u00e0. Sens dubte, <strong>autenticitat i m\u00e0xima expressi\u00f3 de les garnatxes del Mediterrani.<\/strong><\/p>","protected":false},"excerpt":{"rendered":"<p>\u00a1Los vinos blanco, tinto y rosado \u00abI tant\u00bb estrenan nueva etiqueta! Dejan atr\u00e1s su tradicional dise\u00f1o para adoptar un aire m\u00e1s moderno y fresco, con una est\u00e9tica m\u00e1s cuidada y aportando m\u00e1s vitalidad a la botella, ya que las etiquetas tienen un fondo blanco. Tiene mayor protagonismo el s\u00edmbolo barcelonino, que antes se ubicaba en &#8230; <a title=\"NOVES ETIQUETES PER ALS VINS &quot;I TANT&quot;\" class=\"read-more\" href=\"https:\/\/www.aribau.es\/ca\/nuevas-etiquetas-para-los-vinos-i-tant\/\" aria-label=\"M\u00e9s informaci\u00f3 sobre NUEVAS ETIQUETAS PARA LOS VINOS \u00abI TANT\u00bb\">Llegiu m\u00e9s<\/a><\/p>","protected":false},"author":3,"featured_media":11955,"comment_status":"closed","ping_status":"closed","sticky":false,"template":"","format":"standard","meta":{"footnotes":""},"categories":[406],"tags":[],"class_list":["post-11954","post","type-post","status-publish","format-standard","has-post-thumbnail","hentry","category-noticias"],"yoast_head":"<!-- This site is optimized with the Yoast SEO plugin v26.7 - https:\/\/yoast.com\/wordpress\/plugins\/seo\/ -->\n<title>NUEVAS ETIQUETAS PARA LOS VINOS &quot;I TANT&quot; - Aribau<\/title>\n<meta name=\"robots\" content=\"index, follow, max-snippet:-1, max-image-preview:large, max-video-preview:-1\" \/>\n<link rel=\"canonical\" href=\"https:\/\/www.aribau.es\/ca\/nuevas-etiquetas-para-los-vinos-i-tant\/\" \/>\n<meta property=\"og:locale\" content=\"ca_ES\" \/>\n<meta property=\"og:type\" content=\"article\" \/>\n<meta property=\"og:title\" content=\"NUEVAS ETIQUETAS PARA LOS VINOS &quot;I TANT&quot; - Aribau\" \/>\n<meta property=\"og:description\" content=\"\u00a1Los vinos blanco, tinto y rosado \u00abI tant\u00bb estrenan nueva etiqueta! Dejan atr\u00e1s su tradicional dise\u00f1o para adoptar un aire m\u00e1s moderno y fresco, con una est\u00e9tica m\u00e1s cuidada y aportando m\u00e1s vitalidad a la botella, ya que las etiquetas tienen un fondo blanco. Tiene mayor protagonismo el s\u00edmbolo barcelonino, que antes se ubicaba en ... Llegiu m\u00e9s\" \/>\n<meta property=\"og:url\" content=\"https:\/\/www.aribau.es\/ca\/nuevas-etiquetas-para-los-vinos-i-tant\/\" \/>\n<meta property=\"og:site_name\" content=\"Aribau\" \/>\n<meta property=\"article:publisher\" content=\"https:\/\/www.facebook.com\/aribau1964\/\" \/>\n<meta property=\"article:published_time\" content=\"2021-09-02T10:05:38+00:00\" \/>\n<meta property=\"og:image\" content=\"https:\/\/www.aribau.es\/wp-content\/uploads\/2021\/09\/236246273_1746707488852322_4393933222620708252_n.png\" \/>\n\t<meta property=\"og:image:width\" content=\"526\" \/>\n\t<meta property=\"og:image:height\" content=\"526\" \/>\n\t<meta property=\"og:image:type\" content=\"image\/png\" \/>\n<meta name=\"author\" content=\"aribau\" \/>\n<meta name=\"twitter:card\" content=\"summary_large_image\" \/>\n<meta name=\"twitter:creator\" content=\"@aribau1964\" \/>\n<meta name=\"twitter:site\" content=\"@aribau1964\" \/>\n<meta name=\"twitter:label1\" content=\"Escrit per\" \/>\n\t<meta name=\"twitter:data1\" content=\"aribau\" \/>\n\t<meta name=\"twitter:label2\" content=\"Temps estimat de lectura\" \/>\n\t<meta name=\"twitter:data2\" content=\"2 minuts\" \/>\n<script type=\"application\/ld+json\" class=\"yoast-schema-graph\">{\"@context\":\"https:\/\/schema.org\",\"@graph\":[{\"@type\":\"Article\",\"@id\":\"https:\/\/www.aribau.es\/ca\/nuevas-etiquetas-para-los-vinos-i-tant\/#article\",\"isPartOf\":{\"@id\":\"https:\/\/www.aribau.es\/ca\/nuevas-etiquetas-para-los-vinos-i-tant\/\"},\"author\":{\"name\":\"aribau\",\"@id\":\"https:\/\/www.aribau.es\/#\/schema\/person\/77a976898b3c705ed016499633f4ffd0\"},\"headline\":\"NUEVAS ETIQUETAS PARA LOS VINOS \u00abI TANT\u00bb\",\"datePublished\":\"2021-09-02T10:05:38+00:00\",\"mainEntityOfPage\":{\"@id\":\"https:\/\/www.aribau.es\/ca\/nuevas-etiquetas-para-los-vinos-i-tant\/\"},\"wordCount\":323,\"publisher\":{\"@id\":\"https:\/\/www.aribau.es\/#organization\"},\"image\":{\"@id\":\"https:\/\/www.aribau.es\/ca\/nuevas-etiquetas-para-los-vinos-i-tant\/#primaryimage\"},\"thumbnailUrl\":\"https:\/\/www.aribau.es\/wp-content\/uploads\/2021\/09\/236246273_1746707488852322_4393933222620708252_n.png\",\"articleSection\":[\"Noticias\"],\"inLanguage\":\"ca\"},{\"@type\":\"WebPage\",\"@id\":\"https:\/\/www.aribau.es\/ca\/nuevas-etiquetas-para-los-vinos-i-tant\/\",\"url\":\"https:\/\/www.aribau.es\/ca\/nuevas-etiquetas-para-los-vinos-i-tant\/\",\"name\":\"NUEVAS ETIQUETAS PARA LOS VINOS \\\"I TANT\\\" - Aribau\",\"isPartOf\":{\"@id\":\"https:\/\/www.aribau.es\/#website\"},\"primaryImageOfPage\":{\"@id\":\"https:\/\/www.aribau.es\/ca\/nuevas-etiquetas-para-los-vinos-i-tant\/#primaryimage\"},\"image\":{\"@id\":\"https:\/\/www.aribau.es\/ca\/nuevas-etiquetas-para-los-vinos-i-tant\/#primaryimage\"},\"thumbnailUrl\":\"https:\/\/www.aribau.es\/wp-content\/uploads\/2021\/09\/236246273_1746707488852322_4393933222620708252_n.png\",\"datePublished\":\"2021-09-02T10:05:38+00:00\",\"breadcrumb\":{\"@id\":\"https:\/\/www.aribau.es\/ca\/nuevas-etiquetas-para-los-vinos-i-tant\/#breadcrumb\"},\"inLanguage\":\"ca\",\"potentialAction\":[{\"@type\":\"ReadAction\",\"target\":[\"https:\/\/www.aribau.es\/ca\/nuevas-etiquetas-para-los-vinos-i-tant\/\"]}]},{\"@type\":\"ImageObject\",\"inLanguage\":\"ca\",\"@id\":\"https:\/\/www.aribau.es\/ca\/nuevas-etiquetas-para-los-vinos-i-tant\/#primaryimage\",\"url\":\"https:\/\/www.aribau.es\/wp-content\/uploads\/2021\/09\/236246273_1746707488852322_4393933222620708252_n.png\",\"contentUrl\":\"https:\/\/www.aribau.es\/wp-content\/uploads\/2021\/09\/236246273_1746707488852322_4393933222620708252_n.png\",\"width\":526,\"height\":526},{\"@type\":\"BreadcrumbList\",\"@id\":\"https:\/\/www.aribau.es\/ca\/nuevas-etiquetas-para-los-vinos-i-tant\/#breadcrumb\",\"itemListElement\":[{\"@type\":\"ListItem\",\"position\":1,\"name\":\"Portada\",\"item\":\"https:\/\/www.aribau.es\/\"},{\"@type\":\"ListItem\",\"position\":2,\"name\":\"NUEVAS ETIQUETAS PARA LOS VINOS \u00abI TANT\u00bb\"}]},{\"@type\":\"WebSite\",\"@id\":\"https:\/\/www.aribau.es\/#website\",\"url\":\"https:\/\/www.aribau.es\/\",\"name\":\"Aribau\",\"description\":\"VINOS Y BODEGAS\",\"publisher\":{\"@id\":\"https:\/\/www.aribau.es\/#organization\"},\"potentialAction\":[{\"@type\":\"SearchAction\",\"target\":{\"@type\":\"EntryPoint\",\"urlTemplate\":\"https:\/\/www.aribau.es\/?s={search_term_string}\"},\"query-input\":{\"@type\":\"PropertyValueSpecification\",\"valueRequired\":true,\"valueName\":\"search_term_string\"}}],\"inLanguage\":\"ca\"},{\"@type\":\"Organization\",\"@id\":\"https:\/\/www.aribau.es\/#organization\",\"name\":\"Aribau\",\"url\":\"https:\/\/www.aribau.es\/\",\"logo\":{\"@type\":\"ImageObject\",\"inLanguage\":\"ca\",\"@id\":\"https:\/\/www.aribau.es\/#\/schema\/logo\/image\/\",\"url\":\"https:\/\/www.aribau.es\/wp-content\/uploads\/2022\/03\/logo.png\",\"contentUrl\":\"https:\/\/www.aribau.es\/wp-content\/uploads\/2022\/03\/logo.png\",\"width\":300,\"height\":300,\"caption\":\"Aribau\"},\"image\":{\"@id\":\"https:\/\/www.aribau.es\/#\/schema\/logo\/image\/\"},\"sameAs\":[\"https:\/\/www.facebook.com\/aribau1964\/\",\"https:\/\/x.com\/aribau1964\",\"https:\/\/www.instagram.com\/aribau1964\/\"]},{\"@type\":\"Person\",\"@id\":\"https:\/\/www.aribau.es\/#\/schema\/person\/77a976898b3c705ed016499633f4ffd0\",\"name\":\"aribau\",\"image\":{\"@type\":\"ImageObject\",\"inLanguage\":\"ca\",\"@id\":\"https:\/\/www.aribau.es\/#\/schema\/person\/image\/\",\"url\":\"https:\/\/secure.gravatar.com\/avatar\/6690491f832d5b32aa9482b978c9464816810fbff0f6658034a34c9d9657b94e?s=96&d=mm&r=g\",\"contentUrl\":\"https:\/\/secure.gravatar.com\/avatar\/6690491f832d5b32aa9482b978c9464816810fbff0f6658034a34c9d9657b94e?s=96&d=mm&r=g\",\"caption\":\"aribau\"},\"url\":\"https:\/\/www.aribau.es\/ca\/author\/aribau\/\"}]}<\/script>\n<!-- \/ Yoast SEO plugin. -->","yoast_head_json":{"title":"NUEVAS ETIQUETAS PARA LOS VINOS \"I TANT\" - Aribau","robots":{"index":"index","follow":"follow","max-snippet":"max-snippet:-1","max-image-preview":"max-image-preview:large","max-video-preview":"max-video-preview:-1"},"canonical":"https:\/\/www.aribau.es\/ca\/nuevas-etiquetas-para-los-vinos-i-tant\/","og_locale":"ca_ES","og_type":"article","og_title":"NUEVAS ETIQUETAS PARA LOS VINOS \"I TANT\" - Aribau","og_description":"\u00a1Los vinos blanco, tinto y rosado \u00abI tant\u00bb estrenan nueva etiqueta! Dejan atr\u00e1s su tradicional dise\u00f1o para adoptar un aire m\u00e1s moderno y fresco, con una est\u00e9tica m\u00e1s cuidada y aportando m\u00e1s vitalidad a la botella, ya que las etiquetas tienen un fondo blanco. Tiene mayor protagonismo el s\u00edmbolo barcelonino, que antes se ubicaba en ... Llegiu m\u00e9s","og_url":"https:\/\/www.aribau.es\/ca\/nuevas-etiquetas-para-los-vinos-i-tant\/","og_site_name":"Aribau","article_publisher":"https:\/\/www.facebook.com\/aribau1964\/","article_published_time":"2021-09-02T10:05:38+00:00","og_image":[{"width":526,"height":526,"url":"https:\/\/www.aribau.es\/wp-content\/uploads\/2021\/09\/236246273_1746707488852322_4393933222620708252_n.png","type":"image\/png"}],"author":"aribau","twitter_card":"summary_large_image","twitter_creator":"@aribau1964","twitter_site":"@aribau1964","twitter_misc":{"Escrit per":"aribau","Temps estimat de lectura":"2 minuts"},"schema":{"@context":"https:\/\/schema.org","@graph":[{"@type":"Article","@id":"https:\/\/www.aribau.es\/ca\/nuevas-etiquetas-para-los-vinos-i-tant\/#article","isPartOf":{"@id":"https:\/\/www.aribau.es\/ca\/nuevas-etiquetas-para-los-vinos-i-tant\/"},"author":{"name":"aribau","@id":"https:\/\/www.aribau.es\/#\/schema\/person\/77a976898b3c705ed016499633f4ffd0"},"headline":"NUEVAS ETIQUETAS PARA LOS VINOS \u00abI TANT\u00bb","datePublished":"2021-09-02T10:05:38+00:00","mainEntityOfPage":{"@id":"https:\/\/www.aribau.es\/ca\/nuevas-etiquetas-para-los-vinos-i-tant\/"},"wordCount":323,"publisher":{"@id":"https:\/\/www.aribau.es\/#organization"},"image":{"@id":"https:\/\/www.aribau.es\/ca\/nuevas-etiquetas-para-los-vinos-i-tant\/#primaryimage"},"thumbnailUrl":"https:\/\/www.aribau.es\/wp-content\/uploads\/2021\/09\/236246273_1746707488852322_4393933222620708252_n.png","articleSection":["Noticias"],"inLanguage":"ca"},{"@type":"WebPage","@id":"https:\/\/www.aribau.es\/ca\/nuevas-etiquetas-para-los-vinos-i-tant\/","url":"https:\/\/www.aribau.es\/ca\/nuevas-etiquetas-para-los-vinos-i-tant\/","name":"NUEVAS ETIQUETAS PARA LOS VINOS \"I TANT\" - Aribau","isPartOf":{"@id":"https:\/\/www.aribau.es\/#website"},"primaryImageOfPage":{"@id":"https:\/\/www.aribau.es\/ca\/nuevas-etiquetas-para-los-vinos-i-tant\/#primaryimage"},"image":{"@id":"https:\/\/www.aribau.es\/ca\/nuevas-etiquetas-para-los-vinos-i-tant\/#primaryimage"},"thumbnailUrl":"https:\/\/www.aribau.es\/wp-content\/uploads\/2021\/09\/236246273_1746707488852322_4393933222620708252_n.png","datePublished":"2021-09-02T10:05:38+00:00","breadcrumb":{"@id":"https:\/\/www.aribau.es\/ca\/nuevas-etiquetas-para-los-vinos-i-tant\/#breadcrumb"},"inLanguage":"ca","potentialAction":[{"@type":"ReadAction","target":["https:\/\/www.aribau.es\/ca\/nuevas-etiquetas-para-los-vinos-i-tant\/"]}]},{"@type":"ImageObject","inLanguage":"ca","@id":"https:\/\/www.aribau.es\/ca\/nuevas-etiquetas-para-los-vinos-i-tant\/#primaryimage","url":"https:\/\/www.aribau.es\/wp-content\/uploads\/2021\/09\/236246273_1746707488852322_4393933222620708252_n.png","contentUrl":"https:\/\/www.aribau.es\/wp-content\/uploads\/2021\/09\/236246273_1746707488852322_4393933222620708252_n.png","width":526,"height":526},{"@type":"BreadcrumbList","@id":"https:\/\/www.aribau.es\/ca\/nuevas-etiquetas-para-los-vinos-i-tant\/#breadcrumb","itemListElement":[{"@type":"ListItem","position":1,"name":"Portada","item":"https:\/\/www.aribau.es\/"},{"@type":"ListItem","position":2,"name":"NUEVAS ETIQUETAS PARA LOS VINOS \u00abI TANT\u00bb"}]},{"@type":"WebSite","@id":"https:\/\/www.aribau.es\/#website","url":"https:\/\/www.aribau.es\/","name":"Aribau","description":"VINOS Y BODEGAS","publisher":{"@id":"https:\/\/www.aribau.es\/#organization"},"potentialAction":[{"@type":"SearchAction","target":{"@type":"EntryPoint","urlTemplate":"https:\/\/www.aribau.es\/?s={search_term_string}"},"query-input":{"@type":"PropertyValueSpecification","valueRequired":true,"valueName":"search_term_string"}}],"inLanguage":"ca"},{"@type":"Organization","@id":"https:\/\/www.aribau.es\/#organization","name":"Aribau","url":"https:\/\/www.aribau.es\/","logo":{"@type":"ImageObject","inLanguage":"ca","@id":"https:\/\/www.aribau.es\/#\/schema\/logo\/image\/","url":"https:\/\/www.aribau.es\/wp-content\/uploads\/2022\/03\/logo.png","contentUrl":"https:\/\/www.aribau.es\/wp-content\/uploads\/2022\/03\/logo.png","width":300,"height":300,"caption":"Aribau"},"image":{"@id":"https:\/\/www.aribau.es\/#\/schema\/logo\/image\/"},"sameAs":["https:\/\/www.facebook.com\/aribau1964\/","https:\/\/x.com\/aribau1964","https:\/\/www.instagram.com\/aribau1964\/"]},{"@type":"Person","@id":"https:\/\/www.aribau.es\/#\/schema\/person\/77a976898b3c705ed016499633f4ffd0","name":"aribau","image":{"@type":"ImageObject","inLanguage":"ca","@id":"https:\/\/www.aribau.es\/#\/schema\/person\/image\/","url":"https:\/\/secure.gravatar.com\/avatar\/6690491f832d5b32aa9482b978c9464816810fbff0f6658034a34c9d9657b94e?s=96&d=mm&r=g","contentUrl":"https:\/\/secure.gravatar.com\/avatar\/6690491f832d5b32aa9482b978c9464816810fbff0f6658034a34c9d9657b94e?s=96&d=mm&r=g","caption":"aribau"},"url":"https:\/\/www.aribau.es\/ca\/author\/aribau\/"}]}},"_links":{"self":[{"href":"https:\/\/www.aribau.es\/ca\/wp-json\/wp\/v2\/posts\/11954","targetHints":{"allow":["GET"]}}],"collection":[{"href":"https:\/\/www.aribau.es\/ca\/wp-json\/wp\/v2\/posts"}],"about":[{"href":"https:\/\/www.aribau.es\/ca\/wp-json\/wp\/v2\/types\/post"}],"author":[{"embeddable":true,"href":"https:\/\/www.aribau.es\/ca\/wp-json\/wp\/v2\/users\/3"}],"replies":[{"embeddable":true,"href":"https:\/\/www.aribau.es\/ca\/wp-json\/wp\/v2\/comments?post=11954"}],"version-history":[{"count":1,"href":"https:\/\/www.aribau.es\/ca\/wp-json\/wp\/v2\/posts\/11954\/revisions"}],"predecessor-version":[{"id":11956,"href":"https:\/\/www.aribau.es\/ca\/wp-json\/wp\/v2\/posts\/11954\/revisions\/11956"}],"wp:featuredmedia":[{"embeddable":true,"href":"https:\/\/www.aribau.es\/ca\/wp-json\/wp\/v2\/media\/11955"}],"wp:attachment":[{"href":"https:\/\/www.aribau.es\/ca\/wp-json\/wp\/v2\/media?parent=11954"}],"wp:term":[{"taxonomy":"category","embeddable":true,"href":"https:\/\/www.aribau.es\/ca\/wp-json\/wp\/v2\/categories?post=11954"},{"taxonomy":"post_tag","embeddable":true,"href":"https:\/\/www.aribau.es\/ca\/wp-json\/wp\/v2\/tags?post=11954"}],"curies":[{"name":"wp","href":"https:\/\/api.w.org\/{rel}","templated":true}]}}