{"id":12112,"date":"2021-11-13T15:12:17","date_gmt":"2021-11-13T14:12:17","guid":{"rendered":"https:\/\/www.aribau.es\/?p=12112"},"modified":"2021-11-13T15:14:09","modified_gmt":"2021-11-13T14:14:09","slug":"bodegas-balbas-tradicion-e-historia-desde-el-siglo-xviii","status":"publish","type":"post","link":"https:\/\/www.aribau.es\/ca\/bodegas-balbas-tradicion-e-historia-desde-el-siglo-xviii\/","title":{"rendered":"Bodega Balb\u00e1s, tradici\u00f3 i hist\u00f2ria des del segle XVIII"},"content":{"rendered":"<p>La hist\u00f2ria de Bodegas Balb\u00e1s, emparada a la DO Ribera del Duero, es remunta a m\u00e9s de dos-cents anys al municipi de La Horra. Va ser el 1777 quan Abundio Balb\u00e1s va comen\u00e7ar a elaborar vins negres procedents de ra\u00efms de cultiu propi per a consum local. <strong>Despr\u00e9s, sis generacions fins arribar al segle XXI<\/strong> amb Juan Jos\u00e9 Balb\u00e1s, director general actualment.<\/p>\n<p>La filosofia del celler \u00e9s senzilla: <strong>segueixen els m\u00e8todes de treball dels seus avantpassats adaptant-los als m\u00e8todes actuals<\/strong>. Utilitzen t\u00e8cniques de fa m\u00e9s de 200 anys juntament amb elements innovadors. A m\u00e9s, treballen amb el repte diari de desenvolupar noves t\u00e8cniques per mantenir la qualitat de totes les etiquetes.<\/p>\n<p>Els seus vins estan <strong>elaborats principalment amb Ull de llebre<\/strong>, varietat caracter\u00edstica de Ribera del Duero. Tot i aix\u00ed, tamb\u00e9 compten amb altres varietats com Merlot o Cabernet Sauvignon. Els ra\u00efms s\u00f3n recol\u00b7lectats amb la m\u00e0xima cura per mantenir les seves propietats, frescor i qualitat.<\/p>\n<p>Utilitzen b\u00f3tes de fusta de roure franc\u00e8s i americ\u00e0 seleccionades abans de la seva fabricaci\u00f3 per controlar l'assecat i torrat. A m\u00e9s, tenen un ambient estable a l'interior de les sales de b\u00f3tes. De fet, <strong>mantenen un estricte control diari<\/strong> de temperatura, llum i humitat.<\/p>\n<p><strong>A Bodegas Balb\u00e1s cuiden tots els detalls del proc\u00e9s <\/strong>fins a l'acabat i poliment final en ampolla. El rep\u00f2s en unes condicions \u00f2ptimes \u00e9s vital perqu\u00e8 a taula arribi un vi de la m\u00e0xima qualitat.<\/p>\n<p>El seu objectiu \u00e9s <strong>superar-se dia rere dia per diferenciar-se de la resta de cellers<\/strong> i oferir la m\u00e0xima qualitat a tots els seus vins. A Bodegas Balb\u00e1s persegueixen que el consumidor final gaudeixi sempre d'un producte excel\u00b7lent.<\/p>","protected":false},"excerpt":{"rendered":"<p>La historia de Bodegas Balb\u00e1s, amparada en la DO Ribera del Duero, se remonta a m\u00e1s de doscientos a\u00f1os en el municipio de La Horra. Fue en 1777 cuando Abundio Balb\u00e1s empez\u00f3 a elaborar vinos tintos procedentes de uvas de cultivo propio para consumo local. Tras \u00e9l, seis generaciones hasta llegar al siglo XXI con &#8230; <a title=\"Bodega Balb\u00e1s, tradici\u00f3 i hist\u00f2ria des del segle XVIII\" class=\"read-more\" href=\"https:\/\/www.aribau.es\/ca\/bodegas-balbas-tradicion-e-historia-desde-el-siglo-xviii\/\" aria-label=\"M\u00e9s informaci\u00f3 sobre Bodegas Balb\u00e1s, tradici\u00f3n e historia desde el siglo XVIII\">Llegiu m\u00e9s<\/a><\/p>","protected":false},"author":3,"featured_media":12114,"comment_status":"closed","ping_status":"closed","sticky":false,"template":"","format":"standard","meta":{"footnotes":""},"categories":[406],"tags":[364,633,324,463,368],"class_list":["post-12112","post","type-post","status-publish","format-standard","has-post-thumbnail","hentry","category-noticias","tag-bodega","tag-bodegas-balbas","tag-do-ribera-del-duero","tag-enoturismo","tag-vino"],"yoast_head":"<!-- This site is optimized with the Yoast SEO plugin v26.7 - https:\/\/yoast.com\/wordpress\/plugins\/seo\/ -->\n<title>Bodegas Balb\u00e1s, tradici\u00f3n e historia desde el siglo XVIII - Aribau<\/title>\n<meta name=\"robots\" content=\"index, follow, max-snippet:-1, max-image-preview:large, max-video-preview:-1\" \/>\n<link rel=\"canonical\" href=\"https:\/\/www.aribau.es\/ca\/bodegas-balbas-tradicion-e-historia-desde-el-siglo-xviii\/\" \/>\n<meta property=\"og:locale\" content=\"ca_ES\" \/>\n<meta property=\"og:type\" content=\"article\" \/>\n<meta property=\"og:title\" content=\"Bodegas Balb\u00e1s, tradici\u00f3n e historia desde el siglo XVIII - Aribau\" \/>\n<meta property=\"og:description\" content=\"La historia de Bodegas Balb\u00e1s, amparada en la DO Ribera del Duero, se remonta a m\u00e1s de doscientos a\u00f1os en el municipio de La Horra. Fue en 1777 cuando Abundio Balb\u00e1s empez\u00f3 a elaborar vinos tintos procedentes de uvas de cultivo propio para consumo local. Tras \u00e9l, seis generaciones hasta llegar al siglo XXI con ... Llegiu m\u00e9s\" \/>\n<meta property=\"og:url\" content=\"https:\/\/www.aribau.es\/ca\/bodegas-balbas-tradicion-e-historia-desde-el-siglo-xviii\/\" \/>\n<meta property=\"og:site_name\" content=\"Aribau\" \/>\n<meta property=\"article:publisher\" content=\"https:\/\/www.facebook.com\/aribau1964\/\" \/>\n<meta property=\"article:published_time\" content=\"2021-11-13T14:12:17+00:00\" \/>\n<meta property=\"article:modified_time\" content=\"2021-11-13T14:14:09+00:00\" \/>\n<meta property=\"og:image\" content=\"https:\/\/www.aribau.es\/wp-content\/uploads\/2021\/11\/Bodegas-balbas-1.png\" \/>\n\t<meta property=\"og:image:width\" content=\"1080\" \/>\n\t<meta property=\"og:image:height\" content=\"1080\" \/>\n\t<meta property=\"og:image:type\" content=\"image\/png\" \/>\n<meta name=\"author\" content=\"aribau\" \/>\n<meta name=\"twitter:card\" content=\"summary_large_image\" \/>\n<meta name=\"twitter:creator\" content=\"@aribau1964\" \/>\n<meta name=\"twitter:site\" content=\"@aribau1964\" \/>\n<meta name=\"twitter:label1\" content=\"Escrit per\" \/>\n\t<meta name=\"twitter:data1\" content=\"aribau\" \/>\n\t<meta name=\"twitter:label2\" content=\"Temps estimat de lectura\" \/>\n\t<meta name=\"twitter:data2\" content=\"1 minut\" \/>\n<script type=\"application\/ld+json\" class=\"yoast-schema-graph\">{\"@context\":\"https:\/\/schema.org\",\"@graph\":[{\"@type\":\"Article\",\"@id\":\"https:\/\/www.aribau.es\/bodegas-balbas-tradicion-e-historia-desde-el-siglo-xviii\/#article\",\"isPartOf\":{\"@id\":\"https:\/\/www.aribau.es\/bodegas-balbas-tradicion-e-historia-desde-el-siglo-xviii\/\"},\"author\":{\"name\":\"aribau\",\"@id\":\"https:\/\/www.aribau.es\/#\/schema\/person\/77a976898b3c705ed016499633f4ffd0\"},\"headline\":\"Bodegas Balb\u00e1s, tradici\u00f3n e historia desde el siglo XVIII\",\"datePublished\":\"2021-11-13T14:12:17+00:00\",\"dateModified\":\"2021-11-13T14:14:09+00:00\",\"mainEntityOfPage\":{\"@id\":\"https:\/\/www.aribau.es\/bodegas-balbas-tradicion-e-historia-desde-el-siglo-xviii\/\"},\"wordCount\":308,\"publisher\":{\"@id\":\"https:\/\/www.aribau.es\/#organization\"},\"image\":{\"@id\":\"https:\/\/www.aribau.es\/bodegas-balbas-tradicion-e-historia-desde-el-siglo-xviii\/#primaryimage\"},\"thumbnailUrl\":\"https:\/\/www.aribau.es\/wp-content\/uploads\/2021\/11\/Bodegas-balbas-1.png\",\"keywords\":[\"bodega\",\"bodegas balbas\",\"DO Ribera del Duero\",\"enoturismo\",\"vino\"],\"articleSection\":[\"Noticias\"],\"inLanguage\":\"ca\"},{\"@type\":\"WebPage\",\"@id\":\"https:\/\/www.aribau.es\/bodegas-balbas-tradicion-e-historia-desde-el-siglo-xviii\/\",\"url\":\"https:\/\/www.aribau.es\/bodegas-balbas-tradicion-e-historia-desde-el-siglo-xviii\/\",\"name\":\"Bodegas Balb\u00e1s, tradici\u00f3n e historia desde el siglo XVIII - Aribau\",\"isPartOf\":{\"@id\":\"https:\/\/www.aribau.es\/#website\"},\"primaryImageOfPage\":{\"@id\":\"https:\/\/www.aribau.es\/bodegas-balbas-tradicion-e-historia-desde-el-siglo-xviii\/#primaryimage\"},\"image\":{\"@id\":\"https:\/\/www.aribau.es\/bodegas-balbas-tradicion-e-historia-desde-el-siglo-xviii\/#primaryimage\"},\"thumbnailUrl\":\"https:\/\/www.aribau.es\/wp-content\/uploads\/2021\/11\/Bodegas-balbas-1.png\",\"datePublished\":\"2021-11-13T14:12:17+00:00\",\"dateModified\":\"2021-11-13T14:14:09+00:00\",\"breadcrumb\":{\"@id\":\"https:\/\/www.aribau.es\/bodegas-balbas-tradicion-e-historia-desde-el-siglo-xviii\/#breadcrumb\"},\"inLanguage\":\"ca\",\"potentialAction\":[{\"@type\":\"ReadAction\",\"target\":[\"https:\/\/www.aribau.es\/bodegas-balbas-tradicion-e-historia-desde-el-siglo-xviii\/\"]}]},{\"@type\":\"ImageObject\",\"inLanguage\":\"ca\",\"@id\":\"https:\/\/www.aribau.es\/bodegas-balbas-tradicion-e-historia-desde-el-siglo-xviii\/#primaryimage\",\"url\":\"https:\/\/www.aribau.es\/wp-content\/uploads\/2021\/11\/Bodegas-balbas-1.png\",\"contentUrl\":\"https:\/\/www.aribau.es\/wp-content\/uploads\/2021\/11\/Bodegas-balbas-1.png\",\"width\":1080,\"height\":1080},{\"@type\":\"BreadcrumbList\",\"@id\":\"https:\/\/www.aribau.es\/bodegas-balbas-tradicion-e-historia-desde-el-siglo-xviii\/#breadcrumb\",\"itemListElement\":[{\"@type\":\"ListItem\",\"position\":1,\"name\":\"Portada\",\"item\":\"https:\/\/www.aribau.es\/\"},{\"@type\":\"ListItem\",\"position\":2,\"name\":\"Bodegas Balb\u00e1s, tradici\u00f3n e historia desde el siglo XVIII\"}]},{\"@type\":\"WebSite\",\"@id\":\"https:\/\/www.aribau.es\/#website\",\"url\":\"https:\/\/www.aribau.es\/\",\"name\":\"Aribau\",\"description\":\"VINOS Y BODEGAS\",\"publisher\":{\"@id\":\"https:\/\/www.aribau.es\/#organization\"},\"potentialAction\":[{\"@type\":\"SearchAction\",\"target\":{\"@type\":\"EntryPoint\",\"urlTemplate\":\"https:\/\/www.aribau.es\/?s={search_term_string}\"},\"query-input\":{\"@type\":\"PropertyValueSpecification\",\"valueRequired\":true,\"valueName\":\"search_term_string\"}}],\"inLanguage\":\"ca\"},{\"@type\":\"Organization\",\"@id\":\"https:\/\/www.aribau.es\/#organization\",\"name\":\"Aribau\",\"url\":\"https:\/\/www.aribau.es\/\",\"logo\":{\"@type\":\"ImageObject\",\"inLanguage\":\"ca\",\"@id\":\"https:\/\/www.aribau.es\/#\/schema\/logo\/image\/\",\"url\":\"https:\/\/www.aribau.es\/wp-content\/uploads\/2022\/03\/logo.png\",\"contentUrl\":\"https:\/\/www.aribau.es\/wp-content\/uploads\/2022\/03\/logo.png\",\"width\":300,\"height\":300,\"caption\":\"Aribau\"},\"image\":{\"@id\":\"https:\/\/www.aribau.es\/#\/schema\/logo\/image\/\"},\"sameAs\":[\"https:\/\/www.facebook.com\/aribau1964\/\",\"https:\/\/x.com\/aribau1964\",\"https:\/\/www.instagram.com\/aribau1964\/\"]},{\"@type\":\"Person\",\"@id\":\"https:\/\/www.aribau.es\/#\/schema\/person\/77a976898b3c705ed016499633f4ffd0\",\"name\":\"aribau\",\"image\":{\"@type\":\"ImageObject\",\"inLanguage\":\"ca\",\"@id\":\"https:\/\/www.aribau.es\/#\/schema\/person\/image\/\",\"url\":\"https:\/\/secure.gravatar.com\/avatar\/6690491f832d5b32aa9482b978c9464816810fbff0f6658034a34c9d9657b94e?s=96&d=mm&r=g\",\"contentUrl\":\"https:\/\/secure.gravatar.com\/avatar\/6690491f832d5b32aa9482b978c9464816810fbff0f6658034a34c9d9657b94e?s=96&d=mm&r=g\",\"caption\":\"aribau\"},\"url\":\"https:\/\/www.aribau.es\/ca\/author\/aribau\/\"}]}<\/script>\n<!-- \/ Yoast SEO plugin. -->","yoast_head_json":{"title":"Bodegas Balb\u00e1s, tradici\u00f3n e historia desde el siglo XVIII - Aribau","robots":{"index":"index","follow":"follow","max-snippet":"max-snippet:-1","max-image-preview":"max-image-preview:large","max-video-preview":"max-video-preview:-1"},"canonical":"https:\/\/www.aribau.es\/ca\/bodegas-balbas-tradicion-e-historia-desde-el-siglo-xviii\/","og_locale":"ca_ES","og_type":"article","og_title":"Bodegas Balb\u00e1s, tradici\u00f3n e historia desde el siglo XVIII - Aribau","og_description":"La historia de Bodegas Balb\u00e1s, amparada en la DO Ribera del Duero, se remonta a m\u00e1s de doscientos a\u00f1os en el municipio de La Horra. Fue en 1777 cuando Abundio Balb\u00e1s empez\u00f3 a elaborar vinos tintos procedentes de uvas de cultivo propio para consumo local. Tras \u00e9l, seis generaciones hasta llegar al siglo XXI con ... Llegiu m\u00e9s","og_url":"https:\/\/www.aribau.es\/ca\/bodegas-balbas-tradicion-e-historia-desde-el-siglo-xviii\/","og_site_name":"Aribau","article_publisher":"https:\/\/www.facebook.com\/aribau1964\/","article_published_time":"2021-11-13T14:12:17+00:00","article_modified_time":"2021-11-13T14:14:09+00:00","og_image":[{"width":1080,"height":1080,"url":"https:\/\/www.aribau.es\/wp-content\/uploads\/2021\/11\/Bodegas-balbas-1.png","type":"image\/png"}],"author":"aribau","twitter_card":"summary_large_image","twitter_creator":"@aribau1964","twitter_site":"@aribau1964","twitter_misc":{"Escrit per":"aribau","Temps estimat de lectura":"1 minut"},"schema":{"@context":"https:\/\/schema.org","@graph":[{"@type":"Article","@id":"https:\/\/www.aribau.es\/bodegas-balbas-tradicion-e-historia-desde-el-siglo-xviii\/#article","isPartOf":{"@id":"https:\/\/www.aribau.es\/bodegas-balbas-tradicion-e-historia-desde-el-siglo-xviii\/"},"author":{"name":"aribau","@id":"https:\/\/www.aribau.es\/#\/schema\/person\/77a976898b3c705ed016499633f4ffd0"},"headline":"Bodegas Balb\u00e1s, tradici\u00f3n e historia desde el siglo XVIII","datePublished":"2021-11-13T14:12:17+00:00","dateModified":"2021-11-13T14:14:09+00:00","mainEntityOfPage":{"@id":"https:\/\/www.aribau.es\/bodegas-balbas-tradicion-e-historia-desde-el-siglo-xviii\/"},"wordCount":308,"publisher":{"@id":"https:\/\/www.aribau.es\/#organization"},"image":{"@id":"https:\/\/www.aribau.es\/bodegas-balbas-tradicion-e-historia-desde-el-siglo-xviii\/#primaryimage"},"thumbnailUrl":"https:\/\/www.aribau.es\/wp-content\/uploads\/2021\/11\/Bodegas-balbas-1.png","keywords":["bodega","bodegas balbas","DO Ribera del Duero","enoturismo","vino"],"articleSection":["Noticias"],"inLanguage":"ca"},{"@type":"WebPage","@id":"https:\/\/www.aribau.es\/bodegas-balbas-tradicion-e-historia-desde-el-siglo-xviii\/","url":"https:\/\/www.aribau.es\/bodegas-balbas-tradicion-e-historia-desde-el-siglo-xviii\/","name":"Bodegas Balb\u00e1s, tradici\u00f3n e historia desde el siglo XVIII - Aribau","isPartOf":{"@id":"https:\/\/www.aribau.es\/#website"},"primaryImageOfPage":{"@id":"https:\/\/www.aribau.es\/bodegas-balbas-tradicion-e-historia-desde-el-siglo-xviii\/#primaryimage"},"image":{"@id":"https:\/\/www.aribau.es\/bodegas-balbas-tradicion-e-historia-desde-el-siglo-xviii\/#primaryimage"},"thumbnailUrl":"https:\/\/www.aribau.es\/wp-content\/uploads\/2021\/11\/Bodegas-balbas-1.png","datePublished":"2021-11-13T14:12:17+00:00","dateModified":"2021-11-13T14:14:09+00:00","breadcrumb":{"@id":"https:\/\/www.aribau.es\/bodegas-balbas-tradicion-e-historia-desde-el-siglo-xviii\/#breadcrumb"},"inLanguage":"ca","potentialAction":[{"@type":"ReadAction","target":["https:\/\/www.aribau.es\/bodegas-balbas-tradicion-e-historia-desde-el-siglo-xviii\/"]}]},{"@type":"ImageObject","inLanguage":"ca","@id":"https:\/\/www.aribau.es\/bodegas-balbas-tradicion-e-historia-desde-el-siglo-xviii\/#primaryimage","url":"https:\/\/www.aribau.es\/wp-content\/uploads\/2021\/11\/Bodegas-balbas-1.png","contentUrl":"https:\/\/www.aribau.es\/wp-content\/uploads\/2021\/11\/Bodegas-balbas-1.png","width":1080,"height":1080},{"@type":"BreadcrumbList","@id":"https:\/\/www.aribau.es\/bodegas-balbas-tradicion-e-historia-desde-el-siglo-xviii\/#breadcrumb","itemListElement":[{"@type":"ListItem","position":1,"name":"Portada","item":"https:\/\/www.aribau.es\/"},{"@type":"ListItem","position":2,"name":"Bodegas Balb\u00e1s, tradici\u00f3n e historia desde el siglo XVIII"}]},{"@type":"WebSite","@id":"https:\/\/www.aribau.es\/#website","url":"https:\/\/www.aribau.es\/","name":"Aribau","description":"VINOS Y BODEGAS","publisher":{"@id":"https:\/\/www.aribau.es\/#organization"},"potentialAction":[{"@type":"SearchAction","target":{"@type":"EntryPoint","urlTemplate":"https:\/\/www.aribau.es\/?s={search_term_string}"},"query-input":{"@type":"PropertyValueSpecification","valueRequired":true,"valueName":"search_term_string"}}],"inLanguage":"ca"},{"@type":"Organization","@id":"https:\/\/www.aribau.es\/#organization","name":"Aribau","url":"https:\/\/www.aribau.es\/","logo":{"@type":"ImageObject","inLanguage":"ca","@id":"https:\/\/www.aribau.es\/#\/schema\/logo\/image\/","url":"https:\/\/www.aribau.es\/wp-content\/uploads\/2022\/03\/logo.png","contentUrl":"https:\/\/www.aribau.es\/wp-content\/uploads\/2022\/03\/logo.png","width":300,"height":300,"caption":"Aribau"},"image":{"@id":"https:\/\/www.aribau.es\/#\/schema\/logo\/image\/"},"sameAs":["https:\/\/www.facebook.com\/aribau1964\/","https:\/\/x.com\/aribau1964","https:\/\/www.instagram.com\/aribau1964\/"]},{"@type":"Person","@id":"https:\/\/www.aribau.es\/#\/schema\/person\/77a976898b3c705ed016499633f4ffd0","name":"aribau","image":{"@type":"ImageObject","inLanguage":"ca","@id":"https:\/\/www.aribau.es\/#\/schema\/person\/image\/","url":"https:\/\/secure.gravatar.com\/avatar\/6690491f832d5b32aa9482b978c9464816810fbff0f6658034a34c9d9657b94e?s=96&d=mm&r=g","contentUrl":"https:\/\/secure.gravatar.com\/avatar\/6690491f832d5b32aa9482b978c9464816810fbff0f6658034a34c9d9657b94e?s=96&d=mm&r=g","caption":"aribau"},"url":"https:\/\/www.aribau.es\/ca\/author\/aribau\/"}]}},"_links":{"self":[{"href":"https:\/\/www.aribau.es\/ca\/wp-json\/wp\/v2\/posts\/12112","targetHints":{"allow":["GET"]}}],"collection":[{"href":"https:\/\/www.aribau.es\/ca\/wp-json\/wp\/v2\/posts"}],"about":[{"href":"https:\/\/www.aribau.es\/ca\/wp-json\/wp\/v2\/types\/post"}],"author":[{"embeddable":true,"href":"https:\/\/www.aribau.es\/ca\/wp-json\/wp\/v2\/users\/3"}],"replies":[{"embeddable":true,"href":"https:\/\/www.aribau.es\/ca\/wp-json\/wp\/v2\/comments?post=12112"}],"version-history":[{"count":1,"href":"https:\/\/www.aribau.es\/ca\/wp-json\/wp\/v2\/posts\/12112\/revisions"}],"predecessor-version":[{"id":12113,"href":"https:\/\/www.aribau.es\/ca\/wp-json\/wp\/v2\/posts\/12112\/revisions\/12113"}],"wp:featuredmedia":[{"embeddable":true,"href":"https:\/\/www.aribau.es\/ca\/wp-json\/wp\/v2\/media\/12114"}],"wp:attachment":[{"href":"https:\/\/www.aribau.es\/ca\/wp-json\/wp\/v2\/media?parent=12112"}],"wp:term":[{"taxonomy":"category","embeddable":true,"href":"https:\/\/www.aribau.es\/ca\/wp-json\/wp\/v2\/categories?post=12112"},{"taxonomy":"post_tag","embeddable":true,"href":"https:\/\/www.aribau.es\/ca\/wp-json\/wp\/v2\/tags?post=12112"}],"curies":[{"name":"wp","href":"https:\/\/api.w.org\/{rel}","templated":true}]}}