{"id":12159,"date":"2021-12-01T17:16:53","date_gmt":"2021-12-01T16:16:53","guid":{"rendered":"https:\/\/www.aribau.es\/?p=12159"},"modified":"2021-12-01T17:16:53","modified_gmt":"2021-12-01T16:16:53","slug":"clamor-blanco-de-raimat","status":"publish","type":"post","link":"https:\/\/www.aribau.es\/ca\/clamor-blanco-de-raimat\/","title":{"rendered":"\u2018CLAMOR BLANC\u2019 DE RAIMAT"},"content":{"rendered":"<p>La hist\u00f2ria de Raimat \u00e9s un exemple evident que amb esfor\u00e7 i passi\u00f3 a vegades els somnis es compleixen. Avui, Raimat \u00e9s un dels principals referents en viticultura sostenible i ecol\u00f2gica, el resultat del qual \u00e9s una \u00e0mplia gamma de vins i caves de la m\u00e9s alta qualitat.<\/p>\n<p>Els m\u00e9s de 100 anys d'hist\u00f2ria del celler v\u00e9nen marcats pel car\u00e0cter visionari dels fundadors. A cadascuna de les passes de la marca hi ha present el seu esperit innovador: des de la transformaci\u00f3 de tot un desert en un mar de vinyes fins a la creaci\u00f3 d'un nou sistema per triar el vi.<\/p>\n<p>A Raimat es poden descobrir els secrets que amaga el seu castell, viure el modernisme del celler o simplement passejar per les seves vinyes i gaudir de la pau que ens ofereix la natura.<\/p>\n<p>Les caracter\u00edstiques geol\u00f2giques i clim\u00e0tiques irrepetibles de la finca van portar Raimat, el 1986, a convertir-se en el principal impulsor de la DO Costers del Segre. El celler constitueix per si sol una subzona espec\u00edfica dins de la denominaci\u00f3. La DO Costers del Segre, juntament amb la DO Cava i la DO Catalunya, certifiquen la qualitat i l'excel\u00b7l\u00e8ncia de les refer\u00e8ncies de Raimat.<\/p>\n<p>Si entrem a analitzar Clamor Blanc ens trobem amb un vi d'aspecte groc brillant, amb reflexos verdosos. Al nas es distingeixen fruites c\u00edtriques com llima i nectarina, a m\u00e9s del toc tropical que li aporten fruites com aranja i mango. \u00c9s un vi que t\u00e9 una frescor i una dol\u00e7or equilibrada. D'entrada agradable, amb notes c\u00edtriques i final persistent.<\/p>\n<p>Si analitzem detalladament el maridatge, aquest vi blanc \u00e9s l'acompanyant idoni de plats amb pollastre o carn blanca, encara que tamb\u00e9 combina perfectament en amanides fresques, peixos, arrossos i pastes.<\/p>\n<p>El seu nom, Clamor, fa refer\u00e8ncia a la part baixa de la muntanya on creixen les vinyes que produeixen aquest vi. Del ra\u00efm se n'elaboren rosats, negres i blancs. \u00c9s, sens dubte, un indret privilegiat de la finca de Raimat que d\u00f3na origen des de fa anys a uns dels vins m\u00e9s coneguts del celler.<\/p>","protected":false},"excerpt":{"rendered":"<p>La historia de Raimat es un ejemplo evidente de que con esfuerzo y pasi\u00f3n a veces los sue\u00f1os se cumplen. Hoy, Raimat es uno de los principales referentes en viticultura sostenible y ecol\u00f3gica, y cuyo resultado es una amplia gama de vinos y cavas de la m\u00e1s alta calidad. Los m\u00e1s de 100 a\u00f1os de &#8230; <a title=\"\u2018CLAMOR BLANC\u2019 DE RAIMAT\" class=\"read-more\" href=\"https:\/\/www.aribau.es\/ca\/clamor-blanco-de-raimat\/\" aria-label=\"M\u00e9s informaci\u00f3 sobre \u2018CLAMOR BLANCO\u2019 DE RAIMAT\">Llegiu m\u00e9s<\/a><\/p>","protected":false},"author":3,"featured_media":12160,"comment_status":"closed","ping_status":"closed","sticky":false,"template":"","format":"standard","meta":{"footnotes":""},"categories":[406],"tags":[305,384,635,312,343,634,412],"class_list":["post-12159","post","type-post","status-publish","format-standard","has-post-thumbnail","hentry","category-noticias","tag-aribau","tag-bodegas-raimat","tag-clamor","tag-do-costers-del-segre","tag-vi-catala","tag-vi-catala-amb-do","tag-vino-blanco"],"yoast_head":"<!-- This site is optimized with the Yoast SEO plugin v26.7 - https:\/\/yoast.com\/wordpress\/plugins\/seo\/ -->\n<title>\u2018CLAMOR BLANCO\u2019 DE RAIMAT - Aribau<\/title>\n<meta name=\"robots\" content=\"index, follow, max-snippet:-1, max-image-preview:large, max-video-preview:-1\" \/>\n<link rel=\"canonical\" href=\"https:\/\/www.aribau.es\/ca\/clamor-blanco-de-raimat\/\" \/>\n<meta property=\"og:locale\" content=\"ca_ES\" \/>\n<meta property=\"og:type\" content=\"article\" \/>\n<meta property=\"og:title\" content=\"\u2018CLAMOR BLANCO\u2019 DE RAIMAT - Aribau\" \/>\n<meta property=\"og:description\" content=\"La historia de Raimat es un ejemplo evidente de que con esfuerzo y pasi\u00f3n a veces los sue\u00f1os se cumplen. Hoy, Raimat es uno de los principales referentes en viticultura sostenible y ecol\u00f3gica, y cuyo resultado es una amplia gama de vinos y cavas de la m\u00e1s alta calidad. Los m\u00e1s de 100 a\u00f1os de ... Llegiu m\u00e9s\" \/>\n<meta property=\"og:url\" content=\"https:\/\/www.aribau.es\/ca\/clamor-blanco-de-raimat\/\" \/>\n<meta property=\"og:site_name\" content=\"Aribau\" \/>\n<meta property=\"article:publisher\" content=\"https:\/\/www.facebook.com\/aribau1964\/\" \/>\n<meta property=\"article:published_time\" content=\"2021-12-01T16:16:53+00:00\" \/>\n<meta property=\"og:image\" content=\"https:\/\/www.aribau.es\/wp-content\/uploads\/2021\/12\/CLAMOR-BLANCO.png\" \/>\n\t<meta property=\"og:image:width\" content=\"900\" \/>\n\t<meta property=\"og:image:height\" content=\"411\" \/>\n\t<meta property=\"og:image:type\" content=\"image\/png\" \/>\n<meta name=\"author\" content=\"aribau\" \/>\n<meta name=\"twitter:card\" content=\"summary_large_image\" \/>\n<meta name=\"twitter:creator\" content=\"@aribau1964\" \/>\n<meta name=\"twitter:site\" content=\"@aribau1964\" \/>\n<meta name=\"twitter:label1\" content=\"Escrit per\" \/>\n\t<meta name=\"twitter:data1\" content=\"aribau\" \/>\n\t<meta name=\"twitter:label2\" content=\"Temps estimat de lectura\" \/>\n\t<meta name=\"twitter:data2\" content=\"2 minuts\" \/>\n<script type=\"application\/ld+json\" class=\"yoast-schema-graph\">{\"@context\":\"https:\/\/schema.org\",\"@graph\":[{\"@type\":\"Article\",\"@id\":\"https:\/\/www.aribau.es\/clamor-blanco-de-raimat\/#article\",\"isPartOf\":{\"@id\":\"https:\/\/www.aribau.es\/clamor-blanco-de-raimat\/\"},\"author\":{\"name\":\"aribau\",\"@id\":\"https:\/\/www.aribau.es\/#\/schema\/person\/77a976898b3c705ed016499633f4ffd0\"},\"headline\":\"\u2018CLAMOR BLANCO\u2019 DE RAIMAT\",\"datePublished\":\"2021-12-01T16:16:53+00:00\",\"mainEntityOfPage\":{\"@id\":\"https:\/\/www.aribau.es\/clamor-blanco-de-raimat\/\"},\"wordCount\":378,\"publisher\":{\"@id\":\"https:\/\/www.aribau.es\/#organization\"},\"image\":{\"@id\":\"https:\/\/www.aribau.es\/clamor-blanco-de-raimat\/#primaryimage\"},\"thumbnailUrl\":\"https:\/\/www.aribau.es\/wp-content\/uploads\/2021\/12\/CLAMOR-BLANCO.png\",\"keywords\":[\"Aribau\",\"Bodegas Raimat\",\"clamor\",\"DO Costers del Segre\",\"Vi Catal\u00e0\",\"vi catal\u00e0 amb do\",\"Vino blanco\"],\"articleSection\":[\"Noticias\"],\"inLanguage\":\"ca\"},{\"@type\":\"WebPage\",\"@id\":\"https:\/\/www.aribau.es\/clamor-blanco-de-raimat\/\",\"url\":\"https:\/\/www.aribau.es\/clamor-blanco-de-raimat\/\",\"name\":\"\u2018CLAMOR BLANCO\u2019 DE RAIMAT - Aribau\",\"isPartOf\":{\"@id\":\"https:\/\/www.aribau.es\/#website\"},\"primaryImageOfPage\":{\"@id\":\"https:\/\/www.aribau.es\/clamor-blanco-de-raimat\/#primaryimage\"},\"image\":{\"@id\":\"https:\/\/www.aribau.es\/clamor-blanco-de-raimat\/#primaryimage\"},\"thumbnailUrl\":\"https:\/\/www.aribau.es\/wp-content\/uploads\/2021\/12\/CLAMOR-BLANCO.png\",\"datePublished\":\"2021-12-01T16:16:53+00:00\",\"breadcrumb\":{\"@id\":\"https:\/\/www.aribau.es\/clamor-blanco-de-raimat\/#breadcrumb\"},\"inLanguage\":\"ca\",\"potentialAction\":[{\"@type\":\"ReadAction\",\"target\":[\"https:\/\/www.aribau.es\/clamor-blanco-de-raimat\/\"]}]},{\"@type\":\"ImageObject\",\"inLanguage\":\"ca\",\"@id\":\"https:\/\/www.aribau.es\/clamor-blanco-de-raimat\/#primaryimage\",\"url\":\"https:\/\/www.aribau.es\/wp-content\/uploads\/2021\/12\/CLAMOR-BLANCO.png\",\"contentUrl\":\"https:\/\/www.aribau.es\/wp-content\/uploads\/2021\/12\/CLAMOR-BLANCO.png\",\"width\":900,\"height\":411},{\"@type\":\"BreadcrumbList\",\"@id\":\"https:\/\/www.aribau.es\/clamor-blanco-de-raimat\/#breadcrumb\",\"itemListElement\":[{\"@type\":\"ListItem\",\"position\":1,\"name\":\"Portada\",\"item\":\"https:\/\/www.aribau.es\/\"},{\"@type\":\"ListItem\",\"position\":2,\"name\":\"\u2018CLAMOR BLANCO\u2019 DE RAIMAT\"}]},{\"@type\":\"WebSite\",\"@id\":\"https:\/\/www.aribau.es\/#website\",\"url\":\"https:\/\/www.aribau.es\/\",\"name\":\"Aribau\",\"description\":\"VINOS Y BODEGAS\",\"publisher\":{\"@id\":\"https:\/\/www.aribau.es\/#organization\"},\"potentialAction\":[{\"@type\":\"SearchAction\",\"target\":{\"@type\":\"EntryPoint\",\"urlTemplate\":\"https:\/\/www.aribau.es\/?s={search_term_string}\"},\"query-input\":{\"@type\":\"PropertyValueSpecification\",\"valueRequired\":true,\"valueName\":\"search_term_string\"}}],\"inLanguage\":\"ca\"},{\"@type\":\"Organization\",\"@id\":\"https:\/\/www.aribau.es\/#organization\",\"name\":\"Aribau\",\"url\":\"https:\/\/www.aribau.es\/\",\"logo\":{\"@type\":\"ImageObject\",\"inLanguage\":\"ca\",\"@id\":\"https:\/\/www.aribau.es\/#\/schema\/logo\/image\/\",\"url\":\"https:\/\/www.aribau.es\/wp-content\/uploads\/2022\/03\/logo.png\",\"contentUrl\":\"https:\/\/www.aribau.es\/wp-content\/uploads\/2022\/03\/logo.png\",\"width\":300,\"height\":300,\"caption\":\"Aribau\"},\"image\":{\"@id\":\"https:\/\/www.aribau.es\/#\/schema\/logo\/image\/\"},\"sameAs\":[\"https:\/\/www.facebook.com\/aribau1964\/\",\"https:\/\/x.com\/aribau1964\",\"https:\/\/www.instagram.com\/aribau1964\/\"]},{\"@type\":\"Person\",\"@id\":\"https:\/\/www.aribau.es\/#\/schema\/person\/77a976898b3c705ed016499633f4ffd0\",\"name\":\"aribau\",\"image\":{\"@type\":\"ImageObject\",\"inLanguage\":\"ca\",\"@id\":\"https:\/\/www.aribau.es\/#\/schema\/person\/image\/\",\"url\":\"https:\/\/secure.gravatar.com\/avatar\/6690491f832d5b32aa9482b978c9464816810fbff0f6658034a34c9d9657b94e?s=96&d=mm&r=g\",\"contentUrl\":\"https:\/\/secure.gravatar.com\/avatar\/6690491f832d5b32aa9482b978c9464816810fbff0f6658034a34c9d9657b94e?s=96&d=mm&r=g\",\"caption\":\"aribau\"},\"url\":\"https:\/\/www.aribau.es\/ca\/author\/aribau\/\"}]}<\/script>\n<!-- \/ Yoast SEO plugin. -->","yoast_head_json":{"title":"\u2018CLAMOR BLANCO\u2019 DE RAIMAT - Aribau","robots":{"index":"index","follow":"follow","max-snippet":"max-snippet:-1","max-image-preview":"max-image-preview:large","max-video-preview":"max-video-preview:-1"},"canonical":"https:\/\/www.aribau.es\/ca\/clamor-blanco-de-raimat\/","og_locale":"ca_ES","og_type":"article","og_title":"\u2018CLAMOR BLANCO\u2019 DE RAIMAT - Aribau","og_description":"La historia de Raimat es un ejemplo evidente de que con esfuerzo y pasi\u00f3n a veces los sue\u00f1os se cumplen. Hoy, Raimat es uno de los principales referentes en viticultura sostenible y ecol\u00f3gica, y cuyo resultado es una amplia gama de vinos y cavas de la m\u00e1s alta calidad. Los m\u00e1s de 100 a\u00f1os de ... Llegiu m\u00e9s","og_url":"https:\/\/www.aribau.es\/ca\/clamor-blanco-de-raimat\/","og_site_name":"Aribau","article_publisher":"https:\/\/www.facebook.com\/aribau1964\/","article_published_time":"2021-12-01T16:16:53+00:00","og_image":[{"width":900,"height":411,"url":"https:\/\/www.aribau.es\/wp-content\/uploads\/2021\/12\/CLAMOR-BLANCO.png","type":"image\/png"}],"author":"aribau","twitter_card":"summary_large_image","twitter_creator":"@aribau1964","twitter_site":"@aribau1964","twitter_misc":{"Escrit per":"aribau","Temps estimat de lectura":"2 minuts"},"schema":{"@context":"https:\/\/schema.org","@graph":[{"@type":"Article","@id":"https:\/\/www.aribau.es\/clamor-blanco-de-raimat\/#article","isPartOf":{"@id":"https:\/\/www.aribau.es\/clamor-blanco-de-raimat\/"},"author":{"name":"aribau","@id":"https:\/\/www.aribau.es\/#\/schema\/person\/77a976898b3c705ed016499633f4ffd0"},"headline":"\u2018CLAMOR BLANCO\u2019 DE RAIMAT","datePublished":"2021-12-01T16:16:53+00:00","mainEntityOfPage":{"@id":"https:\/\/www.aribau.es\/clamor-blanco-de-raimat\/"},"wordCount":378,"publisher":{"@id":"https:\/\/www.aribau.es\/#organization"},"image":{"@id":"https:\/\/www.aribau.es\/clamor-blanco-de-raimat\/#primaryimage"},"thumbnailUrl":"https:\/\/www.aribau.es\/wp-content\/uploads\/2021\/12\/CLAMOR-BLANCO.png","keywords":["Aribau","Bodegas Raimat","clamor","DO Costers del Segre","Vi Catal\u00e0","vi catal\u00e0 amb do","Vino blanco"],"articleSection":["Noticias"],"inLanguage":"ca"},{"@type":"WebPage","@id":"https:\/\/www.aribau.es\/clamor-blanco-de-raimat\/","url":"https:\/\/www.aribau.es\/clamor-blanco-de-raimat\/","name":"\u2018CLAMOR BLANCO\u2019 DE RAIMAT - Aribau","isPartOf":{"@id":"https:\/\/www.aribau.es\/#website"},"primaryImageOfPage":{"@id":"https:\/\/www.aribau.es\/clamor-blanco-de-raimat\/#primaryimage"},"image":{"@id":"https:\/\/www.aribau.es\/clamor-blanco-de-raimat\/#primaryimage"},"thumbnailUrl":"https:\/\/www.aribau.es\/wp-content\/uploads\/2021\/12\/CLAMOR-BLANCO.png","datePublished":"2021-12-01T16:16:53+00:00","breadcrumb":{"@id":"https:\/\/www.aribau.es\/clamor-blanco-de-raimat\/#breadcrumb"},"inLanguage":"ca","potentialAction":[{"@type":"ReadAction","target":["https:\/\/www.aribau.es\/clamor-blanco-de-raimat\/"]}]},{"@type":"ImageObject","inLanguage":"ca","@id":"https:\/\/www.aribau.es\/clamor-blanco-de-raimat\/#primaryimage","url":"https:\/\/www.aribau.es\/wp-content\/uploads\/2021\/12\/CLAMOR-BLANCO.png","contentUrl":"https:\/\/www.aribau.es\/wp-content\/uploads\/2021\/12\/CLAMOR-BLANCO.png","width":900,"height":411},{"@type":"BreadcrumbList","@id":"https:\/\/www.aribau.es\/clamor-blanco-de-raimat\/#breadcrumb","itemListElement":[{"@type":"ListItem","position":1,"name":"Portada","item":"https:\/\/www.aribau.es\/"},{"@type":"ListItem","position":2,"name":"\u2018CLAMOR BLANCO\u2019 DE RAIMAT"}]},{"@type":"WebSite","@id":"https:\/\/www.aribau.es\/#website","url":"https:\/\/www.aribau.es\/","name":"Aribau","description":"VINOS Y BODEGAS","publisher":{"@id":"https:\/\/www.aribau.es\/#organization"},"potentialAction":[{"@type":"SearchAction","target":{"@type":"EntryPoint","urlTemplate":"https:\/\/www.aribau.es\/?s={search_term_string}"},"query-input":{"@type":"PropertyValueSpecification","valueRequired":true,"valueName":"search_term_string"}}],"inLanguage":"ca"},{"@type":"Organization","@id":"https:\/\/www.aribau.es\/#organization","name":"Aribau","url":"https:\/\/www.aribau.es\/","logo":{"@type":"ImageObject","inLanguage":"ca","@id":"https:\/\/www.aribau.es\/#\/schema\/logo\/image\/","url":"https:\/\/www.aribau.es\/wp-content\/uploads\/2022\/03\/logo.png","contentUrl":"https:\/\/www.aribau.es\/wp-content\/uploads\/2022\/03\/logo.png","width":300,"height":300,"caption":"Aribau"},"image":{"@id":"https:\/\/www.aribau.es\/#\/schema\/logo\/image\/"},"sameAs":["https:\/\/www.facebook.com\/aribau1964\/","https:\/\/x.com\/aribau1964","https:\/\/www.instagram.com\/aribau1964\/"]},{"@type":"Person","@id":"https:\/\/www.aribau.es\/#\/schema\/person\/77a976898b3c705ed016499633f4ffd0","name":"aribau","image":{"@type":"ImageObject","inLanguage":"ca","@id":"https:\/\/www.aribau.es\/#\/schema\/person\/image\/","url":"https:\/\/secure.gravatar.com\/avatar\/6690491f832d5b32aa9482b978c9464816810fbff0f6658034a34c9d9657b94e?s=96&d=mm&r=g","contentUrl":"https:\/\/secure.gravatar.com\/avatar\/6690491f832d5b32aa9482b978c9464816810fbff0f6658034a34c9d9657b94e?s=96&d=mm&r=g","caption":"aribau"},"url":"https:\/\/www.aribau.es\/ca\/author\/aribau\/"}]}},"_links":{"self":[{"href":"https:\/\/www.aribau.es\/ca\/wp-json\/wp\/v2\/posts\/12159","targetHints":{"allow":["GET"]}}],"collection":[{"href":"https:\/\/www.aribau.es\/ca\/wp-json\/wp\/v2\/posts"}],"about":[{"href":"https:\/\/www.aribau.es\/ca\/wp-json\/wp\/v2\/types\/post"}],"author":[{"embeddable":true,"href":"https:\/\/www.aribau.es\/ca\/wp-json\/wp\/v2\/users\/3"}],"replies":[{"embeddable":true,"href":"https:\/\/www.aribau.es\/ca\/wp-json\/wp\/v2\/comments?post=12159"}],"version-history":[{"count":1,"href":"https:\/\/www.aribau.es\/ca\/wp-json\/wp\/v2\/posts\/12159\/revisions"}],"predecessor-version":[{"id":12161,"href":"https:\/\/www.aribau.es\/ca\/wp-json\/wp\/v2\/posts\/12159\/revisions\/12161"}],"wp:featuredmedia":[{"embeddable":true,"href":"https:\/\/www.aribau.es\/ca\/wp-json\/wp\/v2\/media\/12160"}],"wp:attachment":[{"href":"https:\/\/www.aribau.es\/ca\/wp-json\/wp\/v2\/media?parent=12159"}],"wp:term":[{"taxonomy":"category","embeddable":true,"href":"https:\/\/www.aribau.es\/ca\/wp-json\/wp\/v2\/categories?post=12159"},{"taxonomy":"post_tag","embeddable":true,"href":"https:\/\/www.aribau.es\/ca\/wp-json\/wp\/v2\/tags?post=12159"}],"curies":[{"name":"wp","href":"https:\/\/api.w.org\/{rel}","templated":true}]}}