{"id":12190,"date":"2022-01-13T15:14:03","date_gmt":"2022-01-13T14:14:03","guid":{"rendered":"https:\/\/www.aribau.es\/?p=12190"},"modified":"2022-01-13T15:15:45","modified_gmt":"2022-01-13T14:15:45","slug":"la-descarada-2021-ya-disponible","status":"publish","type":"post","link":"https:\/\/www.aribau.es\/ca\/la-descarada-2021-ya-disponible\/","title":{"rendered":"LA DESCARADA 2021, JA DISPONIBLE"},"content":{"rendered":"<p>Com ja us vam avan\u00e7ar fa algunes setmanes a trav\u00e9s de les nostres xarxes socials\u2026 La Descarada 2021 ja est\u00e0 disponible! \u00c9s un vi jove, atrevit i una aposta per la frescor de les varietats principals, a l'estil Mediterrani.<\/p>\n<p>Visualment, t\u00e9 un aspecte clar de color llimona, amb una intensitat mitjana i pres\u00e8ncia de ll\u00e0grimes. Al nas presenta una condici\u00f3 neta, d'intensitat alta i aroma de fruita verda del tipus poma, ex\u00f2tica com el litxi i floral de l'estil violeta\/flor de cirerer amb un toc final herbaci d'esp\u00edgol.<\/p>\n<p>A la boca \u00e9s sec, d'acidesa alta, cos mitj\u00e0 i amb l'alcohol ben integrat. Una intensitat de sabor interv\u00e9 on destaquen novament la fruita verda i l'estil floral, aportant molta frescor a cada glop.<\/p>\n<p>En definitiva, estem davant d'un vi jove, tota una declaraci\u00f3 d'intencions, una aposta per la frescor de les varietats participants a l'estil de la nostra terra, el Mediterrani, que imprimeix un car\u00e0cter \u00fanic dif\u00edcil d'oblidar.<\/p>\n<p>La Descarada dona molt que parlar amb el seu inconfusible estil, que pret\u00e9n ser el fil conductor d'aquestes reunions entre fam\u00edlies i amics que formen part del nostre patrimoni cultural. \u00c9s un vi desenfadat, atrevit i, \u00e9s clar\u2026 descarat!<\/p>\n<p>I, si busqueu el maridatge ideal, recordeu que \u00e9s l'opci\u00f3 perfecta per acompanyar aperitius, plats amb peix blau, sushi\u2026 encara que tamb\u00e9 \u00e9s un vi ideal per gaudir a copes. Salut!<\/p>\n<p>&nbsp;<\/p>","protected":false},"excerpt":{"rendered":"<p>Como ya os avanzamos hace algunas semanas a trav\u00e9s de nuestras redes sociales\u2026 \u00a1La Descarada 2021 ya est\u00e1 disponible! Es un vino joven, atrevido y una apuesta por la frescura de las variedades principales, al estilo Mediterr\u00e1neo. Visualmente, tiene un aspecto claro de color lim\u00f3n, con una intensidad media y presencia de l\u00e1grimas. En nariz &#8230; <a title=\"LA DESCARADA 2021, JA DISPONIBLE\" class=\"read-more\" href=\"https:\/\/www.aribau.es\/ca\/la-descarada-2021-ya-disponible\/\" aria-label=\"M\u00e9s informaci\u00f3 sobre LA DESCARADA 2021, YA DISPONIBLE\">Llegiu m\u00e9s<\/a><\/p>","protected":false},"author":3,"featured_media":12191,"comment_status":"closed","ping_status":"closed","sticky":false,"template":"","format":"standard","meta":{"footnotes":""},"categories":[406],"tags":[452,305,424,321,341,412,450,423],"class_list":["post-12190","post","type-post","status-publish","format-standard","has-post-thumbnail","hentry","category-noticias","tag-anada","tag-aribau","tag-cosecha-propia","tag-do-penedes","tag-la-descarada","tag-vino-blanco","tag-vinos","tag-witty-wines"],"yoast_head":"<!-- This site is optimized with the Yoast SEO plugin v26.7 - https:\/\/yoast.com\/wordpress\/plugins\/seo\/ -->\n<title>LA DESCARADA 2021, YA DISPONIBLE - Aribau<\/title>\n<meta name=\"robots\" content=\"index, follow, max-snippet:-1, max-image-preview:large, max-video-preview:-1\" \/>\n<link rel=\"canonical\" href=\"https:\/\/www.aribau.es\/ca\/la-descarada-2021-ya-disponible\/\" \/>\n<meta property=\"og:locale\" content=\"ca_ES\" \/>\n<meta property=\"og:type\" content=\"article\" \/>\n<meta property=\"og:title\" content=\"LA DESCARADA 2021, YA DISPONIBLE - Aribau\" \/>\n<meta property=\"og:description\" content=\"Como ya os avanzamos hace algunas semanas a trav\u00e9s de nuestras redes sociales\u2026 \u00a1La Descarada 2021 ya est\u00e1 disponible! Es un vino joven, atrevido y una apuesta por la frescura de las variedades principales, al estilo Mediterr\u00e1neo. Visualmente, tiene un aspecto claro de color lim\u00f3n, con una intensidad media y presencia de l\u00e1grimas. En nariz ... Llegiu m\u00e9s\" \/>\n<meta property=\"og:url\" content=\"https:\/\/www.aribau.es\/ca\/la-descarada-2021-ya-disponible\/\" \/>\n<meta property=\"og:site_name\" content=\"Aribau\" \/>\n<meta property=\"article:publisher\" content=\"https:\/\/www.facebook.com\/aribau1964\/\" \/>\n<meta property=\"article:published_time\" content=\"2022-01-13T14:14:03+00:00\" \/>\n<meta property=\"article:modified_time\" content=\"2022-01-13T14:15:45+00:00\" \/>\n<meta property=\"og:image\" content=\"https:\/\/www.aribau.es\/wp-content\/uploads\/2022\/01\/LA-DESCARADA-2021-2-scaled.jpg\" \/>\n\t<meta property=\"og:image:width\" content=\"2560\" \/>\n\t<meta property=\"og:image:height\" content=\"1707\" \/>\n\t<meta property=\"og:image:type\" content=\"image\/jpeg\" \/>\n<meta name=\"author\" content=\"aribau\" \/>\n<meta name=\"twitter:card\" content=\"summary_large_image\" \/>\n<meta name=\"twitter:creator\" content=\"@aribau1964\" \/>\n<meta name=\"twitter:site\" content=\"@aribau1964\" \/>\n<meta name=\"twitter:label1\" content=\"Escrit per\" \/>\n\t<meta name=\"twitter:data1\" content=\"aribau\" \/>\n\t<meta name=\"twitter:label2\" content=\"Temps estimat de lectura\" \/>\n\t<meta name=\"twitter:data2\" content=\"1 minut\" \/>\n<script type=\"application\/ld+json\" class=\"yoast-schema-graph\">{\"@context\":\"https:\/\/schema.org\",\"@graph\":[{\"@type\":\"Article\",\"@id\":\"https:\/\/www.aribau.es\/la-descarada-2021-ya-disponible\/#article\",\"isPartOf\":{\"@id\":\"https:\/\/www.aribau.es\/la-descarada-2021-ya-disponible\/\"},\"author\":{\"name\":\"aribau\",\"@id\":\"https:\/\/www.aribau.es\/#\/schema\/person\/77a976898b3c705ed016499633f4ffd0\"},\"headline\":\"LA DESCARADA 2021, YA DISPONIBLE\",\"datePublished\":\"2022-01-13T14:14:03+00:00\",\"dateModified\":\"2022-01-13T14:15:45+00:00\",\"mainEntityOfPage\":{\"@id\":\"https:\/\/www.aribau.es\/la-descarada-2021-ya-disponible\/\"},\"wordCount\":252,\"publisher\":{\"@id\":\"https:\/\/www.aribau.es\/#organization\"},\"image\":{\"@id\":\"https:\/\/www.aribau.es\/la-descarada-2021-ya-disponible\/#primaryimage\"},\"thumbnailUrl\":\"https:\/\/www.aribau.es\/wp-content\/uploads\/2022\/01\/LA-DESCARADA-2021-2-scaled.jpg\",\"keywords\":[\"A\u00f1ada\",\"Aribau\",\"Cosecha propia\",\"DO Pened\u00e8s\",\"La descarada\",\"Vino blanco\",\"Vinos\",\"Witty Wines\"],\"articleSection\":[\"Noticias\"],\"inLanguage\":\"ca\"},{\"@type\":\"WebPage\",\"@id\":\"https:\/\/www.aribau.es\/la-descarada-2021-ya-disponible\/\",\"url\":\"https:\/\/www.aribau.es\/la-descarada-2021-ya-disponible\/\",\"name\":\"LA DESCARADA 2021, YA DISPONIBLE - Aribau\",\"isPartOf\":{\"@id\":\"https:\/\/www.aribau.es\/#website\"},\"primaryImageOfPage\":{\"@id\":\"https:\/\/www.aribau.es\/la-descarada-2021-ya-disponible\/#primaryimage\"},\"image\":{\"@id\":\"https:\/\/www.aribau.es\/la-descarada-2021-ya-disponible\/#primaryimage\"},\"thumbnailUrl\":\"https:\/\/www.aribau.es\/wp-content\/uploads\/2022\/01\/LA-DESCARADA-2021-2-scaled.jpg\",\"datePublished\":\"2022-01-13T14:14:03+00:00\",\"dateModified\":\"2022-01-13T14:15:45+00:00\",\"breadcrumb\":{\"@id\":\"https:\/\/www.aribau.es\/la-descarada-2021-ya-disponible\/#breadcrumb\"},\"inLanguage\":\"ca\",\"potentialAction\":[{\"@type\":\"ReadAction\",\"target\":[\"https:\/\/www.aribau.es\/la-descarada-2021-ya-disponible\/\"]}]},{\"@type\":\"ImageObject\",\"inLanguage\":\"ca\",\"@id\":\"https:\/\/www.aribau.es\/la-descarada-2021-ya-disponible\/#primaryimage\",\"url\":\"https:\/\/www.aribau.es\/wp-content\/uploads\/2022\/01\/LA-DESCARADA-2021-2-scaled.jpg\",\"contentUrl\":\"https:\/\/www.aribau.es\/wp-content\/uploads\/2022\/01\/LA-DESCARADA-2021-2-scaled.jpg\",\"width\":2560,\"height\":1707},{\"@type\":\"BreadcrumbList\",\"@id\":\"https:\/\/www.aribau.es\/la-descarada-2021-ya-disponible\/#breadcrumb\",\"itemListElement\":[{\"@type\":\"ListItem\",\"position\":1,\"name\":\"Portada\",\"item\":\"https:\/\/www.aribau.es\/\"},{\"@type\":\"ListItem\",\"position\":2,\"name\":\"LA DESCARADA 2021, YA DISPONIBLE\"}]},{\"@type\":\"WebSite\",\"@id\":\"https:\/\/www.aribau.es\/#website\",\"url\":\"https:\/\/www.aribau.es\/\",\"name\":\"Aribau\",\"description\":\"VINOS Y BODEGAS\",\"publisher\":{\"@id\":\"https:\/\/www.aribau.es\/#organization\"},\"potentialAction\":[{\"@type\":\"SearchAction\",\"target\":{\"@type\":\"EntryPoint\",\"urlTemplate\":\"https:\/\/www.aribau.es\/?s={search_term_string}\"},\"query-input\":{\"@type\":\"PropertyValueSpecification\",\"valueRequired\":true,\"valueName\":\"search_term_string\"}}],\"inLanguage\":\"ca\"},{\"@type\":\"Organization\",\"@id\":\"https:\/\/www.aribau.es\/#organization\",\"name\":\"Aribau\",\"url\":\"https:\/\/www.aribau.es\/\",\"logo\":{\"@type\":\"ImageObject\",\"inLanguage\":\"ca\",\"@id\":\"https:\/\/www.aribau.es\/#\/schema\/logo\/image\/\",\"url\":\"https:\/\/www.aribau.es\/wp-content\/uploads\/2022\/03\/logo.png\",\"contentUrl\":\"https:\/\/www.aribau.es\/wp-content\/uploads\/2022\/03\/logo.png\",\"width\":300,\"height\":300,\"caption\":\"Aribau\"},\"image\":{\"@id\":\"https:\/\/www.aribau.es\/#\/schema\/logo\/image\/\"},\"sameAs\":[\"https:\/\/www.facebook.com\/aribau1964\/\",\"https:\/\/x.com\/aribau1964\",\"https:\/\/www.instagram.com\/aribau1964\/\"]},{\"@type\":\"Person\",\"@id\":\"https:\/\/www.aribau.es\/#\/schema\/person\/77a976898b3c705ed016499633f4ffd0\",\"name\":\"aribau\",\"image\":{\"@type\":\"ImageObject\",\"inLanguage\":\"ca\",\"@id\":\"https:\/\/www.aribau.es\/#\/schema\/person\/image\/\",\"url\":\"https:\/\/secure.gravatar.com\/avatar\/6690491f832d5b32aa9482b978c9464816810fbff0f6658034a34c9d9657b94e?s=96&d=mm&r=g\",\"contentUrl\":\"https:\/\/secure.gravatar.com\/avatar\/6690491f832d5b32aa9482b978c9464816810fbff0f6658034a34c9d9657b94e?s=96&d=mm&r=g\",\"caption\":\"aribau\"},\"url\":\"https:\/\/www.aribau.es\/ca\/author\/aribau\/\"}]}<\/script>\n<!-- \/ Yoast SEO plugin. -->","yoast_head_json":{"title":"LA DESCARADA 2021, YA DISPONIBLE - Aribau","robots":{"index":"index","follow":"follow","max-snippet":"max-snippet:-1","max-image-preview":"max-image-preview:large","max-video-preview":"max-video-preview:-1"},"canonical":"https:\/\/www.aribau.es\/ca\/la-descarada-2021-ya-disponible\/","og_locale":"ca_ES","og_type":"article","og_title":"LA DESCARADA 2021, YA DISPONIBLE - Aribau","og_description":"Como ya os avanzamos hace algunas semanas a trav\u00e9s de nuestras redes sociales\u2026 \u00a1La Descarada 2021 ya est\u00e1 disponible! Es un vino joven, atrevido y una apuesta por la frescura de las variedades principales, al estilo Mediterr\u00e1neo. Visualmente, tiene un aspecto claro de color lim\u00f3n, con una intensidad media y presencia de l\u00e1grimas. En nariz ... Llegiu m\u00e9s","og_url":"https:\/\/www.aribau.es\/ca\/la-descarada-2021-ya-disponible\/","og_site_name":"Aribau","article_publisher":"https:\/\/www.facebook.com\/aribau1964\/","article_published_time":"2022-01-13T14:14:03+00:00","article_modified_time":"2022-01-13T14:15:45+00:00","og_image":[{"width":2560,"height":1707,"url":"https:\/\/www.aribau.es\/wp-content\/uploads\/2022\/01\/LA-DESCARADA-2021-2-scaled.jpg","type":"image\/jpeg"}],"author":"aribau","twitter_card":"summary_large_image","twitter_creator":"@aribau1964","twitter_site":"@aribau1964","twitter_misc":{"Escrit per":"aribau","Temps estimat de lectura":"1 minut"},"schema":{"@context":"https:\/\/schema.org","@graph":[{"@type":"Article","@id":"https:\/\/www.aribau.es\/la-descarada-2021-ya-disponible\/#article","isPartOf":{"@id":"https:\/\/www.aribau.es\/la-descarada-2021-ya-disponible\/"},"author":{"name":"aribau","@id":"https:\/\/www.aribau.es\/#\/schema\/person\/77a976898b3c705ed016499633f4ffd0"},"headline":"LA DESCARADA 2021, YA DISPONIBLE","datePublished":"2022-01-13T14:14:03+00:00","dateModified":"2022-01-13T14:15:45+00:00","mainEntityOfPage":{"@id":"https:\/\/www.aribau.es\/la-descarada-2021-ya-disponible\/"},"wordCount":252,"publisher":{"@id":"https:\/\/www.aribau.es\/#organization"},"image":{"@id":"https:\/\/www.aribau.es\/la-descarada-2021-ya-disponible\/#primaryimage"},"thumbnailUrl":"https:\/\/www.aribau.es\/wp-content\/uploads\/2022\/01\/LA-DESCARADA-2021-2-scaled.jpg","keywords":["A\u00f1ada","Aribau","Cosecha propia","DO Pened\u00e8s","La descarada","Vino blanco","Vinos","Witty Wines"],"articleSection":["Noticias"],"inLanguage":"ca"},{"@type":"WebPage","@id":"https:\/\/www.aribau.es\/la-descarada-2021-ya-disponible\/","url":"https:\/\/www.aribau.es\/la-descarada-2021-ya-disponible\/","name":"LA DESCARADA 2021, YA DISPONIBLE - Aribau","isPartOf":{"@id":"https:\/\/www.aribau.es\/#website"},"primaryImageOfPage":{"@id":"https:\/\/www.aribau.es\/la-descarada-2021-ya-disponible\/#primaryimage"},"image":{"@id":"https:\/\/www.aribau.es\/la-descarada-2021-ya-disponible\/#primaryimage"},"thumbnailUrl":"https:\/\/www.aribau.es\/wp-content\/uploads\/2022\/01\/LA-DESCARADA-2021-2-scaled.jpg","datePublished":"2022-01-13T14:14:03+00:00","dateModified":"2022-01-13T14:15:45+00:00","breadcrumb":{"@id":"https:\/\/www.aribau.es\/la-descarada-2021-ya-disponible\/#breadcrumb"},"inLanguage":"ca","potentialAction":[{"@type":"ReadAction","target":["https:\/\/www.aribau.es\/la-descarada-2021-ya-disponible\/"]}]},{"@type":"ImageObject","inLanguage":"ca","@id":"https:\/\/www.aribau.es\/la-descarada-2021-ya-disponible\/#primaryimage","url":"https:\/\/www.aribau.es\/wp-content\/uploads\/2022\/01\/LA-DESCARADA-2021-2-scaled.jpg","contentUrl":"https:\/\/www.aribau.es\/wp-content\/uploads\/2022\/01\/LA-DESCARADA-2021-2-scaled.jpg","width":2560,"height":1707},{"@type":"BreadcrumbList","@id":"https:\/\/www.aribau.es\/la-descarada-2021-ya-disponible\/#breadcrumb","itemListElement":[{"@type":"ListItem","position":1,"name":"Portada","item":"https:\/\/www.aribau.es\/"},{"@type":"ListItem","position":2,"name":"LA DESCARADA 2021, YA DISPONIBLE"}]},{"@type":"WebSite","@id":"https:\/\/www.aribau.es\/#website","url":"https:\/\/www.aribau.es\/","name":"Aribau","description":"VINOS Y BODEGAS","publisher":{"@id":"https:\/\/www.aribau.es\/#organization"},"potentialAction":[{"@type":"SearchAction","target":{"@type":"EntryPoint","urlTemplate":"https:\/\/www.aribau.es\/?s={search_term_string}"},"query-input":{"@type":"PropertyValueSpecification","valueRequired":true,"valueName":"search_term_string"}}],"inLanguage":"ca"},{"@type":"Organization","@id":"https:\/\/www.aribau.es\/#organization","name":"Aribau","url":"https:\/\/www.aribau.es\/","logo":{"@type":"ImageObject","inLanguage":"ca","@id":"https:\/\/www.aribau.es\/#\/schema\/logo\/image\/","url":"https:\/\/www.aribau.es\/wp-content\/uploads\/2022\/03\/logo.png","contentUrl":"https:\/\/www.aribau.es\/wp-content\/uploads\/2022\/03\/logo.png","width":300,"height":300,"caption":"Aribau"},"image":{"@id":"https:\/\/www.aribau.es\/#\/schema\/logo\/image\/"},"sameAs":["https:\/\/www.facebook.com\/aribau1964\/","https:\/\/x.com\/aribau1964","https:\/\/www.instagram.com\/aribau1964\/"]},{"@type":"Person","@id":"https:\/\/www.aribau.es\/#\/schema\/person\/77a976898b3c705ed016499633f4ffd0","name":"aribau","image":{"@type":"ImageObject","inLanguage":"ca","@id":"https:\/\/www.aribau.es\/#\/schema\/person\/image\/","url":"https:\/\/secure.gravatar.com\/avatar\/6690491f832d5b32aa9482b978c9464816810fbff0f6658034a34c9d9657b94e?s=96&d=mm&r=g","contentUrl":"https:\/\/secure.gravatar.com\/avatar\/6690491f832d5b32aa9482b978c9464816810fbff0f6658034a34c9d9657b94e?s=96&d=mm&r=g","caption":"aribau"},"url":"https:\/\/www.aribau.es\/ca\/author\/aribau\/"}]}},"_links":{"self":[{"href":"https:\/\/www.aribau.es\/ca\/wp-json\/wp\/v2\/posts\/12190","targetHints":{"allow":["GET"]}}],"collection":[{"href":"https:\/\/www.aribau.es\/ca\/wp-json\/wp\/v2\/posts"}],"about":[{"href":"https:\/\/www.aribau.es\/ca\/wp-json\/wp\/v2\/types\/post"}],"author":[{"embeddable":true,"href":"https:\/\/www.aribau.es\/ca\/wp-json\/wp\/v2\/users\/3"}],"replies":[{"embeddable":true,"href":"https:\/\/www.aribau.es\/ca\/wp-json\/wp\/v2\/comments?post=12190"}],"version-history":[{"count":2,"href":"https:\/\/www.aribau.es\/ca\/wp-json\/wp\/v2\/posts\/12190\/revisions"}],"predecessor-version":[{"id":12193,"href":"https:\/\/www.aribau.es\/ca\/wp-json\/wp\/v2\/posts\/12190\/revisions\/12193"}],"wp:featuredmedia":[{"embeddable":true,"href":"https:\/\/www.aribau.es\/ca\/wp-json\/wp\/v2\/media\/12191"}],"wp:attachment":[{"href":"https:\/\/www.aribau.es\/ca\/wp-json\/wp\/v2\/media?parent=12190"}],"wp:term":[{"taxonomy":"category","embeddable":true,"href":"https:\/\/www.aribau.es\/ca\/wp-json\/wp\/v2\/categories?post=12190"},{"taxonomy":"post_tag","embeddable":true,"href":"https:\/\/www.aribau.es\/ca\/wp-json\/wp\/v2\/tags?post=12190"}],"curies":[{"name":"wp","href":"https:\/\/api.w.org\/{rel}","templated":true}]}}