{"id":12209,"date":"2022-03-03T13:22:33","date_gmt":"2022-03-03T12:22:33","guid":{"rendered":"https:\/\/www.aribau.es\/?p=12209"},"modified":"2022-03-03T13:54:44","modified_gmt":"2022-03-03T12:54:44","slug":"tres-recomendaciones-de-vinos-para-este-marzo","status":"publish","type":"post","link":"https:\/\/www.aribau.es\/ca\/tres-recomendaciones-de-vinos-para-este-marzo\/","title":{"rendered":"TRES RECOMANACIONS DE VINS PER AQUEST MAR\u00c7"},"content":{"rendered":"<p>Per comen\u00e7ar el tercer mes de l\u2019any us recomanem tres vins amb molta personalitat. Ens traslladem a Ribera del Duero, on trobem el celler Balb\u00e1s, un celler cl\u00e0ssic, elegant i amb gran personalitat que ha aconseguit reconeixement internacional. La seva filosofia basada en la dedicaci\u00f3, esfor\u00e7 i passi\u00f3 es trasllada als seus vins,  uns vins exclusius, delicats, amb personalitat, i sorprenent qualitat.<\/p>\n<p>Avui fem \u00e8mfasi en aquests tres:<\/p>\n<p>Le Bijou Rose: Ull de llebre macerat amb la pellofa i fermentat en roure franc\u00e8s. El resultat \u00e9s un vi de color p\u00e8tal de rosa amb aroma de fruites vermelles i flors blanques. A la boca, l'acidesa \u00e9s refrescant i domina la seva gran eleg\u00e0ncia i equilibri. Aquest vi \u00e9s complex, de producci\u00f3 limitada i cal beure'l amb calma.<\/p>\n<p><a href=\"https:\/\/www.aribau.es\/wp-content\/uploads\/2022\/03\/Le-Bijou.jpg\"><img decoding=\"async\" class=\"wp-image-12210 alignleft\" src=\"https:\/\/www.aribau.es\/wp-content\/uploads\/2022\/03\/Le-Bijou-320x1024.jpg\" alt=\"\" width=\"91\" height=\"291\" srcset=\"https:\/\/www.aribau.es\/wp-content\/uploads\/2022\/03\/Le-Bijou-320x1024.jpg 320w, https:\/\/www.aribau.es\/wp-content\/uploads\/2022\/03\/Le-Bijou-94x300.jpg 94w, https:\/\/www.aribau.es\/wp-content\/uploads\/2022\/03\/Le-Bijou-4x12.jpg 4w, https:\/\/www.aribau.es\/wp-content\/uploads\/2022\/03\/Le-Bijou.jpg 396w\" sizes=\"(max-width: 91px) 100vw, 91px\" \/><\/a><\/p>\n<p>&nbsp;<\/p>\n<p>&nbsp;<\/p>\n<p>&nbsp;<\/p>\n<p>&nbsp;<\/p>\n<p>&nbsp;<\/p>\n<p>&nbsp;<\/p>\n<p>&nbsp;<\/p>\n<p>&nbsp;<\/p>\n<p>Balb\u00e1s Reserva: Cupatge d\u2019Ull de llebre i Cabernet Sauvignon. Amb 24 mesos de descans en barriques de roble franc\u00e9s, \u00e9s un vi negre que reflecteix fidelment la filosofia del celler. Al nas \u00e9s ampli i, novament, intens, predominant les aromes de compota de fruites negres, menta, cacau i un lleuger fons de tons torrats i caramel\u00b7litzats. A la fase gustativa, les primeres sensacions s\u00f3n fresques i amables, deixant pas a la untuositat i carnositat que caracteritzen el vi. Finalitzem amb un llarg postgust recordant les aromes especiades i caramel\u00b7litzades.<\/p>\n<p><a href=\"https:\/\/www.aribau.es\/wp-content\/uploads\/2022\/03\/Reserva-290x1024-1.jpg\"><img decoding=\"async\" class=\"wp-image-12211 alignleft\" src=\"https:\/\/www.aribau.es\/wp-content\/uploads\/2022\/03\/Reserva-290x1024-1.jpg\" alt=\"\" width=\"116\" height=\"410\" srcset=\"https:\/\/www.aribau.es\/wp-content\/uploads\/2022\/03\/Reserva-290x1024-1.jpg 290w, https:\/\/www.aribau.es\/wp-content\/uploads\/2022\/03\/Reserva-290x1024-1-85x300.jpg 85w, https:\/\/www.aribau.es\/wp-content\/uploads\/2022\/03\/Reserva-290x1024-1-3x12.jpg 3w\" sizes=\"(max-width: 116px) 100vw, 116px\" \/><\/a><\/p>\n<p>&nbsp;<\/p>\n<p>&nbsp;<\/p>\n<p>&nbsp;<\/p>\n<p>&nbsp;<\/p>\n<p>&nbsp;<\/p>\n<p>&nbsp;<\/p>\n<p>&nbsp;<\/p>\n<p>&nbsp;<\/p>\n<p>&nbsp;<\/p>\n<p>&nbsp;<\/p>\n<p>Ritus:  Cupatge d\u2019ull de llebre i merlot amb 18 mesos de crian\u00e7a en bota i 12 mesos en ampolla. Al nas \u00e9s delicat i fresc, la primera impressi\u00f3 del qual ens recorda fruits vermells. Hi predominen notes d'esp\u00e8cies com canyella i torrats de crian\u00e7a que ens recorden a cedre, vainilla en branca i fulles de tardor. A la boca apreciem una fusta molt elegant i ben treballada. \u00c9s fresc, llarg, amb una acidesa molt integrada. El tan\u00ed comen\u00e7a a polir-se i ho fa delici\u00f3s i elegant. T\u00e9 un gran poder d'envelliment.<\/p>\n<p><a href=\"https:\/\/www.aribau.es\/wp-content\/uploads\/2022\/03\/Ritus.jpg\"><img decoding=\"async\" class=\"wp-image-12212 alignleft\" src=\"https:\/\/www.aribau.es\/wp-content\/uploads\/2022\/03\/Ritus-334x1024.jpg\" alt=\"\" width=\"97\" height=\"297\" srcset=\"https:\/\/www.aribau.es\/wp-content\/uploads\/2022\/03\/Ritus-334x1024.jpg 334w, https:\/\/www.aribau.es\/wp-content\/uploads\/2022\/03\/Ritus-98x300.jpg 98w, https:\/\/www.aribau.es\/wp-content\/uploads\/2022\/03\/Ritus-4x12.jpg 4w, https:\/\/www.aribau.es\/wp-content\/uploads\/2022\/03\/Ritus.jpg 381w\" sizes=\"(max-width: 97px) 100vw, 97px\" \/><\/a><\/p>","protected":false},"excerpt":{"rendered":"<p>Per comen\u00e7ar el tercer mes de l\u2019any us recomanem tres vins amb molta personalitat. Ens traslladem a Ribera del Duero, on trobem el celler Balb\u00e1s, un Celler cl\u00e0ssic, elegant i amb gran personalitat que ha aconseguit reconeixement internacional.<\/p>","protected":false},"author":3,"featured_media":12213,"comment_status":"closed","ping_status":"closed","sticky":false,"template":"","format":"standard","meta":{"footnotes":""},"categories":[406,411],"tags":[],"class_list":["post-12209","post","type-post","status-publish","format-standard","has-post-thumbnail","hentry","category-noticias","category-productos"],"yoast_head":"<!-- This site is optimized with the Yoast SEO plugin v26.7 - https:\/\/yoast.com\/wordpress\/plugins\/seo\/ -->\n<title>TRES RECOMENDACIONES DE VINOS PARA ESTE MARZO - Aribau<\/title>\n<meta name=\"robots\" content=\"index, follow, max-snippet:-1, max-image-preview:large, max-video-preview:-1\" \/>\n<link rel=\"canonical\" href=\"https:\/\/www.aribau.es\/ca\/tres-recomendaciones-de-vinos-para-este-marzo\/\" \/>\n<meta property=\"og:locale\" content=\"ca_ES\" \/>\n<meta property=\"og:type\" content=\"article\" \/>\n<meta property=\"og:title\" content=\"TRES RECOMENDACIONES DE VINOS PARA ESTE MARZO - Aribau\" \/>\n<meta property=\"og:description\" content=\"Para empezar el tercer mes del a\u00f1o os recomendamos tres vinos con mucha personalidad. Nos trasladamos a Ribera del Duero, d\u00f3nde encontramos la Bodega Balb\u00e1s, una bodega cl\u00e1sica, elegante y con una gran personalidad que ha conseguido reconocimiento internacional.\" \/>\n<meta property=\"og:url\" content=\"https:\/\/www.aribau.es\/ca\/tres-recomendaciones-de-vinos-para-este-marzo\/\" \/>\n<meta property=\"og:site_name\" content=\"Aribau\" \/>\n<meta property=\"article:publisher\" content=\"https:\/\/www.facebook.com\/aribau1964\/\" \/>\n<meta property=\"article:published_time\" content=\"2022-03-03T12:22:33+00:00\" \/>\n<meta property=\"article:modified_time\" content=\"2022-03-03T12:54:44+00:00\" \/>\n<meta property=\"og:image\" content=\"https:\/\/www.aribau.es\/wp-content\/uploads\/2022\/03\/Diseno-sin-titulo-11.png\" \/>\n\t<meta property=\"og:image:width\" content=\"940\" \/>\n\t<meta property=\"og:image:height\" content=\"788\" \/>\n\t<meta property=\"og:image:type\" content=\"image\/png\" \/>\n<meta name=\"author\" content=\"aribau\" \/>\n<meta name=\"twitter:card\" content=\"summary_large_image\" \/>\n<meta name=\"twitter:creator\" content=\"@aribau1964\" \/>\n<meta name=\"twitter:site\" content=\"@aribau1964\" \/>\n<meta name=\"twitter:label1\" content=\"Escrit per\" \/>\n\t<meta name=\"twitter:data1\" content=\"aribau\" \/>\n\t<meta name=\"twitter:label2\" content=\"Temps estimat de lectura\" \/>\n\t<meta name=\"twitter:data2\" content=\"2 minuts\" \/>\n<script type=\"application\/ld+json\" class=\"yoast-schema-graph\">{\"@context\":\"https:\/\/schema.org\",\"@graph\":[{\"@type\":\"Article\",\"@id\":\"https:\/\/www.aribau.es\/tres-recomendaciones-de-vinos-para-este-marzo\/#article\",\"isPartOf\":{\"@id\":\"https:\/\/www.aribau.es\/tres-recomendaciones-de-vinos-para-este-marzo\/\"},\"author\":{\"name\":\"aribau\",\"@id\":\"https:\/\/www.aribau.es\/#\/schema\/person\/77a976898b3c705ed016499633f4ffd0\"},\"headline\":\"TRES RECOMENDACIONES DE VINOS PARA ESTE MARZO\",\"datePublished\":\"2022-03-03T12:22:33+00:00\",\"dateModified\":\"2022-03-03T12:54:44+00:00\",\"mainEntityOfPage\":{\"@id\":\"https:\/\/www.aribau.es\/tres-recomendaciones-de-vinos-para-este-marzo\/\"},\"wordCount\":325,\"publisher\":{\"@id\":\"https:\/\/www.aribau.es\/#organization\"},\"image\":{\"@id\":\"https:\/\/www.aribau.es\/tres-recomendaciones-de-vinos-para-este-marzo\/#primaryimage\"},\"thumbnailUrl\":\"https:\/\/www.aribau.es\/wp-content\/uploads\/2022\/03\/Diseno-sin-titulo-11.png\",\"articleSection\":[\"Noticias\",\"Productos\"],\"inLanguage\":\"ca\"},{\"@type\":\"WebPage\",\"@id\":\"https:\/\/www.aribau.es\/tres-recomendaciones-de-vinos-para-este-marzo\/\",\"url\":\"https:\/\/www.aribau.es\/tres-recomendaciones-de-vinos-para-este-marzo\/\",\"name\":\"TRES RECOMENDACIONES DE VINOS PARA ESTE MARZO - Aribau\",\"isPartOf\":{\"@id\":\"https:\/\/www.aribau.es\/#website\"},\"primaryImageOfPage\":{\"@id\":\"https:\/\/www.aribau.es\/tres-recomendaciones-de-vinos-para-este-marzo\/#primaryimage\"},\"image\":{\"@id\":\"https:\/\/www.aribau.es\/tres-recomendaciones-de-vinos-para-este-marzo\/#primaryimage\"},\"thumbnailUrl\":\"https:\/\/www.aribau.es\/wp-content\/uploads\/2022\/03\/Diseno-sin-titulo-11.png\",\"datePublished\":\"2022-03-03T12:22:33+00:00\",\"dateModified\":\"2022-03-03T12:54:44+00:00\",\"breadcrumb\":{\"@id\":\"https:\/\/www.aribau.es\/tres-recomendaciones-de-vinos-para-este-marzo\/#breadcrumb\"},\"inLanguage\":\"ca\",\"potentialAction\":[{\"@type\":\"ReadAction\",\"target\":[\"https:\/\/www.aribau.es\/tres-recomendaciones-de-vinos-para-este-marzo\/\"]}]},{\"@type\":\"ImageObject\",\"inLanguage\":\"ca\",\"@id\":\"https:\/\/www.aribau.es\/tres-recomendaciones-de-vinos-para-este-marzo\/#primaryimage\",\"url\":\"https:\/\/www.aribau.es\/wp-content\/uploads\/2022\/03\/Diseno-sin-titulo-11.png\",\"contentUrl\":\"https:\/\/www.aribau.es\/wp-content\/uploads\/2022\/03\/Diseno-sin-titulo-11.png\",\"width\":940,\"height\":788},{\"@type\":\"BreadcrumbList\",\"@id\":\"https:\/\/www.aribau.es\/tres-recomendaciones-de-vinos-para-este-marzo\/#breadcrumb\",\"itemListElement\":[{\"@type\":\"ListItem\",\"position\":1,\"name\":\"Portada\",\"item\":\"https:\/\/www.aribau.es\/\"},{\"@type\":\"ListItem\",\"position\":2,\"name\":\"TRES RECOMENDACIONES DE VINOS PARA ESTE MARZO\"}]},{\"@type\":\"WebSite\",\"@id\":\"https:\/\/www.aribau.es\/#website\",\"url\":\"https:\/\/www.aribau.es\/\",\"name\":\"Aribau\",\"description\":\"VINOS Y BODEGAS\",\"publisher\":{\"@id\":\"https:\/\/www.aribau.es\/#organization\"},\"potentialAction\":[{\"@type\":\"SearchAction\",\"target\":{\"@type\":\"EntryPoint\",\"urlTemplate\":\"https:\/\/www.aribau.es\/?s={search_term_string}\"},\"query-input\":{\"@type\":\"PropertyValueSpecification\",\"valueRequired\":true,\"valueName\":\"search_term_string\"}}],\"inLanguage\":\"ca\"},{\"@type\":\"Organization\",\"@id\":\"https:\/\/www.aribau.es\/#organization\",\"name\":\"Aribau\",\"url\":\"https:\/\/www.aribau.es\/\",\"logo\":{\"@type\":\"ImageObject\",\"inLanguage\":\"ca\",\"@id\":\"https:\/\/www.aribau.es\/#\/schema\/logo\/image\/\",\"url\":\"https:\/\/www.aribau.es\/wp-content\/uploads\/2022\/03\/logo.png\",\"contentUrl\":\"https:\/\/www.aribau.es\/wp-content\/uploads\/2022\/03\/logo.png\",\"width\":300,\"height\":300,\"caption\":\"Aribau\"},\"image\":{\"@id\":\"https:\/\/www.aribau.es\/#\/schema\/logo\/image\/\"},\"sameAs\":[\"https:\/\/www.facebook.com\/aribau1964\/\",\"https:\/\/x.com\/aribau1964\",\"https:\/\/www.instagram.com\/aribau1964\/\"]},{\"@type\":\"Person\",\"@id\":\"https:\/\/www.aribau.es\/#\/schema\/person\/77a976898b3c705ed016499633f4ffd0\",\"name\":\"aribau\",\"image\":{\"@type\":\"ImageObject\",\"inLanguage\":\"ca\",\"@id\":\"https:\/\/www.aribau.es\/#\/schema\/person\/image\/\",\"url\":\"https:\/\/secure.gravatar.com\/avatar\/6690491f832d5b32aa9482b978c9464816810fbff0f6658034a34c9d9657b94e?s=96&d=mm&r=g\",\"contentUrl\":\"https:\/\/secure.gravatar.com\/avatar\/6690491f832d5b32aa9482b978c9464816810fbff0f6658034a34c9d9657b94e?s=96&d=mm&r=g\",\"caption\":\"aribau\"},\"url\":\"https:\/\/www.aribau.es\/ca\/author\/aribau\/\"}]}<\/script>\n<!-- \/ Yoast SEO plugin. -->","yoast_head_json":{"title":"TRES RECOMENDACIONES DE VINOS PARA ESTE MARZO - Aribau","robots":{"index":"index","follow":"follow","max-snippet":"max-snippet:-1","max-image-preview":"max-image-preview:large","max-video-preview":"max-video-preview:-1"},"canonical":"https:\/\/www.aribau.es\/ca\/tres-recomendaciones-de-vinos-para-este-marzo\/","og_locale":"ca_ES","og_type":"article","og_title":"TRES RECOMENDACIONES DE VINOS PARA ESTE MARZO - Aribau","og_description":"Para empezar el tercer mes del a\u00f1o os recomendamos tres vinos con mucha personalidad. Nos trasladamos a Ribera del Duero, d\u00f3nde encontramos la Bodega Balb\u00e1s, una bodega cl\u00e1sica, elegante y con una gran personalidad que ha conseguido reconocimiento internacional.","og_url":"https:\/\/www.aribau.es\/ca\/tres-recomendaciones-de-vinos-para-este-marzo\/","og_site_name":"Aribau","article_publisher":"https:\/\/www.facebook.com\/aribau1964\/","article_published_time":"2022-03-03T12:22:33+00:00","article_modified_time":"2022-03-03T12:54:44+00:00","og_image":[{"width":940,"height":788,"url":"https:\/\/www.aribau.es\/wp-content\/uploads\/2022\/03\/Diseno-sin-titulo-11.png","type":"image\/png"}],"author":"aribau","twitter_card":"summary_large_image","twitter_creator":"@aribau1964","twitter_site":"@aribau1964","twitter_misc":{"Escrit per":"aribau","Temps estimat de lectura":"2 minuts"},"schema":{"@context":"https:\/\/schema.org","@graph":[{"@type":"Article","@id":"https:\/\/www.aribau.es\/tres-recomendaciones-de-vinos-para-este-marzo\/#article","isPartOf":{"@id":"https:\/\/www.aribau.es\/tres-recomendaciones-de-vinos-para-este-marzo\/"},"author":{"name":"aribau","@id":"https:\/\/www.aribau.es\/#\/schema\/person\/77a976898b3c705ed016499633f4ffd0"},"headline":"TRES RECOMENDACIONES DE VINOS PARA ESTE MARZO","datePublished":"2022-03-03T12:22:33+00:00","dateModified":"2022-03-03T12:54:44+00:00","mainEntityOfPage":{"@id":"https:\/\/www.aribau.es\/tres-recomendaciones-de-vinos-para-este-marzo\/"},"wordCount":325,"publisher":{"@id":"https:\/\/www.aribau.es\/#organization"},"image":{"@id":"https:\/\/www.aribau.es\/tres-recomendaciones-de-vinos-para-este-marzo\/#primaryimage"},"thumbnailUrl":"https:\/\/www.aribau.es\/wp-content\/uploads\/2022\/03\/Diseno-sin-titulo-11.png","articleSection":["Noticias","Productos"],"inLanguage":"ca"},{"@type":"WebPage","@id":"https:\/\/www.aribau.es\/tres-recomendaciones-de-vinos-para-este-marzo\/","url":"https:\/\/www.aribau.es\/tres-recomendaciones-de-vinos-para-este-marzo\/","name":"TRES RECOMENDACIONES DE VINOS PARA ESTE MARZO - Aribau","isPartOf":{"@id":"https:\/\/www.aribau.es\/#website"},"primaryImageOfPage":{"@id":"https:\/\/www.aribau.es\/tres-recomendaciones-de-vinos-para-este-marzo\/#primaryimage"},"image":{"@id":"https:\/\/www.aribau.es\/tres-recomendaciones-de-vinos-para-este-marzo\/#primaryimage"},"thumbnailUrl":"https:\/\/www.aribau.es\/wp-content\/uploads\/2022\/03\/Diseno-sin-titulo-11.png","datePublished":"2022-03-03T12:22:33+00:00","dateModified":"2022-03-03T12:54:44+00:00","breadcrumb":{"@id":"https:\/\/www.aribau.es\/tres-recomendaciones-de-vinos-para-este-marzo\/#breadcrumb"},"inLanguage":"ca","potentialAction":[{"@type":"ReadAction","target":["https:\/\/www.aribau.es\/tres-recomendaciones-de-vinos-para-este-marzo\/"]}]},{"@type":"ImageObject","inLanguage":"ca","@id":"https:\/\/www.aribau.es\/tres-recomendaciones-de-vinos-para-este-marzo\/#primaryimage","url":"https:\/\/www.aribau.es\/wp-content\/uploads\/2022\/03\/Diseno-sin-titulo-11.png","contentUrl":"https:\/\/www.aribau.es\/wp-content\/uploads\/2022\/03\/Diseno-sin-titulo-11.png","width":940,"height":788},{"@type":"BreadcrumbList","@id":"https:\/\/www.aribau.es\/tres-recomendaciones-de-vinos-para-este-marzo\/#breadcrumb","itemListElement":[{"@type":"ListItem","position":1,"name":"Portada","item":"https:\/\/www.aribau.es\/"},{"@type":"ListItem","position":2,"name":"TRES RECOMENDACIONES DE VINOS PARA ESTE MARZO"}]},{"@type":"WebSite","@id":"https:\/\/www.aribau.es\/#website","url":"https:\/\/www.aribau.es\/","name":"Aribau","description":"VINOS Y BODEGAS","publisher":{"@id":"https:\/\/www.aribau.es\/#organization"},"potentialAction":[{"@type":"SearchAction","target":{"@type":"EntryPoint","urlTemplate":"https:\/\/www.aribau.es\/?s={search_term_string}"},"query-input":{"@type":"PropertyValueSpecification","valueRequired":true,"valueName":"search_term_string"}}],"inLanguage":"ca"},{"@type":"Organization","@id":"https:\/\/www.aribau.es\/#organization","name":"Aribau","url":"https:\/\/www.aribau.es\/","logo":{"@type":"ImageObject","inLanguage":"ca","@id":"https:\/\/www.aribau.es\/#\/schema\/logo\/image\/","url":"https:\/\/www.aribau.es\/wp-content\/uploads\/2022\/03\/logo.png","contentUrl":"https:\/\/www.aribau.es\/wp-content\/uploads\/2022\/03\/logo.png","width":300,"height":300,"caption":"Aribau"},"image":{"@id":"https:\/\/www.aribau.es\/#\/schema\/logo\/image\/"},"sameAs":["https:\/\/www.facebook.com\/aribau1964\/","https:\/\/x.com\/aribau1964","https:\/\/www.instagram.com\/aribau1964\/"]},{"@type":"Person","@id":"https:\/\/www.aribau.es\/#\/schema\/person\/77a976898b3c705ed016499633f4ffd0","name":"aribau","image":{"@type":"ImageObject","inLanguage":"ca","@id":"https:\/\/www.aribau.es\/#\/schema\/person\/image\/","url":"https:\/\/secure.gravatar.com\/avatar\/6690491f832d5b32aa9482b978c9464816810fbff0f6658034a34c9d9657b94e?s=96&d=mm&r=g","contentUrl":"https:\/\/secure.gravatar.com\/avatar\/6690491f832d5b32aa9482b978c9464816810fbff0f6658034a34c9d9657b94e?s=96&d=mm&r=g","caption":"aribau"},"url":"https:\/\/www.aribau.es\/ca\/author\/aribau\/"}]}},"_links":{"self":[{"href":"https:\/\/www.aribau.es\/ca\/wp-json\/wp\/v2\/posts\/12209","targetHints":{"allow":["GET"]}}],"collection":[{"href":"https:\/\/www.aribau.es\/ca\/wp-json\/wp\/v2\/posts"}],"about":[{"href":"https:\/\/www.aribau.es\/ca\/wp-json\/wp\/v2\/types\/post"}],"author":[{"embeddable":true,"href":"https:\/\/www.aribau.es\/ca\/wp-json\/wp\/v2\/users\/3"}],"replies":[{"embeddable":true,"href":"https:\/\/www.aribau.es\/ca\/wp-json\/wp\/v2\/comments?post=12209"}],"version-history":[{"count":4,"href":"https:\/\/www.aribau.es\/ca\/wp-json\/wp\/v2\/posts\/12209\/revisions"}],"predecessor-version":[{"id":12217,"href":"https:\/\/www.aribau.es\/ca\/wp-json\/wp\/v2\/posts\/12209\/revisions\/12217"}],"wp:featuredmedia":[{"embeddable":true,"href":"https:\/\/www.aribau.es\/ca\/wp-json\/wp\/v2\/media\/12213"}],"wp:attachment":[{"href":"https:\/\/www.aribau.es\/ca\/wp-json\/wp\/v2\/media?parent=12209"}],"wp:term":[{"taxonomy":"category","embeddable":true,"href":"https:\/\/www.aribau.es\/ca\/wp-json\/wp\/v2\/categories?post=12209"},{"taxonomy":"post_tag","embeddable":true,"href":"https:\/\/www.aribau.es\/ca\/wp-json\/wp\/v2\/tags?post=12209"}],"curies":[{"name":"wp","href":"https:\/\/api.w.org\/{rel}","templated":true}]}}