{"id":12330,"date":"2022-04-07T13:29:27","date_gmt":"2022-04-07T12:29:27","guid":{"rendered":"https:\/\/www.aribau.es\/?p=12330"},"modified":"2022-04-07T13:30:26","modified_gmt":"2022-04-07T12:30:26","slug":"barcelona-wine-week-el-mayor-escaparate-de-vinos-de-calidad-de-nuestro-pais","status":"publish","type":"post","link":"https:\/\/www.aribau.es\/ca\/barcelona-wine-week-el-mayor-escaparate-de-vinos-de-calidad-de-nuestro-pais\/","title":{"rendered":"Barcelona wine week, el major aparador de vins de qualitat del nostre pa\u00eds."},"content":{"rendered":"<p>La Barcelona Wine Week ha celebrat aquesta setmana la segona edici\u00f3, amb la participaci\u00f3 de 650 cellers espanyols, i m\u00e9s de 60 denominacions d\u2019origen protegides (DOP) i segells de qualitat, les quals han presentat al voltant de 800 refer\u00e8ncies noves durant els tres dies de sal\u00f3.<\/p>\n<p>La fira, amb una gran inclinaci\u00f3 internacional, ha buscat generar negoci per cellers, i enfortir la imatge del sector mostrant les seves novetats, el seu dinamisme i com va millorant any rere any. Des de petits cellers amb vocaci\u00f3 internacional fins a les marques m\u00e9s emblem\u00e0tiques i reconegudes del panorama vitivin\u00edcola s\u2019han sumat a l\u2019esdeveniment mostrant una visi\u00f3 amplia i diversa del vi espanyol.<\/p>\n<p>Amb el fi de afavorir la pres\u00e8ncia igualit\u00e0ria entre cellers i marques particulars, s\u2019ha apostat per un recorregut experiencial pel territori vitivin\u00edcola nacional a trav\u00e9s d\u2019un format articulat en torn a la gran varietat de zones productores.<\/p>\n<p>D\u2019aquesta forma, els 10.000m2 nets de palau 8 del recinte Montju\u00efc de la Fira de Barcelona s\u2019han convertit en l\u2019escenari perfecte perqu\u00e8 els productors poguessin contactar amb compradors nacionals i internacionals d\u2019alt nivell i tinguessin al seu abast eines estrat\u00e8giques per fomentar aquests contactes i les oportunitats de negoci. Disposaven tamb\u00e9 d\u2019un espai pel networking i la internacionalitzaci\u00f3, donant a con\u00e8ixer el nostre patrimoni vitivin\u00edcola per impulsar-lo en el mercat internacional.<sup>2<\/sup> netos del palacio 8 del recinto Montju\u00efc de la Fira de Barcelona se han convertido en el escenario perfecto para que los productores pudieran contactar con compradores nacionales e internacionales de alto nivel y tuviesen a su alcance herramientas estrat\u00e9gicas para fomentar esos contactos y las oportunidades de negocio. Dispon\u00edan tambi\u00e9n de un espacio para el <em>networking<\/em> y la internacionalizaci\u00f3n, dando a conocer nuestro patrimonio vitivin\u00edcola para impulsarlo en el mercado internacional.<\/p>\n<p>En aquesta segona edici\u00f3 ha destacat l\u2019auge de les varietats aut\u00f2ctones i de les atractives propostes dels cellers, moltes d\u2019elles preocupades per la sostenibilitat dels cultius.<\/p>\n<p>L\u2019esdeveniment tanca amb la pres\u00e8ncia de m\u00e9s de 18.000 professionals, un 20% procedents de 79 pa\u00efsos, principalment europeus i estatunidencs. Entre els assistents s\u2019ha comptat amb la pres\u00e8ncia de 470 grans compradors internacionals de mercats estrat\u00e8gics per l\u2019exportaci\u00f3 de vi espanyol convidats per l\u2019organitzaci\u00f3, que han participat en m\u00e9s de 6.600 reunions d\u2019empresa.<\/p>\n<p>El nombre d\u2019expositors s\u2019ha incrementat un 20% respecte a la primera edici\u00f3, per\u00f2 J. Antoni Valls, director general d\u2019Alimentaria Exhibitions, ha destacat que el seu major repte \u201cper sobre de tot, ha estat oferir les millors oportunitats de negoci\u201d, i ha apuntat com clau de l\u2019\u00e8xit de la fira \u201cla participaci\u00f3 de tot el sector i posar l\u2019accent en el vi espanyol de qualitat com valor diferencial\u201d.<em> sin embargo <\/em>J. Antoni Valls, director general de Alimentaria Exhibitions, ha destacado que su mayor reto<strong> \u201c<\/strong><em>por encima de todo, ha sido ofrecer las mejores oportunidades de negocio\u201d, y ha apuntado como clave del \u00e9xito <\/em>de la feria \u201c<em>la participaci\u00f3n de todo el sector y poner el acento en el vino espa\u00f1ol de calidad como valor diferencial.\u201d<\/em><\/p>","protected":false},"excerpt":{"rendered":"<p>La Barcelona Wine Week ha celebrado esta semana su segunda edici\u00f3n, con la participaci\u00f3n de 650 bodegas espa\u00f1olas, y m\u00e1s de 60 denominaciones de origen protegidas (DOP) y sellos de calidad, las cu\u00e1les han presentado alrededor de 800 referencias nuevas durante los tres d\u00edas de sal\u00f3n. La feria, con una clara inclinaci\u00f3n internacional, ha buscado &#8230; <a title=\"Barcelona wine week, el major aparador de vins de qualitat del nostre pa\u00eds.\" class=\"read-more\" href=\"https:\/\/www.aribau.es\/ca\/barcelona-wine-week-el-mayor-escaparate-de-vinos-de-calidad-de-nuestro-pais\/\" aria-label=\"M\u00e9s informaci\u00f3 sobre Barcelona Wine Week, el mayor escaparate de vinos de calidad de nuestro pa\u00eds\">Llegiu m\u00e9s<\/a><\/p>","protected":false},"author":3,"featured_media":12331,"comment_status":"closed","ping_status":"closed","sticky":false,"template":"","format":"standard","meta":{"footnotes":""},"categories":[406],"tags":[568,446,638,450],"class_list":["post-12330","post","type-post","status-publish","format-standard","has-post-thumbnail","hentry","category-noticias","tag-barcelona-wine-week","tag-bodegas","tag-feria","tag-vinos"],"yoast_head":"<!-- This site is optimized with the Yoast SEO plugin v26.7 - https:\/\/yoast.com\/wordpress\/plugins\/seo\/ -->\n<title>Barcelona Wine Week, el mayor escaparate de vinos de calidad de nuestro pa\u00eds - Aribau<\/title>\n<meta name=\"robots\" content=\"index, follow, max-snippet:-1, max-image-preview:large, max-video-preview:-1\" \/>\n<link rel=\"canonical\" href=\"https:\/\/www.aribau.es\/ca\/barcelona-wine-week-el-mayor-escaparate-de-vinos-de-calidad-de-nuestro-pais\/\" \/>\n<meta property=\"og:locale\" content=\"ca_ES\" \/>\n<meta property=\"og:type\" content=\"article\" \/>\n<meta property=\"og:title\" content=\"Barcelona Wine Week, el mayor escaparate de vinos de calidad de nuestro pa\u00eds - Aribau\" \/>\n<meta property=\"og:description\" content=\"La Barcelona Wine Week ha celebrado esta semana su segunda edici\u00f3n, con la participaci\u00f3n de 650 bodegas espa\u00f1olas, y m\u00e1s de 60 denominaciones de origen protegidas (DOP) y sellos de calidad, las cu\u00e1les han presentado alrededor de 800 referencias nuevas durante los tres d\u00edas de sal\u00f3n. La feria, con una clara inclinaci\u00f3n internacional, ha buscado ... Llegiu m\u00e9s\" \/>\n<meta property=\"og:url\" content=\"https:\/\/www.aribau.es\/ca\/barcelona-wine-week-el-mayor-escaparate-de-vinos-de-calidad-de-nuestro-pais\/\" \/>\n<meta property=\"og:site_name\" content=\"Aribau\" \/>\n<meta property=\"article:publisher\" content=\"https:\/\/www.facebook.com\/aribau1964\/\" \/>\n<meta property=\"article:published_time\" content=\"2022-04-07T12:29:27+00:00\" \/>\n<meta property=\"article:modified_time\" content=\"2022-04-07T12:30:26+00:00\" \/>\n<meta property=\"og:image\" content=\"https:\/\/www.aribau.es\/wp-content\/uploads\/2022\/04\/image-63-1568x1042-1-1024x680.png\" \/>\n\t<meta property=\"og:image:width\" content=\"1024\" \/>\n\t<meta property=\"og:image:height\" content=\"680\" \/>\n\t<meta property=\"og:image:type\" content=\"image\/png\" \/>\n<meta name=\"author\" content=\"aribau\" \/>\n<meta name=\"twitter:card\" content=\"summary_large_image\" \/>\n<meta name=\"twitter:creator\" content=\"@aribau1964\" \/>\n<meta name=\"twitter:site\" content=\"@aribau1964\" \/>\n<meta name=\"twitter:label1\" content=\"Escrit per\" \/>\n\t<meta name=\"twitter:data1\" content=\"aribau\" \/>\n\t<meta name=\"twitter:label2\" content=\"Temps estimat de lectura\" \/>\n\t<meta name=\"twitter:data2\" content=\"2 minuts\" \/>\n<script type=\"application\/ld+json\" class=\"yoast-schema-graph\">{\"@context\":\"https:\/\/schema.org\",\"@graph\":[{\"@type\":\"Article\",\"@id\":\"https:\/\/www.aribau.es\/barcelona-wine-week-el-mayor-escaparate-de-vinos-de-calidad-de-nuestro-pais\/#article\",\"isPartOf\":{\"@id\":\"https:\/\/www.aribau.es\/barcelona-wine-week-el-mayor-escaparate-de-vinos-de-calidad-de-nuestro-pais\/\"},\"author\":{\"name\":\"aribau\",\"@id\":\"https:\/\/www.aribau.es\/#\/schema\/person\/77a976898b3c705ed016499633f4ffd0\"},\"headline\":\"Barcelona Wine Week, el mayor escaparate de vinos de calidad de nuestro pa\u00eds\",\"datePublished\":\"2022-04-07T12:29:27+00:00\",\"dateModified\":\"2022-04-07T12:30:26+00:00\",\"mainEntityOfPage\":{\"@id\":\"https:\/\/www.aribau.es\/barcelona-wine-week-el-mayor-escaparate-de-vinos-de-calidad-de-nuestro-pais\/\"},\"wordCount\":426,\"publisher\":{\"@id\":\"https:\/\/www.aribau.es\/#organization\"},\"image\":{\"@id\":\"https:\/\/www.aribau.es\/barcelona-wine-week-el-mayor-escaparate-de-vinos-de-calidad-de-nuestro-pais\/#primaryimage\"},\"thumbnailUrl\":\"https:\/\/www.aribau.es\/wp-content\/uploads\/2022\/04\/image-63-1568x1042-1.png\",\"keywords\":[\"Barcelona Wine Week\",\"Bodegas\",\"feria\",\"Vinos\"],\"articleSection\":[\"Noticias\"],\"inLanguage\":\"ca\"},{\"@type\":\"WebPage\",\"@id\":\"https:\/\/www.aribau.es\/barcelona-wine-week-el-mayor-escaparate-de-vinos-de-calidad-de-nuestro-pais\/\",\"url\":\"https:\/\/www.aribau.es\/barcelona-wine-week-el-mayor-escaparate-de-vinos-de-calidad-de-nuestro-pais\/\",\"name\":\"Barcelona Wine Week, el mayor escaparate de vinos de calidad de nuestro pa\u00eds - Aribau\",\"isPartOf\":{\"@id\":\"https:\/\/www.aribau.es\/#website\"},\"primaryImageOfPage\":{\"@id\":\"https:\/\/www.aribau.es\/barcelona-wine-week-el-mayor-escaparate-de-vinos-de-calidad-de-nuestro-pais\/#primaryimage\"},\"image\":{\"@id\":\"https:\/\/www.aribau.es\/barcelona-wine-week-el-mayor-escaparate-de-vinos-de-calidad-de-nuestro-pais\/#primaryimage\"},\"thumbnailUrl\":\"https:\/\/www.aribau.es\/wp-content\/uploads\/2022\/04\/image-63-1568x1042-1.png\",\"datePublished\":\"2022-04-07T12:29:27+00:00\",\"dateModified\":\"2022-04-07T12:30:26+00:00\",\"breadcrumb\":{\"@id\":\"https:\/\/www.aribau.es\/barcelona-wine-week-el-mayor-escaparate-de-vinos-de-calidad-de-nuestro-pais\/#breadcrumb\"},\"inLanguage\":\"ca\",\"potentialAction\":[{\"@type\":\"ReadAction\",\"target\":[\"https:\/\/www.aribau.es\/barcelona-wine-week-el-mayor-escaparate-de-vinos-de-calidad-de-nuestro-pais\/\"]}]},{\"@type\":\"ImageObject\",\"inLanguage\":\"ca\",\"@id\":\"https:\/\/www.aribau.es\/barcelona-wine-week-el-mayor-escaparate-de-vinos-de-calidad-de-nuestro-pais\/#primaryimage\",\"url\":\"https:\/\/www.aribau.es\/wp-content\/uploads\/2022\/04\/image-63-1568x1042-1.png\",\"contentUrl\":\"https:\/\/www.aribau.es\/wp-content\/uploads\/2022\/04\/image-63-1568x1042-1.png\",\"width\":1568,\"height\":1042},{\"@type\":\"BreadcrumbList\",\"@id\":\"https:\/\/www.aribau.es\/barcelona-wine-week-el-mayor-escaparate-de-vinos-de-calidad-de-nuestro-pais\/#breadcrumb\",\"itemListElement\":[{\"@type\":\"ListItem\",\"position\":1,\"name\":\"Portada\",\"item\":\"https:\/\/www.aribau.es\/\"},{\"@type\":\"ListItem\",\"position\":2,\"name\":\"Barcelona Wine Week, el mayor escaparate de vinos de calidad de nuestro pa\u00eds\"}]},{\"@type\":\"WebSite\",\"@id\":\"https:\/\/www.aribau.es\/#website\",\"url\":\"https:\/\/www.aribau.es\/\",\"name\":\"Aribau\",\"description\":\"VINOS Y BODEGAS\",\"publisher\":{\"@id\":\"https:\/\/www.aribau.es\/#organization\"},\"potentialAction\":[{\"@type\":\"SearchAction\",\"target\":{\"@type\":\"EntryPoint\",\"urlTemplate\":\"https:\/\/www.aribau.es\/?s={search_term_string}\"},\"query-input\":{\"@type\":\"PropertyValueSpecification\",\"valueRequired\":true,\"valueName\":\"search_term_string\"}}],\"inLanguage\":\"ca\"},{\"@type\":\"Organization\",\"@id\":\"https:\/\/www.aribau.es\/#organization\",\"name\":\"Aribau\",\"url\":\"https:\/\/www.aribau.es\/\",\"logo\":{\"@type\":\"ImageObject\",\"inLanguage\":\"ca\",\"@id\":\"https:\/\/www.aribau.es\/#\/schema\/logo\/image\/\",\"url\":\"https:\/\/www.aribau.es\/wp-content\/uploads\/2022\/03\/logo.png\",\"contentUrl\":\"https:\/\/www.aribau.es\/wp-content\/uploads\/2022\/03\/logo.png\",\"width\":300,\"height\":300,\"caption\":\"Aribau\"},\"image\":{\"@id\":\"https:\/\/www.aribau.es\/#\/schema\/logo\/image\/\"},\"sameAs\":[\"https:\/\/www.facebook.com\/aribau1964\/\",\"https:\/\/x.com\/aribau1964\",\"https:\/\/www.instagram.com\/aribau1964\/\"]},{\"@type\":\"Person\",\"@id\":\"https:\/\/www.aribau.es\/#\/schema\/person\/77a976898b3c705ed016499633f4ffd0\",\"name\":\"aribau\",\"image\":{\"@type\":\"ImageObject\",\"inLanguage\":\"ca\",\"@id\":\"https:\/\/www.aribau.es\/#\/schema\/person\/image\/\",\"url\":\"https:\/\/secure.gravatar.com\/avatar\/6690491f832d5b32aa9482b978c9464816810fbff0f6658034a34c9d9657b94e?s=96&d=mm&r=g\",\"contentUrl\":\"https:\/\/secure.gravatar.com\/avatar\/6690491f832d5b32aa9482b978c9464816810fbff0f6658034a34c9d9657b94e?s=96&d=mm&r=g\",\"caption\":\"aribau\"},\"url\":\"https:\/\/www.aribau.es\/ca\/author\/aribau\/\"}]}<\/script>\n<!-- \/ Yoast SEO plugin. -->","yoast_head_json":{"title":"Barcelona Wine Week, el mayor escaparate de vinos de calidad de nuestro pa\u00eds - Aribau","robots":{"index":"index","follow":"follow","max-snippet":"max-snippet:-1","max-image-preview":"max-image-preview:large","max-video-preview":"max-video-preview:-1"},"canonical":"https:\/\/www.aribau.es\/ca\/barcelona-wine-week-el-mayor-escaparate-de-vinos-de-calidad-de-nuestro-pais\/","og_locale":"ca_ES","og_type":"article","og_title":"Barcelona Wine Week, el mayor escaparate de vinos de calidad de nuestro pa\u00eds - Aribau","og_description":"La Barcelona Wine Week ha celebrado esta semana su segunda edici\u00f3n, con la participaci\u00f3n de 650 bodegas espa\u00f1olas, y m\u00e1s de 60 denominaciones de origen protegidas (DOP) y sellos de calidad, las cu\u00e1les han presentado alrededor de 800 referencias nuevas durante los tres d\u00edas de sal\u00f3n. La feria, con una clara inclinaci\u00f3n internacional, ha buscado ... Llegiu m\u00e9s","og_url":"https:\/\/www.aribau.es\/ca\/barcelona-wine-week-el-mayor-escaparate-de-vinos-de-calidad-de-nuestro-pais\/","og_site_name":"Aribau","article_publisher":"https:\/\/www.facebook.com\/aribau1964\/","article_published_time":"2022-04-07T12:29:27+00:00","article_modified_time":"2022-04-07T12:30:26+00:00","og_image":[{"width":1024,"height":680,"url":"https:\/\/www.aribau.es\/wp-content\/uploads\/2022\/04\/image-63-1568x1042-1-1024x680.png","type":"image\/png"}],"author":"aribau","twitter_card":"summary_large_image","twitter_creator":"@aribau1964","twitter_site":"@aribau1964","twitter_misc":{"Escrit per":"aribau","Temps estimat de lectura":"2 minuts"},"schema":{"@context":"https:\/\/schema.org","@graph":[{"@type":"Article","@id":"https:\/\/www.aribau.es\/barcelona-wine-week-el-mayor-escaparate-de-vinos-de-calidad-de-nuestro-pais\/#article","isPartOf":{"@id":"https:\/\/www.aribau.es\/barcelona-wine-week-el-mayor-escaparate-de-vinos-de-calidad-de-nuestro-pais\/"},"author":{"name":"aribau","@id":"https:\/\/www.aribau.es\/#\/schema\/person\/77a976898b3c705ed016499633f4ffd0"},"headline":"Barcelona Wine Week, el mayor escaparate de vinos de calidad de nuestro pa\u00eds","datePublished":"2022-04-07T12:29:27+00:00","dateModified":"2022-04-07T12:30:26+00:00","mainEntityOfPage":{"@id":"https:\/\/www.aribau.es\/barcelona-wine-week-el-mayor-escaparate-de-vinos-de-calidad-de-nuestro-pais\/"},"wordCount":426,"publisher":{"@id":"https:\/\/www.aribau.es\/#organization"},"image":{"@id":"https:\/\/www.aribau.es\/barcelona-wine-week-el-mayor-escaparate-de-vinos-de-calidad-de-nuestro-pais\/#primaryimage"},"thumbnailUrl":"https:\/\/www.aribau.es\/wp-content\/uploads\/2022\/04\/image-63-1568x1042-1.png","keywords":["Barcelona Wine Week","Bodegas","feria","Vinos"],"articleSection":["Noticias"],"inLanguage":"ca"},{"@type":"WebPage","@id":"https:\/\/www.aribau.es\/barcelona-wine-week-el-mayor-escaparate-de-vinos-de-calidad-de-nuestro-pais\/","url":"https:\/\/www.aribau.es\/barcelona-wine-week-el-mayor-escaparate-de-vinos-de-calidad-de-nuestro-pais\/","name":"Barcelona Wine Week, el mayor escaparate de vinos de calidad de nuestro pa\u00eds - Aribau","isPartOf":{"@id":"https:\/\/www.aribau.es\/#website"},"primaryImageOfPage":{"@id":"https:\/\/www.aribau.es\/barcelona-wine-week-el-mayor-escaparate-de-vinos-de-calidad-de-nuestro-pais\/#primaryimage"},"image":{"@id":"https:\/\/www.aribau.es\/barcelona-wine-week-el-mayor-escaparate-de-vinos-de-calidad-de-nuestro-pais\/#primaryimage"},"thumbnailUrl":"https:\/\/www.aribau.es\/wp-content\/uploads\/2022\/04\/image-63-1568x1042-1.png","datePublished":"2022-04-07T12:29:27+00:00","dateModified":"2022-04-07T12:30:26+00:00","breadcrumb":{"@id":"https:\/\/www.aribau.es\/barcelona-wine-week-el-mayor-escaparate-de-vinos-de-calidad-de-nuestro-pais\/#breadcrumb"},"inLanguage":"ca","potentialAction":[{"@type":"ReadAction","target":["https:\/\/www.aribau.es\/barcelona-wine-week-el-mayor-escaparate-de-vinos-de-calidad-de-nuestro-pais\/"]}]},{"@type":"ImageObject","inLanguage":"ca","@id":"https:\/\/www.aribau.es\/barcelona-wine-week-el-mayor-escaparate-de-vinos-de-calidad-de-nuestro-pais\/#primaryimage","url":"https:\/\/www.aribau.es\/wp-content\/uploads\/2022\/04\/image-63-1568x1042-1.png","contentUrl":"https:\/\/www.aribau.es\/wp-content\/uploads\/2022\/04\/image-63-1568x1042-1.png","width":1568,"height":1042},{"@type":"BreadcrumbList","@id":"https:\/\/www.aribau.es\/barcelona-wine-week-el-mayor-escaparate-de-vinos-de-calidad-de-nuestro-pais\/#breadcrumb","itemListElement":[{"@type":"ListItem","position":1,"name":"Portada","item":"https:\/\/www.aribau.es\/"},{"@type":"ListItem","position":2,"name":"Barcelona Wine Week, el mayor escaparate de vinos de calidad de nuestro pa\u00eds"}]},{"@type":"WebSite","@id":"https:\/\/www.aribau.es\/#website","url":"https:\/\/www.aribau.es\/","name":"Aribau","description":"VINOS Y BODEGAS","publisher":{"@id":"https:\/\/www.aribau.es\/#organization"},"potentialAction":[{"@type":"SearchAction","target":{"@type":"EntryPoint","urlTemplate":"https:\/\/www.aribau.es\/?s={search_term_string}"},"query-input":{"@type":"PropertyValueSpecification","valueRequired":true,"valueName":"search_term_string"}}],"inLanguage":"ca"},{"@type":"Organization","@id":"https:\/\/www.aribau.es\/#organization","name":"Aribau","url":"https:\/\/www.aribau.es\/","logo":{"@type":"ImageObject","inLanguage":"ca","@id":"https:\/\/www.aribau.es\/#\/schema\/logo\/image\/","url":"https:\/\/www.aribau.es\/wp-content\/uploads\/2022\/03\/logo.png","contentUrl":"https:\/\/www.aribau.es\/wp-content\/uploads\/2022\/03\/logo.png","width":300,"height":300,"caption":"Aribau"},"image":{"@id":"https:\/\/www.aribau.es\/#\/schema\/logo\/image\/"},"sameAs":["https:\/\/www.facebook.com\/aribau1964\/","https:\/\/x.com\/aribau1964","https:\/\/www.instagram.com\/aribau1964\/"]},{"@type":"Person","@id":"https:\/\/www.aribau.es\/#\/schema\/person\/77a976898b3c705ed016499633f4ffd0","name":"aribau","image":{"@type":"ImageObject","inLanguage":"ca","@id":"https:\/\/www.aribau.es\/#\/schema\/person\/image\/","url":"https:\/\/secure.gravatar.com\/avatar\/6690491f832d5b32aa9482b978c9464816810fbff0f6658034a34c9d9657b94e?s=96&d=mm&r=g","contentUrl":"https:\/\/secure.gravatar.com\/avatar\/6690491f832d5b32aa9482b978c9464816810fbff0f6658034a34c9d9657b94e?s=96&d=mm&r=g","caption":"aribau"},"url":"https:\/\/www.aribau.es\/ca\/author\/aribau\/"}]}},"_links":{"self":[{"href":"https:\/\/www.aribau.es\/ca\/wp-json\/wp\/v2\/posts\/12330","targetHints":{"allow":["GET"]}}],"collection":[{"href":"https:\/\/www.aribau.es\/ca\/wp-json\/wp\/v2\/posts"}],"about":[{"href":"https:\/\/www.aribau.es\/ca\/wp-json\/wp\/v2\/types\/post"}],"author":[{"embeddable":true,"href":"https:\/\/www.aribau.es\/ca\/wp-json\/wp\/v2\/users\/3"}],"replies":[{"embeddable":true,"href":"https:\/\/www.aribau.es\/ca\/wp-json\/wp\/v2\/comments?post=12330"}],"version-history":[{"count":1,"href":"https:\/\/www.aribau.es\/ca\/wp-json\/wp\/v2\/posts\/12330\/revisions"}],"predecessor-version":[{"id":12332,"href":"https:\/\/www.aribau.es\/ca\/wp-json\/wp\/v2\/posts\/12330\/revisions\/12332"}],"wp:featuredmedia":[{"embeddable":true,"href":"https:\/\/www.aribau.es\/ca\/wp-json\/wp\/v2\/media\/12331"}],"wp:attachment":[{"href":"https:\/\/www.aribau.es\/ca\/wp-json\/wp\/v2\/media?parent=12330"}],"wp:term":[{"taxonomy":"category","embeddable":true,"href":"https:\/\/www.aribau.es\/ca\/wp-json\/wp\/v2\/categories?post=12330"},{"taxonomy":"post_tag","embeddable":true,"href":"https:\/\/www.aribau.es\/ca\/wp-json\/wp\/v2\/tags?post=12330"}],"curies":[{"name":"wp","href":"https:\/\/api.w.org\/{rel}","templated":true}]}}