{"id":12490,"date":"2022-09-08T13:46:12","date_gmt":"2022-09-08T12:46:12","guid":{"rendered":"https:\/\/www.aribau.es\/?p=12490"},"modified":"2022-11-13T13:53:29","modified_gmt":"2022-11-13T12:53:29","slug":"5-claves-para-entender-mejor-el-momento-de-la-vendimia","status":"publish","type":"post","link":"https:\/\/www.aribau.es\/ca\/5-claves-para-entender-mejor-el-momento-de-la-vendimia\/","title":{"rendered":"5 CLAUS PER ENTENDRE MILLOR EL MOMENT DE LA VEREMA"},"content":{"rendered":"<p>Des de fa unes setmanes, ha anat comen\u00e7ant la verema en la majoria de les nostres zones vitivin\u00edcoles. La verema \u00e9s el moment m\u00e9s especial i a la seva vegada el m\u00e9s important, tret que \u00e9s el moment de recollir els fruits que amb tanta entrega els viticultors han estat cuidant tot l\u2019any.<\/p>\n<p>A continuaci\u00f3, os detallem algunes claus d\u2019aquest moment crucial.<\/p>\n<ol>\n<li><strong>\u00c8poca. <\/strong>El per\u00edode de verema varia segons la zona de producci\u00f3. Aqu\u00ed, a Espanya, es realitza entre agost i octubre, mentre que en l'hemisferi sud es recomana l'\u00e8poca de febrer a abril. Aquesta variaci\u00f3 es deu sobretot al grau de maduraci\u00f3 del ra\u00efm, que condiciona en gran manera el millor moment per a iniciar la verema.<strong>\u00a0<\/strong><\/li>\n<\/ol>\n<ol start=\"2\">\n<li><strong>Factors que influeixen en la maduraci\u00f3. <\/strong>El clima, el tipus de ra\u00efm, l'orientaci\u00f3 de la vinya, l'altitud, la proximitat a la mar o el tipus de s\u00f2l s\u00f3n factors a tenir en compte perqu\u00e8 s\u00f3n els principals elements que influiran el grau de maduresa del ra\u00efm i, per tant, en el moment de la verema. Les condicions meteorol\u00f2giques s\u00f3n crucials: si hi ha gelades, calamarses o pluges cont\u00ednues abans que el ra\u00efm aconsegueixin la plena maduresa, les conseq\u00fc\u00e8ncies poden ser nefastes, reduint els graus i fent malb\u00e9 part de la collita a causa de la podridura o la caiguda de baies.<strong>\u00a0<\/strong><\/li>\n<\/ol>\n<ol start=\"3\">\n<li><strong>Moment \u00f2ptim de maduraci\u00f3. <\/strong>Per arribar a aquest punt, els viticultors i en\u00f2legs, realitzen controls de maduraci\u00f3 del ra\u00efm entre agost i setembre. Aquests es duen a terme agafant els grans de ra\u00efm aleat\u00f2riament de cada vinya. A partir d'aqu\u00ed es realitzen els controls de concentraci\u00f3 de sucre i acidesa del ra\u00efm fent \u00fas d'un refract\u00f2metre; un petit aparell el qual prenent com a mostra una gota d'un ra\u00efm calcula la seva quantitat de sucre.<\/li>\n<\/ol>\n<ol start=\"4\">\n<li><strong>Tipus de verema.<\/strong> Existeixen dos m\u00e8todes: verema manual o mecanitzada. La verema manual \u00e9s utilitzada per a la producci\u00f3 de vi de major qualitat. Els ra\u00efms se seleccionen, la qual cosa implica un proc\u00e9s m\u00e9s lent que incrementa el cost de producci\u00f3 i el preu final del vi. La verema mec\u00e0nica, usada nom\u00e9s a cultius en espatllera i amb passadissos amplis entre vinyes, requereix de l'\u00fas de m\u00e0quines per a estalviar temps i preservar la qualitat del ra\u00efm en l'elaboraci\u00f3 dels seus vins de qualitat.<\/li>\n<\/ol>\n<ol start=\"5\">\n<li><strong>Tradici\u00f3 cultural i enoturisme. <\/strong>La verema posseeix una llarga tradici\u00f3 cultural que traspassa les parets del celler. \u00c9s un per\u00edode d'activitat fren\u00e8tica, per\u00f2 a la vegada, \u00e9s el moment m\u00e9s din\u00e0mic i sensorial dels cellers, on l'olor de les fermentacions excita els sentits. \u00c9s per aix\u00f2 que l'\u00e8poca de la verema \u00e9s perfecta per a practicar el enoturisme i endinsar-se en tots els processos de l'elaboraci\u00f3 del vi.<\/li>\n<\/ol>","protected":false},"excerpt":{"rendered":"<p>Desde hace unas semanas, ha ido arrancando la vendimia en la mayor\u00eda de nuestras zonas vitivin\u00edcolas. La vendimia es el momento m\u00e1s especial y a su vez m\u00e1s importante, pues es el momento de recoger los frutos que con tanta entrega los viticultores han estado cuidando todo el a\u00f1o. A continuaci\u00f3n, os detallamos algunas de &#8230; <a title=\"5 CLAUS PER ENTENDRE MILLOR EL MOMENT DE LA VEREMA\" class=\"read-more\" href=\"https:\/\/www.aribau.es\/ca\/5-claves-para-entender-mejor-el-momento-de-la-vendimia\/\" aria-label=\"M\u00e9s informaci\u00f3 sobre 5 CLAVES PARA ENTENDER MEJOR EL MOMENTO DE LA VENDIMIA\">Llegiu m\u00e9s<\/a><\/p>","protected":false},"author":3,"featured_media":12491,"comment_status":"closed","ping_status":"closed","sticky":false,"template":"","format":"standard","meta":{"footnotes":""},"categories":[406],"tags":[305,364,643,641,642],"class_list":["post-12490","post","type-post","status-publish","format-standard","has-post-thumbnail","hentry","category-noticias","tag-aribau","tag-bodega","tag-uva","tag-vendimia","tag-vinedo"],"yoast_head":"<!-- This site is optimized with the Yoast SEO plugin v26.7 - https:\/\/yoast.com\/wordpress\/plugins\/seo\/ -->\n<title>5 CLAVES PARA ENTENDER MEJOR EL MOMENTO DE LA VENDIMIA - Aribau<\/title>\n<meta name=\"robots\" content=\"index, follow, max-snippet:-1, max-image-preview:large, max-video-preview:-1\" \/>\n<link rel=\"canonical\" href=\"https:\/\/www.aribau.es\/ca\/5-claves-para-entender-mejor-el-momento-de-la-vendimia\/\" \/>\n<meta property=\"og:locale\" content=\"ca_ES\" \/>\n<meta property=\"og:type\" content=\"article\" \/>\n<meta property=\"og:title\" content=\"5 CLAVES PARA ENTENDER MEJOR EL MOMENTO DE LA VENDIMIA - Aribau\" \/>\n<meta property=\"og:description\" content=\"Desde hace unas semanas, ha ido arrancando la vendimia en la mayor\u00eda de nuestras zonas vitivin\u00edcolas. La vendimia es el momento m\u00e1s especial y a su vez m\u00e1s importante, pues es el momento de recoger los frutos que con tanta entrega los viticultores han estado cuidando todo el a\u00f1o. A continuaci\u00f3n, os detallamos algunas de ... Llegiu m\u00e9s\" \/>\n<meta property=\"og:url\" content=\"https:\/\/www.aribau.es\/ca\/5-claves-para-entender-mejor-el-momento-de-la-vendimia\/\" \/>\n<meta property=\"og:site_name\" content=\"Aribau\" \/>\n<meta property=\"article:publisher\" content=\"https:\/\/www.facebook.com\/aribau1964\/\" \/>\n<meta property=\"article:published_time\" content=\"2022-09-08T12:46:12+00:00\" \/>\n<meta property=\"article:modified_time\" content=\"2022-11-13T12:53:29+00:00\" \/>\n<meta property=\"og:image\" content=\"https:\/\/www.aribau.es\/wp-content\/uploads\/2022\/11\/vendimia_aribau-1.png\" \/>\n\t<meta property=\"og:image:width\" content=\"1748\" \/>\n\t<meta property=\"og:image:height\" content=\"1240\" \/>\n\t<meta property=\"og:image:type\" content=\"image\/png\" \/>\n<meta name=\"author\" content=\"aribau\" \/>\n<meta name=\"twitter:card\" content=\"summary_large_image\" \/>\n<meta name=\"twitter:creator\" content=\"@aribau1964\" \/>\n<meta name=\"twitter:site\" content=\"@aribau1964\" \/>\n<meta name=\"twitter:label1\" content=\"Escrit per\" \/>\n\t<meta name=\"twitter:data1\" content=\"aribau\" \/>\n\t<meta name=\"twitter:label2\" content=\"Temps estimat de lectura\" \/>\n\t<meta name=\"twitter:data2\" content=\"3 minuts\" \/>\n<script type=\"application\/ld+json\" class=\"yoast-schema-graph\">{\"@context\":\"https:\/\/schema.org\",\"@graph\":[{\"@type\":\"Article\",\"@id\":\"https:\/\/www.aribau.es\/5-claves-para-entender-mejor-el-momento-de-la-vendimia\/#article\",\"isPartOf\":{\"@id\":\"https:\/\/www.aribau.es\/5-claves-para-entender-mejor-el-momento-de-la-vendimia\/\"},\"author\":{\"name\":\"aribau\",\"@id\":\"https:\/\/www.aribau.es\/#\/schema\/person\/77a976898b3c705ed016499633f4ffd0\"},\"headline\":\"5 CLAVES PARA ENTENDER MEJOR EL MOMENTO DE LA VENDIMIA\",\"datePublished\":\"2022-09-08T12:46:12+00:00\",\"dateModified\":\"2022-11-13T12:53:29+00:00\",\"mainEntityOfPage\":{\"@id\":\"https:\/\/www.aribau.es\/5-claves-para-entender-mejor-el-momento-de-la-vendimia\/\"},\"wordCount\":511,\"publisher\":{\"@id\":\"https:\/\/www.aribau.es\/#organization\"},\"image\":{\"@id\":\"https:\/\/www.aribau.es\/5-claves-para-entender-mejor-el-momento-de-la-vendimia\/#primaryimage\"},\"thumbnailUrl\":\"https:\/\/www.aribau.es\/wp-content\/uploads\/2022\/11\/vendimia_aribau-1.png\",\"keywords\":[\"Aribau\",\"bodega\",\"uva\",\"vendimia\",\"vi\u00f1edo\"],\"articleSection\":[\"Noticias\"],\"inLanguage\":\"ca\"},{\"@type\":\"WebPage\",\"@id\":\"https:\/\/www.aribau.es\/5-claves-para-entender-mejor-el-momento-de-la-vendimia\/\",\"url\":\"https:\/\/www.aribau.es\/5-claves-para-entender-mejor-el-momento-de-la-vendimia\/\",\"name\":\"5 CLAVES PARA ENTENDER MEJOR EL MOMENTO DE LA VENDIMIA - Aribau\",\"isPartOf\":{\"@id\":\"https:\/\/www.aribau.es\/#website\"},\"primaryImageOfPage\":{\"@id\":\"https:\/\/www.aribau.es\/5-claves-para-entender-mejor-el-momento-de-la-vendimia\/#primaryimage\"},\"image\":{\"@id\":\"https:\/\/www.aribau.es\/5-claves-para-entender-mejor-el-momento-de-la-vendimia\/#primaryimage\"},\"thumbnailUrl\":\"https:\/\/www.aribau.es\/wp-content\/uploads\/2022\/11\/vendimia_aribau-1.png\",\"datePublished\":\"2022-09-08T12:46:12+00:00\",\"dateModified\":\"2022-11-13T12:53:29+00:00\",\"breadcrumb\":{\"@id\":\"https:\/\/www.aribau.es\/5-claves-para-entender-mejor-el-momento-de-la-vendimia\/#breadcrumb\"},\"inLanguage\":\"ca\",\"potentialAction\":[{\"@type\":\"ReadAction\",\"target\":[\"https:\/\/www.aribau.es\/5-claves-para-entender-mejor-el-momento-de-la-vendimia\/\"]}]},{\"@type\":\"ImageObject\",\"inLanguage\":\"ca\",\"@id\":\"https:\/\/www.aribau.es\/5-claves-para-entender-mejor-el-momento-de-la-vendimia\/#primaryimage\",\"url\":\"https:\/\/www.aribau.es\/wp-content\/uploads\/2022\/11\/vendimia_aribau-1.png\",\"contentUrl\":\"https:\/\/www.aribau.es\/wp-content\/uploads\/2022\/11\/vendimia_aribau-1.png\",\"width\":1748,\"height\":1240},{\"@type\":\"BreadcrumbList\",\"@id\":\"https:\/\/www.aribau.es\/5-claves-para-entender-mejor-el-momento-de-la-vendimia\/#breadcrumb\",\"itemListElement\":[{\"@type\":\"ListItem\",\"position\":1,\"name\":\"Portada\",\"item\":\"https:\/\/www.aribau.es\/\"},{\"@type\":\"ListItem\",\"position\":2,\"name\":\"5 CLAVES PARA ENTENDER MEJOR EL MOMENTO DE LA VENDIMIA\"}]},{\"@type\":\"WebSite\",\"@id\":\"https:\/\/www.aribau.es\/#website\",\"url\":\"https:\/\/www.aribau.es\/\",\"name\":\"Aribau\",\"description\":\"VINOS Y BODEGAS\",\"publisher\":{\"@id\":\"https:\/\/www.aribau.es\/#organization\"},\"potentialAction\":[{\"@type\":\"SearchAction\",\"target\":{\"@type\":\"EntryPoint\",\"urlTemplate\":\"https:\/\/www.aribau.es\/?s={search_term_string}\"},\"query-input\":{\"@type\":\"PropertyValueSpecification\",\"valueRequired\":true,\"valueName\":\"search_term_string\"}}],\"inLanguage\":\"ca\"},{\"@type\":\"Organization\",\"@id\":\"https:\/\/www.aribau.es\/#organization\",\"name\":\"Aribau\",\"url\":\"https:\/\/www.aribau.es\/\",\"logo\":{\"@type\":\"ImageObject\",\"inLanguage\":\"ca\",\"@id\":\"https:\/\/www.aribau.es\/#\/schema\/logo\/image\/\",\"url\":\"https:\/\/www.aribau.es\/wp-content\/uploads\/2022\/03\/logo.png\",\"contentUrl\":\"https:\/\/www.aribau.es\/wp-content\/uploads\/2022\/03\/logo.png\",\"width\":300,\"height\":300,\"caption\":\"Aribau\"},\"image\":{\"@id\":\"https:\/\/www.aribau.es\/#\/schema\/logo\/image\/\"},\"sameAs\":[\"https:\/\/www.facebook.com\/aribau1964\/\",\"https:\/\/x.com\/aribau1964\",\"https:\/\/www.instagram.com\/aribau1964\/\"]},{\"@type\":\"Person\",\"@id\":\"https:\/\/www.aribau.es\/#\/schema\/person\/77a976898b3c705ed016499633f4ffd0\",\"name\":\"aribau\",\"image\":{\"@type\":\"ImageObject\",\"inLanguage\":\"ca\",\"@id\":\"https:\/\/www.aribau.es\/#\/schema\/person\/image\/\",\"url\":\"https:\/\/secure.gravatar.com\/avatar\/6690491f832d5b32aa9482b978c9464816810fbff0f6658034a34c9d9657b94e?s=96&d=mm&r=g\",\"contentUrl\":\"https:\/\/secure.gravatar.com\/avatar\/6690491f832d5b32aa9482b978c9464816810fbff0f6658034a34c9d9657b94e?s=96&d=mm&r=g\",\"caption\":\"aribau\"},\"url\":\"https:\/\/www.aribau.es\/ca\/author\/aribau\/\"}]}<\/script>\n<!-- \/ Yoast SEO plugin. -->","yoast_head_json":{"title":"5 CLAVES PARA ENTENDER MEJOR EL MOMENTO DE LA VENDIMIA - Aribau","robots":{"index":"index","follow":"follow","max-snippet":"max-snippet:-1","max-image-preview":"max-image-preview:large","max-video-preview":"max-video-preview:-1"},"canonical":"https:\/\/www.aribau.es\/ca\/5-claves-para-entender-mejor-el-momento-de-la-vendimia\/","og_locale":"ca_ES","og_type":"article","og_title":"5 CLAVES PARA ENTENDER MEJOR EL MOMENTO DE LA VENDIMIA - Aribau","og_description":"Desde hace unas semanas, ha ido arrancando la vendimia en la mayor\u00eda de nuestras zonas vitivin\u00edcolas. La vendimia es el momento m\u00e1s especial y a su vez m\u00e1s importante, pues es el momento de recoger los frutos que con tanta entrega los viticultores han estado cuidando todo el a\u00f1o. A continuaci\u00f3n, os detallamos algunas de ... Llegiu m\u00e9s","og_url":"https:\/\/www.aribau.es\/ca\/5-claves-para-entender-mejor-el-momento-de-la-vendimia\/","og_site_name":"Aribau","article_publisher":"https:\/\/www.facebook.com\/aribau1964\/","article_published_time":"2022-09-08T12:46:12+00:00","article_modified_time":"2022-11-13T12:53:29+00:00","og_image":[{"width":1748,"height":1240,"url":"https:\/\/www.aribau.es\/wp-content\/uploads\/2022\/11\/vendimia_aribau-1.png","type":"image\/png"}],"author":"aribau","twitter_card":"summary_large_image","twitter_creator":"@aribau1964","twitter_site":"@aribau1964","twitter_misc":{"Escrit per":"aribau","Temps estimat de lectura":"3 minuts"},"schema":{"@context":"https:\/\/schema.org","@graph":[{"@type":"Article","@id":"https:\/\/www.aribau.es\/5-claves-para-entender-mejor-el-momento-de-la-vendimia\/#article","isPartOf":{"@id":"https:\/\/www.aribau.es\/5-claves-para-entender-mejor-el-momento-de-la-vendimia\/"},"author":{"name":"aribau","@id":"https:\/\/www.aribau.es\/#\/schema\/person\/77a976898b3c705ed016499633f4ffd0"},"headline":"5 CLAVES PARA ENTENDER MEJOR EL MOMENTO DE LA VENDIMIA","datePublished":"2022-09-08T12:46:12+00:00","dateModified":"2022-11-13T12:53:29+00:00","mainEntityOfPage":{"@id":"https:\/\/www.aribau.es\/5-claves-para-entender-mejor-el-momento-de-la-vendimia\/"},"wordCount":511,"publisher":{"@id":"https:\/\/www.aribau.es\/#organization"},"image":{"@id":"https:\/\/www.aribau.es\/5-claves-para-entender-mejor-el-momento-de-la-vendimia\/#primaryimage"},"thumbnailUrl":"https:\/\/www.aribau.es\/wp-content\/uploads\/2022\/11\/vendimia_aribau-1.png","keywords":["Aribau","bodega","uva","vendimia","vi\u00f1edo"],"articleSection":["Noticias"],"inLanguage":"ca"},{"@type":"WebPage","@id":"https:\/\/www.aribau.es\/5-claves-para-entender-mejor-el-momento-de-la-vendimia\/","url":"https:\/\/www.aribau.es\/5-claves-para-entender-mejor-el-momento-de-la-vendimia\/","name":"5 CLAVES PARA ENTENDER MEJOR EL MOMENTO DE LA VENDIMIA - Aribau","isPartOf":{"@id":"https:\/\/www.aribau.es\/#website"},"primaryImageOfPage":{"@id":"https:\/\/www.aribau.es\/5-claves-para-entender-mejor-el-momento-de-la-vendimia\/#primaryimage"},"image":{"@id":"https:\/\/www.aribau.es\/5-claves-para-entender-mejor-el-momento-de-la-vendimia\/#primaryimage"},"thumbnailUrl":"https:\/\/www.aribau.es\/wp-content\/uploads\/2022\/11\/vendimia_aribau-1.png","datePublished":"2022-09-08T12:46:12+00:00","dateModified":"2022-11-13T12:53:29+00:00","breadcrumb":{"@id":"https:\/\/www.aribau.es\/5-claves-para-entender-mejor-el-momento-de-la-vendimia\/#breadcrumb"},"inLanguage":"ca","potentialAction":[{"@type":"ReadAction","target":["https:\/\/www.aribau.es\/5-claves-para-entender-mejor-el-momento-de-la-vendimia\/"]}]},{"@type":"ImageObject","inLanguage":"ca","@id":"https:\/\/www.aribau.es\/5-claves-para-entender-mejor-el-momento-de-la-vendimia\/#primaryimage","url":"https:\/\/www.aribau.es\/wp-content\/uploads\/2022\/11\/vendimia_aribau-1.png","contentUrl":"https:\/\/www.aribau.es\/wp-content\/uploads\/2022\/11\/vendimia_aribau-1.png","width":1748,"height":1240},{"@type":"BreadcrumbList","@id":"https:\/\/www.aribau.es\/5-claves-para-entender-mejor-el-momento-de-la-vendimia\/#breadcrumb","itemListElement":[{"@type":"ListItem","position":1,"name":"Portada","item":"https:\/\/www.aribau.es\/"},{"@type":"ListItem","position":2,"name":"5 CLAVES PARA ENTENDER MEJOR EL MOMENTO DE LA VENDIMIA"}]},{"@type":"WebSite","@id":"https:\/\/www.aribau.es\/#website","url":"https:\/\/www.aribau.es\/","name":"Aribau","description":"VINOS Y BODEGAS","publisher":{"@id":"https:\/\/www.aribau.es\/#organization"},"potentialAction":[{"@type":"SearchAction","target":{"@type":"EntryPoint","urlTemplate":"https:\/\/www.aribau.es\/?s={search_term_string}"},"query-input":{"@type":"PropertyValueSpecification","valueRequired":true,"valueName":"search_term_string"}}],"inLanguage":"ca"},{"@type":"Organization","@id":"https:\/\/www.aribau.es\/#organization","name":"Aribau","url":"https:\/\/www.aribau.es\/","logo":{"@type":"ImageObject","inLanguage":"ca","@id":"https:\/\/www.aribau.es\/#\/schema\/logo\/image\/","url":"https:\/\/www.aribau.es\/wp-content\/uploads\/2022\/03\/logo.png","contentUrl":"https:\/\/www.aribau.es\/wp-content\/uploads\/2022\/03\/logo.png","width":300,"height":300,"caption":"Aribau"},"image":{"@id":"https:\/\/www.aribau.es\/#\/schema\/logo\/image\/"},"sameAs":["https:\/\/www.facebook.com\/aribau1964\/","https:\/\/x.com\/aribau1964","https:\/\/www.instagram.com\/aribau1964\/"]},{"@type":"Person","@id":"https:\/\/www.aribau.es\/#\/schema\/person\/77a976898b3c705ed016499633f4ffd0","name":"aribau","image":{"@type":"ImageObject","inLanguage":"ca","@id":"https:\/\/www.aribau.es\/#\/schema\/person\/image\/","url":"https:\/\/secure.gravatar.com\/avatar\/6690491f832d5b32aa9482b978c9464816810fbff0f6658034a34c9d9657b94e?s=96&d=mm&r=g","contentUrl":"https:\/\/secure.gravatar.com\/avatar\/6690491f832d5b32aa9482b978c9464816810fbff0f6658034a34c9d9657b94e?s=96&d=mm&r=g","caption":"aribau"},"url":"https:\/\/www.aribau.es\/ca\/author\/aribau\/"}]}},"_links":{"self":[{"href":"https:\/\/www.aribau.es\/ca\/wp-json\/wp\/v2\/posts\/12490","targetHints":{"allow":["GET"]}}],"collection":[{"href":"https:\/\/www.aribau.es\/ca\/wp-json\/wp\/v2\/posts"}],"about":[{"href":"https:\/\/www.aribau.es\/ca\/wp-json\/wp\/v2\/types\/post"}],"author":[{"embeddable":true,"href":"https:\/\/www.aribau.es\/ca\/wp-json\/wp\/v2\/users\/3"}],"replies":[{"embeddable":true,"href":"https:\/\/www.aribau.es\/ca\/wp-json\/wp\/v2\/comments?post=12490"}],"version-history":[{"count":6,"href":"https:\/\/www.aribau.es\/ca\/wp-json\/wp\/v2\/posts\/12490\/revisions"}],"predecessor-version":[{"id":12497,"href":"https:\/\/www.aribau.es\/ca\/wp-json\/wp\/v2\/posts\/12490\/revisions\/12497"}],"wp:featuredmedia":[{"embeddable":true,"href":"https:\/\/www.aribau.es\/ca\/wp-json\/wp\/v2\/media\/12491"}],"wp:attachment":[{"href":"https:\/\/www.aribau.es\/ca\/wp-json\/wp\/v2\/media?parent=12490"}],"wp:term":[{"taxonomy":"category","embeddable":true,"href":"https:\/\/www.aribau.es\/ca\/wp-json\/wp\/v2\/categories?post=12490"},{"taxonomy":"post_tag","embeddable":true,"href":"https:\/\/www.aribau.es\/ca\/wp-json\/wp\/v2\/tags?post=12490"}],"curies":[{"name":"wp","href":"https:\/\/api.w.org\/{rel}","templated":true}]}}