{"id":12538,"date":"2022-12-23T09:48:18","date_gmt":"2022-12-23T08:48:18","guid":{"rendered":"https:\/\/www.aribau.es\/?p=12538"},"modified":"2022-12-23T09:52:51","modified_gmt":"2022-12-23T08:52:51","slug":"disfruta-de-estas-fiestas-con-los-vinos-de-aribau","status":"publish","type":"post","link":"https:\/\/www.aribau.es\/ca\/disfruta-de-estas-fiestas-con-los-vinos-de-aribau\/","title":{"rendered":"GAUDEIX D'AQUESTES FESTES AMB ELS VINS D'ARIBAU"},"content":{"rendered":"<p>Ja estem emocionats per les celebracions nadalenques! A les portes del 2023, \u00e9s el moment perfecte per reflexionar sobre l'any que acaba i establir noves metes per al proper any. Per\u00f2 tamb\u00e9 \u00e9s una oportunitat per gaudir amb la fam\u00edlia i els amics. Des d'Aribau, estem conven\u00e7uts que <strong>la nostra selecci\u00f3 de vins<\/strong> t'ajudar\u00e0 a comen\u00e7ar l'any de la millor manera possible i a gaudir al m\u00e0xim d'aquest Nadal. Bones festes!<\/p>\n<p>&nbsp;<\/p>\n<p><strong>Comencem amb un vermut?<\/strong><\/p>\n<p><a href=\"https:\/\/www.aribau.es\/wp-content\/uploads\/2014\/06\/bertsolari-e1475666068440.jpg\"><img decoding=\"async\" class=\"wp-image-4198 alignleft\" src=\"https:\/\/www.aribau.es\/wp-content\/uploads\/2014\/06\/bertsolari-121x300.jpg\" alt=\"\" width=\"86\" height=\"213\" \/><\/a>No se'ns acudeix una millor manera de comen\u00e7ar els nostres sopars o dinars nadalencs que amb el vermut Bersolari! \u00c9s conegut pel seu sabor complex i gastron\u00f2mic gr\u00e0cies als seus 40 bot\u00e0nics. El seu sabor \u00e9s llarg, intens i persistent, cosa que el fa ideal per gaudir-lo lentament i apreciar tots els matisos del seu sabor. Per acompanyar el teu vermut Bersolari, et proposo un maridatge amb alguns aperitius nadalencs com olives, pernil salat, formatge manxec o croquetes. Tamb\u00e9 quedaria molt b\u00e9 amb algun plat de peix a la planxa o marisc, o fins i tot amb una amanida verda. Espero que ho gaudeixis!<\/p>\n<p>&nbsp;<\/p>\n<p><strong>Passem als entrants amb el I Tant Blanc<a href=\"https:\/\/www.aribau.es\/wp-content\/uploads\/2021\/08\/i_tant_garnatxa_blanca_low_res.jpg\"><img decoding=\"async\" class=\"wp-image-11927 alignright\" src=\"https:\/\/www.aribau.es\/wp-content\/uploads\/2021\/08\/i_tant_garnatxa_blanca_low_res-105x300.jpg\" alt=\"\" width=\"81\" height=\"231\" srcset=\"https:\/\/www.aribau.es\/wp-content\/uploads\/2021\/08\/i_tant_garnatxa_blanca_low_res-105x300.jpg 105w, https:\/\/www.aribau.es\/wp-content\/uploads\/2021\/08\/i_tant_garnatxa_blanca_low_res-359x1024.jpg 359w, https:\/\/www.aribau.es\/wp-content\/uploads\/2021\/08\/i_tant_garnatxa_blanca_low_res-4x12.jpg 4w, https:\/\/www.aribau.es\/wp-content\/uploads\/2021\/08\/i_tant_garnatxa_blanca_low_res.jpg 436w\" sizes=\"(max-width: 81px) 100vw, 81px\" \/><\/a><\/strong><\/p>\n<p>Un vi blanc fresc i agradable per acompanyar els entrants dels sopars nadalencs \u00e9s el I Tant Blanc, una garnatxa blanca de la DO Terra Alta. \u00c9s una excel\u00b7lent opci\u00f3 per gaudir durant les celebracions nadalenques. Aquesta garnatxa blanca t\u00e9 una crian\u00e7a suau que combina perfectament amb la salinitat dels terrenys de cultiu d'aquesta regi\u00f3.<\/p>\n<p>&nbsp;<\/p>\n<p><strong><a href=\"https:\/\/www.aribau.es\/wp-content\/uploads\/2021\/02\/marsaladatinto.jpg\"><img decoding=\"async\" class=\"wp-image-7251 alignleft\" src=\"https:\/\/www.aribau.es\/wp-content\/uploads\/2021\/02\/marsaladatinto-121x300.jpg\" alt=\"\" width=\"82\" height=\"203\" srcset=\"https:\/\/www.aribau.es\/wp-content\/uploads\/2021\/02\/marsaladatinto-121x300.jpg 121w, https:\/\/www.aribau.es\/wp-content\/uploads\/2021\/02\/marsaladatinto.jpg 322w\" sizes=\"(max-width: 82px) 100vw, 82px\" \/><\/a>Gaudint del plat principal amb el Mar Salada Negre<\/strong><\/p>\n<p>Passem ara al plat principal amb el Mar Salada negre. Amb un atractiu color vermell violaci i aromes intenses de fruits vermells i negres, aquest vi \u00e9s suau i equilibrat a la boca, amb un postgust llarg. El vi Mar Salada negre \u00e9s ideal per acompanyar carns vermelles i blanques, guisades o rostides, encara que tamb\u00e9 queda molt b\u00e9 amb formatges curats i semicurats, embotits, bolets i cargols. Si vols apostar per altres opcions, tamb\u00e9 el pots maridar amb un plat d'arr\u00f2s cald\u00f3s o amb els cl\u00e0ssics canelons farcits de carn.<\/p>\n<p><strong>\u00a0<\/strong><\/p>\n<p><strong>Brindem amb el I Tant Cava Brut Nature Reserva!<a href=\"https:\/\/www.aribau.es\/wp-content\/uploads\/2021\/02\/i_tant_brut_nature_low_res-1.jpg\"><img loading=\"lazy\" decoding=\"async\" class=\"wp-image-7312 alignright\" src=\"https:\/\/www.aribau.es\/wp-content\/uploads\/2021\/02\/i_tant_brut_nature_low_res-1-88x300.jpg\" alt=\"\" width=\"68\" height=\"232\" srcset=\"https:\/\/www.aribau.es\/wp-content\/uploads\/2021\/02\/i_tant_brut_nature_low_res-1-88x300.jpg 88w, https:\/\/www.aribau.es\/wp-content\/uploads\/2021\/02\/i_tant_brut_nature_low_res-1.jpg 183w\" sizes=\"(max-width: 68px) 100vw, 68px\" \/><\/a><\/strong><\/p>\n<p>Tot i que es pot servir al final del dinar, l'I Tant Brut Nature Reserva \u00e9s una opci\u00f3 vers\u00e0til que s'adapta perfectament al men\u00fa nadalenc. Si sou dels que gaudiu menjant amb cava, us encantar\u00e0 aquesta opci\u00f3, elaborada a base de tres varietats aut\u00f2ctones del Pened\u00e8s: xarel\u00b7lo, macabeu i parellada. Amb bombolla fina i crian\u00e7a, \u00e9s ideal per brindar al final del sopar o per acompanyar qualsevol plat que se serveixi.<\/p>\n<p>&nbsp;<\/p>\n<p>Esperem que passis unes festes inoblidables i que somi\u00efs amb el proper any. Bon Nadal!<\/p>","protected":false},"excerpt":{"rendered":"<p>\u00a1Ya estamos emocionados por las celebraciones navide\u00f1as! A las puertas de 2023, es el momento perfecto para reflexionar sobre el a\u00f1o que termina y establecer nuevas metas para el pr\u00f3ximo a\u00f1o. Pero tambi\u00e9n es una oportunidad para disfrutar con la familia y los amigos. Desde Aribau, estamos convencidos de que nuestra selecci\u00f3n de vinos te &#8230; <a title=\"GAUDEIX D&#039;AQUESTES FESTES AMB ELS VINS D&#039;ARIBAU\" class=\"read-more\" href=\"https:\/\/www.aribau.es\/ca\/disfruta-de-estas-fiestas-con-los-vinos-de-aribau\/\" aria-label=\"M\u00e9s informaci\u00f3 sobre DISFRUTA DE ESTAS FIESTAS CON LOS VINOS DE ARIBAU\">Llegiu m\u00e9s<\/a><\/p>","protected":false},"author":3,"featured_media":12539,"comment_status":"closed","ping_status":"closed","sticky":false,"template":"","format":"standard","meta":{"footnotes":""},"categories":[406],"tags":[647,305,439,440,396,431,368],"class_list":["post-12538","post","type-post","status-publish","format-standard","has-post-thumbnail","hentry","category-noticias","tag-647","tag-aribau","tag-bertsolari","tag-i-tant","tag-mar-salada","tag-navidad","tag-vino"],"yoast_head":"<!-- This site is optimized with the Yoast SEO plugin v26.7 - https:\/\/yoast.com\/wordpress\/plugins\/seo\/ -->\n<title>DISFRUTA DE ESTAS FIESTAS CON LOS VINOS DE ARIBAU - Aribau<\/title>\n<meta name=\"robots\" content=\"index, follow, max-snippet:-1, max-image-preview:large, max-video-preview:-1\" \/>\n<link rel=\"canonical\" href=\"https:\/\/www.aribau.es\/ca\/disfruta-de-estas-fiestas-con-los-vinos-de-aribau\/\" \/>\n<meta property=\"og:locale\" content=\"ca_ES\" \/>\n<meta property=\"og:type\" content=\"article\" \/>\n<meta property=\"og:title\" content=\"DISFRUTA DE ESTAS FIESTAS CON LOS VINOS DE ARIBAU - Aribau\" \/>\n<meta property=\"og:description\" content=\"\u00a1Ya estamos emocionados por las celebraciones navide\u00f1as! A las puertas de 2023, es el momento perfecto para reflexionar sobre el a\u00f1o que termina y establecer nuevas metas para el pr\u00f3ximo a\u00f1o. Pero tambi\u00e9n es una oportunidad para disfrutar con la familia y los amigos. Desde Aribau, estamos convencidos de que nuestra selecci\u00f3n de vinos te ... Llegiu m\u00e9s\" \/>\n<meta property=\"og:url\" content=\"https:\/\/www.aribau.es\/ca\/disfruta-de-estas-fiestas-con-los-vinos-de-aribau\/\" \/>\n<meta property=\"og:site_name\" content=\"Aribau\" \/>\n<meta property=\"article:publisher\" content=\"https:\/\/www.facebook.com\/aribau1964\/\" \/>\n<meta property=\"article:published_time\" content=\"2022-12-23T08:48:18+00:00\" \/>\n<meta property=\"article:modified_time\" content=\"2022-12-23T08:52:51+00:00\" \/>\n<meta property=\"og:image\" content=\"https:\/\/www.aribau.es\/wp-content\/uploads\/2022\/12\/270292418_1849593401897063_8490480997141247065_n.jpg\" \/>\n\t<meta property=\"og:image:width\" content=\"1057\" \/>\n\t<meta property=\"og:image:height\" content=\"999\" \/>\n\t<meta property=\"og:image:type\" content=\"image\/jpeg\" \/>\n<meta name=\"author\" content=\"aribau\" \/>\n<meta name=\"twitter:card\" content=\"summary_large_image\" \/>\n<meta name=\"twitter:creator\" content=\"@aribau1964\" \/>\n<meta name=\"twitter:site\" content=\"@aribau1964\" \/>\n<meta name=\"twitter:label1\" content=\"Escrit per\" \/>\n\t<meta name=\"twitter:data1\" content=\"aribau\" \/>\n\t<meta name=\"twitter:label2\" content=\"Temps estimat de lectura\" \/>\n\t<meta name=\"twitter:data2\" content=\"2 minuts\" \/>\n<script type=\"application\/ld+json\" class=\"yoast-schema-graph\">{\"@context\":\"https:\/\/schema.org\",\"@graph\":[{\"@type\":\"Article\",\"@id\":\"https:\/\/www.aribau.es\/disfruta-de-estas-fiestas-con-los-vinos-de-aribau\/#article\",\"isPartOf\":{\"@id\":\"https:\/\/www.aribau.es\/disfruta-de-estas-fiestas-con-los-vinos-de-aribau\/\"},\"author\":{\"name\":\"aribau\",\"@id\":\"https:\/\/www.aribau.es\/#\/schema\/person\/77a976898b3c705ed016499633f4ffd0\"},\"headline\":\"DISFRUTA DE ESTAS FIESTAS CON LOS VINOS DE ARIBAU\",\"datePublished\":\"2022-12-23T08:48:18+00:00\",\"dateModified\":\"2022-12-23T08:52:51+00:00\",\"mainEntityOfPage\":{\"@id\":\"https:\/\/www.aribau.es\/disfruta-de-estas-fiestas-con-los-vinos-de-aribau\/\"},\"wordCount\":492,\"publisher\":{\"@id\":\"https:\/\/www.aribau.es\/#organization\"},\"image\":{\"@id\":\"https:\/\/www.aribau.es\/disfruta-de-estas-fiestas-con-los-vinos-de-aribau\/#primaryimage\"},\"thumbnailUrl\":\"https:\/\/www.aribau.es\/wp-content\/uploads\/2022\/12\/270292418_1849593401897063_8490480997141247065_n.jpg\",\"keywords\":[\"2023\",\"Aribau\",\"Bertsolari\",\"I Tant\",\"Mar Salada\",\"Navidad\",\"vino\"],\"articleSection\":[\"Noticias\"],\"inLanguage\":\"ca\"},{\"@type\":\"WebPage\",\"@id\":\"https:\/\/www.aribau.es\/disfruta-de-estas-fiestas-con-los-vinos-de-aribau\/\",\"url\":\"https:\/\/www.aribau.es\/disfruta-de-estas-fiestas-con-los-vinos-de-aribau\/\",\"name\":\"DISFRUTA DE ESTAS FIESTAS CON LOS VINOS DE ARIBAU - Aribau\",\"isPartOf\":{\"@id\":\"https:\/\/www.aribau.es\/#website\"},\"primaryImageOfPage\":{\"@id\":\"https:\/\/www.aribau.es\/disfruta-de-estas-fiestas-con-los-vinos-de-aribau\/#primaryimage\"},\"image\":{\"@id\":\"https:\/\/www.aribau.es\/disfruta-de-estas-fiestas-con-los-vinos-de-aribau\/#primaryimage\"},\"thumbnailUrl\":\"https:\/\/www.aribau.es\/wp-content\/uploads\/2022\/12\/270292418_1849593401897063_8490480997141247065_n.jpg\",\"datePublished\":\"2022-12-23T08:48:18+00:00\",\"dateModified\":\"2022-12-23T08:52:51+00:00\",\"breadcrumb\":{\"@id\":\"https:\/\/www.aribau.es\/disfruta-de-estas-fiestas-con-los-vinos-de-aribau\/#breadcrumb\"},\"inLanguage\":\"ca\",\"potentialAction\":[{\"@type\":\"ReadAction\",\"target\":[\"https:\/\/www.aribau.es\/disfruta-de-estas-fiestas-con-los-vinos-de-aribau\/\"]}]},{\"@type\":\"ImageObject\",\"inLanguage\":\"ca\",\"@id\":\"https:\/\/www.aribau.es\/disfruta-de-estas-fiestas-con-los-vinos-de-aribau\/#primaryimage\",\"url\":\"https:\/\/www.aribau.es\/wp-content\/uploads\/2022\/12\/270292418_1849593401897063_8490480997141247065_n.jpg\",\"contentUrl\":\"https:\/\/www.aribau.es\/wp-content\/uploads\/2022\/12\/270292418_1849593401897063_8490480997141247065_n.jpg\",\"width\":1057,\"height\":999},{\"@type\":\"BreadcrumbList\",\"@id\":\"https:\/\/www.aribau.es\/disfruta-de-estas-fiestas-con-los-vinos-de-aribau\/#breadcrumb\",\"itemListElement\":[{\"@type\":\"ListItem\",\"position\":1,\"name\":\"Portada\",\"item\":\"https:\/\/www.aribau.es\/\"},{\"@type\":\"ListItem\",\"position\":2,\"name\":\"DISFRUTA DE ESTAS FIESTAS CON LOS VINOS DE ARIBAU\"}]},{\"@type\":\"WebSite\",\"@id\":\"https:\/\/www.aribau.es\/#website\",\"url\":\"https:\/\/www.aribau.es\/\",\"name\":\"Aribau\",\"description\":\"VINOS Y BODEGAS\",\"publisher\":{\"@id\":\"https:\/\/www.aribau.es\/#organization\"},\"potentialAction\":[{\"@type\":\"SearchAction\",\"target\":{\"@type\":\"EntryPoint\",\"urlTemplate\":\"https:\/\/www.aribau.es\/?s={search_term_string}\"},\"query-input\":{\"@type\":\"PropertyValueSpecification\",\"valueRequired\":true,\"valueName\":\"search_term_string\"}}],\"inLanguage\":\"ca\"},{\"@type\":\"Organization\",\"@id\":\"https:\/\/www.aribau.es\/#organization\",\"name\":\"Aribau\",\"url\":\"https:\/\/www.aribau.es\/\",\"logo\":{\"@type\":\"ImageObject\",\"inLanguage\":\"ca\",\"@id\":\"https:\/\/www.aribau.es\/#\/schema\/logo\/image\/\",\"url\":\"https:\/\/www.aribau.es\/wp-content\/uploads\/2022\/03\/logo.png\",\"contentUrl\":\"https:\/\/www.aribau.es\/wp-content\/uploads\/2022\/03\/logo.png\",\"width\":300,\"height\":300,\"caption\":\"Aribau\"},\"image\":{\"@id\":\"https:\/\/www.aribau.es\/#\/schema\/logo\/image\/\"},\"sameAs\":[\"https:\/\/www.facebook.com\/aribau1964\/\",\"https:\/\/x.com\/aribau1964\",\"https:\/\/www.instagram.com\/aribau1964\/\"]},{\"@type\":\"Person\",\"@id\":\"https:\/\/www.aribau.es\/#\/schema\/person\/77a976898b3c705ed016499633f4ffd0\",\"name\":\"aribau\",\"image\":{\"@type\":\"ImageObject\",\"inLanguage\":\"ca\",\"@id\":\"https:\/\/www.aribau.es\/#\/schema\/person\/image\/\",\"url\":\"https:\/\/secure.gravatar.com\/avatar\/6690491f832d5b32aa9482b978c9464816810fbff0f6658034a34c9d9657b94e?s=96&d=mm&r=g\",\"contentUrl\":\"https:\/\/secure.gravatar.com\/avatar\/6690491f832d5b32aa9482b978c9464816810fbff0f6658034a34c9d9657b94e?s=96&d=mm&r=g\",\"caption\":\"aribau\"},\"url\":\"https:\/\/www.aribau.es\/ca\/author\/aribau\/\"}]}<\/script>\n<!-- \/ Yoast SEO plugin. -->","yoast_head_json":{"title":"DISFRUTA DE ESTAS FIESTAS CON LOS VINOS DE ARIBAU - Aribau","robots":{"index":"index","follow":"follow","max-snippet":"max-snippet:-1","max-image-preview":"max-image-preview:large","max-video-preview":"max-video-preview:-1"},"canonical":"https:\/\/www.aribau.es\/ca\/disfruta-de-estas-fiestas-con-los-vinos-de-aribau\/","og_locale":"ca_ES","og_type":"article","og_title":"DISFRUTA DE ESTAS FIESTAS CON LOS VINOS DE ARIBAU - Aribau","og_description":"\u00a1Ya estamos emocionados por las celebraciones navide\u00f1as! A las puertas de 2023, es el momento perfecto para reflexionar sobre el a\u00f1o que termina y establecer nuevas metas para el pr\u00f3ximo a\u00f1o. Pero tambi\u00e9n es una oportunidad para disfrutar con la familia y los amigos. Desde Aribau, estamos convencidos de que nuestra selecci\u00f3n de vinos te ... Llegiu m\u00e9s","og_url":"https:\/\/www.aribau.es\/ca\/disfruta-de-estas-fiestas-con-los-vinos-de-aribau\/","og_site_name":"Aribau","article_publisher":"https:\/\/www.facebook.com\/aribau1964\/","article_published_time":"2022-12-23T08:48:18+00:00","article_modified_time":"2022-12-23T08:52:51+00:00","og_image":[{"width":1057,"height":999,"url":"https:\/\/www.aribau.es\/wp-content\/uploads\/2022\/12\/270292418_1849593401897063_8490480997141247065_n.jpg","type":"image\/jpeg"}],"author":"aribau","twitter_card":"summary_large_image","twitter_creator":"@aribau1964","twitter_site":"@aribau1964","twitter_misc":{"Escrit per":"aribau","Temps estimat de lectura":"2 minuts"},"schema":{"@context":"https:\/\/schema.org","@graph":[{"@type":"Article","@id":"https:\/\/www.aribau.es\/disfruta-de-estas-fiestas-con-los-vinos-de-aribau\/#article","isPartOf":{"@id":"https:\/\/www.aribau.es\/disfruta-de-estas-fiestas-con-los-vinos-de-aribau\/"},"author":{"name":"aribau","@id":"https:\/\/www.aribau.es\/#\/schema\/person\/77a976898b3c705ed016499633f4ffd0"},"headline":"DISFRUTA DE ESTAS FIESTAS CON LOS VINOS DE ARIBAU","datePublished":"2022-12-23T08:48:18+00:00","dateModified":"2022-12-23T08:52:51+00:00","mainEntityOfPage":{"@id":"https:\/\/www.aribau.es\/disfruta-de-estas-fiestas-con-los-vinos-de-aribau\/"},"wordCount":492,"publisher":{"@id":"https:\/\/www.aribau.es\/#organization"},"image":{"@id":"https:\/\/www.aribau.es\/disfruta-de-estas-fiestas-con-los-vinos-de-aribau\/#primaryimage"},"thumbnailUrl":"https:\/\/www.aribau.es\/wp-content\/uploads\/2022\/12\/270292418_1849593401897063_8490480997141247065_n.jpg","keywords":["2023","Aribau","Bertsolari","I Tant","Mar Salada","Navidad","vino"],"articleSection":["Noticias"],"inLanguage":"ca"},{"@type":"WebPage","@id":"https:\/\/www.aribau.es\/disfruta-de-estas-fiestas-con-los-vinos-de-aribau\/","url":"https:\/\/www.aribau.es\/disfruta-de-estas-fiestas-con-los-vinos-de-aribau\/","name":"DISFRUTA DE ESTAS FIESTAS CON LOS VINOS DE ARIBAU - Aribau","isPartOf":{"@id":"https:\/\/www.aribau.es\/#website"},"primaryImageOfPage":{"@id":"https:\/\/www.aribau.es\/disfruta-de-estas-fiestas-con-los-vinos-de-aribau\/#primaryimage"},"image":{"@id":"https:\/\/www.aribau.es\/disfruta-de-estas-fiestas-con-los-vinos-de-aribau\/#primaryimage"},"thumbnailUrl":"https:\/\/www.aribau.es\/wp-content\/uploads\/2022\/12\/270292418_1849593401897063_8490480997141247065_n.jpg","datePublished":"2022-12-23T08:48:18+00:00","dateModified":"2022-12-23T08:52:51+00:00","breadcrumb":{"@id":"https:\/\/www.aribau.es\/disfruta-de-estas-fiestas-con-los-vinos-de-aribau\/#breadcrumb"},"inLanguage":"ca","potentialAction":[{"@type":"ReadAction","target":["https:\/\/www.aribau.es\/disfruta-de-estas-fiestas-con-los-vinos-de-aribau\/"]}]},{"@type":"ImageObject","inLanguage":"ca","@id":"https:\/\/www.aribau.es\/disfruta-de-estas-fiestas-con-los-vinos-de-aribau\/#primaryimage","url":"https:\/\/www.aribau.es\/wp-content\/uploads\/2022\/12\/270292418_1849593401897063_8490480997141247065_n.jpg","contentUrl":"https:\/\/www.aribau.es\/wp-content\/uploads\/2022\/12\/270292418_1849593401897063_8490480997141247065_n.jpg","width":1057,"height":999},{"@type":"BreadcrumbList","@id":"https:\/\/www.aribau.es\/disfruta-de-estas-fiestas-con-los-vinos-de-aribau\/#breadcrumb","itemListElement":[{"@type":"ListItem","position":1,"name":"Portada","item":"https:\/\/www.aribau.es\/"},{"@type":"ListItem","position":2,"name":"DISFRUTA DE ESTAS FIESTAS CON LOS VINOS DE ARIBAU"}]},{"@type":"WebSite","@id":"https:\/\/www.aribau.es\/#website","url":"https:\/\/www.aribau.es\/","name":"Aribau","description":"VINOS Y BODEGAS","publisher":{"@id":"https:\/\/www.aribau.es\/#organization"},"potentialAction":[{"@type":"SearchAction","target":{"@type":"EntryPoint","urlTemplate":"https:\/\/www.aribau.es\/?s={search_term_string}"},"query-input":{"@type":"PropertyValueSpecification","valueRequired":true,"valueName":"search_term_string"}}],"inLanguage":"ca"},{"@type":"Organization","@id":"https:\/\/www.aribau.es\/#organization","name":"Aribau","url":"https:\/\/www.aribau.es\/","logo":{"@type":"ImageObject","inLanguage":"ca","@id":"https:\/\/www.aribau.es\/#\/schema\/logo\/image\/","url":"https:\/\/www.aribau.es\/wp-content\/uploads\/2022\/03\/logo.png","contentUrl":"https:\/\/www.aribau.es\/wp-content\/uploads\/2022\/03\/logo.png","width":300,"height":300,"caption":"Aribau"},"image":{"@id":"https:\/\/www.aribau.es\/#\/schema\/logo\/image\/"},"sameAs":["https:\/\/www.facebook.com\/aribau1964\/","https:\/\/x.com\/aribau1964","https:\/\/www.instagram.com\/aribau1964\/"]},{"@type":"Person","@id":"https:\/\/www.aribau.es\/#\/schema\/person\/77a976898b3c705ed016499633f4ffd0","name":"aribau","image":{"@type":"ImageObject","inLanguage":"ca","@id":"https:\/\/www.aribau.es\/#\/schema\/person\/image\/","url":"https:\/\/secure.gravatar.com\/avatar\/6690491f832d5b32aa9482b978c9464816810fbff0f6658034a34c9d9657b94e?s=96&d=mm&r=g","contentUrl":"https:\/\/secure.gravatar.com\/avatar\/6690491f832d5b32aa9482b978c9464816810fbff0f6658034a34c9d9657b94e?s=96&d=mm&r=g","caption":"aribau"},"url":"https:\/\/www.aribau.es\/ca\/author\/aribau\/"}]}},"_links":{"self":[{"href":"https:\/\/www.aribau.es\/ca\/wp-json\/wp\/v2\/posts\/12538","targetHints":{"allow":["GET"]}}],"collection":[{"href":"https:\/\/www.aribau.es\/ca\/wp-json\/wp\/v2\/posts"}],"about":[{"href":"https:\/\/www.aribau.es\/ca\/wp-json\/wp\/v2\/types\/post"}],"author":[{"embeddable":true,"href":"https:\/\/www.aribau.es\/ca\/wp-json\/wp\/v2\/users\/3"}],"replies":[{"embeddable":true,"href":"https:\/\/www.aribau.es\/ca\/wp-json\/wp\/v2\/comments?post=12538"}],"version-history":[{"count":6,"href":"https:\/\/www.aribau.es\/ca\/wp-json\/wp\/v2\/posts\/12538\/revisions"}],"predecessor-version":[{"id":12545,"href":"https:\/\/www.aribau.es\/ca\/wp-json\/wp\/v2\/posts\/12538\/revisions\/12545"}],"wp:featuredmedia":[{"embeddable":true,"href":"https:\/\/www.aribau.es\/ca\/wp-json\/wp\/v2\/media\/12539"}],"wp:attachment":[{"href":"https:\/\/www.aribau.es\/ca\/wp-json\/wp\/v2\/media?parent=12538"}],"wp:term":[{"taxonomy":"category","embeddable":true,"href":"https:\/\/www.aribau.es\/ca\/wp-json\/wp\/v2\/categories?post=12538"},{"taxonomy":"post_tag","embeddable":true,"href":"https:\/\/www.aribau.es\/ca\/wp-json\/wp\/v2\/tags?post=12538"}],"curies":[{"name":"wp","href":"https:\/\/api.w.org\/{rel}","templated":true}]}}