{"id":12573,"date":"2023-04-22T12:58:18","date_gmt":"2023-04-22T11:58:18","guid":{"rendered":"https:\/\/www.aribau.es\/?p=12573"},"modified":"2023-04-22T13:02:41","modified_gmt":"2023-04-22T12:02:41","slug":"5-libros-sobre-vino-para-celebrar-sant-jordi","status":"publish","type":"post","link":"https:\/\/www.aribau.es\/ca\/5-libros-sobre-vino-para-celebrar-sant-jordi\/","title":{"rendered":"5 LLIBRES SOBRE VI PER CELEBRAR SANT JORDI"},"content":{"rendered":"<p>El 23 d'abril s'acosta, cosa que significa que se celebrar\u00e0 el Dia del Llibre i Sant Jordi, una de les festivitats m\u00e9s emocionants de l'any a Catalunya. Com \u00e9s costum, els carrers s'ompliran de llibres i roses en honor de la cultura i l'amor. En aquest dia tan especial, tamb\u00e9 volem contribuir a la llista de lectures amb algunes recomanacions que es relacionen amb la nostra passi\u00f3: el vi.<\/p>\n<p>&nbsp;<\/p>\n<p><strong>Vinos libres, de Jordi Luque<\/strong><\/p>\n<p><a href=\"https:\/\/www.aribau.es\/wp-content\/uploads\/2023\/04\/1540-1.jpg\"><img fetchpriority=\"high\" decoding=\"async\" class=\"wp-image-12574 alignleft\" src=\"https:\/\/www.aribau.es\/wp-content\/uploads\/2023\/04\/1540-1-300x300.jpg\" alt=\"\" width=\"246\" height=\"246\" srcset=\"https:\/\/www.aribau.es\/wp-content\/uploads\/2023\/04\/1540-1-300x300.jpg 300w, https:\/\/www.aribau.es\/wp-content\/uploads\/2023\/04\/1540-1-150x150.jpg 150w, https:\/\/www.aribau.es\/wp-content\/uploads\/2023\/04\/1540-1-12x12.jpg 12w, https:\/\/www.aribau.es\/wp-content\/uploads\/2023\/04\/1540-1.jpg 340w\" sizes=\"(max-width: 246px) 100vw, 246px\" \/><\/a><\/p>\n<p>A \"Vinos Libres\", l'autor Jordi Luque se centra en el que ell anomena vins rars i de vegades dif\u00edcils, que representen un lloc, una persona i una forma de vida impregnada de romanticisme que desafia el sistema, el pensament \u00fanic i el capitalisme. Filos\u00f2ficament parlant, aquests vins s\u00f3n radicals i en moltes ocasions, tamb\u00e9 ho s\u00f3n en tastar-los.<\/p>\n<p>Aquest llibre ofereix una visi\u00f3 detallada sobre la hist\u00f2ria i la cultura del vi a Catalunya des de l'\u00e8poca romana fins a l'actualitat. A m\u00e9s, inclou informaci\u00f3 sobre les principals regions vin\u00edcoles de la regi\u00f3 i les varietats de ra\u00efm aut\u00f2ctones.<\/p>\n<p><strong>\u00a0<\/strong><\/p>\n<p><b>Guia de Vinos Gourmets<\/b><\/p>\n<p><a href=\"https:\/\/www.aribau.es\/wp-content\/uploads\/2023\/04\/9788495754813.jpg\"><img decoding=\"async\" class=\"wp-image-12575 alignleft\" src=\"https:\/\/www.aribau.es\/wp-content\/uploads\/2023\/04\/9788495754813-191x300.jpg\" alt=\"\" width=\"173\" height=\"272\" srcset=\"https:\/\/www.aribau.es\/wp-content\/uploads\/2023\/04\/9788495754813-191x300.jpg 191w, https:\/\/www.aribau.es\/wp-content\/uploads\/2023\/04\/9788495754813-8x12.jpg 8w, https:\/\/www.aribau.es\/wp-content\/uploads\/2023\/04\/9788495754813.jpg 552w\" sizes=\"(max-width: 173px) 100vw, 173px\" \/><\/a><\/p>\n<p>Des de ja fa 38 edicions, la Guia Vins Gourmets 2023 (GVG) ha estat una de les guies de vins m\u00e9s destacades a nivell nacional. Aquesta guia ha estat una pionera en el seu g\u00e8nere i ha mostrat les \u00faltimes tend\u00e8ncies i novetats al m\u00f3n del vi, les quals s'han anat desenvolupant des de l'octubre del 2021 fins al setembre del 2022.<\/p>\n<p>A la Guia Vins Gourmets 2023, es poden trobar valoracions i puntuacions d'experts en vi que han tastat les darreres anyades, proporcionant informaci\u00f3 detallada sobre les caracter\u00edstiques de cada vi, les notes de tast i maridatges suggerits. A m\u00e9s, la guia tamb\u00e9 inclou informaci\u00f3 sobre els cellers i els productors, aix\u00ed com tamb\u00e9 sobre les diferents regions vin\u00edcoles i les seves particularitats.<\/p>\n<p>&nbsp;<\/p>\n<p><strong><a href=\"https:\/\/www.aribau.es\/wp-content\/uploads\/2023\/04\/133620.jpg\"><img decoding=\"async\" class=\"size-medium wp-image-12576 alignleft\" src=\"https:\/\/www.aribau.es\/wp-content\/uploads\/2023\/04\/133620-225x300.jpg\" alt=\"\" width=\"225\" height=\"300\" srcset=\"https:\/\/www.aribau.es\/wp-content\/uploads\/2023\/04\/133620-225x300.jpg 225w, https:\/\/www.aribau.es\/wp-content\/uploads\/2023\/04\/133620-9x12.jpg 9w, https:\/\/www.aribau.es\/wp-content\/uploads\/2023\/04\/133620.jpg 750w\" sizes=\"(max-width: 225px) 100vw, 225px\" \/><\/a>Deja todo o deja el vino, de Santiago Rivas<\/strong><\/p>\n<p>El llibre de Santiago Rivas ofereix una perspectiva divertida i entretinguda del m\u00f3n del vi a Espanya, presentant una visi\u00f3 general que abasta diversos aspectes com les xarxes socials, la cultura del postureig, la premsa especialitzada, les botigues de vi, els cellers i les puntuacions atorgades per les guies.<\/p>\n<p>En aquest llibre, s'explora l'univers del vi des d'una fresca i amena \u00f2ptica, oferint una instant\u00e0nia de la cultura del vi a Espanya i analitzant els diferents aspectes que conformen aquest m\u00f3n. Es posa \u00e8mfasi en la influ\u00e8ncia de les xarxes socials i la manera com aquestes afecten la percepci\u00f3 dels vins, aix\u00ed com en la import\u00e0ncia de la premsa especialitzada i les botigues de vi en la difusi\u00f3 d'informaci\u00f3 i coneixement sobre el m\u00f3n del vi.<\/p>\n<p>&nbsp;<\/p>\n<p><strong><a href=\"https:\/\/www.aribau.es\/wp-content\/uploads\/2023\/04\/Qu-vino-con-este-pato-Una-aproximaci-n-a-la-esencia-de-los-maridajes-381x600-1.jpg\"><img loading=\"lazy\" decoding=\"async\" class=\"size-medium wp-image-12577 alignleft\" src=\"https:\/\/www.aribau.es\/wp-content\/uploads\/2023\/04\/Qu-vino-con-este-pato-Una-aproximaci-n-a-la-esencia-de-los-maridajes-381x600-1-191x300.jpg\" alt=\"\" width=\"191\" height=\"300\" srcset=\"https:\/\/www.aribau.es\/wp-content\/uploads\/2023\/04\/Qu-vino-con-este-pato-Una-aproximaci-n-a-la-esencia-de-los-maridajes-381x600-1-191x300.jpg 191w, https:\/\/www.aribau.es\/wp-content\/uploads\/2023\/04\/Qu-vino-con-este-pato-Una-aproximaci-n-a-la-esencia-de-los-maridajes-381x600-1-8x12.jpg 8w, https:\/\/www.aribau.es\/wp-content\/uploads\/2023\/04\/Qu-vino-con-este-pato-Una-aproximaci-n-a-la-esencia-de-los-maridajes-381x600-1.jpg 381w\" sizes=\"(max-width: 191px) 100vw, 191px\" \/><\/a>\u00bfQu\u00e9 vino con este pato?, de Ferran Centelles<\/strong><\/p>\n<p>T'imagines gaudir d'un \u00e0pat delici\u00f3s amb el vi perfecte per acompanyar-lo? Aix\u00f2 \u00e9s el que aconsegueix l'art del maridatge! Ferran Centelles, un sommelier amb m\u00e9s de tretze anys d'experi\u00e8ncia al restaurant elBulli, comparteix al llibre els secrets per combinar sabors de manera \u00fanica.<\/p>\n<p>En aquesta obra, Centelles comparteix els seus coneixements i aprenentatges sobre el maridatge de vins, combinant les seves pr\u00f2pies experi\u00e8ncies amb altres filosofies reconegudes. El millor? \u00c9s una eina ideal tant per a estudiants de cuina, hoteleria i sumilleria, com per a qualsevol persona interessada a aprofundir en el m\u00f3n del vi i la gastronomia.<\/p>\n<p>&nbsp;<\/p>\n<p><strong><a href=\"https:\/\/www.aribau.es\/wp-content\/uploads\/2023\/04\/Gu-a-para-empezar-a-saber-de-vino-Un-manual-para-saber-elegir.jpg\"><img loading=\"lazy\" decoding=\"async\" class=\"size-medium wp-image-12578 alignleft\" src=\"https:\/\/www.aribau.es\/wp-content\/uploads\/2023\/04\/Gu-a-para-empezar-a-saber-de-vino-Un-manual-para-saber-elegir-200x300.jpg\" alt=\"\" width=\"200\" height=\"300\" srcset=\"https:\/\/www.aribau.es\/wp-content\/uploads\/2023\/04\/Gu-a-para-empezar-a-saber-de-vino-Un-manual-para-saber-elegir-200x300.jpg 200w, https:\/\/www.aribau.es\/wp-content\/uploads\/2023\/04\/Gu-a-para-empezar-a-saber-de-vino-Un-manual-para-saber-elegir-8x12.jpg 8w, https:\/\/www.aribau.es\/wp-content\/uploads\/2023\/04\/Gu-a-para-empezar-a-saber-de-vino-Un-manual-para-saber-elegir.jpg 333w\" sizes=\"(max-width: 200px) 100vw, 200px\" \/><\/a>Gu\u00eda para empezar a saber de vino, de Roberto R. B\u00e1ez<\/strong><\/p>\n<p>Aquest llibre sobre vins \u00e9s com un amic que t'acompanya en els teus primers passos al m\u00f3n vin\u00edcola. El seu autor, Roberto R. B\u00e1ez, comparteix les seves pr\u00f2pies recomanacions i et guia de manera propera i amena a l'apassionant m\u00f3n del vi.<\/p>\n<p>Descobrireu tot el proc\u00e9s d'elaboraci\u00f3 i coneixereu les millors seleccions d'Espanya. Aprendreu a recon\u00e8ixer les caracter\u00edstiques que defineixen un bon vi, aix\u00ed com les diferents ocasions per al consum i el maridatge adequat per a cadasc\u00fa. Amb aquest llibre, estareu a punt per seleccionar l'ampolla perfecta per a cada ocasi\u00f3 i gaudir del m\u00f3n del vi amb confian\u00e7a i coneixement.<\/p>","protected":false},"excerpt":{"rendered":"<p>El 23 de abril se acerca, lo que significa que se celebrar\u00e1 el D\u00eda del Libro y Sant Jordi, una de las festividades m\u00e1s emocionantes del a\u00f1o en Catalu\u00f1a. Como es costumbre, las calles se llenar\u00e1n de libros y rosas en honor a la cultura y el amor. En este d\u00eda tan especial, tambi\u00e9n queremos &#8230; <a title=\"5 LLIBRES SOBRE VI PER CELEBRAR SANT JORDI\" class=\"read-more\" href=\"https:\/\/www.aribau.es\/ca\/5-libros-sobre-vino-para-celebrar-sant-jordi\/\" aria-label=\"M\u00e9s informaci\u00f3 sobre 5 LIBROS SOBRE VINO PARA CELEBRAR SANT JORDI\">Llegiu m\u00e9s<\/a><\/p>","protected":false},"author":3,"featured_media":12579,"comment_status":"closed","ping_status":"closed","sticky":false,"template":"","format":"standard","meta":{"footnotes":""},"categories":[406],"tags":[649,655,654,510,653,368,651,344],"class_list":["post-12573","post","type-post","status-publish","format-standard","has-post-thumbnail","hentry","category-noticias","tag-denominacion-de-origen","tag-dia-del-libro","tag-libro","tag-libros","tag-san-jordi","tag-vino","tag-vino-catalan","tag-vino-espanol"],"yoast_head":"<!-- This site is optimized with the Yoast SEO plugin v26.7 - https:\/\/yoast.com\/wordpress\/plugins\/seo\/ -->\n<title>5 LIBROS SOBRE VINO PARA CELEBRAR SANT JORDI - Aribau<\/title>\n<meta name=\"robots\" content=\"index, follow, max-snippet:-1, max-image-preview:large, max-video-preview:-1\" \/>\n<link rel=\"canonical\" href=\"https:\/\/www.aribau.es\/ca\/5-libros-sobre-vino-para-celebrar-sant-jordi\/\" \/>\n<meta property=\"og:locale\" content=\"ca_ES\" \/>\n<meta property=\"og:type\" content=\"article\" \/>\n<meta property=\"og:title\" content=\"5 LIBROS SOBRE VINO PARA CELEBRAR SANT JORDI - Aribau\" \/>\n<meta property=\"og:description\" content=\"El 23 de abril se acerca, lo que significa que se celebrar\u00e1 el D\u00eda del Libro y Sant Jordi, una de las festividades m\u00e1s emocionantes del a\u00f1o en Catalu\u00f1a. Como es costumbre, las calles se llenar\u00e1n de libros y rosas en honor a la cultura y el amor. En este d\u00eda tan especial, tambi\u00e9n queremos ... Llegiu m\u00e9s\" \/>\n<meta property=\"og:url\" content=\"https:\/\/www.aribau.es\/ca\/5-libros-sobre-vino-para-celebrar-sant-jordi\/\" \/>\n<meta property=\"og:site_name\" content=\"Aribau\" \/>\n<meta property=\"article:publisher\" content=\"https:\/\/www.facebook.com\/aribau1964\/\" \/>\n<meta property=\"article:published_time\" content=\"2023-04-22T11:58:18+00:00\" \/>\n<meta property=\"article:modified_time\" content=\"2023-04-22T12:02:41+00:00\" \/>\n<meta property=\"og:image\" content=\"https:\/\/www.aribau.es\/wp-content\/uploads\/2023\/04\/pexels-dario-fernandez-ruz-7809938-scaled.jpg\" \/>\n\t<meta property=\"og:image:width\" content=\"2560\" \/>\n\t<meta property=\"og:image:height\" content=\"1920\" \/>\n\t<meta property=\"og:image:type\" content=\"image\/jpeg\" \/>\n<meta name=\"author\" content=\"aribau\" \/>\n<meta name=\"twitter:card\" content=\"summary_large_image\" \/>\n<meta name=\"twitter:creator\" content=\"@aribau1964\" \/>\n<meta name=\"twitter:site\" content=\"@aribau1964\" \/>\n<meta name=\"twitter:label1\" content=\"Escrit per\" \/>\n\t<meta name=\"twitter:data1\" content=\"aribau\" \/>\n\t<meta name=\"twitter:label2\" content=\"Temps estimat de lectura\" \/>\n\t<meta name=\"twitter:data2\" content=\"4 minuts\" \/>\n<script type=\"application\/ld+json\" class=\"yoast-schema-graph\">{\"@context\":\"https:\/\/schema.org\",\"@graph\":[{\"@type\":\"Article\",\"@id\":\"https:\/\/www.aribau.es\/5-libros-sobre-vino-para-celebrar-sant-jordi\/#article\",\"isPartOf\":{\"@id\":\"https:\/\/www.aribau.es\/5-libros-sobre-vino-para-celebrar-sant-jordi\/\"},\"author\":{\"name\":\"aribau\",\"@id\":\"https:\/\/www.aribau.es\/#\/schema\/person\/77a976898b3c705ed016499633f4ffd0\"},\"headline\":\"5 LIBROS SOBRE VINO PARA CELEBRAR SANT JORDI\",\"datePublished\":\"2023-04-22T11:58:18+00:00\",\"dateModified\":\"2023-04-22T12:02:41+00:00\",\"mainEntityOfPage\":{\"@id\":\"https:\/\/www.aribau.es\/5-libros-sobre-vino-para-celebrar-sant-jordi\/\"},\"wordCount\":732,\"publisher\":{\"@id\":\"https:\/\/www.aribau.es\/#organization\"},\"image\":{\"@id\":\"https:\/\/www.aribau.es\/5-libros-sobre-vino-para-celebrar-sant-jordi\/#primaryimage\"},\"thumbnailUrl\":\"https:\/\/www.aribau.es\/wp-content\/uploads\/2023\/04\/pexels-dario-fernandez-ruz-7809938-scaled.jpg\",\"keywords\":[\"denominaci\u00f3n de origen\",\"d\u00eda del libro\",\"libro\",\"libros\",\"San Jordi\",\"vino\",\"vino catal\u00e1n\",\"Vino espa\u00f1ol\"],\"articleSection\":[\"Noticias\"],\"inLanguage\":\"ca\"},{\"@type\":\"WebPage\",\"@id\":\"https:\/\/www.aribau.es\/5-libros-sobre-vino-para-celebrar-sant-jordi\/\",\"url\":\"https:\/\/www.aribau.es\/5-libros-sobre-vino-para-celebrar-sant-jordi\/\",\"name\":\"5 LIBROS SOBRE VINO PARA CELEBRAR SANT JORDI - Aribau\",\"isPartOf\":{\"@id\":\"https:\/\/www.aribau.es\/#website\"},\"primaryImageOfPage\":{\"@id\":\"https:\/\/www.aribau.es\/5-libros-sobre-vino-para-celebrar-sant-jordi\/#primaryimage\"},\"image\":{\"@id\":\"https:\/\/www.aribau.es\/5-libros-sobre-vino-para-celebrar-sant-jordi\/#primaryimage\"},\"thumbnailUrl\":\"https:\/\/www.aribau.es\/wp-content\/uploads\/2023\/04\/pexels-dario-fernandez-ruz-7809938-scaled.jpg\",\"datePublished\":\"2023-04-22T11:58:18+00:00\",\"dateModified\":\"2023-04-22T12:02:41+00:00\",\"breadcrumb\":{\"@id\":\"https:\/\/www.aribau.es\/5-libros-sobre-vino-para-celebrar-sant-jordi\/#breadcrumb\"},\"inLanguage\":\"ca\",\"potentialAction\":[{\"@type\":\"ReadAction\",\"target\":[\"https:\/\/www.aribau.es\/5-libros-sobre-vino-para-celebrar-sant-jordi\/\"]}]},{\"@type\":\"ImageObject\",\"inLanguage\":\"ca\",\"@id\":\"https:\/\/www.aribau.es\/5-libros-sobre-vino-para-celebrar-sant-jordi\/#primaryimage\",\"url\":\"https:\/\/www.aribau.es\/wp-content\/uploads\/2023\/04\/pexels-dario-fernandez-ruz-7809938-scaled.jpg\",\"contentUrl\":\"https:\/\/www.aribau.es\/wp-content\/uploads\/2023\/04\/pexels-dario-fernandez-ruz-7809938-scaled.jpg\",\"width\":2560,\"height\":1920},{\"@type\":\"BreadcrumbList\",\"@id\":\"https:\/\/www.aribau.es\/5-libros-sobre-vino-para-celebrar-sant-jordi\/#breadcrumb\",\"itemListElement\":[{\"@type\":\"ListItem\",\"position\":1,\"name\":\"Portada\",\"item\":\"https:\/\/www.aribau.es\/\"},{\"@type\":\"ListItem\",\"position\":2,\"name\":\"5 LIBROS SOBRE VINO PARA CELEBRAR SANT JORDI\"}]},{\"@type\":\"WebSite\",\"@id\":\"https:\/\/www.aribau.es\/#website\",\"url\":\"https:\/\/www.aribau.es\/\",\"name\":\"Aribau\",\"description\":\"VINOS Y BODEGAS\",\"publisher\":{\"@id\":\"https:\/\/www.aribau.es\/#organization\"},\"potentialAction\":[{\"@type\":\"SearchAction\",\"target\":{\"@type\":\"EntryPoint\",\"urlTemplate\":\"https:\/\/www.aribau.es\/?s={search_term_string}\"},\"query-input\":{\"@type\":\"PropertyValueSpecification\",\"valueRequired\":true,\"valueName\":\"search_term_string\"}}],\"inLanguage\":\"ca\"},{\"@type\":\"Organization\",\"@id\":\"https:\/\/www.aribau.es\/#organization\",\"name\":\"Aribau\",\"url\":\"https:\/\/www.aribau.es\/\",\"logo\":{\"@type\":\"ImageObject\",\"inLanguage\":\"ca\",\"@id\":\"https:\/\/www.aribau.es\/#\/schema\/logo\/image\/\",\"url\":\"https:\/\/www.aribau.es\/wp-content\/uploads\/2022\/03\/logo.png\",\"contentUrl\":\"https:\/\/www.aribau.es\/wp-content\/uploads\/2022\/03\/logo.png\",\"width\":300,\"height\":300,\"caption\":\"Aribau\"},\"image\":{\"@id\":\"https:\/\/www.aribau.es\/#\/schema\/logo\/image\/\"},\"sameAs\":[\"https:\/\/www.facebook.com\/aribau1964\/\",\"https:\/\/x.com\/aribau1964\",\"https:\/\/www.instagram.com\/aribau1964\/\"]},{\"@type\":\"Person\",\"@id\":\"https:\/\/www.aribau.es\/#\/schema\/person\/77a976898b3c705ed016499633f4ffd0\",\"name\":\"aribau\",\"image\":{\"@type\":\"ImageObject\",\"inLanguage\":\"ca\",\"@id\":\"https:\/\/www.aribau.es\/#\/schema\/person\/image\/\",\"url\":\"https:\/\/secure.gravatar.com\/avatar\/6690491f832d5b32aa9482b978c9464816810fbff0f6658034a34c9d9657b94e?s=96&d=mm&r=g\",\"contentUrl\":\"https:\/\/secure.gravatar.com\/avatar\/6690491f832d5b32aa9482b978c9464816810fbff0f6658034a34c9d9657b94e?s=96&d=mm&r=g\",\"caption\":\"aribau\"},\"url\":\"https:\/\/www.aribau.es\/ca\/author\/aribau\/\"}]}<\/script>\n<!-- \/ Yoast SEO plugin. -->","yoast_head_json":{"title":"5 LIBROS SOBRE VINO PARA CELEBRAR SANT JORDI - Aribau","robots":{"index":"index","follow":"follow","max-snippet":"max-snippet:-1","max-image-preview":"max-image-preview:large","max-video-preview":"max-video-preview:-1"},"canonical":"https:\/\/www.aribau.es\/ca\/5-libros-sobre-vino-para-celebrar-sant-jordi\/","og_locale":"ca_ES","og_type":"article","og_title":"5 LIBROS SOBRE VINO PARA CELEBRAR SANT JORDI - Aribau","og_description":"El 23 de abril se acerca, lo que significa que se celebrar\u00e1 el D\u00eda del Libro y Sant Jordi, una de las festividades m\u00e1s emocionantes del a\u00f1o en Catalu\u00f1a. Como es costumbre, las calles se llenar\u00e1n de libros y rosas en honor a la cultura y el amor. En este d\u00eda tan especial, tambi\u00e9n queremos ... Llegiu m\u00e9s","og_url":"https:\/\/www.aribau.es\/ca\/5-libros-sobre-vino-para-celebrar-sant-jordi\/","og_site_name":"Aribau","article_publisher":"https:\/\/www.facebook.com\/aribau1964\/","article_published_time":"2023-04-22T11:58:18+00:00","article_modified_time":"2023-04-22T12:02:41+00:00","og_image":[{"width":2560,"height":1920,"url":"https:\/\/www.aribau.es\/wp-content\/uploads\/2023\/04\/pexels-dario-fernandez-ruz-7809938-scaled.jpg","type":"image\/jpeg"}],"author":"aribau","twitter_card":"summary_large_image","twitter_creator":"@aribau1964","twitter_site":"@aribau1964","twitter_misc":{"Escrit per":"aribau","Temps estimat de lectura":"4 minuts"},"schema":{"@context":"https:\/\/schema.org","@graph":[{"@type":"Article","@id":"https:\/\/www.aribau.es\/5-libros-sobre-vino-para-celebrar-sant-jordi\/#article","isPartOf":{"@id":"https:\/\/www.aribau.es\/5-libros-sobre-vino-para-celebrar-sant-jordi\/"},"author":{"name":"aribau","@id":"https:\/\/www.aribau.es\/#\/schema\/person\/77a976898b3c705ed016499633f4ffd0"},"headline":"5 LIBROS SOBRE VINO PARA CELEBRAR SANT JORDI","datePublished":"2023-04-22T11:58:18+00:00","dateModified":"2023-04-22T12:02:41+00:00","mainEntityOfPage":{"@id":"https:\/\/www.aribau.es\/5-libros-sobre-vino-para-celebrar-sant-jordi\/"},"wordCount":732,"publisher":{"@id":"https:\/\/www.aribau.es\/#organization"},"image":{"@id":"https:\/\/www.aribau.es\/5-libros-sobre-vino-para-celebrar-sant-jordi\/#primaryimage"},"thumbnailUrl":"https:\/\/www.aribau.es\/wp-content\/uploads\/2023\/04\/pexels-dario-fernandez-ruz-7809938-scaled.jpg","keywords":["denominaci\u00f3n de origen","d\u00eda del libro","libro","libros","San Jordi","vino","vino catal\u00e1n","Vino espa\u00f1ol"],"articleSection":["Noticias"],"inLanguage":"ca"},{"@type":"WebPage","@id":"https:\/\/www.aribau.es\/5-libros-sobre-vino-para-celebrar-sant-jordi\/","url":"https:\/\/www.aribau.es\/5-libros-sobre-vino-para-celebrar-sant-jordi\/","name":"5 LIBROS SOBRE VINO PARA CELEBRAR SANT JORDI - Aribau","isPartOf":{"@id":"https:\/\/www.aribau.es\/#website"},"primaryImageOfPage":{"@id":"https:\/\/www.aribau.es\/5-libros-sobre-vino-para-celebrar-sant-jordi\/#primaryimage"},"image":{"@id":"https:\/\/www.aribau.es\/5-libros-sobre-vino-para-celebrar-sant-jordi\/#primaryimage"},"thumbnailUrl":"https:\/\/www.aribau.es\/wp-content\/uploads\/2023\/04\/pexels-dario-fernandez-ruz-7809938-scaled.jpg","datePublished":"2023-04-22T11:58:18+00:00","dateModified":"2023-04-22T12:02:41+00:00","breadcrumb":{"@id":"https:\/\/www.aribau.es\/5-libros-sobre-vino-para-celebrar-sant-jordi\/#breadcrumb"},"inLanguage":"ca","potentialAction":[{"@type":"ReadAction","target":["https:\/\/www.aribau.es\/5-libros-sobre-vino-para-celebrar-sant-jordi\/"]}]},{"@type":"ImageObject","inLanguage":"ca","@id":"https:\/\/www.aribau.es\/5-libros-sobre-vino-para-celebrar-sant-jordi\/#primaryimage","url":"https:\/\/www.aribau.es\/wp-content\/uploads\/2023\/04\/pexels-dario-fernandez-ruz-7809938-scaled.jpg","contentUrl":"https:\/\/www.aribau.es\/wp-content\/uploads\/2023\/04\/pexels-dario-fernandez-ruz-7809938-scaled.jpg","width":2560,"height":1920},{"@type":"BreadcrumbList","@id":"https:\/\/www.aribau.es\/5-libros-sobre-vino-para-celebrar-sant-jordi\/#breadcrumb","itemListElement":[{"@type":"ListItem","position":1,"name":"Portada","item":"https:\/\/www.aribau.es\/"},{"@type":"ListItem","position":2,"name":"5 LIBROS SOBRE VINO PARA CELEBRAR SANT JORDI"}]},{"@type":"WebSite","@id":"https:\/\/www.aribau.es\/#website","url":"https:\/\/www.aribau.es\/","name":"Aribau","description":"VINOS Y BODEGAS","publisher":{"@id":"https:\/\/www.aribau.es\/#organization"},"potentialAction":[{"@type":"SearchAction","target":{"@type":"EntryPoint","urlTemplate":"https:\/\/www.aribau.es\/?s={search_term_string}"},"query-input":{"@type":"PropertyValueSpecification","valueRequired":true,"valueName":"search_term_string"}}],"inLanguage":"ca"},{"@type":"Organization","@id":"https:\/\/www.aribau.es\/#organization","name":"Aribau","url":"https:\/\/www.aribau.es\/","logo":{"@type":"ImageObject","inLanguage":"ca","@id":"https:\/\/www.aribau.es\/#\/schema\/logo\/image\/","url":"https:\/\/www.aribau.es\/wp-content\/uploads\/2022\/03\/logo.png","contentUrl":"https:\/\/www.aribau.es\/wp-content\/uploads\/2022\/03\/logo.png","width":300,"height":300,"caption":"Aribau"},"image":{"@id":"https:\/\/www.aribau.es\/#\/schema\/logo\/image\/"},"sameAs":["https:\/\/www.facebook.com\/aribau1964\/","https:\/\/x.com\/aribau1964","https:\/\/www.instagram.com\/aribau1964\/"]},{"@type":"Person","@id":"https:\/\/www.aribau.es\/#\/schema\/person\/77a976898b3c705ed016499633f4ffd0","name":"aribau","image":{"@type":"ImageObject","inLanguage":"ca","@id":"https:\/\/www.aribau.es\/#\/schema\/person\/image\/","url":"https:\/\/secure.gravatar.com\/avatar\/6690491f832d5b32aa9482b978c9464816810fbff0f6658034a34c9d9657b94e?s=96&d=mm&r=g","contentUrl":"https:\/\/secure.gravatar.com\/avatar\/6690491f832d5b32aa9482b978c9464816810fbff0f6658034a34c9d9657b94e?s=96&d=mm&r=g","caption":"aribau"},"url":"https:\/\/www.aribau.es\/ca\/author\/aribau\/"}]}},"_links":{"self":[{"href":"https:\/\/www.aribau.es\/ca\/wp-json\/wp\/v2\/posts\/12573","targetHints":{"allow":["GET"]}}],"collection":[{"href":"https:\/\/www.aribau.es\/ca\/wp-json\/wp\/v2\/posts"}],"about":[{"href":"https:\/\/www.aribau.es\/ca\/wp-json\/wp\/v2\/types\/post"}],"author":[{"embeddable":true,"href":"https:\/\/www.aribau.es\/ca\/wp-json\/wp\/v2\/users\/3"}],"replies":[{"embeddable":true,"href":"https:\/\/www.aribau.es\/ca\/wp-json\/wp\/v2\/comments?post=12573"}],"version-history":[{"count":6,"href":"https:\/\/www.aribau.es\/ca\/wp-json\/wp\/v2\/posts\/12573\/revisions"}],"predecessor-version":[{"id":12585,"href":"https:\/\/www.aribau.es\/ca\/wp-json\/wp\/v2\/posts\/12573\/revisions\/12585"}],"wp:featuredmedia":[{"embeddable":true,"href":"https:\/\/www.aribau.es\/ca\/wp-json\/wp\/v2\/media\/12579"}],"wp:attachment":[{"href":"https:\/\/www.aribau.es\/ca\/wp-json\/wp\/v2\/media?parent=12573"}],"wp:term":[{"taxonomy":"category","embeddable":true,"href":"https:\/\/www.aribau.es\/ca\/wp-json\/wp\/v2\/categories?post=12573"},{"taxonomy":"post_tag","embeddable":true,"href":"https:\/\/www.aribau.es\/ca\/wp-json\/wp\/v2\/tags?post=12573"}],"curies":[{"name":"wp","href":"https:\/\/api.w.org\/{rel}","templated":true}]}}