{"id":12770,"date":"2023-05-28T14:16:39","date_gmt":"2023-05-28T13:16:39","guid":{"rendered":"https:\/\/www.aribau.es\/?p=12770"},"modified":"2023-05-28T14:23:58","modified_gmt":"2023-05-28T13:23:58","slug":"ferre-i-catasus-vinos-con-alma-que-despiertan-los-sentidos","status":"publish","type":"post","link":"https:\/\/www.aribau.es\/ca\/ferre-i-catasus-vinos-con-alma-que-despiertan-los-sentidos\/","title":{"rendered":"FERR\u00c9 I CATAS\u00daS: VINS AMB \u00c0NIMA QUE DESPERTEN ELS SENTITS"},"content":{"rendered":"<p>Coneixes Ferr\u00e9 i Catas\u00fas? \u00c9s un celler amb una hist\u00f2ria \u00fanica i vins que despertaran la teva curiositat i entusiasme. Tot va comen\u00e7ar el 1935 quan Llu\u00eds Ferr\u00e9 Pascual, fill d'una fam\u00edlia de viticultors del Pened\u00e8s, va decidir seguir el seu cor i casar-se en secret amb Maria Catas\u00fas Dom\u00e8nech. Encara que les seves noces no van ser ben rebudes per les seves fam\u00edlies, especialment per la de Lluis, <strong>la seva passi\u00f3 pel m\u00f3n del vi mai no es va esvair.<\/strong><\/p>\n<p>Avui dia, s\u00f3n els fills de Llu\u00eds, i especialment Llu\u00eds Ferr\u00e9, els qui continuen el llegat familiar, infonent \u00e0nima i dedicaci\u00f3 a cada ampolla que porta el nom de Ferr\u00e9 i Catas\u00fas. Els seus vins s\u00f3n el resultat de la <strong>combinaci\u00f3 perfecta entre tradici\u00f3 i innovaci\u00f3<\/strong>, amb aromes innovadores que desafien les expectatives i obren nous camins enol\u00f2gics.<\/p>\n<p><strong>Creuen en l'honestedat i la simplicitat en l'elaboraci\u00f3 dels vins<\/strong>. Volen que cada ampolla reflecteixi els matisos de les parcel\u00b7les. Reivindiquen l'elaboraci\u00f3 de vins fins: equilibrats, frescos i suaus, que permeten al consumidor gaudir-ne en tota la seva esplendor.<\/p>\n<p>A cada pas del proc\u00e9s, des de les seves vinyes fins a la producci\u00f3, <strong>s'esforcen per ser sostenibles, ecol\u00f2gics i certificats com a vegans<\/strong>. Els seus ceps s\u00f3n com a tresors que mimen amb cura i dedicaci\u00f3 a les seves 46 hect\u00e0rees de vinyes a l'Alt i Baix Pened\u00e8s. Cada professional de Ferr\u00e9 i Catas\u00fas t\u00e9 una cura especial de les vinyes, els ceps i tot el proc\u00e9s de producci\u00f3, amb l'objectiu d'aconseguir-ne una <strong>producci\u00f3 100% ecol\u00f2gica i respectuosa amb la natura.<\/strong><\/p>\n<p>Ubicats al cor de la depressi\u00f3 prelitoral catalana, entre la serralada prelitoral i les petites planes de la costa mediterr\u00e0nia, les vinyes es beneficien d'un s\u00f2l ric en f\u00f2sfor i baix en potassi. El terreny irregular, amb petits turons i valls, juntament amb els diferents tipus de s\u00f2ls, des de sorrencs fins a calcaris i argilosos, creen l' <strong>entorn perfecte per cultivar ra\u00efms de qualitat excepcional.<\/strong><\/p>\n<p><a href=\"https:\/\/www.aribau.es\/ca\/bodegas-2\/ferre-i-catasus\/\"><strong>Coneix-ne m\u00e9s sobre ells i els seus productes!<\/strong><\/a><\/p>","protected":false},"excerpt":{"rendered":"<p>\u00bfConoces Ferr\u00e9 i Catas\u00fas? Es una bodega con una historia \u00fanica y vinos que despertar\u00e1n tu curiosidad y entusiasmo. Todo comenz\u00f3 en 1935, cuando Llu\u00eds Ferr\u00e9 Pascual, hijo de una familia de viticultores del Pened\u00e8s, decidi\u00f3 seguir su coraz\u00f3n y casarse en secreto con Maria Catas\u00fas Dom\u00e8nech. Aunque su boda no fue bien recibida por &#8230; <a title=\"FERR\u00c9 I CATAS\u00daS: VINS AMB \u00c0NIMA QUE DESPERTEN ELS SENTITS\" class=\"read-more\" href=\"https:\/\/www.aribau.es\/ca\/ferre-i-catasus-vinos-con-alma-que-despiertan-los-sentidos\/\" aria-label=\"M\u00e9s informaci\u00f3 sobre FERR\u00c9 I CATAS\u00daS: VINOS CON ALMA QUE DESPIERTAN LOS SENTIDOS\">Llegiu m\u00e9s<\/a><\/p>","protected":false},"author":3,"featured_media":12772,"comment_status":"closed","ping_status":"closed","sticky":false,"template":"","format":"standard","meta":{"footnotes":""},"categories":[406],"tags":[305,446,321,656,651],"class_list":["post-12770","post","type-post","status-publish","format-standard","has-post-thumbnail","hentry","category-noticias","tag-aribau","tag-bodegas","tag-do-penedes","tag-modernismo","tag-vino-catalan"],"yoast_head":"<!-- This site is optimized with the Yoast SEO plugin v26.7 - https:\/\/yoast.com\/wordpress\/plugins\/seo\/ -->\n<title>FERR\u00c9 I CATAS\u00daS: VINOS CON ALMA QUE DESPIERTAN LOS SENTIDOS - Aribau<\/title>\n<meta name=\"robots\" content=\"index, follow, max-snippet:-1, max-image-preview:large, max-video-preview:-1\" \/>\n<link rel=\"canonical\" href=\"https:\/\/www.aribau.es\/ca\/ferre-i-catasus-vinos-con-alma-que-despiertan-los-sentidos\/\" \/>\n<meta property=\"og:locale\" content=\"ca_ES\" \/>\n<meta property=\"og:type\" content=\"article\" \/>\n<meta property=\"og:title\" content=\"FERR\u00c9 I CATAS\u00daS: VINOS CON ALMA QUE DESPIERTAN LOS SENTIDOS - Aribau\" \/>\n<meta property=\"og:description\" content=\"\u00bfConoces Ferr\u00e9 i Catas\u00fas? Es una bodega con una historia \u00fanica y vinos que despertar\u00e1n tu curiosidad y entusiasmo. Todo comenz\u00f3 en 1935, cuando Llu\u00eds Ferr\u00e9 Pascual, hijo de una familia de viticultores del Pened\u00e8s, decidi\u00f3 seguir su coraz\u00f3n y casarse en secreto con Maria Catas\u00fas Dom\u00e8nech. Aunque su boda no fue bien recibida por ... Llegiu m\u00e9s\" \/>\n<meta property=\"og:url\" content=\"https:\/\/www.aribau.es\/ca\/ferre-i-catasus-vinos-con-alma-que-despiertan-los-sentidos\/\" \/>\n<meta property=\"og:site_name\" content=\"Aribau\" \/>\n<meta property=\"article:publisher\" content=\"https:\/\/www.facebook.com\/aribau1964\/\" \/>\n<meta property=\"article:published_time\" content=\"2023-05-28T13:16:39+00:00\" \/>\n<meta property=\"article:modified_time\" content=\"2023-05-28T13:23:58+00:00\" \/>\n<meta property=\"og:image\" content=\"https:\/\/www.aribau.es\/wp-content\/uploads\/2023\/05\/20190608_104822.jpg\" \/>\n\t<meta property=\"og:image:width\" content=\"1020\" \/>\n\t<meta property=\"og:image:height\" content=\"1020\" \/>\n\t<meta property=\"og:image:type\" content=\"image\/jpeg\" \/>\n<meta name=\"author\" content=\"aribau\" \/>\n<meta name=\"twitter:card\" content=\"summary_large_image\" \/>\n<meta name=\"twitter:creator\" content=\"@aribau1964\" \/>\n<meta name=\"twitter:site\" content=\"@aribau1964\" \/>\n<meta name=\"twitter:label1\" content=\"Escrit per\" \/>\n\t<meta name=\"twitter:data1\" content=\"aribau\" \/>\n\t<meta name=\"twitter:label2\" content=\"Temps estimat de lectura\" \/>\n\t<meta name=\"twitter:data2\" content=\"2 minuts\" \/>\n<script type=\"application\/ld+json\" class=\"yoast-schema-graph\">{\"@context\":\"https:\/\/schema.org\",\"@graph\":[{\"@type\":\"Article\",\"@id\":\"https:\/\/www.aribau.es\/ferre-i-catasus-vinos-con-alma-que-despiertan-los-sentidos\/#article\",\"isPartOf\":{\"@id\":\"https:\/\/www.aribau.es\/ferre-i-catasus-vinos-con-alma-que-despiertan-los-sentidos\/\"},\"author\":{\"name\":\"aribau\",\"@id\":\"https:\/\/www.aribau.es\/#\/schema\/person\/77a976898b3c705ed016499633f4ffd0\"},\"headline\":\"FERR\u00c9 I CATAS\u00daS: VINOS CON ALMA QUE DESPIERTAN LOS SENTIDOS\",\"datePublished\":\"2023-05-28T13:16:39+00:00\",\"dateModified\":\"2023-05-28T13:23:58+00:00\",\"mainEntityOfPage\":{\"@id\":\"https:\/\/www.aribau.es\/ferre-i-catasus-vinos-con-alma-que-despiertan-los-sentidos\/\"},\"wordCount\":372,\"publisher\":{\"@id\":\"https:\/\/www.aribau.es\/#organization\"},\"image\":{\"@id\":\"https:\/\/www.aribau.es\/ferre-i-catasus-vinos-con-alma-que-despiertan-los-sentidos\/#primaryimage\"},\"thumbnailUrl\":\"https:\/\/www.aribau.es\/wp-content\/uploads\/2023\/05\/20190608_104822.jpg\",\"keywords\":[\"Aribau\",\"Bodegas\",\"DO Pened\u00e8s\",\"modernismo\",\"vino catal\u00e1n\"],\"articleSection\":[\"Noticias\"],\"inLanguage\":\"ca\"},{\"@type\":\"WebPage\",\"@id\":\"https:\/\/www.aribau.es\/ferre-i-catasus-vinos-con-alma-que-despiertan-los-sentidos\/\",\"url\":\"https:\/\/www.aribau.es\/ferre-i-catasus-vinos-con-alma-que-despiertan-los-sentidos\/\",\"name\":\"FERR\u00c9 I CATAS\u00daS: VINOS CON ALMA QUE DESPIERTAN LOS SENTIDOS - Aribau\",\"isPartOf\":{\"@id\":\"https:\/\/www.aribau.es\/#website\"},\"primaryImageOfPage\":{\"@id\":\"https:\/\/www.aribau.es\/ferre-i-catasus-vinos-con-alma-que-despiertan-los-sentidos\/#primaryimage\"},\"image\":{\"@id\":\"https:\/\/www.aribau.es\/ferre-i-catasus-vinos-con-alma-que-despiertan-los-sentidos\/#primaryimage\"},\"thumbnailUrl\":\"https:\/\/www.aribau.es\/wp-content\/uploads\/2023\/05\/20190608_104822.jpg\",\"datePublished\":\"2023-05-28T13:16:39+00:00\",\"dateModified\":\"2023-05-28T13:23:58+00:00\",\"breadcrumb\":{\"@id\":\"https:\/\/www.aribau.es\/ferre-i-catasus-vinos-con-alma-que-despiertan-los-sentidos\/#breadcrumb\"},\"inLanguage\":\"ca\",\"potentialAction\":[{\"@type\":\"ReadAction\",\"target\":[\"https:\/\/www.aribau.es\/ferre-i-catasus-vinos-con-alma-que-despiertan-los-sentidos\/\"]}]},{\"@type\":\"ImageObject\",\"inLanguage\":\"ca\",\"@id\":\"https:\/\/www.aribau.es\/ferre-i-catasus-vinos-con-alma-que-despiertan-los-sentidos\/#primaryimage\",\"url\":\"https:\/\/www.aribau.es\/wp-content\/uploads\/2023\/05\/20190608_104822.jpg\",\"contentUrl\":\"https:\/\/www.aribau.es\/wp-content\/uploads\/2023\/05\/20190608_104822.jpg\",\"width\":1020,\"height\":1020},{\"@type\":\"BreadcrumbList\",\"@id\":\"https:\/\/www.aribau.es\/ferre-i-catasus-vinos-con-alma-que-despiertan-los-sentidos\/#breadcrumb\",\"itemListElement\":[{\"@type\":\"ListItem\",\"position\":1,\"name\":\"Portada\",\"item\":\"https:\/\/www.aribau.es\/\"},{\"@type\":\"ListItem\",\"position\":2,\"name\":\"FERR\u00c9 I CATAS\u00daS: VINOS CON ALMA QUE DESPIERTAN LOS SENTIDOS\"}]},{\"@type\":\"WebSite\",\"@id\":\"https:\/\/www.aribau.es\/#website\",\"url\":\"https:\/\/www.aribau.es\/\",\"name\":\"Aribau\",\"description\":\"VINOS Y BODEGAS\",\"publisher\":{\"@id\":\"https:\/\/www.aribau.es\/#organization\"},\"potentialAction\":[{\"@type\":\"SearchAction\",\"target\":{\"@type\":\"EntryPoint\",\"urlTemplate\":\"https:\/\/www.aribau.es\/?s={search_term_string}\"},\"query-input\":{\"@type\":\"PropertyValueSpecification\",\"valueRequired\":true,\"valueName\":\"search_term_string\"}}],\"inLanguage\":\"ca\"},{\"@type\":\"Organization\",\"@id\":\"https:\/\/www.aribau.es\/#organization\",\"name\":\"Aribau\",\"url\":\"https:\/\/www.aribau.es\/\",\"logo\":{\"@type\":\"ImageObject\",\"inLanguage\":\"ca\",\"@id\":\"https:\/\/www.aribau.es\/#\/schema\/logo\/image\/\",\"url\":\"https:\/\/www.aribau.es\/wp-content\/uploads\/2022\/03\/logo.png\",\"contentUrl\":\"https:\/\/www.aribau.es\/wp-content\/uploads\/2022\/03\/logo.png\",\"width\":300,\"height\":300,\"caption\":\"Aribau\"},\"image\":{\"@id\":\"https:\/\/www.aribau.es\/#\/schema\/logo\/image\/\"},\"sameAs\":[\"https:\/\/www.facebook.com\/aribau1964\/\",\"https:\/\/x.com\/aribau1964\",\"https:\/\/www.instagram.com\/aribau1964\/\"]},{\"@type\":\"Person\",\"@id\":\"https:\/\/www.aribau.es\/#\/schema\/person\/77a976898b3c705ed016499633f4ffd0\",\"name\":\"aribau\",\"image\":{\"@type\":\"ImageObject\",\"inLanguage\":\"ca\",\"@id\":\"https:\/\/www.aribau.es\/#\/schema\/person\/image\/\",\"url\":\"https:\/\/secure.gravatar.com\/avatar\/6690491f832d5b32aa9482b978c9464816810fbff0f6658034a34c9d9657b94e?s=96&d=mm&r=g\",\"contentUrl\":\"https:\/\/secure.gravatar.com\/avatar\/6690491f832d5b32aa9482b978c9464816810fbff0f6658034a34c9d9657b94e?s=96&d=mm&r=g\",\"caption\":\"aribau\"},\"url\":\"https:\/\/www.aribau.es\/ca\/author\/aribau\/\"}]}<\/script>\n<!-- \/ Yoast SEO plugin. -->","yoast_head_json":{"title":"FERR\u00c9 I CATAS\u00daS: VINOS CON ALMA QUE DESPIERTAN LOS SENTIDOS - Aribau","robots":{"index":"index","follow":"follow","max-snippet":"max-snippet:-1","max-image-preview":"max-image-preview:large","max-video-preview":"max-video-preview:-1"},"canonical":"https:\/\/www.aribau.es\/ca\/ferre-i-catasus-vinos-con-alma-que-despiertan-los-sentidos\/","og_locale":"ca_ES","og_type":"article","og_title":"FERR\u00c9 I CATAS\u00daS: VINOS CON ALMA QUE DESPIERTAN LOS SENTIDOS - Aribau","og_description":"\u00bfConoces Ferr\u00e9 i Catas\u00fas? Es una bodega con una historia \u00fanica y vinos que despertar\u00e1n tu curiosidad y entusiasmo. Todo comenz\u00f3 en 1935, cuando Llu\u00eds Ferr\u00e9 Pascual, hijo de una familia de viticultores del Pened\u00e8s, decidi\u00f3 seguir su coraz\u00f3n y casarse en secreto con Maria Catas\u00fas Dom\u00e8nech. Aunque su boda no fue bien recibida por ... Llegiu m\u00e9s","og_url":"https:\/\/www.aribau.es\/ca\/ferre-i-catasus-vinos-con-alma-que-despiertan-los-sentidos\/","og_site_name":"Aribau","article_publisher":"https:\/\/www.facebook.com\/aribau1964\/","article_published_time":"2023-05-28T13:16:39+00:00","article_modified_time":"2023-05-28T13:23:58+00:00","og_image":[{"width":1020,"height":1020,"url":"https:\/\/www.aribau.es\/wp-content\/uploads\/2023\/05\/20190608_104822.jpg","type":"image\/jpeg"}],"author":"aribau","twitter_card":"summary_large_image","twitter_creator":"@aribau1964","twitter_site":"@aribau1964","twitter_misc":{"Escrit per":"aribau","Temps estimat de lectura":"2 minuts"},"schema":{"@context":"https:\/\/schema.org","@graph":[{"@type":"Article","@id":"https:\/\/www.aribau.es\/ferre-i-catasus-vinos-con-alma-que-despiertan-los-sentidos\/#article","isPartOf":{"@id":"https:\/\/www.aribau.es\/ferre-i-catasus-vinos-con-alma-que-despiertan-los-sentidos\/"},"author":{"name":"aribau","@id":"https:\/\/www.aribau.es\/#\/schema\/person\/77a976898b3c705ed016499633f4ffd0"},"headline":"FERR\u00c9 I CATAS\u00daS: VINOS CON ALMA QUE DESPIERTAN LOS SENTIDOS","datePublished":"2023-05-28T13:16:39+00:00","dateModified":"2023-05-28T13:23:58+00:00","mainEntityOfPage":{"@id":"https:\/\/www.aribau.es\/ferre-i-catasus-vinos-con-alma-que-despiertan-los-sentidos\/"},"wordCount":372,"publisher":{"@id":"https:\/\/www.aribau.es\/#organization"},"image":{"@id":"https:\/\/www.aribau.es\/ferre-i-catasus-vinos-con-alma-que-despiertan-los-sentidos\/#primaryimage"},"thumbnailUrl":"https:\/\/www.aribau.es\/wp-content\/uploads\/2023\/05\/20190608_104822.jpg","keywords":["Aribau","Bodegas","DO Pened\u00e8s","modernismo","vino catal\u00e1n"],"articleSection":["Noticias"],"inLanguage":"ca"},{"@type":"WebPage","@id":"https:\/\/www.aribau.es\/ferre-i-catasus-vinos-con-alma-que-despiertan-los-sentidos\/","url":"https:\/\/www.aribau.es\/ferre-i-catasus-vinos-con-alma-que-despiertan-los-sentidos\/","name":"FERR\u00c9 I CATAS\u00daS: VINOS CON ALMA QUE DESPIERTAN LOS SENTIDOS - Aribau","isPartOf":{"@id":"https:\/\/www.aribau.es\/#website"},"primaryImageOfPage":{"@id":"https:\/\/www.aribau.es\/ferre-i-catasus-vinos-con-alma-que-despiertan-los-sentidos\/#primaryimage"},"image":{"@id":"https:\/\/www.aribau.es\/ferre-i-catasus-vinos-con-alma-que-despiertan-los-sentidos\/#primaryimage"},"thumbnailUrl":"https:\/\/www.aribau.es\/wp-content\/uploads\/2023\/05\/20190608_104822.jpg","datePublished":"2023-05-28T13:16:39+00:00","dateModified":"2023-05-28T13:23:58+00:00","breadcrumb":{"@id":"https:\/\/www.aribau.es\/ferre-i-catasus-vinos-con-alma-que-despiertan-los-sentidos\/#breadcrumb"},"inLanguage":"ca","potentialAction":[{"@type":"ReadAction","target":["https:\/\/www.aribau.es\/ferre-i-catasus-vinos-con-alma-que-despiertan-los-sentidos\/"]}]},{"@type":"ImageObject","inLanguage":"ca","@id":"https:\/\/www.aribau.es\/ferre-i-catasus-vinos-con-alma-que-despiertan-los-sentidos\/#primaryimage","url":"https:\/\/www.aribau.es\/wp-content\/uploads\/2023\/05\/20190608_104822.jpg","contentUrl":"https:\/\/www.aribau.es\/wp-content\/uploads\/2023\/05\/20190608_104822.jpg","width":1020,"height":1020},{"@type":"BreadcrumbList","@id":"https:\/\/www.aribau.es\/ferre-i-catasus-vinos-con-alma-que-despiertan-los-sentidos\/#breadcrumb","itemListElement":[{"@type":"ListItem","position":1,"name":"Portada","item":"https:\/\/www.aribau.es\/"},{"@type":"ListItem","position":2,"name":"FERR\u00c9 I CATAS\u00daS: VINOS CON ALMA QUE DESPIERTAN LOS SENTIDOS"}]},{"@type":"WebSite","@id":"https:\/\/www.aribau.es\/#website","url":"https:\/\/www.aribau.es\/","name":"Aribau","description":"VINOS Y BODEGAS","publisher":{"@id":"https:\/\/www.aribau.es\/#organization"},"potentialAction":[{"@type":"SearchAction","target":{"@type":"EntryPoint","urlTemplate":"https:\/\/www.aribau.es\/?s={search_term_string}"},"query-input":{"@type":"PropertyValueSpecification","valueRequired":true,"valueName":"search_term_string"}}],"inLanguage":"ca"},{"@type":"Organization","@id":"https:\/\/www.aribau.es\/#organization","name":"Aribau","url":"https:\/\/www.aribau.es\/","logo":{"@type":"ImageObject","inLanguage":"ca","@id":"https:\/\/www.aribau.es\/#\/schema\/logo\/image\/","url":"https:\/\/www.aribau.es\/wp-content\/uploads\/2022\/03\/logo.png","contentUrl":"https:\/\/www.aribau.es\/wp-content\/uploads\/2022\/03\/logo.png","width":300,"height":300,"caption":"Aribau"},"image":{"@id":"https:\/\/www.aribau.es\/#\/schema\/logo\/image\/"},"sameAs":["https:\/\/www.facebook.com\/aribau1964\/","https:\/\/x.com\/aribau1964","https:\/\/www.instagram.com\/aribau1964\/"]},{"@type":"Person","@id":"https:\/\/www.aribau.es\/#\/schema\/person\/77a976898b3c705ed016499633f4ffd0","name":"aribau","image":{"@type":"ImageObject","inLanguage":"ca","@id":"https:\/\/www.aribau.es\/#\/schema\/person\/image\/","url":"https:\/\/secure.gravatar.com\/avatar\/6690491f832d5b32aa9482b978c9464816810fbff0f6658034a34c9d9657b94e?s=96&d=mm&r=g","contentUrl":"https:\/\/secure.gravatar.com\/avatar\/6690491f832d5b32aa9482b978c9464816810fbff0f6658034a34c9d9657b94e?s=96&d=mm&r=g","caption":"aribau"},"url":"https:\/\/www.aribau.es\/ca\/author\/aribau\/"}]}},"_links":{"self":[{"href":"https:\/\/www.aribau.es\/ca\/wp-json\/wp\/v2\/posts\/12770","targetHints":{"allow":["GET"]}}],"collection":[{"href":"https:\/\/www.aribau.es\/ca\/wp-json\/wp\/v2\/posts"}],"about":[{"href":"https:\/\/www.aribau.es\/ca\/wp-json\/wp\/v2\/types\/post"}],"author":[{"embeddable":true,"href":"https:\/\/www.aribau.es\/ca\/wp-json\/wp\/v2\/users\/3"}],"replies":[{"embeddable":true,"href":"https:\/\/www.aribau.es\/ca\/wp-json\/wp\/v2\/comments?post=12770"}],"version-history":[{"count":5,"href":"https:\/\/www.aribau.es\/ca\/wp-json\/wp\/v2\/posts\/12770\/revisions"}],"predecessor-version":[{"id":12776,"href":"https:\/\/www.aribau.es\/ca\/wp-json\/wp\/v2\/posts\/12770\/revisions\/12776"}],"wp:featuredmedia":[{"embeddable":true,"href":"https:\/\/www.aribau.es\/ca\/wp-json\/wp\/v2\/media\/12772"}],"wp:attachment":[{"href":"https:\/\/www.aribau.es\/ca\/wp-json\/wp\/v2\/media?parent=12770"}],"wp:term":[{"taxonomy":"category","embeddable":true,"href":"https:\/\/www.aribau.es\/ca\/wp-json\/wp\/v2\/categories?post=12770"},{"taxonomy":"post_tag","embeddable":true,"href":"https:\/\/www.aribau.es\/ca\/wp-json\/wp\/v2\/tags?post=12770"}],"curies":[{"name":"wp","href":"https:\/\/api.w.org\/{rel}","templated":true}]}}