{"id":13118,"date":"2024-01-09T13:40:31","date_gmt":"2024-01-09T12:40:31","guid":{"rendered":"https:\/\/www.aribau.es\/?p=13118"},"modified":"2024-01-09T13:40:31","modified_gmt":"2024-01-09T12:40:31","slug":"tendencias-del-mundo-del-vino-para-este-2024","status":"publish","type":"post","link":"https:\/\/www.aribau.es\/ca\/tendencias-del-mundo-del-vino-para-este-2024\/","title":{"rendered":"TEND\u00c8NCIES DEL M\u00d3N DEL VI PER A AQUEST 2024"},"content":{"rendered":"<p>Estrenem nou any i aix\u00f2 suposa nous reptes, i el m\u00f3n del vi no podia ser menys. Per\u00f2, quines s\u00f3n les tend\u00e8ncies que marcaran aquest 2024 en el m\u00f3n vitivin\u00edcola? Desgranarem les m\u00e9s destacades a continuaci\u00f3.<\/p>\n<h2>La sostenibilitat, punta de llan\u00e7a en el sector vitivin\u00edcola<\/h2>\n<p>Queda patent que el canvi clim\u00e0tic \u00e9s ja un fet. Aquest canvi clim\u00e0tic, com \u00e9s evident, est\u00e0 tenint conseq\u00fc\u00e8ncies en el sector vitivin\u00edcola i en el proc\u00e9s de producci\u00f3 del vi. La sostenibilitat s'ha tornat, per tant, una de les urg\u00e8ncies per a aquest 2024. El sector ja est\u00e0 adoptant m\u00e8todes d'agricultura sostenible, pr\u00e0ctiques de reg que ajudin a treure el m\u00e0xim partit dels recursos h\u00eddrics disponibles, i evitant tot el que es pugui el desaprofitament. Els vins biodin\u00e0mics i org\u00e0nics estan augmentant les seves vendes gr\u00e0cies al seu respecte pel medi ambient, aspecte que agrada al consumidor.<\/p>\n<h2>Canvi en l'etiquetatge dels vins<\/h2>\n<p>La Uni\u00f3 Europea obliga els cellers a introduir nous canvis en les seves etiquetes, m\u00e9s en concret, aquesta nova exig\u00e8ncia s'aplica als vins que hagin finalitzat la seva elaboraci\u00f3 a partir del 8 de desembre. Quins canvis s'inclouen en el nou etiquetatge?<\/p>\n<p>Des d'ara, els vins han d'incloure en la seva etiquetat informaci\u00f3 sobre les calories i els ingredients del producte, deixant aix\u00ed enrere l'excepci\u00f3 que tenien. En el cas de les calories, hauran de ser visibles en l'etiqueta, i que el consumidor pugui trobar f\u00e0cilment aquesta informaci\u00f3.  No obstant aix\u00f2, en el cas de les dades relacionades amb els ingredients, la UE permet incloure en l'etiqueta un codi QR que remeti a una web en la qual el consumidor trobi tota aquesta informaci\u00f3.<\/p>\n<h2>Els vins blancs en auge<\/h2>\n<p>Ja \u00e9s un fet: el sector nota un increment en la demanda de vi blanc, aix\u00ed com canvis en la crian\u00e7a. Com hem comentat, a m\u00e9s creix l'inter\u00e8s pels vins biodin\u00e0mics i org\u00e0nics, aix\u00ed com pels vins sense alcohol. Aix\u00f2 suposa tot un repte per als productors i els obre noves oportunitats de mercat.<\/p>\n<h2>Revoluci\u00f3 en els mercats<\/h2>\n<p>Informes recents recullen l'inter\u00e8s del comprador per adquirir vins de categoria m\u00e9s premium per a fer un consum d'ells a casa.<\/p>\n<p>A m\u00e9s, el sector est\u00e0 fent grans esfor\u00e7os per atreure a un p\u00fablic m\u00e9s jove, adaptant-se als seus gustos i amb noves campanyes de m\u00e0rqueting, fent arribar el missatge del vi com a beguda cultural i gastron\u00f2mica.<\/p>\n<p>D'altra banda, el mercat espanyol continua explorant nous mercats com s\u00f3n l'asi\u00e0tic, el d'Am\u00e8rica Llatina o \u00c0frica. Zones que ofereixen un gran potencial de creixement per a l'exportaci\u00f3.<\/p>\n<h2>La Intel\u00b7lig\u00e8ncia Artificial arriba al sector vitivin\u00edcola<\/h2>\n<p>A conseq\u00fc\u00e8ncia de l'aprofitament dels recursos disponibles, la Intel\u00b7lig\u00e8ncia Artificial (IA) passa a ser una tecnologia clau. Aquesta ajuda a la millora de la tra\u00e7abilitat i la qualitat del vi, optimitzant la gesti\u00f3 de les vinyes en tots els processos de producci\u00f3 de la beguda. D'aquesta manera, els en\u00f2legs i elaboradors, amb tota la informaci\u00f3 recopilada, poden prendre millors decisions.<\/p>","protected":false},"excerpt":{"rendered":"<p>Estrenamos nuevo a\u00f1o y esto supone nuevos retos, y el mundo del vino no pod\u00eda ser menos. Pero, \u00bfcu\u00e1les son las tendencias que van a marcar este 2024 en el mundo vitivin\u00edcola? Vamos a desgranar las m\u00e1s destacadas a continuaci\u00f3n. La sostenibilidad, punta de lanza en el sector vitivin\u00edcola Queda patente que el cambio clim\u00e1tico &#8230; <a title=\"TEND\u00c8NCIES DEL M\u00d3N DEL VI PER A AQUEST 2024\" class=\"read-more\" href=\"https:\/\/www.aribau.es\/ca\/tendencias-del-mundo-del-vino-para-este-2024\/\" aria-label=\"M\u00e9s informaci\u00f3 sobre TENDENCIAS DEL MUNDO DEL VINO PARA ESTE 2024\">Llegiu m\u00e9s<\/a><\/p>","protected":false},"author":3,"featured_media":13119,"comment_status":"closed","ping_status":"closed","sticky":false,"template":"","format":"standard","meta":{"footnotes":""},"categories":[406],"tags":[305,507,343,368,412,651,442,425,450],"class_list":["post-13118","post","type-post","status-publish","format-standard","has-post-thumbnail","hentry","category-noticias","tag-aribau","tag-consumo","tag-vi-catala","tag-vino","tag-vino-blanco","tag-vino-catalan","tag-vino-rosado","tag-vino-tinto","tag-vinos"],"yoast_head":"<!-- This site is optimized with the Yoast SEO plugin v26.7 - https:\/\/yoast.com\/wordpress\/plugins\/seo\/ -->\n<title>TENDENCIAS DEL MUNDO DEL VINO PARA ESTE 2024 - Aribau<\/title>\n<meta name=\"robots\" content=\"index, follow, max-snippet:-1, max-image-preview:large, max-video-preview:-1\" \/>\n<link rel=\"canonical\" href=\"https:\/\/www.aribau.es\/ca\/tendencias-del-mundo-del-vino-para-este-2024\/\" \/>\n<meta property=\"og:locale\" content=\"ca_ES\" \/>\n<meta property=\"og:type\" content=\"article\" \/>\n<meta property=\"og:title\" content=\"TENDENCIAS DEL MUNDO DEL VINO PARA ESTE 2024 - Aribau\" \/>\n<meta property=\"og:description\" content=\"Estrenamos nuevo a\u00f1o y esto supone nuevos retos, y el mundo del vino no pod\u00eda ser menos. Pero, \u00bfcu\u00e1les son las tendencias que van a marcar este 2024 en el mundo vitivin\u00edcola? Vamos a desgranar las m\u00e1s destacadas a continuaci\u00f3n. La sostenibilidad, punta de lanza en el sector vitivin\u00edcola Queda patente que el cambio clim\u00e1tico ... Llegiu m\u00e9s\" \/>\n<meta property=\"og:url\" content=\"https:\/\/www.aribau.es\/ca\/tendencias-del-mundo-del-vino-para-este-2024\/\" \/>\n<meta property=\"og:site_name\" content=\"Aribau\" \/>\n<meta property=\"article:publisher\" content=\"https:\/\/www.facebook.com\/aribau1964\/\" \/>\n<meta property=\"article:published_time\" content=\"2024-01-09T12:40:31+00:00\" \/>\n<meta property=\"og:image\" content=\"https:\/\/www.aribau.es\/wp-content\/uploads\/2024\/01\/tendencias-vino-2024-scaled.jpg\" \/>\n\t<meta property=\"og:image:width\" content=\"2560\" \/>\n\t<meta property=\"og:image:height\" content=\"1708\" \/>\n\t<meta property=\"og:image:type\" content=\"image\/jpeg\" \/>\n<meta name=\"author\" content=\"aribau\" \/>\n<meta name=\"twitter:card\" content=\"summary_large_image\" \/>\n<meta name=\"twitter:creator\" content=\"@aribau1964\" \/>\n<meta name=\"twitter:site\" content=\"@aribau1964\" \/>\n<meta name=\"twitter:label1\" content=\"Escrit per\" \/>\n\t<meta name=\"twitter:data1\" content=\"aribau\" \/>\n\t<meta name=\"twitter:label2\" content=\"Temps estimat de lectura\" \/>\n\t<meta name=\"twitter:data2\" content=\"3 minuts\" \/>\n<script type=\"application\/ld+json\" class=\"yoast-schema-graph\">{\"@context\":\"https:\/\/schema.org\",\"@graph\":[{\"@type\":\"Article\",\"@id\":\"https:\/\/www.aribau.es\/tendencias-del-mundo-del-vino-para-este-2024\/#article\",\"isPartOf\":{\"@id\":\"https:\/\/www.aribau.es\/tendencias-del-mundo-del-vino-para-este-2024\/\"},\"author\":{\"name\":\"aribau\",\"@id\":\"https:\/\/www.aribau.es\/#\/schema\/person\/77a976898b3c705ed016499633f4ffd0\"},\"headline\":\"TENDENCIAS DEL MUNDO DEL VINO PARA ESTE 2024\",\"datePublished\":\"2024-01-09T12:40:31+00:00\",\"mainEntityOfPage\":{\"@id\":\"https:\/\/www.aribau.es\/tendencias-del-mundo-del-vino-para-este-2024\/\"},\"wordCount\":567,\"publisher\":{\"@id\":\"https:\/\/www.aribau.es\/#organization\"},\"image\":{\"@id\":\"https:\/\/www.aribau.es\/tendencias-del-mundo-del-vino-para-este-2024\/#primaryimage\"},\"thumbnailUrl\":\"https:\/\/www.aribau.es\/wp-content\/uploads\/2024\/01\/tendencias-vino-2024-scaled.jpg\",\"keywords\":[\"Aribau\",\"consumo\",\"Vi Catal\u00e0\",\"vino\",\"Vino blanco\",\"vino catal\u00e1n\",\"vino rosado\",\"Vino tinto\",\"Vinos\"],\"articleSection\":[\"Noticias\"],\"inLanguage\":\"ca\"},{\"@type\":\"WebPage\",\"@id\":\"https:\/\/www.aribau.es\/tendencias-del-mundo-del-vino-para-este-2024\/\",\"url\":\"https:\/\/www.aribau.es\/tendencias-del-mundo-del-vino-para-este-2024\/\",\"name\":\"TENDENCIAS DEL MUNDO DEL VINO PARA ESTE 2024 - Aribau\",\"isPartOf\":{\"@id\":\"https:\/\/www.aribau.es\/#website\"},\"primaryImageOfPage\":{\"@id\":\"https:\/\/www.aribau.es\/tendencias-del-mundo-del-vino-para-este-2024\/#primaryimage\"},\"image\":{\"@id\":\"https:\/\/www.aribau.es\/tendencias-del-mundo-del-vino-para-este-2024\/#primaryimage\"},\"thumbnailUrl\":\"https:\/\/www.aribau.es\/wp-content\/uploads\/2024\/01\/tendencias-vino-2024-scaled.jpg\",\"datePublished\":\"2024-01-09T12:40:31+00:00\",\"breadcrumb\":{\"@id\":\"https:\/\/www.aribau.es\/tendencias-del-mundo-del-vino-para-este-2024\/#breadcrumb\"},\"inLanguage\":\"ca\",\"potentialAction\":[{\"@type\":\"ReadAction\",\"target\":[\"https:\/\/www.aribau.es\/tendencias-del-mundo-del-vino-para-este-2024\/\"]}]},{\"@type\":\"ImageObject\",\"inLanguage\":\"ca\",\"@id\":\"https:\/\/www.aribau.es\/tendencias-del-mundo-del-vino-para-este-2024\/#primaryimage\",\"url\":\"https:\/\/www.aribau.es\/wp-content\/uploads\/2024\/01\/tendencias-vino-2024-scaled.jpg\",\"contentUrl\":\"https:\/\/www.aribau.es\/wp-content\/uploads\/2024\/01\/tendencias-vino-2024-scaled.jpg\",\"width\":2560,\"height\":1708},{\"@type\":\"BreadcrumbList\",\"@id\":\"https:\/\/www.aribau.es\/tendencias-del-mundo-del-vino-para-este-2024\/#breadcrumb\",\"itemListElement\":[{\"@type\":\"ListItem\",\"position\":1,\"name\":\"Portada\",\"item\":\"https:\/\/www.aribau.es\/\"},{\"@type\":\"ListItem\",\"position\":2,\"name\":\"TENDENCIAS DEL MUNDO DEL VINO PARA ESTE 2024\"}]},{\"@type\":\"WebSite\",\"@id\":\"https:\/\/www.aribau.es\/#website\",\"url\":\"https:\/\/www.aribau.es\/\",\"name\":\"Aribau\",\"description\":\"VINOS Y BODEGAS\",\"publisher\":{\"@id\":\"https:\/\/www.aribau.es\/#organization\"},\"potentialAction\":[{\"@type\":\"SearchAction\",\"target\":{\"@type\":\"EntryPoint\",\"urlTemplate\":\"https:\/\/www.aribau.es\/?s={search_term_string}\"},\"query-input\":{\"@type\":\"PropertyValueSpecification\",\"valueRequired\":true,\"valueName\":\"search_term_string\"}}],\"inLanguage\":\"ca\"},{\"@type\":\"Organization\",\"@id\":\"https:\/\/www.aribau.es\/#organization\",\"name\":\"Aribau\",\"url\":\"https:\/\/www.aribau.es\/\",\"logo\":{\"@type\":\"ImageObject\",\"inLanguage\":\"ca\",\"@id\":\"https:\/\/www.aribau.es\/#\/schema\/logo\/image\/\",\"url\":\"https:\/\/www.aribau.es\/wp-content\/uploads\/2022\/03\/logo.png\",\"contentUrl\":\"https:\/\/www.aribau.es\/wp-content\/uploads\/2022\/03\/logo.png\",\"width\":300,\"height\":300,\"caption\":\"Aribau\"},\"image\":{\"@id\":\"https:\/\/www.aribau.es\/#\/schema\/logo\/image\/\"},\"sameAs\":[\"https:\/\/www.facebook.com\/aribau1964\/\",\"https:\/\/x.com\/aribau1964\",\"https:\/\/www.instagram.com\/aribau1964\/\"]},{\"@type\":\"Person\",\"@id\":\"https:\/\/www.aribau.es\/#\/schema\/person\/77a976898b3c705ed016499633f4ffd0\",\"name\":\"aribau\",\"image\":{\"@type\":\"ImageObject\",\"inLanguage\":\"ca\",\"@id\":\"https:\/\/www.aribau.es\/#\/schema\/person\/image\/\",\"url\":\"https:\/\/secure.gravatar.com\/avatar\/6690491f832d5b32aa9482b978c9464816810fbff0f6658034a34c9d9657b94e?s=96&d=mm&r=g\",\"contentUrl\":\"https:\/\/secure.gravatar.com\/avatar\/6690491f832d5b32aa9482b978c9464816810fbff0f6658034a34c9d9657b94e?s=96&d=mm&r=g\",\"caption\":\"aribau\"},\"url\":\"https:\/\/www.aribau.es\/ca\/author\/aribau\/\"}]}<\/script>\n<!-- \/ Yoast SEO plugin. -->","yoast_head_json":{"title":"TENDENCIAS DEL MUNDO DEL VINO PARA ESTE 2024 - Aribau","robots":{"index":"index","follow":"follow","max-snippet":"max-snippet:-1","max-image-preview":"max-image-preview:large","max-video-preview":"max-video-preview:-1"},"canonical":"https:\/\/www.aribau.es\/ca\/tendencias-del-mundo-del-vino-para-este-2024\/","og_locale":"ca_ES","og_type":"article","og_title":"TENDENCIAS DEL MUNDO DEL VINO PARA ESTE 2024 - Aribau","og_description":"Estrenamos nuevo a\u00f1o y esto supone nuevos retos, y el mundo del vino no pod\u00eda ser menos. Pero, \u00bfcu\u00e1les son las tendencias que van a marcar este 2024 en el mundo vitivin\u00edcola? Vamos a desgranar las m\u00e1s destacadas a continuaci\u00f3n. La sostenibilidad, punta de lanza en el sector vitivin\u00edcola Queda patente que el cambio clim\u00e1tico ... Llegiu m\u00e9s","og_url":"https:\/\/www.aribau.es\/ca\/tendencias-del-mundo-del-vino-para-este-2024\/","og_site_name":"Aribau","article_publisher":"https:\/\/www.facebook.com\/aribau1964\/","article_published_time":"2024-01-09T12:40:31+00:00","og_image":[{"width":2560,"height":1708,"url":"https:\/\/www.aribau.es\/wp-content\/uploads\/2024\/01\/tendencias-vino-2024-scaled.jpg","type":"image\/jpeg"}],"author":"aribau","twitter_card":"summary_large_image","twitter_creator":"@aribau1964","twitter_site":"@aribau1964","twitter_misc":{"Escrit per":"aribau","Temps estimat de lectura":"3 minuts"},"schema":{"@context":"https:\/\/schema.org","@graph":[{"@type":"Article","@id":"https:\/\/www.aribau.es\/tendencias-del-mundo-del-vino-para-este-2024\/#article","isPartOf":{"@id":"https:\/\/www.aribau.es\/tendencias-del-mundo-del-vino-para-este-2024\/"},"author":{"name":"aribau","@id":"https:\/\/www.aribau.es\/#\/schema\/person\/77a976898b3c705ed016499633f4ffd0"},"headline":"TENDENCIAS DEL MUNDO DEL VINO PARA ESTE 2024","datePublished":"2024-01-09T12:40:31+00:00","mainEntityOfPage":{"@id":"https:\/\/www.aribau.es\/tendencias-del-mundo-del-vino-para-este-2024\/"},"wordCount":567,"publisher":{"@id":"https:\/\/www.aribau.es\/#organization"},"image":{"@id":"https:\/\/www.aribau.es\/tendencias-del-mundo-del-vino-para-este-2024\/#primaryimage"},"thumbnailUrl":"https:\/\/www.aribau.es\/wp-content\/uploads\/2024\/01\/tendencias-vino-2024-scaled.jpg","keywords":["Aribau","consumo","Vi Catal\u00e0","vino","Vino blanco","vino catal\u00e1n","vino rosado","Vino tinto","Vinos"],"articleSection":["Noticias"],"inLanguage":"ca"},{"@type":"WebPage","@id":"https:\/\/www.aribau.es\/tendencias-del-mundo-del-vino-para-este-2024\/","url":"https:\/\/www.aribau.es\/tendencias-del-mundo-del-vino-para-este-2024\/","name":"TENDENCIAS DEL MUNDO DEL VINO PARA ESTE 2024 - Aribau","isPartOf":{"@id":"https:\/\/www.aribau.es\/#website"},"primaryImageOfPage":{"@id":"https:\/\/www.aribau.es\/tendencias-del-mundo-del-vino-para-este-2024\/#primaryimage"},"image":{"@id":"https:\/\/www.aribau.es\/tendencias-del-mundo-del-vino-para-este-2024\/#primaryimage"},"thumbnailUrl":"https:\/\/www.aribau.es\/wp-content\/uploads\/2024\/01\/tendencias-vino-2024-scaled.jpg","datePublished":"2024-01-09T12:40:31+00:00","breadcrumb":{"@id":"https:\/\/www.aribau.es\/tendencias-del-mundo-del-vino-para-este-2024\/#breadcrumb"},"inLanguage":"ca","potentialAction":[{"@type":"ReadAction","target":["https:\/\/www.aribau.es\/tendencias-del-mundo-del-vino-para-este-2024\/"]}]},{"@type":"ImageObject","inLanguage":"ca","@id":"https:\/\/www.aribau.es\/tendencias-del-mundo-del-vino-para-este-2024\/#primaryimage","url":"https:\/\/www.aribau.es\/wp-content\/uploads\/2024\/01\/tendencias-vino-2024-scaled.jpg","contentUrl":"https:\/\/www.aribau.es\/wp-content\/uploads\/2024\/01\/tendencias-vino-2024-scaled.jpg","width":2560,"height":1708},{"@type":"BreadcrumbList","@id":"https:\/\/www.aribau.es\/tendencias-del-mundo-del-vino-para-este-2024\/#breadcrumb","itemListElement":[{"@type":"ListItem","position":1,"name":"Portada","item":"https:\/\/www.aribau.es\/"},{"@type":"ListItem","position":2,"name":"TENDENCIAS DEL MUNDO DEL VINO PARA ESTE 2024"}]},{"@type":"WebSite","@id":"https:\/\/www.aribau.es\/#website","url":"https:\/\/www.aribau.es\/","name":"Aribau","description":"VINOS Y BODEGAS","publisher":{"@id":"https:\/\/www.aribau.es\/#organization"},"potentialAction":[{"@type":"SearchAction","target":{"@type":"EntryPoint","urlTemplate":"https:\/\/www.aribau.es\/?s={search_term_string}"},"query-input":{"@type":"PropertyValueSpecification","valueRequired":true,"valueName":"search_term_string"}}],"inLanguage":"ca"},{"@type":"Organization","@id":"https:\/\/www.aribau.es\/#organization","name":"Aribau","url":"https:\/\/www.aribau.es\/","logo":{"@type":"ImageObject","inLanguage":"ca","@id":"https:\/\/www.aribau.es\/#\/schema\/logo\/image\/","url":"https:\/\/www.aribau.es\/wp-content\/uploads\/2022\/03\/logo.png","contentUrl":"https:\/\/www.aribau.es\/wp-content\/uploads\/2022\/03\/logo.png","width":300,"height":300,"caption":"Aribau"},"image":{"@id":"https:\/\/www.aribau.es\/#\/schema\/logo\/image\/"},"sameAs":["https:\/\/www.facebook.com\/aribau1964\/","https:\/\/x.com\/aribau1964","https:\/\/www.instagram.com\/aribau1964\/"]},{"@type":"Person","@id":"https:\/\/www.aribau.es\/#\/schema\/person\/77a976898b3c705ed016499633f4ffd0","name":"aribau","image":{"@type":"ImageObject","inLanguage":"ca","@id":"https:\/\/www.aribau.es\/#\/schema\/person\/image\/","url":"https:\/\/secure.gravatar.com\/avatar\/6690491f832d5b32aa9482b978c9464816810fbff0f6658034a34c9d9657b94e?s=96&d=mm&r=g","contentUrl":"https:\/\/secure.gravatar.com\/avatar\/6690491f832d5b32aa9482b978c9464816810fbff0f6658034a34c9d9657b94e?s=96&d=mm&r=g","caption":"aribau"},"url":"https:\/\/www.aribau.es\/ca\/author\/aribau\/"}]}},"_links":{"self":[{"href":"https:\/\/www.aribau.es\/ca\/wp-json\/wp\/v2\/posts\/13118","targetHints":{"allow":["GET"]}}],"collection":[{"href":"https:\/\/www.aribau.es\/ca\/wp-json\/wp\/v2\/posts"}],"about":[{"href":"https:\/\/www.aribau.es\/ca\/wp-json\/wp\/v2\/types\/post"}],"author":[{"embeddable":true,"href":"https:\/\/www.aribau.es\/ca\/wp-json\/wp\/v2\/users\/3"}],"replies":[{"embeddable":true,"href":"https:\/\/www.aribau.es\/ca\/wp-json\/wp\/v2\/comments?post=13118"}],"version-history":[{"count":1,"href":"https:\/\/www.aribau.es\/ca\/wp-json\/wp\/v2\/posts\/13118\/revisions"}],"predecessor-version":[{"id":13120,"href":"https:\/\/www.aribau.es\/ca\/wp-json\/wp\/v2\/posts\/13118\/revisions\/13120"}],"wp:featuredmedia":[{"embeddable":true,"href":"https:\/\/www.aribau.es\/ca\/wp-json\/wp\/v2\/media\/13119"}],"wp:attachment":[{"href":"https:\/\/www.aribau.es\/ca\/wp-json\/wp\/v2\/media?parent=13118"}],"wp:term":[{"taxonomy":"category","embeddable":true,"href":"https:\/\/www.aribau.es\/ca\/wp-json\/wp\/v2\/categories?post=13118"},{"taxonomy":"post_tag","embeddable":true,"href":"https:\/\/www.aribau.es\/ca\/wp-json\/wp\/v2\/tags?post=13118"}],"curies":[{"name":"wp","href":"https:\/\/api.w.org\/{rel}","templated":true}]}}