{"id":13121,"date":"2024-01-25T13:47:04","date_gmt":"2024-01-25T12:47:04","guid":{"rendered":"https:\/\/www.aribau.es\/?p=13121"},"modified":"2024-01-25T13:47:04","modified_gmt":"2024-01-25T12:47:04","slug":"como-afecta-el-cambio-climatico-al-vino","status":"publish","type":"post","link":"https:\/\/www.aribau.es\/ca\/como-afecta-el-cambio-climatico-al-vino\/","title":{"rendered":"COM AFECTA EL CANVI CLIM\u00c0TIC AL VI?"},"content":{"rendered":"<p>Sequera, altes temperatures, temporals m\u00e9s intensos (de calamarsa, neu, pluja\u2026) o l'augment de la temperatura de l'aigua s\u00f3n nom\u00e9s algunes de les <strong>conseq\u00fc\u00e8ncies del canvi clim\u00e0tic<\/strong>. Per\u00f2, com afecta el canvi clim\u00e0tic al vi?<\/p>\n<h2>El <strong>canvi clim\u00e0tic<\/strong> portar\u00e0 la ind\u00fastria del vi a regions que ara s\u00f3n inimaginables<\/h2>\n<p>Un <a href=\"https:\/\/www.pnas.org\/doi\/abs\/10.1073\/pnas.1210127110\">estudi de PNAS<\/a> (Proceedings of the National Academy of Sciences) publicat l'any 2012 apuntava que, si no es reverteixen o, com a m\u00ednim, s'estancen els efectes del canvi clim\u00e0tic, <strong>per a l'any 2050 les regions vin\u00edcoles tal com les coneixem actualment seran cosa del passat<\/strong>. Haur\u00edem d'acomiadar-nos de vins de les zones del Pened\u00e8s, Ribera del Duero, Rioja, o Priorat, entre altres. Per contra, regions com Pol\u00f2nia, el Canad\u00e0 o fins i tot Noruega passarien a ser \u00f2ptimes per a la plantaci\u00f3 de vinyes.<\/p>\n<p>De fet, ja avui dia, a causa del canvi clim\u00e0tic i l'augment de temperatures, el sud-est brit\u00e0nic ha duplicat les extensions de vinyes en l'\u00faltima d\u00e8cada.<\/p>\n<h2>Aspectes del vi que es veuen afectats pel <strong>canvi clim\u00e0tic<\/strong><\/h2>\n<p>Els estius, cada vegada m\u00e9s llargs i c\u00e0lids, han ampliat el per\u00edode de maduraci\u00f3 del ra\u00efm. A m\u00e9s, el ra\u00efm est\u00e0 exposat durant m\u00e9s temps als raigs solars i, per aix\u00f2, poden desenvolupar sabors i aromes m\u00e9s complexes. Aix\u00ed i tot, cal vigilar perqu\u00e8 tamb\u00e9 comporta una maduraci\u00f3 primerenca i, per tant, major quantitat de sucre i augment de la graduaci\u00f3 d'alcohol durant la fermentaci\u00f3.<\/p>\n<p>El canvi clim\u00e0tic tamb\u00e9 fa que el ra\u00efm tinguin menys nivells de tanicidad, i aix\u00f2 afectaria l'elaboraci\u00f3 d'alguns tipus de vi. Aix\u00ed mateix, el nivell de pH augmenta i disminueix l'acidesa, comportant que el vi sigui m\u00e9s clar.<\/p>\n<p><strong>Les constants onades de calor a conseq\u00fc\u00e8ncia del canvi clim\u00e0tic alteren el cicle natural de la vinya<\/strong> i la fa m\u00e9s vulnerables a les plagues. Les temperatures altes i aquestes noves condicions climatol\u00f2giques tamb\u00e9 afecten les varietats de ra\u00efm i la seva regionalitat. Per a fer front a aquest efecte del <strong>canvi clim\u00e0tic<\/strong>, els viticultors es plantegen dues estrat\u00e8gies possibles, (totes dues amb elevats riscos). La primera d'elles \u00e9s anar muntanya a dalt i plantar vinyes en altituds que fins ara no hi havia. La segona \u00e9s canviar i plantar varietats de ra\u00efm m\u00e9s adequat per als climes c\u00e0lids. Aix\u00f2 comporta un alt risc, perqu\u00e8 les vinyes necessiten un m\u00ednim de deu anys per a comen\u00e7ar a produir vins de qualitat.<\/p>\n<h2>La verema tamb\u00e9 s'avan\u00e7a a causa del <strong>canvi clim\u00e0tic<\/strong><\/h2>\n<p>De manera general, <strong>el canvi clim\u00e0tic ha comportat un avan\u00e7 en els temps de verema<\/strong>. Actualment, s'inicia de mitjana uns quinze dies abans que fa 50 anys. La floraci\u00f3 de la vinya s'avan\u00e7a al voltant d'onze dies. Si el canvi clim\u00e0tic continua guanyant la batalla, no quedar\u00e0 aqu\u00ed la cosa. Els escenaris del cicle de la vinya que coneix\u00edem fins ara seran cosa del passat. Les dates de floraci\u00f3 podrien avan\u00e7ar-se entre 3 i 6 setmanes, i la verema podria veure's avan\u00e7ada fins a dos mesos i mig.<\/p>\n<p>En el cas d'Espanya, a m\u00e9s, cal afegir el <strong>risc de desertificaci\u00f3<\/strong> que podem sofrir a causa del canvi clim\u00e0tic, causant un estr\u00e8s h\u00eddric a les vinyes i incrementant les seves necessitats de reg en dues o tres vegades m\u00e9s.<\/p>\n<p>Aix\u00ed doncs, si volem continuar gaudint de la gran varietat de refer\u00e8ncies vin\u00edcoles disponibles en <a href=\"https:\/\/www.aribau.es\/ca\/catalogo-2\/\">Aribau<\/a>, \u00e9s treball de tots fer-li front al <strong>canvi clim\u00e0tic<\/strong>. No podem imaginar-nos un m\u00f3n sense els excel\u00b7lents vins dels quals podem assaborir avui dia. I tu?<\/p>","protected":false},"excerpt":{"rendered":"<p>Sequ\u00eda, altas temperaturas, temporales m\u00e1s intensos (de granizo, nieve, lluvia\u2026) o el aumento de la temperatura del agua son solo algunas de las consecuencias del cambio clim\u00e1tico. Pero, \u00bfc\u00f3mo afecta el cambio clim\u00e1tico al vino? El cambio clim\u00e1tico llevar\u00e1 la industria del vino a regiones que ahora son inimaginables Un estudio de PNAS (Proceedings of &#8230; <a title=\"COM AFECTA EL CANVI CLIM\u00c0TIC AL VI?\" class=\"read-more\" href=\"https:\/\/www.aribau.es\/ca\/como-afecta-el-cambio-climatico-al-vino\/\" aria-label=\"M\u00e9s informaci\u00f3 sobre \u00bfC\u00d3MO AFECTA EL CAMBIO CLIM\u00c1TICO AL VINO?\">Llegiu m\u00e9s<\/a><\/p>","protected":false},"author":3,"featured_media":13122,"comment_status":"closed","ping_status":"closed","sticky":false,"template":"","format":"standard","meta":{"footnotes":""},"categories":[406],"tags":[305,368,412,425,450],"class_list":["post-13121","post","type-post","status-publish","format-standard","has-post-thumbnail","hentry","category-noticias","tag-aribau","tag-vino","tag-vino-blanco","tag-vino-tinto","tag-vinos"],"yoast_head":"<!-- This site is optimized with the Yoast SEO plugin v26.7 - https:\/\/yoast.com\/wordpress\/plugins\/seo\/ -->\n<title>\u00bfC\u00d3MO AFECTA EL CAMBIO CLIM\u00c1TICO AL VINO? - Aribau<\/title>\n<meta name=\"robots\" content=\"index, follow, max-snippet:-1, max-image-preview:large, max-video-preview:-1\" \/>\n<link rel=\"canonical\" href=\"https:\/\/www.aribau.es\/ca\/como-afecta-el-cambio-climatico-al-vino\/\" \/>\n<meta property=\"og:locale\" content=\"ca_ES\" \/>\n<meta property=\"og:type\" content=\"article\" \/>\n<meta property=\"og:title\" content=\"\u00bfC\u00d3MO AFECTA EL CAMBIO CLIM\u00c1TICO AL VINO? - Aribau\" \/>\n<meta property=\"og:description\" content=\"Sequ\u00eda, altas temperaturas, temporales m\u00e1s intensos (de granizo, nieve, lluvia\u2026) o el aumento de la temperatura del agua son solo algunas de las consecuencias del cambio clim\u00e1tico. Pero, \u00bfc\u00f3mo afecta el cambio clim\u00e1tico al vino? El cambio clim\u00e1tico llevar\u00e1 la industria del vino a regiones que ahora son inimaginables Un estudio de PNAS (Proceedings of ... Llegiu m\u00e9s\" \/>\n<meta property=\"og:url\" content=\"https:\/\/www.aribau.es\/ca\/como-afecta-el-cambio-climatico-al-vino\/\" \/>\n<meta property=\"og:site_name\" content=\"Aribau\" \/>\n<meta property=\"article:publisher\" content=\"https:\/\/www.facebook.com\/aribau1964\/\" \/>\n<meta property=\"article:published_time\" content=\"2024-01-25T12:47:04+00:00\" \/>\n<meta property=\"og:image\" content=\"https:\/\/www.aribau.es\/wp-content\/uploads\/2024\/01\/Vinos-y-cambio-climatico-scaled.jpg\" \/>\n\t<meta property=\"og:image:width\" content=\"2560\" \/>\n\t<meta property=\"og:image:height\" content=\"1920\" \/>\n\t<meta property=\"og:image:type\" content=\"image\/jpeg\" \/>\n<meta name=\"author\" content=\"aribau\" \/>\n<meta name=\"twitter:card\" content=\"summary_large_image\" \/>\n<meta name=\"twitter:creator\" content=\"@aribau1964\" \/>\n<meta name=\"twitter:site\" content=\"@aribau1964\" \/>\n<meta name=\"twitter:label1\" content=\"Escrit per\" \/>\n\t<meta name=\"twitter:data1\" content=\"aribau\" \/>\n\t<meta name=\"twitter:label2\" content=\"Temps estimat de lectura\" \/>\n\t<meta name=\"twitter:data2\" content=\"3 minuts\" \/>\n<script type=\"application\/ld+json\" class=\"yoast-schema-graph\">{\"@context\":\"https:\/\/schema.org\",\"@graph\":[{\"@type\":\"Article\",\"@id\":\"https:\/\/www.aribau.es\/como-afecta-el-cambio-climatico-al-vino\/#article\",\"isPartOf\":{\"@id\":\"https:\/\/www.aribau.es\/como-afecta-el-cambio-climatico-al-vino\/\"},\"author\":{\"name\":\"aribau\",\"@id\":\"https:\/\/www.aribau.es\/#\/schema\/person\/77a976898b3c705ed016499633f4ffd0\"},\"headline\":\"\u00bfC\u00d3MO AFECTA EL CAMBIO CLIM\u00c1TICO AL VINO?\",\"datePublished\":\"2024-01-25T12:47:04+00:00\",\"mainEntityOfPage\":{\"@id\":\"https:\/\/www.aribau.es\/como-afecta-el-cambio-climatico-al-vino\/\"},\"wordCount\":662,\"publisher\":{\"@id\":\"https:\/\/www.aribau.es\/#organization\"},\"image\":{\"@id\":\"https:\/\/www.aribau.es\/como-afecta-el-cambio-climatico-al-vino\/#primaryimage\"},\"thumbnailUrl\":\"https:\/\/www.aribau.es\/wp-content\/uploads\/2024\/01\/Vinos-y-cambio-climatico-scaled.jpg\",\"keywords\":[\"Aribau\",\"vino\",\"Vino blanco\",\"Vino tinto\",\"Vinos\"],\"articleSection\":[\"Noticias\"],\"inLanguage\":\"ca\"},{\"@type\":\"WebPage\",\"@id\":\"https:\/\/www.aribau.es\/como-afecta-el-cambio-climatico-al-vino\/\",\"url\":\"https:\/\/www.aribau.es\/como-afecta-el-cambio-climatico-al-vino\/\",\"name\":\"\u00bfC\u00d3MO AFECTA EL CAMBIO CLIM\u00c1TICO AL VINO? - Aribau\",\"isPartOf\":{\"@id\":\"https:\/\/www.aribau.es\/#website\"},\"primaryImageOfPage\":{\"@id\":\"https:\/\/www.aribau.es\/como-afecta-el-cambio-climatico-al-vino\/#primaryimage\"},\"image\":{\"@id\":\"https:\/\/www.aribau.es\/como-afecta-el-cambio-climatico-al-vino\/#primaryimage\"},\"thumbnailUrl\":\"https:\/\/www.aribau.es\/wp-content\/uploads\/2024\/01\/Vinos-y-cambio-climatico-scaled.jpg\",\"datePublished\":\"2024-01-25T12:47:04+00:00\",\"breadcrumb\":{\"@id\":\"https:\/\/www.aribau.es\/como-afecta-el-cambio-climatico-al-vino\/#breadcrumb\"},\"inLanguage\":\"ca\",\"potentialAction\":[{\"@type\":\"ReadAction\",\"target\":[\"https:\/\/www.aribau.es\/como-afecta-el-cambio-climatico-al-vino\/\"]}]},{\"@type\":\"ImageObject\",\"inLanguage\":\"ca\",\"@id\":\"https:\/\/www.aribau.es\/como-afecta-el-cambio-climatico-al-vino\/#primaryimage\",\"url\":\"https:\/\/www.aribau.es\/wp-content\/uploads\/2024\/01\/Vinos-y-cambio-climatico-scaled.jpg\",\"contentUrl\":\"https:\/\/www.aribau.es\/wp-content\/uploads\/2024\/01\/Vinos-y-cambio-climatico-scaled.jpg\",\"width\":2560,\"height\":1920},{\"@type\":\"BreadcrumbList\",\"@id\":\"https:\/\/www.aribau.es\/como-afecta-el-cambio-climatico-al-vino\/#breadcrumb\",\"itemListElement\":[{\"@type\":\"ListItem\",\"position\":1,\"name\":\"Portada\",\"item\":\"https:\/\/www.aribau.es\/\"},{\"@type\":\"ListItem\",\"position\":2,\"name\":\"\u00bfC\u00d3MO AFECTA EL CAMBIO CLIM\u00c1TICO AL VINO?\"}]},{\"@type\":\"WebSite\",\"@id\":\"https:\/\/www.aribau.es\/#website\",\"url\":\"https:\/\/www.aribau.es\/\",\"name\":\"Aribau\",\"description\":\"VINOS Y BODEGAS\",\"publisher\":{\"@id\":\"https:\/\/www.aribau.es\/#organization\"},\"potentialAction\":[{\"@type\":\"SearchAction\",\"target\":{\"@type\":\"EntryPoint\",\"urlTemplate\":\"https:\/\/www.aribau.es\/?s={search_term_string}\"},\"query-input\":{\"@type\":\"PropertyValueSpecification\",\"valueRequired\":true,\"valueName\":\"search_term_string\"}}],\"inLanguage\":\"ca\"},{\"@type\":\"Organization\",\"@id\":\"https:\/\/www.aribau.es\/#organization\",\"name\":\"Aribau\",\"url\":\"https:\/\/www.aribau.es\/\",\"logo\":{\"@type\":\"ImageObject\",\"inLanguage\":\"ca\",\"@id\":\"https:\/\/www.aribau.es\/#\/schema\/logo\/image\/\",\"url\":\"https:\/\/www.aribau.es\/wp-content\/uploads\/2022\/03\/logo.png\",\"contentUrl\":\"https:\/\/www.aribau.es\/wp-content\/uploads\/2022\/03\/logo.png\",\"width\":300,\"height\":300,\"caption\":\"Aribau\"},\"image\":{\"@id\":\"https:\/\/www.aribau.es\/#\/schema\/logo\/image\/\"},\"sameAs\":[\"https:\/\/www.facebook.com\/aribau1964\/\",\"https:\/\/x.com\/aribau1964\",\"https:\/\/www.instagram.com\/aribau1964\/\"]},{\"@type\":\"Person\",\"@id\":\"https:\/\/www.aribau.es\/#\/schema\/person\/77a976898b3c705ed016499633f4ffd0\",\"name\":\"aribau\",\"image\":{\"@type\":\"ImageObject\",\"inLanguage\":\"ca\",\"@id\":\"https:\/\/www.aribau.es\/#\/schema\/person\/image\/\",\"url\":\"https:\/\/secure.gravatar.com\/avatar\/6690491f832d5b32aa9482b978c9464816810fbff0f6658034a34c9d9657b94e?s=96&d=mm&r=g\",\"contentUrl\":\"https:\/\/secure.gravatar.com\/avatar\/6690491f832d5b32aa9482b978c9464816810fbff0f6658034a34c9d9657b94e?s=96&d=mm&r=g\",\"caption\":\"aribau\"},\"url\":\"https:\/\/www.aribau.es\/ca\/author\/aribau\/\"}]}<\/script>\n<!-- \/ Yoast SEO plugin. -->","yoast_head_json":{"title":"\u00bfC\u00d3MO AFECTA EL CAMBIO CLIM\u00c1TICO AL VINO? - Aribau","robots":{"index":"index","follow":"follow","max-snippet":"max-snippet:-1","max-image-preview":"max-image-preview:large","max-video-preview":"max-video-preview:-1"},"canonical":"https:\/\/www.aribau.es\/ca\/como-afecta-el-cambio-climatico-al-vino\/","og_locale":"ca_ES","og_type":"article","og_title":"\u00bfC\u00d3MO AFECTA EL CAMBIO CLIM\u00c1TICO AL VINO? - Aribau","og_description":"Sequ\u00eda, altas temperaturas, temporales m\u00e1s intensos (de granizo, nieve, lluvia\u2026) o el aumento de la temperatura del agua son solo algunas de las consecuencias del cambio clim\u00e1tico. Pero, \u00bfc\u00f3mo afecta el cambio clim\u00e1tico al vino? El cambio clim\u00e1tico llevar\u00e1 la industria del vino a regiones que ahora son inimaginables Un estudio de PNAS (Proceedings of ... Llegiu m\u00e9s","og_url":"https:\/\/www.aribau.es\/ca\/como-afecta-el-cambio-climatico-al-vino\/","og_site_name":"Aribau","article_publisher":"https:\/\/www.facebook.com\/aribau1964\/","article_published_time":"2024-01-25T12:47:04+00:00","og_image":[{"width":2560,"height":1920,"url":"https:\/\/www.aribau.es\/wp-content\/uploads\/2024\/01\/Vinos-y-cambio-climatico-scaled.jpg","type":"image\/jpeg"}],"author":"aribau","twitter_card":"summary_large_image","twitter_creator":"@aribau1964","twitter_site":"@aribau1964","twitter_misc":{"Escrit per":"aribau","Temps estimat de lectura":"3 minuts"},"schema":{"@context":"https:\/\/schema.org","@graph":[{"@type":"Article","@id":"https:\/\/www.aribau.es\/como-afecta-el-cambio-climatico-al-vino\/#article","isPartOf":{"@id":"https:\/\/www.aribau.es\/como-afecta-el-cambio-climatico-al-vino\/"},"author":{"name":"aribau","@id":"https:\/\/www.aribau.es\/#\/schema\/person\/77a976898b3c705ed016499633f4ffd0"},"headline":"\u00bfC\u00d3MO AFECTA EL CAMBIO CLIM\u00c1TICO AL VINO?","datePublished":"2024-01-25T12:47:04+00:00","mainEntityOfPage":{"@id":"https:\/\/www.aribau.es\/como-afecta-el-cambio-climatico-al-vino\/"},"wordCount":662,"publisher":{"@id":"https:\/\/www.aribau.es\/#organization"},"image":{"@id":"https:\/\/www.aribau.es\/como-afecta-el-cambio-climatico-al-vino\/#primaryimage"},"thumbnailUrl":"https:\/\/www.aribau.es\/wp-content\/uploads\/2024\/01\/Vinos-y-cambio-climatico-scaled.jpg","keywords":["Aribau","vino","Vino blanco","Vino tinto","Vinos"],"articleSection":["Noticias"],"inLanguage":"ca"},{"@type":"WebPage","@id":"https:\/\/www.aribau.es\/como-afecta-el-cambio-climatico-al-vino\/","url":"https:\/\/www.aribau.es\/como-afecta-el-cambio-climatico-al-vino\/","name":"\u00bfC\u00d3MO AFECTA EL CAMBIO CLIM\u00c1TICO AL VINO? - Aribau","isPartOf":{"@id":"https:\/\/www.aribau.es\/#website"},"primaryImageOfPage":{"@id":"https:\/\/www.aribau.es\/como-afecta-el-cambio-climatico-al-vino\/#primaryimage"},"image":{"@id":"https:\/\/www.aribau.es\/como-afecta-el-cambio-climatico-al-vino\/#primaryimage"},"thumbnailUrl":"https:\/\/www.aribau.es\/wp-content\/uploads\/2024\/01\/Vinos-y-cambio-climatico-scaled.jpg","datePublished":"2024-01-25T12:47:04+00:00","breadcrumb":{"@id":"https:\/\/www.aribau.es\/como-afecta-el-cambio-climatico-al-vino\/#breadcrumb"},"inLanguage":"ca","potentialAction":[{"@type":"ReadAction","target":["https:\/\/www.aribau.es\/como-afecta-el-cambio-climatico-al-vino\/"]}]},{"@type":"ImageObject","inLanguage":"ca","@id":"https:\/\/www.aribau.es\/como-afecta-el-cambio-climatico-al-vino\/#primaryimage","url":"https:\/\/www.aribau.es\/wp-content\/uploads\/2024\/01\/Vinos-y-cambio-climatico-scaled.jpg","contentUrl":"https:\/\/www.aribau.es\/wp-content\/uploads\/2024\/01\/Vinos-y-cambio-climatico-scaled.jpg","width":2560,"height":1920},{"@type":"BreadcrumbList","@id":"https:\/\/www.aribau.es\/como-afecta-el-cambio-climatico-al-vino\/#breadcrumb","itemListElement":[{"@type":"ListItem","position":1,"name":"Portada","item":"https:\/\/www.aribau.es\/"},{"@type":"ListItem","position":2,"name":"\u00bfC\u00d3MO AFECTA EL CAMBIO CLIM\u00c1TICO AL VINO?"}]},{"@type":"WebSite","@id":"https:\/\/www.aribau.es\/#website","url":"https:\/\/www.aribau.es\/","name":"Aribau","description":"VINOS Y BODEGAS","publisher":{"@id":"https:\/\/www.aribau.es\/#organization"},"potentialAction":[{"@type":"SearchAction","target":{"@type":"EntryPoint","urlTemplate":"https:\/\/www.aribau.es\/?s={search_term_string}"},"query-input":{"@type":"PropertyValueSpecification","valueRequired":true,"valueName":"search_term_string"}}],"inLanguage":"ca"},{"@type":"Organization","@id":"https:\/\/www.aribau.es\/#organization","name":"Aribau","url":"https:\/\/www.aribau.es\/","logo":{"@type":"ImageObject","inLanguage":"ca","@id":"https:\/\/www.aribau.es\/#\/schema\/logo\/image\/","url":"https:\/\/www.aribau.es\/wp-content\/uploads\/2022\/03\/logo.png","contentUrl":"https:\/\/www.aribau.es\/wp-content\/uploads\/2022\/03\/logo.png","width":300,"height":300,"caption":"Aribau"},"image":{"@id":"https:\/\/www.aribau.es\/#\/schema\/logo\/image\/"},"sameAs":["https:\/\/www.facebook.com\/aribau1964\/","https:\/\/x.com\/aribau1964","https:\/\/www.instagram.com\/aribau1964\/"]},{"@type":"Person","@id":"https:\/\/www.aribau.es\/#\/schema\/person\/77a976898b3c705ed016499633f4ffd0","name":"aribau","image":{"@type":"ImageObject","inLanguage":"ca","@id":"https:\/\/www.aribau.es\/#\/schema\/person\/image\/","url":"https:\/\/secure.gravatar.com\/avatar\/6690491f832d5b32aa9482b978c9464816810fbff0f6658034a34c9d9657b94e?s=96&d=mm&r=g","contentUrl":"https:\/\/secure.gravatar.com\/avatar\/6690491f832d5b32aa9482b978c9464816810fbff0f6658034a34c9d9657b94e?s=96&d=mm&r=g","caption":"aribau"},"url":"https:\/\/www.aribau.es\/ca\/author\/aribau\/"}]}},"_links":{"self":[{"href":"https:\/\/www.aribau.es\/ca\/wp-json\/wp\/v2\/posts\/13121","targetHints":{"allow":["GET"]}}],"collection":[{"href":"https:\/\/www.aribau.es\/ca\/wp-json\/wp\/v2\/posts"}],"about":[{"href":"https:\/\/www.aribau.es\/ca\/wp-json\/wp\/v2\/types\/post"}],"author":[{"embeddable":true,"href":"https:\/\/www.aribau.es\/ca\/wp-json\/wp\/v2\/users\/3"}],"replies":[{"embeddable":true,"href":"https:\/\/www.aribau.es\/ca\/wp-json\/wp\/v2\/comments?post=13121"}],"version-history":[{"count":2,"href":"https:\/\/www.aribau.es\/ca\/wp-json\/wp\/v2\/posts\/13121\/revisions"}],"predecessor-version":[{"id":13124,"href":"https:\/\/www.aribau.es\/ca\/wp-json\/wp\/v2\/posts\/13121\/revisions\/13124"}],"wp:featuredmedia":[{"embeddable":true,"href":"https:\/\/www.aribau.es\/ca\/wp-json\/wp\/v2\/media\/13122"}],"wp:attachment":[{"href":"https:\/\/www.aribau.es\/ca\/wp-json\/wp\/v2\/media?parent=13121"}],"wp:term":[{"taxonomy":"category","embeddable":true,"href":"https:\/\/www.aribau.es\/ca\/wp-json\/wp\/v2\/categories?post=13121"},{"taxonomy":"post_tag","embeddable":true,"href":"https:\/\/www.aribau.es\/ca\/wp-json\/wp\/v2\/tags?post=13121"}],"curies":[{"name":"wp","href":"https:\/\/api.w.org\/{rel}","templated":true}]}}