{"id":13126,"date":"2024-02-20T10:20:55","date_gmt":"2024-02-20T09:20:55","guid":{"rendered":"https:\/\/www.aribau.es\/?p=13126"},"modified":"2024-02-20T10:20:55","modified_gmt":"2024-02-20T09:20:55","slug":"barcelona-wine-week-que-novedades-ha-traido-su-ultima-edicion","status":"publish","type":"post","link":"https:\/\/www.aribau.es\/ca\/barcelona-wine-week-que-novedades-ha-traido-su-ultima-edicion\/","title":{"rendered":"BARCELONA WINE WEEK, QUINES NOVETATS HA PORTAT LA SEVA \u00daLTIMA EDICI\u00d3?"},"content":{"rendered":"<p>Malgrat que la d'enguany ha estat solament la quarta edici\u00f3 de la <a href=\"https:\/\/www.barcelonawineweek.com\/\"><strong>Barcelona Wine Week<\/strong><\/a>, es tracta ja d'una fira consolidada en el sector vitivin\u00edcola. Bona prova d'aix\u00f2 s\u00f3n els m\u00e9s de 900 expositors que ha aconseguit reunir. Aquest sal\u00f3 posa sobre la taula la situaci\u00f3 del m\u00f3n del vi i quines tend\u00e8ncies marcaran el seu mercat en un futur pr\u00f2xim.<\/p>\n<h2>Els recipients per a la crian\u00e7a del vi, eix central de la <strong>Barcelona Wine Week<\/strong><\/h2>\n<p>En aquesta edici\u00f3 de la <strong>Barcelona Wine Week<\/strong> ha sorgit una pregunta: Hi ha un exc\u00e9s de maderitzaci\u00f3 en la crian\u00e7a de vins? Arran d'aquesta q\u00fcesti\u00f3, s'han plantejat nous materials per a realitzar la maduraci\u00f3 del vi com, per exemple, el granit, el formig\u00f3, el cristall o la cer\u00e0mica. Per\u00f2 la import\u00e0ncia de l'elecci\u00f3 del recipient no resideix \u00fanicament en el material, la forma d'aquest, la facilitat de neteja o la porositat d'aquest, tamb\u00e9 s'ha comprovat que afecta la crian\u00e7a del vi.<\/p>\n<p>En una de les confer\u00e8ncies que van tractar el tema, els assistents van tenir l'oportunitat de degustar diverses refer\u00e8ncies contraposades segons el recipient en el qual s'havien madurat o envellit. Amb aix\u00f2, es va poder comprovar com \u00e9s d'important triar el material adequat en funci\u00f3 del tipus de vi del qual es tracti. De fet, es va exposar el cas d'un borgonya per al qual es va emprar fusta en el seu envelliment, i es va veure que el vi es bloquejava, mentre que, per contra, si s'optava per les damajoanes, el vi adquiria molta m\u00e9s energia.<\/p>\n<p>S'ha plantejat, doncs, en la <strong>Barcelona Wine Week<\/strong> un canvi de tend\u00e8ncia o quedar\u00e0 solament en una moda passatgera? Els conferenciants van apuntar que aquesta nova manera de fer podria ser un punt mitj\u00e0 entre l'excessiu \u00fas de fusta i una tend\u00e8ncia ef\u00edmera.<\/p>\n<h2>L'escalfament global, tema de debat en la <strong>Barcelona Wine Week<\/strong><\/h2>\n<p>L'escalfament global \u00e9s ja un fet. El sector vitivin\u00edcola \u00e9s un dels \u00e0mbits econ\u00f2mics que m\u00e9s el sofreix, per tant, no pot quedar al marge de plantejar solucions per a fer front a aquesta situaci\u00f3 de canvi clim\u00e0tic. La <strong>Barcelona Wine Week<\/strong> ha servit d'escenari per a la proposta d'accions que facin front a l'escalfament global.<\/p>\n<p>El primer dels objectius passa per la reducci\u00f3 de la petjada de carboni, ja que, en la majoria dels casos, el vi \u00e9s un producte que rarament es consumeix \u00fanicament en el seu lloc de producci\u00f3. Cal optar per unes vies de transport m\u00e9s sostenibles. Una d'elles pot ser l'elecci\u00f3 de vehicles el\u00e8ctrics o triar la via f\u00e8rria, tal com ha anunciat que far\u00e0 <a href=\"https:\/\/www.aribau.es\/ca\/\">Freixenet<\/a>.<\/p>\n<p>Dins del debat de la sostenibilitat, una altra de les q\u00fcestions que es planteja \u00e9s la reducci\u00f3 de pesticides i fertilitzants, directriu que ja marca la Uni\u00f3 Europea. \u00c9s necessari la disminuci\u00f3 del seu \u00fas, per\u00f2 cal fer-ho aconseguint un equilibri que faci front a possibles plagues.<\/p>\n<p>M\u00e9s enll\u00e0 de tot aix\u00f2, la <strong>Barcelona Wine Week<\/strong> va mostrar novetats en temes d'embalatge que poden ajudar a la reducci\u00f3 d'emissions. Envasos m\u00e9s lleugers o reciclats, etiquetes hidrosolubles o disminuir l'empaquetat s\u00f3n nom\u00e9s alguna de les idees que es van exposar.<\/p>\n<h2>El vi sense alcohol es fa un lloc en la <strong>Barcelona Wine Week<\/strong><\/h2>\n<p>En l'agenda del sector, un dels temes en tend\u00e8ncia \u00e9s el creixent inter\u00e8s dels consumidors pels vins sense alcohol o amb una menor graduaci\u00f3, per\u00f2 sense que aix\u00f2 suposi un detriment de la qualitat de la beguda.<\/p>\n<p>Malgrat que a Espanya la quota de mercat dels vins sense alcohol \u00e9s encara baixa, els experts coincideixen que la seva tend\u00e8ncia \u00e9s d'un creixement sostingut, i aix\u00f2 fa que hi hagi un llarg cam\u00ed per rec\u00f3rrer. Aix\u00f2 planteja grans reptes per al sector, ja que els elaboradors han de perfeccionar les seves t\u00e8cniques perqu\u00e8 quan el consumidor opti per un vi sense alcohol tingui la sensaci\u00f3 que est\u00e0 consumint vi, i no un suc o un most. Si b\u00e9, el primer pas abans d'arribar al 0% d'alcohol, passa per intentar reduir en la mesura que sigui possible la graduaci\u00f3 de les refer\u00e8ncies ja existents.<\/p>\n<p>A la <strong>Barcelona Wine Week<\/strong> es van con\u00e8ixer els resultats de l'estudi \u2018Lifestyle, diet, wine and health\u2019 elaborat per un grup d'investigadors de la Fundaci\u00f3 per a la Recerca del Vi i la Nutrici\u00f3 i la Wine Information Council. Aquest estudi va exposar la import\u00e0ncia de mantenir un estil de vida saludable, que inclogui un consum moderat de vi. Aix\u00ed mateix, l'inter\u00e8s del consumidor per practicar uns h\u00e0bits de vida m\u00e9s saludables justifica l'atractiu que susciten en el mercat els vins sense alcohol.<\/p>\n<p>Aquests s\u00f3n nom\u00e9s alguns dels temes que va plantejar la <strong>Barcelona Wine Week<\/strong>, caldr\u00e0 estar atents per a veure com evolucionen i quin recorregut tenen.<\/p>","protected":false},"excerpt":{"rendered":"<p>Pese a que la de este a\u00f1o ha sido solamente la cuarta edici\u00f3n de la Barcelona Wine Week, se trata ya de una feria consolidada en el sector vitivin\u00edcola. Buena prueba de ello son los m\u00e1s de 900 expositores que ha logrado reunir. Este sal\u00f3n pone sobre la mesa la situaci\u00f3n del mundo del vino &#8230; <a title=\"BARCELONA WINE WEEK, QUINES NOVETATS HA PORTAT LA SEVA \u00daLTIMA EDICI\u00d3?\" class=\"read-more\" href=\"https:\/\/www.aribau.es\/ca\/barcelona-wine-week-que-novedades-ha-traido-su-ultima-edicion\/\" aria-label=\"M\u00e9s informaci\u00f3 sobre BARCELONA WINE WEEK, \u00bfQU\u00c9 NOVEDADES HA TRA\u00cdDO SU \u00daLTIMA EDICI\u00d3N?\">Llegiu m\u00e9s<\/a><\/p>","protected":false},"author":3,"featured_media":13127,"comment_status":"closed","ping_status":"closed","sticky":false,"template":"","format":"standard","meta":{"footnotes":""},"categories":[406],"tags":[354,408,568,350,657,368],"class_list":["post-13126","post","type-post","status-publish","format-standard","has-post-thumbnail","hentry","category-noticias","tag-aribau-vinos-y-bodegas","tag-barcelona","tag-barcelona-wine-week","tag-distribucion-de-vino-barcelona","tag-sostenibilidad","tag-vino"],"yoast_head":"<!-- This site is optimized with the Yoast SEO plugin v26.7 - https:\/\/yoast.com\/wordpress\/plugins\/seo\/ -->\n<title>BARCELONA WINE WEEK, \u00bfQU\u00c9 NOVEDADES HA TRA\u00cdDO SU \u00daLTIMA EDICI\u00d3N? - Aribau<\/title>\n<meta name=\"robots\" content=\"index, follow, max-snippet:-1, max-image-preview:large, max-video-preview:-1\" \/>\n<link rel=\"canonical\" href=\"https:\/\/www.aribau.es\/ca\/barcelona-wine-week-que-novedades-ha-traido-su-ultima-edicion\/\" \/>\n<meta property=\"og:locale\" content=\"ca_ES\" \/>\n<meta property=\"og:type\" content=\"article\" \/>\n<meta property=\"og:title\" content=\"BARCELONA WINE WEEK, \u00bfQU\u00c9 NOVEDADES HA TRA\u00cdDO SU \u00daLTIMA EDICI\u00d3N? - Aribau\" \/>\n<meta property=\"og:description\" content=\"Pese a que la de este a\u00f1o ha sido solamente la cuarta edici\u00f3n de la Barcelona Wine Week, se trata ya de una feria consolidada en el sector vitivin\u00edcola. Buena prueba de ello son los m\u00e1s de 900 expositores que ha logrado reunir. Este sal\u00f3n pone sobre la mesa la situaci\u00f3n del mundo del vino ... Llegiu m\u00e9s\" \/>\n<meta property=\"og:url\" content=\"https:\/\/www.aribau.es\/ca\/barcelona-wine-week-que-novedades-ha-traido-su-ultima-edicion\/\" \/>\n<meta property=\"og:site_name\" content=\"Aribau\" \/>\n<meta property=\"article:publisher\" content=\"https:\/\/www.facebook.com\/aribau1964\/\" \/>\n<meta property=\"article:published_time\" content=\"2024-02-20T09:20:55+00:00\" \/>\n<meta property=\"og:image\" content=\"https:\/\/www.aribau.es\/wp-content\/uploads\/2024\/02\/Barcelona-Wine-Week_2024.jpg\" \/>\n\t<meta property=\"og:image:width\" content=\"2000\" \/>\n\t<meta property=\"og:image:height\" content=\"1333\" \/>\n\t<meta property=\"og:image:type\" content=\"image\/jpeg\" \/>\n<meta name=\"author\" content=\"aribau\" \/>\n<meta name=\"twitter:card\" content=\"summary_large_image\" \/>\n<meta name=\"twitter:creator\" content=\"@aribau1964\" \/>\n<meta name=\"twitter:site\" content=\"@aribau1964\" \/>\n<meta name=\"twitter:label1\" content=\"Escrit per\" \/>\n\t<meta name=\"twitter:data1\" content=\"aribau\" \/>\n\t<meta name=\"twitter:label2\" content=\"Temps estimat de lectura\" \/>\n\t<meta name=\"twitter:data2\" content=\"4 minuts\" \/>\n<script type=\"application\/ld+json\" class=\"yoast-schema-graph\">{\"@context\":\"https:\/\/schema.org\",\"@graph\":[{\"@type\":\"Article\",\"@id\":\"https:\/\/www.aribau.es\/barcelona-wine-week-que-novedades-ha-traido-su-ultima-edicion\/#article\",\"isPartOf\":{\"@id\":\"https:\/\/www.aribau.es\/barcelona-wine-week-que-novedades-ha-traido-su-ultima-edicion\/\"},\"author\":{\"name\":\"aribau\",\"@id\":\"https:\/\/www.aribau.es\/#\/schema\/person\/77a976898b3c705ed016499633f4ffd0\"},\"headline\":\"BARCELONA WINE WEEK, \u00bfQU\u00c9 NOVEDADES HA TRA\u00cdDO SU \u00daLTIMA EDICI\u00d3N?\",\"datePublished\":\"2024-02-20T09:20:55+00:00\",\"mainEntityOfPage\":{\"@id\":\"https:\/\/www.aribau.es\/barcelona-wine-week-que-novedades-ha-traido-su-ultima-edicion\/\"},\"wordCount\":878,\"publisher\":{\"@id\":\"https:\/\/www.aribau.es\/#organization\"},\"image\":{\"@id\":\"https:\/\/www.aribau.es\/barcelona-wine-week-que-novedades-ha-traido-su-ultima-edicion\/#primaryimage\"},\"thumbnailUrl\":\"https:\/\/www.aribau.es\/wp-content\/uploads\/2024\/02\/Barcelona-Wine-Week_2024.jpg\",\"keywords\":[\"Aribau vinos y bodegas\",\"Barcelona\",\"Barcelona Wine Week\",\"distribuci\u00f3n de vino Barcelona\",\"Sostenibilidad\",\"vino\"],\"articleSection\":[\"Noticias\"],\"inLanguage\":\"ca\"},{\"@type\":\"WebPage\",\"@id\":\"https:\/\/www.aribau.es\/barcelona-wine-week-que-novedades-ha-traido-su-ultima-edicion\/\",\"url\":\"https:\/\/www.aribau.es\/barcelona-wine-week-que-novedades-ha-traido-su-ultima-edicion\/\",\"name\":\"BARCELONA WINE WEEK, \u00bfQU\u00c9 NOVEDADES HA TRA\u00cdDO SU \u00daLTIMA EDICI\u00d3N? - Aribau\",\"isPartOf\":{\"@id\":\"https:\/\/www.aribau.es\/#website\"},\"primaryImageOfPage\":{\"@id\":\"https:\/\/www.aribau.es\/barcelona-wine-week-que-novedades-ha-traido-su-ultima-edicion\/#primaryimage\"},\"image\":{\"@id\":\"https:\/\/www.aribau.es\/barcelona-wine-week-que-novedades-ha-traido-su-ultima-edicion\/#primaryimage\"},\"thumbnailUrl\":\"https:\/\/www.aribau.es\/wp-content\/uploads\/2024\/02\/Barcelona-Wine-Week_2024.jpg\",\"datePublished\":\"2024-02-20T09:20:55+00:00\",\"breadcrumb\":{\"@id\":\"https:\/\/www.aribau.es\/barcelona-wine-week-que-novedades-ha-traido-su-ultima-edicion\/#breadcrumb\"},\"inLanguage\":\"ca\",\"potentialAction\":[{\"@type\":\"ReadAction\",\"target\":[\"https:\/\/www.aribau.es\/barcelona-wine-week-que-novedades-ha-traido-su-ultima-edicion\/\"]}]},{\"@type\":\"ImageObject\",\"inLanguage\":\"ca\",\"@id\":\"https:\/\/www.aribau.es\/barcelona-wine-week-que-novedades-ha-traido-su-ultima-edicion\/#primaryimage\",\"url\":\"https:\/\/www.aribau.es\/wp-content\/uploads\/2024\/02\/Barcelona-Wine-Week_2024.jpg\",\"contentUrl\":\"https:\/\/www.aribau.es\/wp-content\/uploads\/2024\/02\/Barcelona-Wine-Week_2024.jpg\",\"width\":2000,\"height\":1333,\"caption\":\"Foto: Barcelona Wine Week\"},{\"@type\":\"BreadcrumbList\",\"@id\":\"https:\/\/www.aribau.es\/barcelona-wine-week-que-novedades-ha-traido-su-ultima-edicion\/#breadcrumb\",\"itemListElement\":[{\"@type\":\"ListItem\",\"position\":1,\"name\":\"Portada\",\"item\":\"https:\/\/www.aribau.es\/\"},{\"@type\":\"ListItem\",\"position\":2,\"name\":\"BARCELONA WINE WEEK, \u00bfQU\u00c9 NOVEDADES HA TRA\u00cdDO SU \u00daLTIMA EDICI\u00d3N?\"}]},{\"@type\":\"WebSite\",\"@id\":\"https:\/\/www.aribau.es\/#website\",\"url\":\"https:\/\/www.aribau.es\/\",\"name\":\"Aribau\",\"description\":\"VINOS Y BODEGAS\",\"publisher\":{\"@id\":\"https:\/\/www.aribau.es\/#organization\"},\"potentialAction\":[{\"@type\":\"SearchAction\",\"target\":{\"@type\":\"EntryPoint\",\"urlTemplate\":\"https:\/\/www.aribau.es\/?s={search_term_string}\"},\"query-input\":{\"@type\":\"PropertyValueSpecification\",\"valueRequired\":true,\"valueName\":\"search_term_string\"}}],\"inLanguage\":\"ca\"},{\"@type\":\"Organization\",\"@id\":\"https:\/\/www.aribau.es\/#organization\",\"name\":\"Aribau\",\"url\":\"https:\/\/www.aribau.es\/\",\"logo\":{\"@type\":\"ImageObject\",\"inLanguage\":\"ca\",\"@id\":\"https:\/\/www.aribau.es\/#\/schema\/logo\/image\/\",\"url\":\"https:\/\/www.aribau.es\/wp-content\/uploads\/2022\/03\/logo.png\",\"contentUrl\":\"https:\/\/www.aribau.es\/wp-content\/uploads\/2022\/03\/logo.png\",\"width\":300,\"height\":300,\"caption\":\"Aribau\"},\"image\":{\"@id\":\"https:\/\/www.aribau.es\/#\/schema\/logo\/image\/\"},\"sameAs\":[\"https:\/\/www.facebook.com\/aribau1964\/\",\"https:\/\/x.com\/aribau1964\",\"https:\/\/www.instagram.com\/aribau1964\/\"]},{\"@type\":\"Person\",\"@id\":\"https:\/\/www.aribau.es\/#\/schema\/person\/77a976898b3c705ed016499633f4ffd0\",\"name\":\"aribau\",\"image\":{\"@type\":\"ImageObject\",\"inLanguage\":\"ca\",\"@id\":\"https:\/\/www.aribau.es\/#\/schema\/person\/image\/\",\"url\":\"https:\/\/secure.gravatar.com\/avatar\/6690491f832d5b32aa9482b978c9464816810fbff0f6658034a34c9d9657b94e?s=96&d=mm&r=g\",\"contentUrl\":\"https:\/\/secure.gravatar.com\/avatar\/6690491f832d5b32aa9482b978c9464816810fbff0f6658034a34c9d9657b94e?s=96&d=mm&r=g\",\"caption\":\"aribau\"},\"url\":\"https:\/\/www.aribau.es\/ca\/author\/aribau\/\"}]}<\/script>\n<!-- \/ Yoast SEO plugin. -->","yoast_head_json":{"title":"BARCELONA WINE WEEK, \u00bfQU\u00c9 NOVEDADES HA TRA\u00cdDO SU \u00daLTIMA EDICI\u00d3N? - Aribau","robots":{"index":"index","follow":"follow","max-snippet":"max-snippet:-1","max-image-preview":"max-image-preview:large","max-video-preview":"max-video-preview:-1"},"canonical":"https:\/\/www.aribau.es\/ca\/barcelona-wine-week-que-novedades-ha-traido-su-ultima-edicion\/","og_locale":"ca_ES","og_type":"article","og_title":"BARCELONA WINE WEEK, \u00bfQU\u00c9 NOVEDADES HA TRA\u00cdDO SU \u00daLTIMA EDICI\u00d3N? - Aribau","og_description":"Pese a que la de este a\u00f1o ha sido solamente la cuarta edici\u00f3n de la Barcelona Wine Week, se trata ya de una feria consolidada en el sector vitivin\u00edcola. Buena prueba de ello son los m\u00e1s de 900 expositores que ha logrado reunir. Este sal\u00f3n pone sobre la mesa la situaci\u00f3n del mundo del vino ... Llegiu m\u00e9s","og_url":"https:\/\/www.aribau.es\/ca\/barcelona-wine-week-que-novedades-ha-traido-su-ultima-edicion\/","og_site_name":"Aribau","article_publisher":"https:\/\/www.facebook.com\/aribau1964\/","article_published_time":"2024-02-20T09:20:55+00:00","og_image":[{"width":2000,"height":1333,"url":"https:\/\/www.aribau.es\/wp-content\/uploads\/2024\/02\/Barcelona-Wine-Week_2024.jpg","type":"image\/jpeg"}],"author":"aribau","twitter_card":"summary_large_image","twitter_creator":"@aribau1964","twitter_site":"@aribau1964","twitter_misc":{"Escrit per":"aribau","Temps estimat de lectura":"4 minuts"},"schema":{"@context":"https:\/\/schema.org","@graph":[{"@type":"Article","@id":"https:\/\/www.aribau.es\/barcelona-wine-week-que-novedades-ha-traido-su-ultima-edicion\/#article","isPartOf":{"@id":"https:\/\/www.aribau.es\/barcelona-wine-week-que-novedades-ha-traido-su-ultima-edicion\/"},"author":{"name":"aribau","@id":"https:\/\/www.aribau.es\/#\/schema\/person\/77a976898b3c705ed016499633f4ffd0"},"headline":"BARCELONA WINE WEEK, \u00bfQU\u00c9 NOVEDADES HA TRA\u00cdDO SU \u00daLTIMA EDICI\u00d3N?","datePublished":"2024-02-20T09:20:55+00:00","mainEntityOfPage":{"@id":"https:\/\/www.aribau.es\/barcelona-wine-week-que-novedades-ha-traido-su-ultima-edicion\/"},"wordCount":878,"publisher":{"@id":"https:\/\/www.aribau.es\/#organization"},"image":{"@id":"https:\/\/www.aribau.es\/barcelona-wine-week-que-novedades-ha-traido-su-ultima-edicion\/#primaryimage"},"thumbnailUrl":"https:\/\/www.aribau.es\/wp-content\/uploads\/2024\/02\/Barcelona-Wine-Week_2024.jpg","keywords":["Aribau vinos y bodegas","Barcelona","Barcelona Wine Week","distribuci\u00f3n de vino Barcelona","Sostenibilidad","vino"],"articleSection":["Noticias"],"inLanguage":"ca"},{"@type":"WebPage","@id":"https:\/\/www.aribau.es\/barcelona-wine-week-que-novedades-ha-traido-su-ultima-edicion\/","url":"https:\/\/www.aribau.es\/barcelona-wine-week-que-novedades-ha-traido-su-ultima-edicion\/","name":"BARCELONA WINE WEEK, \u00bfQU\u00c9 NOVEDADES HA TRA\u00cdDO SU \u00daLTIMA EDICI\u00d3N? - Aribau","isPartOf":{"@id":"https:\/\/www.aribau.es\/#website"},"primaryImageOfPage":{"@id":"https:\/\/www.aribau.es\/barcelona-wine-week-que-novedades-ha-traido-su-ultima-edicion\/#primaryimage"},"image":{"@id":"https:\/\/www.aribau.es\/barcelona-wine-week-que-novedades-ha-traido-su-ultima-edicion\/#primaryimage"},"thumbnailUrl":"https:\/\/www.aribau.es\/wp-content\/uploads\/2024\/02\/Barcelona-Wine-Week_2024.jpg","datePublished":"2024-02-20T09:20:55+00:00","breadcrumb":{"@id":"https:\/\/www.aribau.es\/barcelona-wine-week-que-novedades-ha-traido-su-ultima-edicion\/#breadcrumb"},"inLanguage":"ca","potentialAction":[{"@type":"ReadAction","target":["https:\/\/www.aribau.es\/barcelona-wine-week-que-novedades-ha-traido-su-ultima-edicion\/"]}]},{"@type":"ImageObject","inLanguage":"ca","@id":"https:\/\/www.aribau.es\/barcelona-wine-week-que-novedades-ha-traido-su-ultima-edicion\/#primaryimage","url":"https:\/\/www.aribau.es\/wp-content\/uploads\/2024\/02\/Barcelona-Wine-Week_2024.jpg","contentUrl":"https:\/\/www.aribau.es\/wp-content\/uploads\/2024\/02\/Barcelona-Wine-Week_2024.jpg","width":2000,"height":1333,"caption":"Foto: Barcelona Wine Week"},{"@type":"BreadcrumbList","@id":"https:\/\/www.aribau.es\/barcelona-wine-week-que-novedades-ha-traido-su-ultima-edicion\/#breadcrumb","itemListElement":[{"@type":"ListItem","position":1,"name":"Portada","item":"https:\/\/www.aribau.es\/"},{"@type":"ListItem","position":2,"name":"BARCELONA WINE WEEK, \u00bfQU\u00c9 NOVEDADES HA TRA\u00cdDO SU \u00daLTIMA EDICI\u00d3N?"}]},{"@type":"WebSite","@id":"https:\/\/www.aribau.es\/#website","url":"https:\/\/www.aribau.es\/","name":"Aribau","description":"VINOS Y BODEGAS","publisher":{"@id":"https:\/\/www.aribau.es\/#organization"},"potentialAction":[{"@type":"SearchAction","target":{"@type":"EntryPoint","urlTemplate":"https:\/\/www.aribau.es\/?s={search_term_string}"},"query-input":{"@type":"PropertyValueSpecification","valueRequired":true,"valueName":"search_term_string"}}],"inLanguage":"ca"},{"@type":"Organization","@id":"https:\/\/www.aribau.es\/#organization","name":"Aribau","url":"https:\/\/www.aribau.es\/","logo":{"@type":"ImageObject","inLanguage":"ca","@id":"https:\/\/www.aribau.es\/#\/schema\/logo\/image\/","url":"https:\/\/www.aribau.es\/wp-content\/uploads\/2022\/03\/logo.png","contentUrl":"https:\/\/www.aribau.es\/wp-content\/uploads\/2022\/03\/logo.png","width":300,"height":300,"caption":"Aribau"},"image":{"@id":"https:\/\/www.aribau.es\/#\/schema\/logo\/image\/"},"sameAs":["https:\/\/www.facebook.com\/aribau1964\/","https:\/\/x.com\/aribau1964","https:\/\/www.instagram.com\/aribau1964\/"]},{"@type":"Person","@id":"https:\/\/www.aribau.es\/#\/schema\/person\/77a976898b3c705ed016499633f4ffd0","name":"aribau","image":{"@type":"ImageObject","inLanguage":"ca","@id":"https:\/\/www.aribau.es\/#\/schema\/person\/image\/","url":"https:\/\/secure.gravatar.com\/avatar\/6690491f832d5b32aa9482b978c9464816810fbff0f6658034a34c9d9657b94e?s=96&d=mm&r=g","contentUrl":"https:\/\/secure.gravatar.com\/avatar\/6690491f832d5b32aa9482b978c9464816810fbff0f6658034a34c9d9657b94e?s=96&d=mm&r=g","caption":"aribau"},"url":"https:\/\/www.aribau.es\/ca\/author\/aribau\/"}]}},"_links":{"self":[{"href":"https:\/\/www.aribau.es\/ca\/wp-json\/wp\/v2\/posts\/13126","targetHints":{"allow":["GET"]}}],"collection":[{"href":"https:\/\/www.aribau.es\/ca\/wp-json\/wp\/v2\/posts"}],"about":[{"href":"https:\/\/www.aribau.es\/ca\/wp-json\/wp\/v2\/types\/post"}],"author":[{"embeddable":true,"href":"https:\/\/www.aribau.es\/ca\/wp-json\/wp\/v2\/users\/3"}],"replies":[{"embeddable":true,"href":"https:\/\/www.aribau.es\/ca\/wp-json\/wp\/v2\/comments?post=13126"}],"version-history":[{"count":2,"href":"https:\/\/www.aribau.es\/ca\/wp-json\/wp\/v2\/posts\/13126\/revisions"}],"predecessor-version":[{"id":13129,"href":"https:\/\/www.aribau.es\/ca\/wp-json\/wp\/v2\/posts\/13126\/revisions\/13129"}],"wp:featuredmedia":[{"embeddable":true,"href":"https:\/\/www.aribau.es\/ca\/wp-json\/wp\/v2\/media\/13127"}],"wp:attachment":[{"href":"https:\/\/www.aribau.es\/ca\/wp-json\/wp\/v2\/media?parent=13126"}],"wp:term":[{"taxonomy":"category","embeddable":true,"href":"https:\/\/www.aribau.es\/ca\/wp-json\/wp\/v2\/categories?post=13126"},{"taxonomy":"post_tag","embeddable":true,"href":"https:\/\/www.aribau.es\/ca\/wp-json\/wp\/v2\/tags?post=13126"}],"curies":[{"name":"wp","href":"https:\/\/api.w.org\/{rel}","templated":true}]}}