{"id":13663,"date":"2024-06-21T09:59:24","date_gmt":"2024-06-21T08:59:24","guid":{"rendered":"https:\/\/www.aribau.es\/?p=13663"},"modified":"2024-07-15T07:51:25","modified_gmt":"2024-07-15T06:51:25","slug":"como-escoger-un-vino-refrescante-para-los-dias-de-verano","status":"publish","type":"post","link":"https:\/\/www.aribau.es\/ca\/como-escoger-un-vino-refrescante-para-los-dias-de-verano\/","title":{"rendered":"COM TRIAR UN VI REFRESCANT PER ALS DIES D'ESTIU?"},"content":{"rendered":"<p>Entrem de ple en l'estiu i els dies calorosos en els quals ve de gust refrescar-nos amb begudes que ens aportin un xarrup de frescor. Malgrat que la sagnia i els negres d'estiu s\u00f3n una opci\u00f3 recorreguda en aquesta \u00e8poca de l'any, no hem de renunciar a poder gaudir d'un <strong><u><a href=\"https:\/\/www.aribau.es\/ca\/catalogo-2\/\">vi refrescant<\/a><\/u><\/strong> de qualitat.<\/p>\n\n\n\n<p>L'ampli ventall de refer\u00e8ncies vitivin\u00edcoles de les quals disposem al pa\u00eds posa al nostre abast alternatives ideals per als dies calorosos. L'estiu \u00e9s una \u00e8poca ideal per a assaborir i gaudir de vins blancs, rosats, espumosos i fins i tot negres!<\/p>\n\n\n\n<h2 class=\"wp-block-heading\">Clima, temperatura o varietat, alguns dels factors que condicionen l'elecci\u00f3 d'aquest <strong>vi refrescant<\/strong> que busquem<\/h2>\n\n\n\n<p>El primer que hem de fer quan ens trobem davant la tessitura de triar un <strong>vi refrescant <\/strong>per a la nostra \u00e0gape \u00e9s tenir diversos factors en compte.<\/p>\n\n\n\n<p>Potser un dels factors m\u00e9s condicionants perqu\u00e8 un vi \u00e9s refrescant, sigui la temperatura adequada a la qual hem de servir aquest vi. En el cas dels vins blancs, espumosos i rosats, \u00e9s important que estiguin en el frigor\u00edfic almenys un parell d'hores abans de servir per a poder degustar-los a una temperatura correcta. Despr\u00e9s, una gla\u00e7onera t'ajudar\u00e0 a mantenir aquesta temperatura. Aix\u00ed mateix, cal evitar que el vi estigui al sol, malgrat que estigui en una gla\u00e7onera, ja que els raigs solars afecten el producte. I quina \u00e9s la temperatura ideal de servei dels vins?<\/p>\n\n\n\n<figure class=\"wp-block-image size-large\"><a href=\"https:\/\/www.aribau.es\/wp-content\/uploads\/2024\/06\/ARIBAU.png\"><img fetchpriority=\"high\" decoding=\"async\" width=\"1024\" height=\"1024\" src=\"https:\/\/www.aribau.es\/wp-content\/uploads\/2024\/06\/ARIBAU-1024x1024.png\" alt=\"\" class=\"wp-image-13664\" srcset=\"https:\/\/www.aribau.es\/wp-content\/uploads\/2024\/06\/ARIBAU-1024x1024.png 1024w, https:\/\/www.aribau.es\/wp-content\/uploads\/2024\/06\/ARIBAU-300x300.png 300w, https:\/\/www.aribau.es\/wp-content\/uploads\/2024\/06\/ARIBAU-150x150.png 150w, https:\/\/www.aribau.es\/wp-content\/uploads\/2024\/06\/ARIBAU-768x768.png 768w, https:\/\/www.aribau.es\/wp-content\/uploads\/2024\/06\/ARIBAU-12x12.png 12w, https:\/\/www.aribau.es\/wp-content\/uploads\/2024\/06\/ARIBAU.png 1080w\" sizes=\"(max-width: 1024px) 100vw, 1024px\" \/><\/a><\/figure>\n\n\n\n<ul class=\"wp-block-list\">\n<li>Els blancs joves i espumosos haurien de moure's entre els 5 i 8 graus.<\/li>\n\n\n\n<li>Els rosats entre 8 i 10 graus.<\/li>\n\n\n\n<li>Els blancs amb crian\u00e7a de 10 a 12 graus.<\/li>\n\n\n\n<li>Els negres joves entre 12 \u2013 17 graus.\u00a0\u00a0<\/li>\n<\/ul>\n\n\n\n<p>El propi clima ja ens far\u00e0 triar de manera intu\u00eftiva quin \u00e9s el <strong><u><a href=\"https:\/\/www.aribau.es\/ca\/witty-wines-2\/\">vi refrescant<\/a><\/u><\/strong> que s'ajustar\u00e0 a les elevades temperatures de l'estiu. El clima influeix en l'apreciaci\u00f3 del vi, i provoca que les varietats m\u00e9s pesades i t\u00e0nniques es descartin d'entrada. Els vins lleugers, amb poca graduaci\u00f3, major acidesa o salins, s\u00f3n els que millor s'ajusten a les altes temperatures. Aix\u00ed mateix, per a l'estiu no es recomana optar pels vins amb majors graduacions d'alcohol, ja que pot comportar sensaci\u00f3 de deshidrataci\u00f3. \u00c9s aconsellable anar alternant el consum amb aigua, per a no generar aquesta sensaci\u00f3 de deshidrataci\u00f3.<\/p>\n\n\n\n<h2 class=\"wp-block-heading\">Maridatges d'estiu amb <strong>vins refrescant<\/strong><\/h2>\n\n\n\n<p>I una vegada triat aquest <strong>vi refrescant<u>,<\/u><\/strong> amb qu\u00e8 podem maridar-lo?<\/p>\n\n\n\n<p>En el cas dels vins blancs, s\u00f3n els vins que millor mariden amb plats frescos t\u00edpics de l'estiu com, per exemple: amanides, peixos i mariscos a la planxa.<\/p>\n\n\n\n<p>El vi rosat \u00e9s una opci\u00f3 adequada per als plats de pasta freda o amb salses lleugeres, amanides, sopes fredes o plats asi\u00e0tics.<\/p>\n\n\n\n<p>A l'estiu, no tenim per qu\u00e8 renunciar als negres, la clau \u00e9s triar un negre lleuger, jove, servit lleugerament fresc perqu\u00e8 reveli una expressi\u00f3 fruitera. Aquests negres s\u00f3n una bona opci\u00f3 per als segons plats estiuencs com, per exemple, una carn blanca o un peix en salsa. &nbsp;<\/p>\n\n\n\n<p>I els espumosos? No ens oblidem d'ells! Els vins espumosos s\u00f3n la millor opci\u00f3 de vi refrescant per a maridar amb les postres, un gelat o sorbet.<\/p>","protected":false},"excerpt":{"rendered":"<p>Entramos de lleno en el verano y los d\u00edas calurosos en los que apetece refrescarnos con bebidas que nos aporten un sorbo de frescura. Pese a que la sangr\u00eda y los tintos de verano son una opci\u00f3n recurrida en esta \u00e9poca del a\u00f1o, no tenemos que renunciar a poder disfrutar de un vino refrescante de &#8230; <a title=\"COM TRIAR UN VI REFRESCANT PER ALS DIES D&#039;ESTIU?\" class=\"read-more\" href=\"https:\/\/www.aribau.es\/ca\/como-escoger-un-vino-refrescante-para-los-dias-de-verano\/\" aria-label=\"M\u00e9s informaci\u00f3 sobre \u00bfC\u00d3MO ESCOGER UN VINO REFRESCANTE PARA LOS D\u00cdAS DE VERANO?\">Llegiu m\u00e9s<\/a><\/p>","protected":false},"author":3,"featured_media":13665,"comment_status":"closed","ping_status":"closed","sticky":false,"template":"","format":"standard","meta":{"footnotes":""},"categories":[406],"tags":[305,446,369,528,368,412,661,425,450],"class_list":["post-13663","post","type-post","status-publish","format-standard","has-post-thumbnail","hentry","category-noticias","tag-aribau","tag-bodegas","tag-cava","tag-verano","tag-vino","tag-vino-blanco","tag-vino-refrescante","tag-vino-tinto","tag-vinos"],"yoast_head":"<!-- This site is optimized with the Yoast SEO plugin v26.7 - https:\/\/yoast.com\/wordpress\/plugins\/seo\/ -->\n<title>\u00bfC\u00d3MO ESCOGER UN VINO REFRESCANTE PARA LOS D\u00cdAS DE VERANO? - Aribau<\/title>\n<meta name=\"robots\" content=\"index, follow, max-snippet:-1, max-image-preview:large, max-video-preview:-1\" \/>\n<link rel=\"canonical\" href=\"https:\/\/www.aribau.es\/ca\/como-escoger-un-vino-refrescante-para-los-dias-de-verano\/\" \/>\n<meta property=\"og:locale\" content=\"ca_ES\" \/>\n<meta property=\"og:type\" content=\"article\" \/>\n<meta property=\"og:title\" content=\"\u00bfC\u00d3MO ESCOGER UN VINO REFRESCANTE PARA LOS D\u00cdAS DE VERANO? - Aribau\" \/>\n<meta property=\"og:description\" content=\"Entramos de lleno en el verano y los d\u00edas calurosos en los que apetece refrescarnos con bebidas que nos aporten un sorbo de frescura. Pese a que la sangr\u00eda y los tintos de verano son una opci\u00f3n recurrida en esta \u00e9poca del a\u00f1o, no tenemos que renunciar a poder disfrutar de un vino refrescante de ... Llegiu m\u00e9s\" \/>\n<meta property=\"og:url\" content=\"https:\/\/www.aribau.es\/ca\/como-escoger-un-vino-refrescante-para-los-dias-de-verano\/\" \/>\n<meta property=\"og:site_name\" content=\"Aribau\" \/>\n<meta property=\"article:publisher\" content=\"https:\/\/www.facebook.com\/aribau1964\/\" \/>\n<meta property=\"article:published_time\" content=\"2024-06-21T08:59:24+00:00\" \/>\n<meta property=\"article:modified_time\" content=\"2024-07-15T06:51:25+00:00\" \/>\n<meta property=\"og:image\" content=\"https:\/\/www.aribau.es\/wp-content\/uploads\/2024\/06\/vino-refrescante.png\" \/>\n\t<meta property=\"og:image:width\" content=\"1200\" \/>\n\t<meta property=\"og:image:height\" content=\"800\" \/>\n\t<meta property=\"og:image:type\" content=\"image\/png\" \/>\n<meta name=\"author\" content=\"aribau\" \/>\n<meta name=\"twitter:card\" content=\"summary_large_image\" \/>\n<meta name=\"twitter:creator\" content=\"@aribau1964\" \/>\n<meta name=\"twitter:site\" content=\"@aribau1964\" \/>\n<meta name=\"twitter:label1\" content=\"Escrit per\" \/>\n\t<meta name=\"twitter:data1\" content=\"aribau\" \/>\n\t<meta name=\"twitter:label2\" content=\"Temps estimat de lectura\" \/>\n\t<meta name=\"twitter:data2\" content=\"3 minuts\" \/>\n<script type=\"application\/ld+json\" class=\"yoast-schema-graph\">{\"@context\":\"https:\/\/schema.org\",\"@graph\":[{\"@type\":\"Article\",\"@id\":\"https:\/\/www.aribau.es\/como-escoger-un-vino-refrescante-para-los-dias-de-verano\/#article\",\"isPartOf\":{\"@id\":\"https:\/\/www.aribau.es\/como-escoger-un-vino-refrescante-para-los-dias-de-verano\/\"},\"author\":{\"name\":\"aribau\",\"@id\":\"https:\/\/www.aribau.es\/#\/schema\/person\/77a976898b3c705ed016499633f4ffd0\"},\"headline\":\"\u00bfC\u00d3MO ESCOGER UN VINO REFRESCANTE PARA LOS D\u00cdAS DE VERANO?\",\"datePublished\":\"2024-06-21T08:59:24+00:00\",\"dateModified\":\"2024-07-15T06:51:25+00:00\",\"mainEntityOfPage\":{\"@id\":\"https:\/\/www.aribau.es\/como-escoger-un-vino-refrescante-para-los-dias-de-verano\/\"},\"wordCount\":569,\"publisher\":{\"@id\":\"https:\/\/www.aribau.es\/#organization\"},\"image\":{\"@id\":\"https:\/\/www.aribau.es\/como-escoger-un-vino-refrescante-para-los-dias-de-verano\/#primaryimage\"},\"thumbnailUrl\":\"https:\/\/www.aribau.es\/wp-content\/uploads\/2024\/06\/vino-refrescante.png\",\"keywords\":[\"Aribau\",\"Bodegas\",\"cava\",\"VERANO\",\"vino\",\"Vino blanco\",\"vino refrescante\",\"Vino tinto\",\"Vinos\"],\"articleSection\":[\"Noticias\"],\"inLanguage\":\"ca\"},{\"@type\":\"WebPage\",\"@id\":\"https:\/\/www.aribau.es\/como-escoger-un-vino-refrescante-para-los-dias-de-verano\/\",\"url\":\"https:\/\/www.aribau.es\/como-escoger-un-vino-refrescante-para-los-dias-de-verano\/\",\"name\":\"\u00bfC\u00d3MO ESCOGER UN VINO REFRESCANTE PARA LOS D\u00cdAS DE VERANO? - Aribau\",\"isPartOf\":{\"@id\":\"https:\/\/www.aribau.es\/#website\"},\"primaryImageOfPage\":{\"@id\":\"https:\/\/www.aribau.es\/como-escoger-un-vino-refrescante-para-los-dias-de-verano\/#primaryimage\"},\"image\":{\"@id\":\"https:\/\/www.aribau.es\/como-escoger-un-vino-refrescante-para-los-dias-de-verano\/#primaryimage\"},\"thumbnailUrl\":\"https:\/\/www.aribau.es\/wp-content\/uploads\/2024\/06\/vino-refrescante.png\",\"datePublished\":\"2024-06-21T08:59:24+00:00\",\"dateModified\":\"2024-07-15T06:51:25+00:00\",\"breadcrumb\":{\"@id\":\"https:\/\/www.aribau.es\/como-escoger-un-vino-refrescante-para-los-dias-de-verano\/#breadcrumb\"},\"inLanguage\":\"ca\",\"potentialAction\":[{\"@type\":\"ReadAction\",\"target\":[\"https:\/\/www.aribau.es\/como-escoger-un-vino-refrescante-para-los-dias-de-verano\/\"]}]},{\"@type\":\"ImageObject\",\"inLanguage\":\"ca\",\"@id\":\"https:\/\/www.aribau.es\/como-escoger-un-vino-refrescante-para-los-dias-de-verano\/#primaryimage\",\"url\":\"https:\/\/www.aribau.es\/wp-content\/uploads\/2024\/06\/vino-refrescante.png\",\"contentUrl\":\"https:\/\/www.aribau.es\/wp-content\/uploads\/2024\/06\/vino-refrescante.png\",\"width\":1200,\"height\":800},{\"@type\":\"BreadcrumbList\",\"@id\":\"https:\/\/www.aribau.es\/como-escoger-un-vino-refrescante-para-los-dias-de-verano\/#breadcrumb\",\"itemListElement\":[{\"@type\":\"ListItem\",\"position\":1,\"name\":\"Portada\",\"item\":\"https:\/\/www.aribau.es\/\"},{\"@type\":\"ListItem\",\"position\":2,\"name\":\"\u00bfC\u00d3MO ESCOGER UN VINO REFRESCANTE PARA LOS D\u00cdAS DE VERANO?\"}]},{\"@type\":\"WebSite\",\"@id\":\"https:\/\/www.aribau.es\/#website\",\"url\":\"https:\/\/www.aribau.es\/\",\"name\":\"Aribau\",\"description\":\"VINOS Y BODEGAS\",\"publisher\":{\"@id\":\"https:\/\/www.aribau.es\/#organization\"},\"potentialAction\":[{\"@type\":\"SearchAction\",\"target\":{\"@type\":\"EntryPoint\",\"urlTemplate\":\"https:\/\/www.aribau.es\/?s={search_term_string}\"},\"query-input\":{\"@type\":\"PropertyValueSpecification\",\"valueRequired\":true,\"valueName\":\"search_term_string\"}}],\"inLanguage\":\"ca\"},{\"@type\":\"Organization\",\"@id\":\"https:\/\/www.aribau.es\/#organization\",\"name\":\"Aribau\",\"url\":\"https:\/\/www.aribau.es\/\",\"logo\":{\"@type\":\"ImageObject\",\"inLanguage\":\"ca\",\"@id\":\"https:\/\/www.aribau.es\/#\/schema\/logo\/image\/\",\"url\":\"https:\/\/www.aribau.es\/wp-content\/uploads\/2022\/03\/logo.png\",\"contentUrl\":\"https:\/\/www.aribau.es\/wp-content\/uploads\/2022\/03\/logo.png\",\"width\":300,\"height\":300,\"caption\":\"Aribau\"},\"image\":{\"@id\":\"https:\/\/www.aribau.es\/#\/schema\/logo\/image\/\"},\"sameAs\":[\"https:\/\/www.facebook.com\/aribau1964\/\",\"https:\/\/x.com\/aribau1964\",\"https:\/\/www.instagram.com\/aribau1964\/\"]},{\"@type\":\"Person\",\"@id\":\"https:\/\/www.aribau.es\/#\/schema\/person\/77a976898b3c705ed016499633f4ffd0\",\"name\":\"aribau\",\"image\":{\"@type\":\"ImageObject\",\"inLanguage\":\"ca\",\"@id\":\"https:\/\/www.aribau.es\/#\/schema\/person\/image\/\",\"url\":\"https:\/\/secure.gravatar.com\/avatar\/6690491f832d5b32aa9482b978c9464816810fbff0f6658034a34c9d9657b94e?s=96&d=mm&r=g\",\"contentUrl\":\"https:\/\/secure.gravatar.com\/avatar\/6690491f832d5b32aa9482b978c9464816810fbff0f6658034a34c9d9657b94e?s=96&d=mm&r=g\",\"caption\":\"aribau\"},\"url\":\"https:\/\/www.aribau.es\/ca\/author\/aribau\/\"}]}<\/script>\n<!-- \/ Yoast SEO plugin. -->","yoast_head_json":{"title":"\u00bfC\u00d3MO ESCOGER UN VINO REFRESCANTE PARA LOS D\u00cdAS DE VERANO? - Aribau","robots":{"index":"index","follow":"follow","max-snippet":"max-snippet:-1","max-image-preview":"max-image-preview:large","max-video-preview":"max-video-preview:-1"},"canonical":"https:\/\/www.aribau.es\/ca\/como-escoger-un-vino-refrescante-para-los-dias-de-verano\/","og_locale":"ca_ES","og_type":"article","og_title":"\u00bfC\u00d3MO ESCOGER UN VINO REFRESCANTE PARA LOS D\u00cdAS DE VERANO? - Aribau","og_description":"Entramos de lleno en el verano y los d\u00edas calurosos en los que apetece refrescarnos con bebidas que nos aporten un sorbo de frescura. Pese a que la sangr\u00eda y los tintos de verano son una opci\u00f3n recurrida en esta \u00e9poca del a\u00f1o, no tenemos que renunciar a poder disfrutar de un vino refrescante de ... Llegiu m\u00e9s","og_url":"https:\/\/www.aribau.es\/ca\/como-escoger-un-vino-refrescante-para-los-dias-de-verano\/","og_site_name":"Aribau","article_publisher":"https:\/\/www.facebook.com\/aribau1964\/","article_published_time":"2024-06-21T08:59:24+00:00","article_modified_time":"2024-07-15T06:51:25+00:00","og_image":[{"width":1200,"height":800,"url":"https:\/\/www.aribau.es\/wp-content\/uploads\/2024\/06\/vino-refrescante.png","type":"image\/png"}],"author":"aribau","twitter_card":"summary_large_image","twitter_creator":"@aribau1964","twitter_site":"@aribau1964","twitter_misc":{"Escrit per":"aribau","Temps estimat de lectura":"3 minuts"},"schema":{"@context":"https:\/\/schema.org","@graph":[{"@type":"Article","@id":"https:\/\/www.aribau.es\/como-escoger-un-vino-refrescante-para-los-dias-de-verano\/#article","isPartOf":{"@id":"https:\/\/www.aribau.es\/como-escoger-un-vino-refrescante-para-los-dias-de-verano\/"},"author":{"name":"aribau","@id":"https:\/\/www.aribau.es\/#\/schema\/person\/77a976898b3c705ed016499633f4ffd0"},"headline":"\u00bfC\u00d3MO ESCOGER UN VINO REFRESCANTE PARA LOS D\u00cdAS DE VERANO?","datePublished":"2024-06-21T08:59:24+00:00","dateModified":"2024-07-15T06:51:25+00:00","mainEntityOfPage":{"@id":"https:\/\/www.aribau.es\/como-escoger-un-vino-refrescante-para-los-dias-de-verano\/"},"wordCount":569,"publisher":{"@id":"https:\/\/www.aribau.es\/#organization"},"image":{"@id":"https:\/\/www.aribau.es\/como-escoger-un-vino-refrescante-para-los-dias-de-verano\/#primaryimage"},"thumbnailUrl":"https:\/\/www.aribau.es\/wp-content\/uploads\/2024\/06\/vino-refrescante.png","keywords":["Aribau","Bodegas","cava","VERANO","vino","Vino blanco","vino refrescante","Vino tinto","Vinos"],"articleSection":["Noticias"],"inLanguage":"ca"},{"@type":"WebPage","@id":"https:\/\/www.aribau.es\/como-escoger-un-vino-refrescante-para-los-dias-de-verano\/","url":"https:\/\/www.aribau.es\/como-escoger-un-vino-refrescante-para-los-dias-de-verano\/","name":"\u00bfC\u00d3MO ESCOGER UN VINO REFRESCANTE PARA LOS D\u00cdAS DE VERANO? - Aribau","isPartOf":{"@id":"https:\/\/www.aribau.es\/#website"},"primaryImageOfPage":{"@id":"https:\/\/www.aribau.es\/como-escoger-un-vino-refrescante-para-los-dias-de-verano\/#primaryimage"},"image":{"@id":"https:\/\/www.aribau.es\/como-escoger-un-vino-refrescante-para-los-dias-de-verano\/#primaryimage"},"thumbnailUrl":"https:\/\/www.aribau.es\/wp-content\/uploads\/2024\/06\/vino-refrescante.png","datePublished":"2024-06-21T08:59:24+00:00","dateModified":"2024-07-15T06:51:25+00:00","breadcrumb":{"@id":"https:\/\/www.aribau.es\/como-escoger-un-vino-refrescante-para-los-dias-de-verano\/#breadcrumb"},"inLanguage":"ca","potentialAction":[{"@type":"ReadAction","target":["https:\/\/www.aribau.es\/como-escoger-un-vino-refrescante-para-los-dias-de-verano\/"]}]},{"@type":"ImageObject","inLanguage":"ca","@id":"https:\/\/www.aribau.es\/como-escoger-un-vino-refrescante-para-los-dias-de-verano\/#primaryimage","url":"https:\/\/www.aribau.es\/wp-content\/uploads\/2024\/06\/vino-refrescante.png","contentUrl":"https:\/\/www.aribau.es\/wp-content\/uploads\/2024\/06\/vino-refrescante.png","width":1200,"height":800},{"@type":"BreadcrumbList","@id":"https:\/\/www.aribau.es\/como-escoger-un-vino-refrescante-para-los-dias-de-verano\/#breadcrumb","itemListElement":[{"@type":"ListItem","position":1,"name":"Portada","item":"https:\/\/www.aribau.es\/"},{"@type":"ListItem","position":2,"name":"\u00bfC\u00d3MO ESCOGER UN VINO REFRESCANTE PARA LOS D\u00cdAS DE VERANO?"}]},{"@type":"WebSite","@id":"https:\/\/www.aribau.es\/#website","url":"https:\/\/www.aribau.es\/","name":"Aribau","description":"VINOS Y BODEGAS","publisher":{"@id":"https:\/\/www.aribau.es\/#organization"},"potentialAction":[{"@type":"SearchAction","target":{"@type":"EntryPoint","urlTemplate":"https:\/\/www.aribau.es\/?s={search_term_string}"},"query-input":{"@type":"PropertyValueSpecification","valueRequired":true,"valueName":"search_term_string"}}],"inLanguage":"ca"},{"@type":"Organization","@id":"https:\/\/www.aribau.es\/#organization","name":"Aribau","url":"https:\/\/www.aribau.es\/","logo":{"@type":"ImageObject","inLanguage":"ca","@id":"https:\/\/www.aribau.es\/#\/schema\/logo\/image\/","url":"https:\/\/www.aribau.es\/wp-content\/uploads\/2022\/03\/logo.png","contentUrl":"https:\/\/www.aribau.es\/wp-content\/uploads\/2022\/03\/logo.png","width":300,"height":300,"caption":"Aribau"},"image":{"@id":"https:\/\/www.aribau.es\/#\/schema\/logo\/image\/"},"sameAs":["https:\/\/www.facebook.com\/aribau1964\/","https:\/\/x.com\/aribau1964","https:\/\/www.instagram.com\/aribau1964\/"]},{"@type":"Person","@id":"https:\/\/www.aribau.es\/#\/schema\/person\/77a976898b3c705ed016499633f4ffd0","name":"aribau","image":{"@type":"ImageObject","inLanguage":"ca","@id":"https:\/\/www.aribau.es\/#\/schema\/person\/image\/","url":"https:\/\/secure.gravatar.com\/avatar\/6690491f832d5b32aa9482b978c9464816810fbff0f6658034a34c9d9657b94e?s=96&d=mm&r=g","contentUrl":"https:\/\/secure.gravatar.com\/avatar\/6690491f832d5b32aa9482b978c9464816810fbff0f6658034a34c9d9657b94e?s=96&d=mm&r=g","caption":"aribau"},"url":"https:\/\/www.aribau.es\/ca\/author\/aribau\/"}]}},"_links":{"self":[{"href":"https:\/\/www.aribau.es\/ca\/wp-json\/wp\/v2\/posts\/13663","targetHints":{"allow":["GET"]}}],"collection":[{"href":"https:\/\/www.aribau.es\/ca\/wp-json\/wp\/v2\/posts"}],"about":[{"href":"https:\/\/www.aribau.es\/ca\/wp-json\/wp\/v2\/types\/post"}],"author":[{"embeddable":true,"href":"https:\/\/www.aribau.es\/ca\/wp-json\/wp\/v2\/users\/3"}],"replies":[{"embeddable":true,"href":"https:\/\/www.aribau.es\/ca\/wp-json\/wp\/v2\/comments?post=13663"}],"version-history":[{"count":3,"href":"https:\/\/www.aribau.es\/ca\/wp-json\/wp\/v2\/posts\/13663\/revisions"}],"predecessor-version":[{"id":13673,"href":"https:\/\/www.aribau.es\/ca\/wp-json\/wp\/v2\/posts\/13663\/revisions\/13673"}],"wp:featuredmedia":[{"embeddable":true,"href":"https:\/\/www.aribau.es\/ca\/wp-json\/wp\/v2\/media\/13665"}],"wp:attachment":[{"href":"https:\/\/www.aribau.es\/ca\/wp-json\/wp\/v2\/media?parent=13663"}],"wp:term":[{"taxonomy":"category","embeddable":true,"href":"https:\/\/www.aribau.es\/ca\/wp-json\/wp\/v2\/categories?post=13663"},{"taxonomy":"post_tag","embeddable":true,"href":"https:\/\/www.aribau.es\/ca\/wp-json\/wp\/v2\/tags?post=13663"}],"curies":[{"name":"wp","href":"https:\/\/api.w.org\/{rel}","templated":true}]}}