{"id":13699,"date":"2024-10-16T13:21:38","date_gmt":"2024-10-16T12:21:38","guid":{"rendered":"https:\/\/www.aribau.es\/?p=13699"},"modified":"2024-10-17T08:31:27","modified_gmt":"2024-10-17T07:31:27","slug":"maridajes-de-otono-con-witty-wines","status":"publish","type":"post","link":"https:\/\/www.aribau.es\/ca\/maridajes-de-otono-con-witty-wines\/","title":{"rendered":"Maridatges de tardor amb Witty Wines"},"content":{"rendered":"<p>Avan\u00e7a la tardor, i aquesta estaci\u00f3 t\u00e9 impl\u00edcit un <em>mood<\/em> en el qual un bon pla \u00e9s gaudir d'un vi a casa, calmadament, assaborint-lo i maridant-lo amb els nostres millors plats, no creeu? En el blog d'aquest mes us portem diverses propostes perqu\u00e8 tingueu opcions on triar segons el vostre \u00e0nim i els plats que degustareu.<\/p>\n\n\n\n<h2 class=\"wp-block-heading\"><strong>Comencem per les propostes de maridatges de negres, els reis de la tardor<\/strong><\/h2>\n\n\n\n<p>El canvi d'estaci\u00f3 fa que a poc a poc vagi venint de gust triar vins amb m\u00e9s cos i amb notes de fruita vermella, caramel o fusta, sabors que acompanyen la tardor i que trobem en gran o major mesura en els vins negres.<\/p>\n\n\n\n<figure class=\"wp-block-image size-large\"><a href=\"https:\/\/www.aribau.es\/wp-content\/uploads\/2024\/10\/vino-tinto-witty-wines.png\"><img fetchpriority=\"high\" decoding=\"async\" width=\"1024\" height=\"683\" src=\"https:\/\/www.aribau.es\/wp-content\/uploads\/2024\/10\/vino-tinto-witty-wines-1024x683.png\" alt=\"\" class=\"wp-image-13701\" srcset=\"https:\/\/www.aribau.es\/wp-content\/uploads\/2024\/10\/vino-tinto-witty-wines-1024x683.png 1024w, https:\/\/www.aribau.es\/wp-content\/uploads\/2024\/10\/vino-tinto-witty-wines-300x200.png 300w, https:\/\/www.aribau.es\/wp-content\/uploads\/2024\/10\/vino-tinto-witty-wines-768x512.png 768w, https:\/\/www.aribau.es\/wp-content\/uploads\/2024\/10\/vino-tinto-witty-wines-18x12.png 18w, https:\/\/www.aribau.es\/wp-content\/uploads\/2024\/10\/vino-tinto-witty-wines.png 1200w\" sizes=\"(max-width: 1024px) 100vw, 1024px\" \/><\/a><\/figure>\n\n\n\n<ul class=\"wp-block-list\">\n<li><strong><a href=\"https:\/\/www.aribau.es\/ca\/mar-salada-tinto-2\/\">Mar Salada Negre<\/a><\/strong>: Un vi que combina la garnatxa negra i l'ull de llebre. Amb un color vermell violaci, ens aporta unes aromes intenses de fruits vermells i negres. Un vi suau i equilibrat en boca, ideal per a combinar amb carns vermelles o una taula de formatges i embotits.<\/li>\n<\/ul>\n\n\n\n<ul class=\"wp-block-list\">\n<li><strong><a href=\"https:\/\/www.aribau.es\/ca\/cargol-treu-banya-2\/\">Cargol Treu Banya<\/a><\/strong>: Un negre que, en aroma, ens recorda a notes torrades i de fusta cremada, a causa de la crian\u00e7a en bota, i notes minerals. En boca \u00e9s lleugerament dol\u00e7 a causa de la garnatxa, per\u00f2 licor\u00f3s i amb un fons de fruita madura caramel\u00b7litzada. Un vi que acompanya molt b\u00e9 una barbacoa de carn de vedella sucosa.<\/li>\n<\/ul>\n\n\n\n<ul class=\"wp-block-list\">\n<li><strong><a href=\"https:\/\/www.aribau.es\/ca\/que-si-2\/\">Que S\u00ed!:<\/a><\/strong> Vi DOQ Priorat de garnatxa negra i carinyena en qu\u00e8 trobem el caracter\u00edstic sabor mineral de les vinyes plantades en la pissarra. De color intens magenta i amb aromes florals entre els quals destaquen el fonoll i el roman\u00ed, i una mescla de fruita negra i vermella. Aix\u00ed mateix, tamb\u00e9 trobem tocs especiats com els de la nou moscada. En boca \u00e9s untu\u00f3s, crem\u00f3s i amb perman\u00e8ncia llarga. Un vi per a gaudir qualsevol tarda de tardor acompanyada d'un formatge curat i uns fruits secs.<\/li>\n<\/ul>\n\n\n\n<ul class=\"wp-block-list\">\n<li><a href=\"https:\/\/www.aribau.es\/ca\/i-tant-2\/\"><strong>I tant<\/strong> <strong>Negre<\/strong><\/a>: Vi 100% garnatxa negre amb Denominaci\u00f3 d'Origen Montsant. Presenta un color granat intens, ja que es tracta d'un vi jove, amb unes aromes de fruits vermells i bals\u00e0mics que li aporten un car\u00e0cter llaminer. En boca, parlem d'un negre afruitat amb notes de fruites vermelles i amb una entrada suau. Quant al seu <strong><u>maridatge<\/u><\/strong>, podem combinar-lo amb un risotto de bolets o amb una taula de formatges curats.<\/li>\n<\/ul>\n\n\n\n<h2 class=\"wp-block-heading\"><strong>Maridatges amb vi blanc per a recordar l'estiu<\/strong><\/h2>\n\n\n\n<p>Encara que el fred avan\u00e7a, sempre queda un lloc per als blancs. Vins que ens transporten a l'estiu i que podem gaudir al migdia sota els raigs de sol tardorencs. Us deixem una petita selecci\u00f3 de <strong><u>maridatges <\/u><\/strong>a continuaci\u00f3:<\/p>\n\n\n\n<figure class=\"wp-block-image size-large\"><a href=\"https:\/\/www.aribau.es\/wp-content\/uploads\/2024\/10\/vino-blanco-witty-wines.png\"><img decoding=\"async\" width=\"1024\" height=\"683\" src=\"https:\/\/www.aribau.es\/wp-content\/uploads\/2024\/10\/vino-blanco-witty-wines-1024x683.png\" alt=\"\" class=\"wp-image-13702\" srcset=\"https:\/\/www.aribau.es\/wp-content\/uploads\/2024\/10\/vino-blanco-witty-wines-1024x683.png 1024w, https:\/\/www.aribau.es\/wp-content\/uploads\/2024\/10\/vino-blanco-witty-wines-300x200.png 300w, https:\/\/www.aribau.es\/wp-content\/uploads\/2024\/10\/vino-blanco-witty-wines-768x512.png 768w, https:\/\/www.aribau.es\/wp-content\/uploads\/2024\/10\/vino-blanco-witty-wines-18x12.png 18w, https:\/\/www.aribau.es\/wp-content\/uploads\/2024\/10\/vino-blanco-witty-wines.png 1200w\" sizes=\"(max-width: 1024px) 100vw, 1024px\" \/><\/a><\/figure>\n\n\n\n<ul class=\"wp-block-list\">\n<li><strong><a href=\"https:\/\/www.aribau.es\/ca\/ficha-tecnica-companys-blanco\/\">Companys Blanc<\/a><\/strong>: Es tracta d'un vi 100% garnatxa blanca amb DO Terra Alta, suc\u00f3s i afruitat, amb un final mineral en boca. De color groc fosc, les seves aromes ens denoten tocs d'albercoc i pr\u00e9ssec. En boca \u00e9s un vi amb un cos mitj\u00e0 i una acidesa fresca. Podem maridar-lo amb un formatge de cabra, unes carxofes a la planxa o un plat de pasta amb marisc.<\/li>\n<\/ul>\n\n\n\n<ul class=\"wp-block-list\">\n<li><strong><a href=\"https:\/\/www.aribau.es\/ca\/la-descarada-2\/\">La Descarada<\/a><\/strong>: \u00c9s un vi blanc jove, arom\u00e0tic, fresc i lleuger. Trobem notes afruitades, especialment de fruita blanca madura, i molt floral. De color groc intens, en nas tamb\u00e9 trobem notes florals com la violeta o la flor de cirerer. Ja en boca \u00e9s un vi sec, amb un cos i intensitat de sabor mitjans. El seu <strong><u>maridatge<\/u><\/strong> ideal \u00e9s un plat de sushi o una paella.<\/li>\n<\/ul>\n\n\n\n<ul class=\"wp-block-list\">\n<li><a href=\"https:\/\/www.aribau.es\/ca\/tronat-blanco-2\/\"><strong>Tronat<\/strong> <strong>Blanc<\/strong><\/a>: Aquesta refer\u00e8ncia est\u00e0 elaborada amb una base de merlot, garnatxa i carinyena. T\u00e9 uns tocs de color groc p\u00e0l\u00b7lid amb reflexos verdosos. En nas trobem aromes de fruites dolces, fonoll, an\u00eds i tocs florals. Ja en boca, \u00e9s un vi que est\u00e0 ben equilibrat, \u00e9s fresc alhora que expressiu. \u00c9s un vi que convida a un <strong><u>maridatge<\/u><\/strong> amb una taula de formatges tendres o cremosos, o b\u00e9 amb carn a la brasa.<\/li>\n<\/ul>\n\n\n\n<ul class=\"wp-block-list\">\n<li><a href=\"https:\/\/www.aribau.es\/ca\/mar-salada\/\"><strong>Mar Salada<\/strong> <strong>Blanc<\/strong><\/a>: Elaborat amb macabeu i garnatxa blanca, aquest \u00e9s un vi jove que ens funcionar\u00e0 en qualsevol ocasi\u00f3, alguna cosa aix\u00ed com \"un fons d'armari\" dels vins blancs. \u00c9s un vi equilibrat i fresc en boca amb un final llarg i agradable, en el qual trobem aromes de fruita blanca i tocs c\u00edtrics. Una opci\u00f3 de <strong><u>maridatge<\/u><\/strong> ideal \u00e9s en el moment de l'aperitiu al costat d'uns formatges suaus, per\u00f2 tamb\u00e9 amb carns blanques.<\/li>\n<\/ul>\n\n\n\n<h2 class=\"wp-block-heading\"><strong>Maridatge<\/strong> per a les postres tardorenques<\/h2>\n\n\n\n<p>Qu\u00e8 seria d'un menjar de tardor sense les seves postres?<\/p>\n\n\n\n<figure class=\"wp-block-image size-large\"><a href=\"https:\/\/www.aribau.es\/wp-content\/uploads\/2024\/10\/cava-witty-wines.png\"><img decoding=\"async\" width=\"1024\" height=\"687\" src=\"https:\/\/www.aribau.es\/wp-content\/uploads\/2024\/10\/cava-witty-wines-1024x687.png\" alt=\"\" class=\"wp-image-13703\" srcset=\"https:\/\/www.aribau.es\/wp-content\/uploads\/2024\/10\/cava-witty-wines-1024x687.png 1024w, https:\/\/www.aribau.es\/wp-content\/uploads\/2024\/10\/cava-witty-wines-300x201.png 300w, https:\/\/www.aribau.es\/wp-content\/uploads\/2024\/10\/cava-witty-wines-768x515.png 768w, https:\/\/www.aribau.es\/wp-content\/uploads\/2024\/10\/cava-witty-wines-18x12.png 18w, https:\/\/www.aribau.es\/wp-content\/uploads\/2024\/10\/cava-witty-wines.png 1320w\" sizes=\"(max-width: 1024px) 100vw, 1024px\" \/><\/a><\/figure>\n\n\n\n<ul class=\"wp-block-list\">\n<li><strong><a href=\"https:\/\/www.aribau.es\/ca\/i-tant-cava-brut-nature-reserva-2\/\">I Tant Brut Nature Reserva<\/a><\/strong>: Company ideal d'un dels dol\u00e7os tradicionals de la tardor, els <em>panellets<\/em>. \u00c9s un cava elaborat amb xarel\u00b7lo, que li aporta cos i estructura; macabeu, que li atorga l'eleg\u00e0ncia i unes delicades notes amargues; i parellada, que li dona aquest toc d'acidesa c\u00edtric que el fa refrescant. \u00c9s un cava de bombolla fina amb una brillant capa daurada amb tons verdosos. En nas ens recorda aromes florals i fruita c\u00edtrica.\u00a0<\/li>\n<\/ul>\n\n\n\n<ul class=\"wp-block-list\">\n<li><strong><a href=\"https:\/\/www.aribau.es\/ca\/i-tant-cava-rose-pinot-noir-reserva\/\">I Tant Brut Rosat<\/a><\/strong>: Aquest cava presenta un color cirera amb matisos de salm\u00f3 brillant. En nas, trobem notes de fruita silvestre com la grosella, i en boca, t\u00e9 una entrada amb notes especiades i una bombolla fina i persistent. Amb aquest cava tan singular podem fer un <strong><u>maridatge<\/u><\/strong> amb un past\u00eds de poma o unes crestes de carabassa.<\/li>\n<\/ul>","protected":false},"excerpt":{"rendered":"<p>Avanza el oto\u00f1o, y esta estaci\u00f3n tiene impl\u00edcito un mood en el que un buen plan es disfrutar de un vino en casa, calmadamente, sabore\u00e1ndolo y marid\u00e1ndolo con nuestros mejores platos, \u00bfno cre\u00e9is? En el blog de este mes os traemos diversas propuestas para que teng\u00e1is opciones donde escoger seg\u00fan vuestro \u00e1nimo y los platos &#8230; <a title=\"Maridatges de tardor amb Witty Wines\" class=\"read-more\" href=\"https:\/\/www.aribau.es\/ca\/maridajes-de-otono-con-witty-wines\/\" aria-label=\"M\u00e9s informaci\u00f3 sobre Maridajes de oto\u00f1o con Witty Wines\">Llegiu m\u00e9s<\/a><\/p>","protected":false},"author":3,"featured_media":13700,"comment_status":"closed","ping_status":"closed","sticky":false,"template":"","format":"standard","meta":{"footnotes":""},"categories":[406],"tags":[305,369,395,341,360,474,664,368,412,425,450,423],"class_list":["post-13699","post","type-post","status-publish","format-standard","has-post-thumbnail","hentry","category-noticias","tag-aribau","tag-cava","tag-i-tant-vins","tag-la-descarada","tag-maridaje","tag-maridajes","tag-otono","tag-vino","tag-vino-blanco","tag-vino-tinto","tag-vinos","tag-witty-wines"],"yoast_head":"<!-- This site is optimized with the Yoast SEO plugin v26.7 - https:\/\/yoast.com\/wordpress\/plugins\/seo\/ -->\n<title>Maridajes de oto\u00f1o con Witty Wines - Aribau<\/title>\n<meta name=\"robots\" content=\"index, follow, max-snippet:-1, max-image-preview:large, max-video-preview:-1\" \/>\n<link rel=\"canonical\" href=\"https:\/\/www.aribau.es\/ca\/maridajes-de-otono-con-witty-wines\/\" \/>\n<meta property=\"og:locale\" content=\"ca_ES\" \/>\n<meta property=\"og:type\" content=\"article\" \/>\n<meta property=\"og:title\" content=\"Maridajes de oto\u00f1o con Witty Wines - Aribau\" \/>\n<meta property=\"og:description\" content=\"Avanza el oto\u00f1o, y esta estaci\u00f3n tiene impl\u00edcito un mood en el que un buen plan es disfrutar de un vino en casa, calmadamente, sabore\u00e1ndolo y marid\u00e1ndolo con nuestros mejores platos, \u00bfno cre\u00e9is? En el blog de este mes os traemos diversas propuestas para que teng\u00e1is opciones donde escoger seg\u00fan vuestro \u00e1nimo y los platos ... Llegiu m\u00e9s\" \/>\n<meta property=\"og:url\" content=\"https:\/\/www.aribau.es\/ca\/maridajes-de-otono-con-witty-wines\/\" \/>\n<meta property=\"og:site_name\" content=\"Aribau\" \/>\n<meta property=\"article:publisher\" content=\"https:\/\/www.facebook.com\/aribau1964\/\" \/>\n<meta property=\"article:published_time\" content=\"2024-10-16T12:21:38+00:00\" \/>\n<meta property=\"article:modified_time\" content=\"2024-10-17T07:31:27+00:00\" \/>\n<meta property=\"og:image\" content=\"https:\/\/www.aribau.es\/wp-content\/uploads\/2024\/10\/maridajes-de-otono-witty-wines.png\" \/>\n\t<meta property=\"og:image:width\" content=\"1200\" \/>\n\t<meta property=\"og:image:height\" content=\"800\" \/>\n\t<meta property=\"og:image:type\" content=\"image\/png\" \/>\n<meta name=\"author\" content=\"aribau\" \/>\n<meta name=\"twitter:card\" content=\"summary_large_image\" \/>\n<meta name=\"twitter:creator\" content=\"@aribau1964\" \/>\n<meta name=\"twitter:site\" content=\"@aribau1964\" \/>\n<meta name=\"twitter:label1\" content=\"Escrit per\" \/>\n\t<meta name=\"twitter:data1\" content=\"aribau\" \/>\n\t<meta name=\"twitter:label2\" content=\"Temps estimat de lectura\" \/>\n\t<meta name=\"twitter:data2\" content=\"5 minuts\" \/>\n<script type=\"application\/ld+json\" class=\"yoast-schema-graph\">{\"@context\":\"https:\/\/schema.org\",\"@graph\":[{\"@type\":\"Article\",\"@id\":\"https:\/\/www.aribau.es\/maridajes-de-otono-con-witty-wines\/#article\",\"isPartOf\":{\"@id\":\"https:\/\/www.aribau.es\/maridajes-de-otono-con-witty-wines\/\"},\"author\":{\"name\":\"aribau\",\"@id\":\"https:\/\/www.aribau.es\/#\/schema\/person\/77a976898b3c705ed016499633f4ffd0\"},\"headline\":\"Maridajes de oto\u00f1o con Witty Wines\",\"datePublished\":\"2024-10-16T12:21:38+00:00\",\"dateModified\":\"2024-10-17T07:31:27+00:00\",\"mainEntityOfPage\":{\"@id\":\"https:\/\/www.aribau.es\/maridajes-de-otono-con-witty-wines\/\"},\"wordCount\":921,\"publisher\":{\"@id\":\"https:\/\/www.aribau.es\/#organization\"},\"image\":{\"@id\":\"https:\/\/www.aribau.es\/maridajes-de-otono-con-witty-wines\/#primaryimage\"},\"thumbnailUrl\":\"https:\/\/www.aribau.es\/wp-content\/uploads\/2024\/10\/maridajes-de-otono-witty-wines.png\",\"keywords\":[\"Aribau\",\"cava\",\"I tant vins\",\"La descarada\",\"maridaje\",\"Maridajes\",\"oto\u00f1o\",\"vino\",\"Vino blanco\",\"Vino tinto\",\"Vinos\",\"Witty Wines\"],\"articleSection\":[\"Noticias\"],\"inLanguage\":\"ca\"},{\"@type\":\"WebPage\",\"@id\":\"https:\/\/www.aribau.es\/maridajes-de-otono-con-witty-wines\/\",\"url\":\"https:\/\/www.aribau.es\/maridajes-de-otono-con-witty-wines\/\",\"name\":\"Maridajes de oto\u00f1o con Witty Wines - Aribau\",\"isPartOf\":{\"@id\":\"https:\/\/www.aribau.es\/#website\"},\"primaryImageOfPage\":{\"@id\":\"https:\/\/www.aribau.es\/maridajes-de-otono-con-witty-wines\/#primaryimage\"},\"image\":{\"@id\":\"https:\/\/www.aribau.es\/maridajes-de-otono-con-witty-wines\/#primaryimage\"},\"thumbnailUrl\":\"https:\/\/www.aribau.es\/wp-content\/uploads\/2024\/10\/maridajes-de-otono-witty-wines.png\",\"datePublished\":\"2024-10-16T12:21:38+00:00\",\"dateModified\":\"2024-10-17T07:31:27+00:00\",\"breadcrumb\":{\"@id\":\"https:\/\/www.aribau.es\/maridajes-de-otono-con-witty-wines\/#breadcrumb\"},\"inLanguage\":\"ca\",\"potentialAction\":[{\"@type\":\"ReadAction\",\"target\":[\"https:\/\/www.aribau.es\/maridajes-de-otono-con-witty-wines\/\"]}]},{\"@type\":\"ImageObject\",\"inLanguage\":\"ca\",\"@id\":\"https:\/\/www.aribau.es\/maridajes-de-otono-con-witty-wines\/#primaryimage\",\"url\":\"https:\/\/www.aribau.es\/wp-content\/uploads\/2024\/10\/maridajes-de-otono-witty-wines.png\",\"contentUrl\":\"https:\/\/www.aribau.es\/wp-content\/uploads\/2024\/10\/maridajes-de-otono-witty-wines.png\",\"width\":1200,\"height\":800},{\"@type\":\"BreadcrumbList\",\"@id\":\"https:\/\/www.aribau.es\/maridajes-de-otono-con-witty-wines\/#breadcrumb\",\"itemListElement\":[{\"@type\":\"ListItem\",\"position\":1,\"name\":\"Portada\",\"item\":\"https:\/\/www.aribau.es\/\"},{\"@type\":\"ListItem\",\"position\":2,\"name\":\"Maridajes de oto\u00f1o con Witty Wines\"}]},{\"@type\":\"WebSite\",\"@id\":\"https:\/\/www.aribau.es\/#website\",\"url\":\"https:\/\/www.aribau.es\/\",\"name\":\"Aribau\",\"description\":\"VINOS Y BODEGAS\",\"publisher\":{\"@id\":\"https:\/\/www.aribau.es\/#organization\"},\"potentialAction\":[{\"@type\":\"SearchAction\",\"target\":{\"@type\":\"EntryPoint\",\"urlTemplate\":\"https:\/\/www.aribau.es\/?s={search_term_string}\"},\"query-input\":{\"@type\":\"PropertyValueSpecification\",\"valueRequired\":true,\"valueName\":\"search_term_string\"}}],\"inLanguage\":\"ca\"},{\"@type\":\"Organization\",\"@id\":\"https:\/\/www.aribau.es\/#organization\",\"name\":\"Aribau\",\"url\":\"https:\/\/www.aribau.es\/\",\"logo\":{\"@type\":\"ImageObject\",\"inLanguage\":\"ca\",\"@id\":\"https:\/\/www.aribau.es\/#\/schema\/logo\/image\/\",\"url\":\"https:\/\/www.aribau.es\/wp-content\/uploads\/2022\/03\/logo.png\",\"contentUrl\":\"https:\/\/www.aribau.es\/wp-content\/uploads\/2022\/03\/logo.png\",\"width\":300,\"height\":300,\"caption\":\"Aribau\"},\"image\":{\"@id\":\"https:\/\/www.aribau.es\/#\/schema\/logo\/image\/\"},\"sameAs\":[\"https:\/\/www.facebook.com\/aribau1964\/\",\"https:\/\/x.com\/aribau1964\",\"https:\/\/www.instagram.com\/aribau1964\/\"]},{\"@type\":\"Person\",\"@id\":\"https:\/\/www.aribau.es\/#\/schema\/person\/77a976898b3c705ed016499633f4ffd0\",\"name\":\"aribau\",\"image\":{\"@type\":\"ImageObject\",\"inLanguage\":\"ca\",\"@id\":\"https:\/\/www.aribau.es\/#\/schema\/person\/image\/\",\"url\":\"https:\/\/secure.gravatar.com\/avatar\/6690491f832d5b32aa9482b978c9464816810fbff0f6658034a34c9d9657b94e?s=96&d=mm&r=g\",\"contentUrl\":\"https:\/\/secure.gravatar.com\/avatar\/6690491f832d5b32aa9482b978c9464816810fbff0f6658034a34c9d9657b94e?s=96&d=mm&r=g\",\"caption\":\"aribau\"},\"url\":\"https:\/\/www.aribau.es\/ca\/author\/aribau\/\"}]}<\/script>\n<!-- \/ Yoast SEO plugin. -->","yoast_head_json":{"title":"Maridajes de oto\u00f1o con Witty Wines - Aribau","robots":{"index":"index","follow":"follow","max-snippet":"max-snippet:-1","max-image-preview":"max-image-preview:large","max-video-preview":"max-video-preview:-1"},"canonical":"https:\/\/www.aribau.es\/ca\/maridajes-de-otono-con-witty-wines\/","og_locale":"ca_ES","og_type":"article","og_title":"Maridajes de oto\u00f1o con Witty Wines - Aribau","og_description":"Avanza el oto\u00f1o, y esta estaci\u00f3n tiene impl\u00edcito un mood en el que un buen plan es disfrutar de un vino en casa, calmadamente, sabore\u00e1ndolo y marid\u00e1ndolo con nuestros mejores platos, \u00bfno cre\u00e9is? En el blog de este mes os traemos diversas propuestas para que teng\u00e1is opciones donde escoger seg\u00fan vuestro \u00e1nimo y los platos ... Llegiu m\u00e9s","og_url":"https:\/\/www.aribau.es\/ca\/maridajes-de-otono-con-witty-wines\/","og_site_name":"Aribau","article_publisher":"https:\/\/www.facebook.com\/aribau1964\/","article_published_time":"2024-10-16T12:21:38+00:00","article_modified_time":"2024-10-17T07:31:27+00:00","og_image":[{"width":1200,"height":800,"url":"https:\/\/www.aribau.es\/wp-content\/uploads\/2024\/10\/maridajes-de-otono-witty-wines.png","type":"image\/png"}],"author":"aribau","twitter_card":"summary_large_image","twitter_creator":"@aribau1964","twitter_site":"@aribau1964","twitter_misc":{"Escrit per":"aribau","Temps estimat de lectura":"5 minuts"},"schema":{"@context":"https:\/\/schema.org","@graph":[{"@type":"Article","@id":"https:\/\/www.aribau.es\/maridajes-de-otono-con-witty-wines\/#article","isPartOf":{"@id":"https:\/\/www.aribau.es\/maridajes-de-otono-con-witty-wines\/"},"author":{"name":"aribau","@id":"https:\/\/www.aribau.es\/#\/schema\/person\/77a976898b3c705ed016499633f4ffd0"},"headline":"Maridajes de oto\u00f1o con Witty Wines","datePublished":"2024-10-16T12:21:38+00:00","dateModified":"2024-10-17T07:31:27+00:00","mainEntityOfPage":{"@id":"https:\/\/www.aribau.es\/maridajes-de-otono-con-witty-wines\/"},"wordCount":921,"publisher":{"@id":"https:\/\/www.aribau.es\/#organization"},"image":{"@id":"https:\/\/www.aribau.es\/maridajes-de-otono-con-witty-wines\/#primaryimage"},"thumbnailUrl":"https:\/\/www.aribau.es\/wp-content\/uploads\/2024\/10\/maridajes-de-otono-witty-wines.png","keywords":["Aribau","cava","I tant vins","La descarada","maridaje","Maridajes","oto\u00f1o","vino","Vino blanco","Vino tinto","Vinos","Witty Wines"],"articleSection":["Noticias"],"inLanguage":"ca"},{"@type":"WebPage","@id":"https:\/\/www.aribau.es\/maridajes-de-otono-con-witty-wines\/","url":"https:\/\/www.aribau.es\/maridajes-de-otono-con-witty-wines\/","name":"Maridajes de oto\u00f1o con Witty Wines - Aribau","isPartOf":{"@id":"https:\/\/www.aribau.es\/#website"},"primaryImageOfPage":{"@id":"https:\/\/www.aribau.es\/maridajes-de-otono-con-witty-wines\/#primaryimage"},"image":{"@id":"https:\/\/www.aribau.es\/maridajes-de-otono-con-witty-wines\/#primaryimage"},"thumbnailUrl":"https:\/\/www.aribau.es\/wp-content\/uploads\/2024\/10\/maridajes-de-otono-witty-wines.png","datePublished":"2024-10-16T12:21:38+00:00","dateModified":"2024-10-17T07:31:27+00:00","breadcrumb":{"@id":"https:\/\/www.aribau.es\/maridajes-de-otono-con-witty-wines\/#breadcrumb"},"inLanguage":"ca","potentialAction":[{"@type":"ReadAction","target":["https:\/\/www.aribau.es\/maridajes-de-otono-con-witty-wines\/"]}]},{"@type":"ImageObject","inLanguage":"ca","@id":"https:\/\/www.aribau.es\/maridajes-de-otono-con-witty-wines\/#primaryimage","url":"https:\/\/www.aribau.es\/wp-content\/uploads\/2024\/10\/maridajes-de-otono-witty-wines.png","contentUrl":"https:\/\/www.aribau.es\/wp-content\/uploads\/2024\/10\/maridajes-de-otono-witty-wines.png","width":1200,"height":800},{"@type":"BreadcrumbList","@id":"https:\/\/www.aribau.es\/maridajes-de-otono-con-witty-wines\/#breadcrumb","itemListElement":[{"@type":"ListItem","position":1,"name":"Portada","item":"https:\/\/www.aribau.es\/"},{"@type":"ListItem","position":2,"name":"Maridajes de oto\u00f1o con Witty Wines"}]},{"@type":"WebSite","@id":"https:\/\/www.aribau.es\/#website","url":"https:\/\/www.aribau.es\/","name":"Aribau","description":"VINOS Y BODEGAS","publisher":{"@id":"https:\/\/www.aribau.es\/#organization"},"potentialAction":[{"@type":"SearchAction","target":{"@type":"EntryPoint","urlTemplate":"https:\/\/www.aribau.es\/?s={search_term_string}"},"query-input":{"@type":"PropertyValueSpecification","valueRequired":true,"valueName":"search_term_string"}}],"inLanguage":"ca"},{"@type":"Organization","@id":"https:\/\/www.aribau.es\/#organization","name":"Aribau","url":"https:\/\/www.aribau.es\/","logo":{"@type":"ImageObject","inLanguage":"ca","@id":"https:\/\/www.aribau.es\/#\/schema\/logo\/image\/","url":"https:\/\/www.aribau.es\/wp-content\/uploads\/2022\/03\/logo.png","contentUrl":"https:\/\/www.aribau.es\/wp-content\/uploads\/2022\/03\/logo.png","width":300,"height":300,"caption":"Aribau"},"image":{"@id":"https:\/\/www.aribau.es\/#\/schema\/logo\/image\/"},"sameAs":["https:\/\/www.facebook.com\/aribau1964\/","https:\/\/x.com\/aribau1964","https:\/\/www.instagram.com\/aribau1964\/"]},{"@type":"Person","@id":"https:\/\/www.aribau.es\/#\/schema\/person\/77a976898b3c705ed016499633f4ffd0","name":"aribau","image":{"@type":"ImageObject","inLanguage":"ca","@id":"https:\/\/www.aribau.es\/#\/schema\/person\/image\/","url":"https:\/\/secure.gravatar.com\/avatar\/6690491f832d5b32aa9482b978c9464816810fbff0f6658034a34c9d9657b94e?s=96&d=mm&r=g","contentUrl":"https:\/\/secure.gravatar.com\/avatar\/6690491f832d5b32aa9482b978c9464816810fbff0f6658034a34c9d9657b94e?s=96&d=mm&r=g","caption":"aribau"},"url":"https:\/\/www.aribau.es\/ca\/author\/aribau\/"}]}},"_links":{"self":[{"href":"https:\/\/www.aribau.es\/ca\/wp-json\/wp\/v2\/posts\/13699","targetHints":{"allow":["GET"]}}],"collection":[{"href":"https:\/\/www.aribau.es\/ca\/wp-json\/wp\/v2\/posts"}],"about":[{"href":"https:\/\/www.aribau.es\/ca\/wp-json\/wp\/v2\/types\/post"}],"author":[{"embeddable":true,"href":"https:\/\/www.aribau.es\/ca\/wp-json\/wp\/v2\/users\/3"}],"replies":[{"embeddable":true,"href":"https:\/\/www.aribau.es\/ca\/wp-json\/wp\/v2\/comments?post=13699"}],"version-history":[{"count":1,"href":"https:\/\/www.aribau.es\/ca\/wp-json\/wp\/v2\/posts\/13699\/revisions"}],"predecessor-version":[{"id":13704,"href":"https:\/\/www.aribau.es\/ca\/wp-json\/wp\/v2\/posts\/13699\/revisions\/13704"}],"wp:featuredmedia":[{"embeddable":true,"href":"https:\/\/www.aribau.es\/ca\/wp-json\/wp\/v2\/media\/13700"}],"wp:attachment":[{"href":"https:\/\/www.aribau.es\/ca\/wp-json\/wp\/v2\/media?parent=13699"}],"wp:term":[{"taxonomy":"category","embeddable":true,"href":"https:\/\/www.aribau.es\/ca\/wp-json\/wp\/v2\/categories?post=13699"},{"taxonomy":"post_tag","embeddable":true,"href":"https:\/\/www.aribau.es\/ca\/wp-json\/wp\/v2\/tags?post=13699"}],"curies":[{"name":"wp","href":"https:\/\/api.w.org\/{rel}","templated":true}]}}