{"id":13751,"date":"2025-01-20T09:58:02","date_gmt":"2025-01-20T08:58:02","guid":{"rendered":"https:\/\/www.aribau.es\/?p=13751"},"modified":"2025-01-20T09:58:03","modified_gmt":"2025-01-20T08:58:03","slug":"sector-vitivinicola-2025","status":"publish","type":"post","link":"https:\/\/www.aribau.es\/ca\/sector-vitivinicola-2025\/","title":{"rendered":"Quins aspectes marcaran el sector vitivin\u00edcola el 2025?"},"content":{"rendered":"<p>Comencem un any nou i amb ell arriben els pron\u00f2stics sobre quines seran les noves tend\u00e8ncies i aspectes claus que marcaran el <strong><a href=\"http:\/\/www.aribau.es\/ca\/\">sector vitivin\u00edcola<\/a><\/strong> el 2025. Canvi clim\u00e0tic, transformacions als h\u00e0bits de consum, exportacions... A continuaci\u00f3, us expliquem els temes que seran clau.<\/p>\n\n\n\n<h2 class=\"wp-block-heading\">El canvi clim\u00e0tic i la sequera, claus per al <strong>sector vitivin\u00edcola<\/strong><\/h2>\n\n\n\n<p>A Espanya, la primera preocupaci\u00f3 del <strong>sector vitivin\u00edcola<\/strong> \u00e9s el canvi clim\u00e0tic i l'efecte que est\u00e0 tenint la sequera que s'arrossega des de fa alguns anys. Com a conseq\u00fc\u00e8ncia d'aquesta sequera, les vinyes tenen una menor producci\u00f3, el que afecta especialment les varietats  negres, que no s'han recuperat, tot i les pluges d'aquests \u00faltims mesos.<\/p>\n\n\n\n<p>La sequera causada per l'augment de temperatures i el canvi clim\u00e0tic provoca que el ra\u00efm no tingui una bona maduraci\u00f3 i que, per tant, s'estiguin buscant alternatives en vinyes que es troben a una major altitud, aix\u00ed com varietats que siguin m\u00e9s resistents a aquests canvis.<\/p>\n\n\n\n<p>Cal destacar que el consumidor t\u00e9 una major conscienciaci\u00f3 davant el canvi clim\u00e0tic i les conseq\u00fc\u00e8ncies que est\u00e0 provocant en tots els aspectes de la vida, aix\u00f2 provoca que augmenti la tend\u00e8ncia de consum de vins de proximitat. Escollir aquests vins \u00e9s una elecci\u00f3 sostenible, ja que s\u00f3n vins que generen menys emissions de Co2 al seu transport.<\/p>\n\n\n\n<h2 class=\"wp-block-heading\">Augment dels costos del <strong>sector vitivin\u00edcola<\/strong><\/h2>\n\n\n\n<p>Un altre dels temes que preocupa m\u00e9s aquest 2025 al conjunt del <strong>sector vitivin\u00edcola<\/strong> \u00e9s l'increment dels costos de producci\u00f3. A la conseq\u00fc\u00e8ncia d'una menor producci\u00f3, a causa del canvi clim\u00e0tic, se li ha de sumar l'augment progressiu dels costos energ\u00e8tics. Aquesta suma fa que inevitablement el preu del vi s'incrementi. Aix\u00ed mateix, el poder adquisitiu dels consumidors es va reduint a conseq\u00fc\u00e8ncia de la recessi\u00f3 econ\u00f2mica que es viu a escala mundial.<\/p>\n\n\n\n<p>Per aix\u00f2, els consumidors opten en la seva elecci\u00f3 de compra per vins premium o de gamma mitjana. Una elecci\u00f3 per a un consum de gaudir de l'experi\u00e8ncia.<\/p>\n\n\n\n<p>A m\u00e9s, a escala internacional, es preveu que l'exportaci\u00f3 del vi espanyol s'encareixi amb l'entrada de Donald Trump a la presid\u00e8ncia americana, ja que ha advertit que augmentar\u00e0 els aranzels.<\/p>\n\n\n\n<h2 class=\"wp-block-heading\">Canvi de prefer\u00e8ncies als h\u00e0bits de consum dels productes del <strong>sector vitivin\u00edcola<\/strong><\/h2>\n\n\n\n<p>Reinventar-se. Aquest ha de ser el prop\u00f2sit m\u00e9s present al <strong>sector vitivin\u00edcola<\/strong>. Els canvis al comportament dels consumidors comporten canvis tamb\u00e9 <strong>sector vitivin\u00edcola, <\/strong>que ha de fer-los front de manera r\u00e0pida.<\/p>\n\n\n\n<p>L'any passat, des del sector hoteler es va observar un canvi en el comportament dels consumidors sobre la seva elecci\u00f3 de varietat de vi. Van augmentar les compres de vi blanc, escumosos i rosats i, a m\u00e9s, els experts del sector preveuen que aquesta tend\u00e8ncia de consum persisteixi. \u00c9s a les generacions m\u00e9s joves, precisament, on guanyen protagonisme el vi blanc i els escumosos. En contraposici\u00f3, el vi negre perd terreny de mercat de forma generalitzada a Europa, llevat del sud i l'est del continent.<\/p>\n\n\n\n<h2 class=\"wp-block-heading\">Atraure nous aficionats al <strong>sector vitivin\u00edcola<\/strong><\/h2>\n\n\n\n<p>Estem a una era plenament tecnol\u00f2gica, en la que el consumidor busca viure, sobretot, experi\u00e8ncies i singularitat. Segons la professora Simone Loose, directora de l'Institut del Vi i les Begudes de l'Escola Superior de Geisenheim i responsable del <a href=\"https:\/\/www.prowein.com\/\">ProWein<\/a> Business Report: \"El desenvolupament de nous productes i estrat\u00e8gies de comunicaci\u00f3 innovadores ser\u00e0 decisiu perqu\u00e8 el vi continu\u00ef sent competitiu. Per a la creaci\u00f3 de valor del sector \u00e9s important transmetre als consumidors d'avui i de la pr\u00f2xima generaci\u00f3 els avantatges dels productes premium.\".<\/p>\n\n\n\n<p>El <strong>sector vitivin\u00edcola<\/strong> s'ha d'adaptar, doncs, a les noves estrat\u00e8gies de m\u00e0rqueting i comunicaci\u00f3 per a incidir en aquest nou perfil de consumidor. Adequar-se al seu estil de vida i oferir-li experi\u00e8ncies \u00faniques.<\/p>","protected":false},"excerpt":{"rendered":"<p>Empezamos un nuevo a\u00f1o y con \u00e9l llegan los pron\u00f3sticos sobre cu\u00e1les ser\u00e1n las nuevas tendencias y aspectos clave que marcar\u00e1n el sector vitivin\u00edcola en 2025. Cambio clim\u00e1tico, transformaciones en los h\u00e1bitos de consumo, exportaciones\u2026 Os desgranamos los temas que ser\u00e1n clave a continuaci\u00f3n El cambio clim\u00e1tico y la sequ\u00eda, claves para el sector vitivin\u00edcola &#8230; <a title=\"Quins aspectes marcaran el sector vitivin\u00edcola el 2025?\" class=\"read-more\" href=\"https:\/\/www.aribau.es\/ca\/sector-vitivinicola-2025\/\" aria-label=\"M\u00e9s informaci\u00f3 sobre \u00bfQu\u00e9 aspectos marcar\u00e1n el sector vitivin\u00edcola en 2025?\">Llegiu m\u00e9s<\/a><\/p>","protected":false},"author":3,"featured_media":13752,"comment_status":"closed","ping_status":"closed","sticky":false,"template":"","format":"standard","meta":{"footnotes":""},"categories":[406],"tags":[305,368,412,425,450],"class_list":["post-13751","post","type-post","status-publish","format-standard","has-post-thumbnail","hentry","category-noticias","tag-aribau","tag-vino","tag-vino-blanco","tag-vino-tinto","tag-vinos"],"yoast_head":"<!-- This site is optimized with the Yoast SEO plugin v26.7 - https:\/\/yoast.com\/wordpress\/plugins\/seo\/ -->\n<title>\u00bfQu\u00e9 aspectos marcar\u00e1n el sector vitivin\u00edcola en 2025? - Aribau<\/title>\n<meta name=\"description\" content=\"Descubre las tendencias que marcaran el sector vitivin\u00edcola en 2025: cambios de tendencia, nuevos p\u00fablicos...\" \/>\n<meta name=\"robots\" content=\"index, follow, max-snippet:-1, max-image-preview:large, max-video-preview:-1\" \/>\n<link rel=\"canonical\" href=\"https:\/\/www.aribau.es\/ca\/sector-vitivinicola-2025\/\" \/>\n<meta property=\"og:locale\" content=\"ca_ES\" \/>\n<meta property=\"og:type\" content=\"article\" \/>\n<meta property=\"og:title\" content=\"\u00bfQu\u00e9 aspectos marcar\u00e1n el sector vitivin\u00edcola en 2025? - Aribau\" \/>\n<meta property=\"og:description\" content=\"Descubre las tendencias que marcaran el sector vitivin\u00edcola en 2025: cambios de tendencia, nuevos p\u00fablicos...\" \/>\n<meta property=\"og:url\" content=\"https:\/\/www.aribau.es\/ca\/sector-vitivinicola-2025\/\" \/>\n<meta property=\"og:site_name\" content=\"Aribau\" \/>\n<meta property=\"article:publisher\" content=\"https:\/\/www.facebook.com\/aribau1964\/\" \/>\n<meta property=\"article:published_time\" content=\"2025-01-20T08:58:02+00:00\" \/>\n<meta property=\"article:modified_time\" content=\"2025-01-20T08:58:03+00:00\" \/>\n<meta property=\"og:image\" content=\"https:\/\/www.aribau.es\/wp-content\/uploads\/2025\/01\/tendencias-sector-vitivinicola-2025.png\" \/>\n\t<meta property=\"og:image:width\" content=\"1200\" \/>\n\t<meta property=\"og:image:height\" content=\"800\" \/>\n\t<meta property=\"og:image:type\" content=\"image\/png\" \/>\n<meta name=\"author\" content=\"aribau\" \/>\n<meta name=\"twitter:card\" content=\"summary_large_image\" \/>\n<meta name=\"twitter:creator\" content=\"@aribau1964\" \/>\n<meta name=\"twitter:site\" content=\"@aribau1964\" \/>\n<meta name=\"twitter:label1\" content=\"Escrit per\" \/>\n\t<meta name=\"twitter:data1\" content=\"aribau\" \/>\n\t<meta name=\"twitter:label2\" content=\"Temps estimat de lectura\" \/>\n\t<meta name=\"twitter:data2\" content=\"4 minuts\" \/>\n<script type=\"application\/ld+json\" class=\"yoast-schema-graph\">{\"@context\":\"https:\/\/schema.org\",\"@graph\":[{\"@type\":\"Article\",\"@id\":\"https:\/\/www.aribau.es\/sector-vitivinicola-2025\/#article\",\"isPartOf\":{\"@id\":\"https:\/\/www.aribau.es\/sector-vitivinicola-2025\/\"},\"author\":{\"name\":\"aribau\",\"@id\":\"https:\/\/www.aribau.es\/#\/schema\/person\/77a976898b3c705ed016499633f4ffd0\"},\"headline\":\"\u00bfQu\u00e9 aspectos marcar\u00e1n el sector vitivin\u00edcola en 2025?\",\"datePublished\":\"2025-01-20T08:58:02+00:00\",\"dateModified\":\"2025-01-20T08:58:03+00:00\",\"mainEntityOfPage\":{\"@id\":\"https:\/\/www.aribau.es\/sector-vitivinicola-2025\/\"},\"wordCount\":708,\"publisher\":{\"@id\":\"https:\/\/www.aribau.es\/#organization\"},\"image\":{\"@id\":\"https:\/\/www.aribau.es\/sector-vitivinicola-2025\/#primaryimage\"},\"thumbnailUrl\":\"https:\/\/www.aribau.es\/wp-content\/uploads\/2025\/01\/tendencias-sector-vitivinicola-2025.png\",\"keywords\":[\"Aribau\",\"vino\",\"Vino blanco\",\"Vino tinto\",\"Vinos\"],\"articleSection\":[\"Noticias\"],\"inLanguage\":\"ca\"},{\"@type\":\"WebPage\",\"@id\":\"https:\/\/www.aribau.es\/sector-vitivinicola-2025\/\",\"url\":\"https:\/\/www.aribau.es\/sector-vitivinicola-2025\/\",\"name\":\"\u00bfQu\u00e9 aspectos marcar\u00e1n el sector vitivin\u00edcola en 2025? - Aribau\",\"isPartOf\":{\"@id\":\"https:\/\/www.aribau.es\/#website\"},\"primaryImageOfPage\":{\"@id\":\"https:\/\/www.aribau.es\/sector-vitivinicola-2025\/#primaryimage\"},\"image\":{\"@id\":\"https:\/\/www.aribau.es\/sector-vitivinicola-2025\/#primaryimage\"},\"thumbnailUrl\":\"https:\/\/www.aribau.es\/wp-content\/uploads\/2025\/01\/tendencias-sector-vitivinicola-2025.png\",\"datePublished\":\"2025-01-20T08:58:02+00:00\",\"dateModified\":\"2025-01-20T08:58:03+00:00\",\"description\":\"Descubre las tendencias que marcaran el sector vitivin\u00edcola en 2025: cambios de tendencia, nuevos p\u00fablicos...\",\"breadcrumb\":{\"@id\":\"https:\/\/www.aribau.es\/sector-vitivinicola-2025\/#breadcrumb\"},\"inLanguage\":\"ca\",\"potentialAction\":[{\"@type\":\"ReadAction\",\"target\":[\"https:\/\/www.aribau.es\/sector-vitivinicola-2025\/\"]}]},{\"@type\":\"ImageObject\",\"inLanguage\":\"ca\",\"@id\":\"https:\/\/www.aribau.es\/sector-vitivinicola-2025\/#primaryimage\",\"url\":\"https:\/\/www.aribau.es\/wp-content\/uploads\/2025\/01\/tendencias-sector-vitivinicola-2025.png\",\"contentUrl\":\"https:\/\/www.aribau.es\/wp-content\/uploads\/2025\/01\/tendencias-sector-vitivinicola-2025.png\",\"width\":1200,\"height\":800},{\"@type\":\"BreadcrumbList\",\"@id\":\"https:\/\/www.aribau.es\/sector-vitivinicola-2025\/#breadcrumb\",\"itemListElement\":[{\"@type\":\"ListItem\",\"position\":1,\"name\":\"Portada\",\"item\":\"https:\/\/www.aribau.es\/\"},{\"@type\":\"ListItem\",\"position\":2,\"name\":\"\u00bfQu\u00e9 aspectos marcar\u00e1n el sector vitivin\u00edcola en 2025?\"}]},{\"@type\":\"WebSite\",\"@id\":\"https:\/\/www.aribau.es\/#website\",\"url\":\"https:\/\/www.aribau.es\/\",\"name\":\"Aribau\",\"description\":\"VINOS Y BODEGAS\",\"publisher\":{\"@id\":\"https:\/\/www.aribau.es\/#organization\"},\"potentialAction\":[{\"@type\":\"SearchAction\",\"target\":{\"@type\":\"EntryPoint\",\"urlTemplate\":\"https:\/\/www.aribau.es\/?s={search_term_string}\"},\"query-input\":{\"@type\":\"PropertyValueSpecification\",\"valueRequired\":true,\"valueName\":\"search_term_string\"}}],\"inLanguage\":\"ca\"},{\"@type\":\"Organization\",\"@id\":\"https:\/\/www.aribau.es\/#organization\",\"name\":\"Aribau\",\"url\":\"https:\/\/www.aribau.es\/\",\"logo\":{\"@type\":\"ImageObject\",\"inLanguage\":\"ca\",\"@id\":\"https:\/\/www.aribau.es\/#\/schema\/logo\/image\/\",\"url\":\"https:\/\/www.aribau.es\/wp-content\/uploads\/2022\/03\/logo.png\",\"contentUrl\":\"https:\/\/www.aribau.es\/wp-content\/uploads\/2022\/03\/logo.png\",\"width\":300,\"height\":300,\"caption\":\"Aribau\"},\"image\":{\"@id\":\"https:\/\/www.aribau.es\/#\/schema\/logo\/image\/\"},\"sameAs\":[\"https:\/\/www.facebook.com\/aribau1964\/\",\"https:\/\/x.com\/aribau1964\",\"https:\/\/www.instagram.com\/aribau1964\/\"]},{\"@type\":\"Person\",\"@id\":\"https:\/\/www.aribau.es\/#\/schema\/person\/77a976898b3c705ed016499633f4ffd0\",\"name\":\"aribau\",\"image\":{\"@type\":\"ImageObject\",\"inLanguage\":\"ca\",\"@id\":\"https:\/\/www.aribau.es\/#\/schema\/person\/image\/\",\"url\":\"https:\/\/secure.gravatar.com\/avatar\/6690491f832d5b32aa9482b978c9464816810fbff0f6658034a34c9d9657b94e?s=96&d=mm&r=g\",\"contentUrl\":\"https:\/\/secure.gravatar.com\/avatar\/6690491f832d5b32aa9482b978c9464816810fbff0f6658034a34c9d9657b94e?s=96&d=mm&r=g\",\"caption\":\"aribau\"},\"url\":\"https:\/\/www.aribau.es\/ca\/author\/aribau\/\"}]}<\/script>\n<!-- \/ Yoast SEO plugin. -->","yoast_head_json":{"title":"\u00bfQu\u00e9 aspectos marcar\u00e1n el sector vitivin\u00edcola en 2025? - Aribau","description":"Descubre las tendencias que marcaran el sector vitivin\u00edcola en 2025: cambios de tendencia, nuevos p\u00fablicos...","robots":{"index":"index","follow":"follow","max-snippet":"max-snippet:-1","max-image-preview":"max-image-preview:large","max-video-preview":"max-video-preview:-1"},"canonical":"https:\/\/www.aribau.es\/ca\/sector-vitivinicola-2025\/","og_locale":"ca_ES","og_type":"article","og_title":"\u00bfQu\u00e9 aspectos marcar\u00e1n el sector vitivin\u00edcola en 2025? - Aribau","og_description":"Descubre las tendencias que marcaran el sector vitivin\u00edcola en 2025: cambios de tendencia, nuevos p\u00fablicos...","og_url":"https:\/\/www.aribau.es\/ca\/sector-vitivinicola-2025\/","og_site_name":"Aribau","article_publisher":"https:\/\/www.facebook.com\/aribau1964\/","article_published_time":"2025-01-20T08:58:02+00:00","article_modified_time":"2025-01-20T08:58:03+00:00","og_image":[{"width":1200,"height":800,"url":"https:\/\/www.aribau.es\/wp-content\/uploads\/2025\/01\/tendencias-sector-vitivinicola-2025.png","type":"image\/png"}],"author":"aribau","twitter_card":"summary_large_image","twitter_creator":"@aribau1964","twitter_site":"@aribau1964","twitter_misc":{"Escrit per":"aribau","Temps estimat de lectura":"4 minuts"},"schema":{"@context":"https:\/\/schema.org","@graph":[{"@type":"Article","@id":"https:\/\/www.aribau.es\/sector-vitivinicola-2025\/#article","isPartOf":{"@id":"https:\/\/www.aribau.es\/sector-vitivinicola-2025\/"},"author":{"name":"aribau","@id":"https:\/\/www.aribau.es\/#\/schema\/person\/77a976898b3c705ed016499633f4ffd0"},"headline":"\u00bfQu\u00e9 aspectos marcar\u00e1n el sector vitivin\u00edcola en 2025?","datePublished":"2025-01-20T08:58:02+00:00","dateModified":"2025-01-20T08:58:03+00:00","mainEntityOfPage":{"@id":"https:\/\/www.aribau.es\/sector-vitivinicola-2025\/"},"wordCount":708,"publisher":{"@id":"https:\/\/www.aribau.es\/#organization"},"image":{"@id":"https:\/\/www.aribau.es\/sector-vitivinicola-2025\/#primaryimage"},"thumbnailUrl":"https:\/\/www.aribau.es\/wp-content\/uploads\/2025\/01\/tendencias-sector-vitivinicola-2025.png","keywords":["Aribau","vino","Vino blanco","Vino tinto","Vinos"],"articleSection":["Noticias"],"inLanguage":"ca"},{"@type":"WebPage","@id":"https:\/\/www.aribau.es\/sector-vitivinicola-2025\/","url":"https:\/\/www.aribau.es\/sector-vitivinicola-2025\/","name":"\u00bfQu\u00e9 aspectos marcar\u00e1n el sector vitivin\u00edcola en 2025? - Aribau","isPartOf":{"@id":"https:\/\/www.aribau.es\/#website"},"primaryImageOfPage":{"@id":"https:\/\/www.aribau.es\/sector-vitivinicola-2025\/#primaryimage"},"image":{"@id":"https:\/\/www.aribau.es\/sector-vitivinicola-2025\/#primaryimage"},"thumbnailUrl":"https:\/\/www.aribau.es\/wp-content\/uploads\/2025\/01\/tendencias-sector-vitivinicola-2025.png","datePublished":"2025-01-20T08:58:02+00:00","dateModified":"2025-01-20T08:58:03+00:00","description":"Descubre las tendencias que marcaran el sector vitivin\u00edcola en 2025: cambios de tendencia, nuevos p\u00fablicos...","breadcrumb":{"@id":"https:\/\/www.aribau.es\/sector-vitivinicola-2025\/#breadcrumb"},"inLanguage":"ca","potentialAction":[{"@type":"ReadAction","target":["https:\/\/www.aribau.es\/sector-vitivinicola-2025\/"]}]},{"@type":"ImageObject","inLanguage":"ca","@id":"https:\/\/www.aribau.es\/sector-vitivinicola-2025\/#primaryimage","url":"https:\/\/www.aribau.es\/wp-content\/uploads\/2025\/01\/tendencias-sector-vitivinicola-2025.png","contentUrl":"https:\/\/www.aribau.es\/wp-content\/uploads\/2025\/01\/tendencias-sector-vitivinicola-2025.png","width":1200,"height":800},{"@type":"BreadcrumbList","@id":"https:\/\/www.aribau.es\/sector-vitivinicola-2025\/#breadcrumb","itemListElement":[{"@type":"ListItem","position":1,"name":"Portada","item":"https:\/\/www.aribau.es\/"},{"@type":"ListItem","position":2,"name":"\u00bfQu\u00e9 aspectos marcar\u00e1n el sector vitivin\u00edcola en 2025?"}]},{"@type":"WebSite","@id":"https:\/\/www.aribau.es\/#website","url":"https:\/\/www.aribau.es\/","name":"Aribau","description":"VINOS Y BODEGAS","publisher":{"@id":"https:\/\/www.aribau.es\/#organization"},"potentialAction":[{"@type":"SearchAction","target":{"@type":"EntryPoint","urlTemplate":"https:\/\/www.aribau.es\/?s={search_term_string}"},"query-input":{"@type":"PropertyValueSpecification","valueRequired":true,"valueName":"search_term_string"}}],"inLanguage":"ca"},{"@type":"Organization","@id":"https:\/\/www.aribau.es\/#organization","name":"Aribau","url":"https:\/\/www.aribau.es\/","logo":{"@type":"ImageObject","inLanguage":"ca","@id":"https:\/\/www.aribau.es\/#\/schema\/logo\/image\/","url":"https:\/\/www.aribau.es\/wp-content\/uploads\/2022\/03\/logo.png","contentUrl":"https:\/\/www.aribau.es\/wp-content\/uploads\/2022\/03\/logo.png","width":300,"height":300,"caption":"Aribau"},"image":{"@id":"https:\/\/www.aribau.es\/#\/schema\/logo\/image\/"},"sameAs":["https:\/\/www.facebook.com\/aribau1964\/","https:\/\/x.com\/aribau1964","https:\/\/www.instagram.com\/aribau1964\/"]},{"@type":"Person","@id":"https:\/\/www.aribau.es\/#\/schema\/person\/77a976898b3c705ed016499633f4ffd0","name":"aribau","image":{"@type":"ImageObject","inLanguage":"ca","@id":"https:\/\/www.aribau.es\/#\/schema\/person\/image\/","url":"https:\/\/secure.gravatar.com\/avatar\/6690491f832d5b32aa9482b978c9464816810fbff0f6658034a34c9d9657b94e?s=96&d=mm&r=g","contentUrl":"https:\/\/secure.gravatar.com\/avatar\/6690491f832d5b32aa9482b978c9464816810fbff0f6658034a34c9d9657b94e?s=96&d=mm&r=g","caption":"aribau"},"url":"https:\/\/www.aribau.es\/ca\/author\/aribau\/"}]}},"_links":{"self":[{"href":"https:\/\/www.aribau.es\/ca\/wp-json\/wp\/v2\/posts\/13751","targetHints":{"allow":["GET"]}}],"collection":[{"href":"https:\/\/www.aribau.es\/ca\/wp-json\/wp\/v2\/posts"}],"about":[{"href":"https:\/\/www.aribau.es\/ca\/wp-json\/wp\/v2\/types\/post"}],"author":[{"embeddable":true,"href":"https:\/\/www.aribau.es\/ca\/wp-json\/wp\/v2\/users\/3"}],"replies":[{"embeddable":true,"href":"https:\/\/www.aribau.es\/ca\/wp-json\/wp\/v2\/comments?post=13751"}],"version-history":[{"count":1,"href":"https:\/\/www.aribau.es\/ca\/wp-json\/wp\/v2\/posts\/13751\/revisions"}],"predecessor-version":[{"id":13753,"href":"https:\/\/www.aribau.es\/ca\/wp-json\/wp\/v2\/posts\/13751\/revisions\/13753"}],"wp:featuredmedia":[{"embeddable":true,"href":"https:\/\/www.aribau.es\/ca\/wp-json\/wp\/v2\/media\/13752"}],"wp:attachment":[{"href":"https:\/\/www.aribau.es\/ca\/wp-json\/wp\/v2\/media?parent=13751"}],"wp:term":[{"taxonomy":"category","embeddable":true,"href":"https:\/\/www.aribau.es\/ca\/wp-json\/wp\/v2\/categories?post=13751"},{"taxonomy":"post_tag","embeddable":true,"href":"https:\/\/www.aribau.es\/ca\/wp-json\/wp\/v2\/tags?post=13751"}],"curies":[{"name":"wp","href":"https:\/\/api.w.org\/{rel}","templated":true}]}}