{"id":13794,"date":"2025-02-12T14:36:40","date_gmt":"2025-02-12T13:36:40","guid":{"rendered":"https:\/\/www.aribau.es\/?p=13794"},"modified":"2025-02-12T14:36:40","modified_gmt":"2025-02-12T13:36:40","slug":"barcelona-wine-week-2025","status":"publish","type":"post","link":"https:\/\/www.aribau.es\/ca\/barcelona-wine-week-2025\/","title":{"rendered":"Qu\u00e8 ha portat la cinquena edici\u00f3 de la Barcelona Wine Week al sector vitivin\u00edcola?"},"content":{"rendered":"<p>Febrer ja \u00e9s un mes clau en el sector vitivin\u00edcola espanyol. Per qu\u00e8? Doncs perqu\u00e8 hi t\u00e9 lloc la fira de refer\u00e8ncia del bon del vi, la <strong><a href=\"https:\/\/www.barcelonawineweek.com\/\">Barcelona Wine Week<\/a><\/strong>. Enguany el tema de convenci\u00f3 han sigut els ceps vells (de m\u00e9s de 50 anys fins 300 anys, alguns d'ells), per\u00f2, quins temes s'han debatut a la <strong>Barcelona Wine Week<\/strong>? Us ho resolem a continuaci\u00f3:<\/p>\n\n\n\n<h2 class=\"wp-block-heading\">Una <strong>Barcelona Wine Week<\/strong> amb m\u00e9s espai i m\u00e9s visitants que mai<\/h2>\n\n\n\n<p>La cinquena edici\u00f3 de la Barcelona Wine Week ha sigut una edici\u00f3 d'expansi\u00f3, de creixement. Enguany, la fira ha assolit unes xifres r\u00e8cord, ampliant el seu espai a dos pavellons de la Fira Montju\u00efc de Barcelona, per ella han passat gaireb\u00e9 26.000 visitants i ha comptat amb la participaci\u00f3 de 81 denominacions d'origen de l'estat.<\/p>\n\n\n\n<h2 class=\"wp-block-heading\">Baixes emissions i gesti\u00f3 eficient de l'aigua, temes d'import\u00e0ncia a la <strong>Barcelona Wine Week<\/strong><\/h2>\n\n\n\n<p>Un dels temes de vital import\u00e0ncia a la Barcelona Wine Week ha sigut la sostenibilitat. L'objectiu implica fer vins m\u00e9s eficients en la seva gesti\u00f3 de l'aigua i que siguin de baixes emissions. En un debat entre cinc, <strong>Delf\u00ed Sanahuja<\/strong>, director t\u00e8cnic i en\u00f2leg de Bodega Peralda;&nbsp;<strong>Diego Pinilla<\/strong>, director d'enologia de Ravent\u00f3s Codorniu;<strong>&nbsp;\u00c1ngel Anoc\u00edbar<\/strong>, en\u00f2leg i director de celler i de vinya d'Abadia Retuerta;&nbsp;<strong>Carlos Moro<\/strong>, fundador i president de Bodegues Familiars Matarromera; i<strong>&nbsp;Enric Bartra<\/strong>, investigador i en\u00f2leg de l'Institut Catal\u00e0 del Vi (INCAVI), es va exposar la necessitat imperiosa d'investigar i implementar mesures eficients que permetin regar la vinya en situacions de sequera d'aigua. Cada gota compta i per a les regions vitivin\u00edcoles on es viuen llargs per\u00edodes de falta de pluja, encara m\u00e9s.<\/p>\n\n\n\n<p>La descarbonitzaci\u00f3 \u00e9s un altre dels punts clau pel m\u00f3n del vi. Entren en joc, a m\u00e9s de la gesti\u00f3 eficient de l'aigua, l'\u00fas d'energies renovables, l'optimitzaci\u00f3 de treball en celler gr\u00e0cies a la tecnologia 4.0, i per descomptat, un consum de vins de proximitat. A la vegada, \u00e9s important tamb\u00e9 preservar les vinyes velles amb les quals comptem, ja que \"s\u00f3n un patrimoni hist\u00f2ric vitivin\u00edcola i una font de biodiversitat\" ha assegurat Mireia Torres, de Celler Torres. De fet, a la <strong>Barcelona Wine Week<\/strong> s'han pogut degustar m\u00e9s d'una vuitantena de refer\u00e8ncies de vins de ceps vells, a una zona de tast autoguiat.<\/p>\n\n\n\n<h2 class=\"wp-block-heading\">Els vins sense alcohol o de baixa graduaci\u00f3 entren en debat a la <strong>Barcelona Wine Week<\/strong><\/h2>\n\n\n\n<p>Reinventar-se. El sector ha d'escoltar les demandes dels consumidors i tenir en compte les tend\u00e8ncies de consum de vi. La Barcelona Wine Week acull un ampli programa de tasts, masterclass, confer\u00e8ncies i debats, i a la proposta d'activitats s'ha incl\u00f2s el tema de vi sense alcohol o de baixa graduaci\u00f3.<\/p>\n\n\n\n<p>De fet, la fira ha servit com a escenari de la presentaci\u00f3 del primer vi de baixa graduaci\u00f3 no desalcoholitzat de l'Estat espanyol, emparat sota la Dominaci\u00f3 d'Origen Terra Alta i que ha comptat amb el suport de l'INCAVI. Un vi 100% parellada, fresc i lleuger amb un 9% d'alcohol.<\/p>\n\n\n\n<p>Torres, uns dels pioners en l'elaboraci\u00f3 de vins desalcoholitzats, ha assegurat que aquests vins s\u00f3n \"una extensi\u00f3 natural dels vins tradicionals\" i responen a la necessitat que els consumidors tinguin la oportunitat d'escollir en cada moment o ocasi\u00f3 quin tipus de vi volen. All\u00e0 se li uneix tamb\u00e9 l'elecci\u00f3 del consum per copes.<\/p>\n\n\n\n<h2 class=\"wp-block-heading\">El vi blanc, protagonista a la <strong>Barcelona Wine Week<\/strong><\/h2>\n\n\n\n<p>Ha arribat el moment del <a href=\"http:\/\/www.aribau.es\/ca\/\">vi blanc<\/a> i la <strong>Barcelona Wine Week<\/strong> ha estat un bon aparador d'aquest. Aquesta tipologia de vi est\u00e0 experimentant un auge gr\u00e0cies al seu augment de demanda, a la seva gran versatilitat que ofereixen i a la seva frescor i lleugeresa. Es tracta d'una nova forma de consum. Tot i aix\u00f2, aquest canvi de tend\u00e8ncia cap al vi blanc, apunten els experts, es pot apreciar a Espanya, per\u00f2 a altrers zones d'Europa no \u00e9s tan marcat aquest canvi, i aix\u00f2 \u00e9s degut al clima. Les temperatures agradables que tenim a Espanya conviden al consum d'aquest tipus de vins m\u00e9s frescos. Hi ha vida m\u00e9s enll\u00e0 del verdejo i l'albarinyo. T'animes a explorar?<\/p>","protected":false},"excerpt":{"rendered":"<p>Febrero es ya un mes clave en el sector vitivin\u00edcola espa\u00f1ol \u00bfPor qu\u00e9? Porque tiene lugar la feria referencia del mundo del vino, la Barcelona Wine Week. Este a\u00f1o el tema de la convenci\u00f3n ha sido las cepas viejas (de m\u00e1s de 50 a\u00f1os hasta 300 a\u00f1os, algunas de ellas), pero \u00bfQu\u00e9 temas se han &#8230; <a title=\"Qu\u00e8 ha portat la cinquena edici\u00f3 de la Barcelona Wine Week al sector vitivin\u00edcola?\" class=\"read-more\" href=\"https:\/\/www.aribau.es\/ca\/barcelona-wine-week-2025\/\" aria-label=\"M\u00e9s informaci\u00f3 sobre \u00bfQu\u00e9 ha tra\u00eddo la quinta edici\u00f3n de la Barcelona Wine Week al sector vitivin\u00edcola?\">Llegiu m\u00e9s<\/a><\/p>","protected":false},"author":3,"featured_media":13795,"comment_status":"closed","ping_status":"closed","sticky":false,"template":"","format":"standard","meta":{"footnotes":""},"categories":[406],"tags":[305,568,368,412,425,450],"class_list":["post-13794","post","type-post","status-publish","format-standard","has-post-thumbnail","hentry","category-noticias","tag-aribau","tag-barcelona-wine-week","tag-vino","tag-vino-blanco","tag-vino-tinto","tag-vinos"],"yoast_head":"<!-- This site is optimized with the Yoast SEO plugin v26.7 - https:\/\/yoast.com\/wordpress\/plugins\/seo\/ -->\n<title>\u00bfQu\u00e9 ha tra\u00eddo la quinta edici\u00f3n de la Barcelona Wine Week al sector vitivin\u00edcola? - Aribau<\/title>\n<meta name=\"description\" content=\"Febrero es un mes clave en el sector vitivin\u00edcola espa\u00f1ol, tiene lugar la feria referencia del mundo del vino, la Barcelona Wine Week.\" \/>\n<meta name=\"robots\" content=\"index, follow, max-snippet:-1, max-image-preview:large, max-video-preview:-1\" \/>\n<link rel=\"canonical\" href=\"https:\/\/www.aribau.es\/ca\/barcelona-wine-week-2025\/\" \/>\n<meta property=\"og:locale\" content=\"ca_ES\" \/>\n<meta property=\"og:type\" content=\"article\" \/>\n<meta property=\"og:title\" content=\"\u00bfQu\u00e9 ha tra\u00eddo la quinta edici\u00f3n de la Barcelona Wine Week al sector vitivin\u00edcola? - Aribau\" \/>\n<meta property=\"og:description\" content=\"Febrero es un mes clave en el sector vitivin\u00edcola espa\u00f1ol, tiene lugar la feria referencia del mundo del vino, la Barcelona Wine Week.\" \/>\n<meta property=\"og:url\" content=\"https:\/\/www.aribau.es\/ca\/barcelona-wine-week-2025\/\" \/>\n<meta property=\"og:site_name\" content=\"Aribau\" \/>\n<meta property=\"article:publisher\" content=\"https:\/\/www.facebook.com\/aribau1964\/\" \/>\n<meta property=\"article:published_time\" content=\"2025-02-12T13:36:40+00:00\" \/>\n<meta property=\"og:image\" content=\"https:\/\/www.aribau.es\/wp-content\/uploads\/2025\/02\/Barcelona-Wine-Week_Aribau.png\" \/>\n\t<meta property=\"og:image:width\" content=\"1200\" \/>\n\t<meta property=\"og:image:height\" content=\"800\" \/>\n\t<meta property=\"og:image:type\" content=\"image\/png\" \/>\n<meta name=\"author\" content=\"aribau\" \/>\n<meta name=\"twitter:card\" content=\"summary_large_image\" \/>\n<meta name=\"twitter:creator\" content=\"@aribau1964\" \/>\n<meta name=\"twitter:site\" content=\"@aribau1964\" \/>\n<meta name=\"twitter:label1\" content=\"Escrit per\" \/>\n\t<meta name=\"twitter:data1\" content=\"aribau\" \/>\n\t<meta name=\"twitter:label2\" content=\"Temps estimat de lectura\" \/>\n\t<meta name=\"twitter:data2\" content=\"4 minuts\" \/>\n<script type=\"application\/ld+json\" class=\"yoast-schema-graph\">{\"@context\":\"https:\/\/schema.org\",\"@graph\":[{\"@type\":\"Article\",\"@id\":\"https:\/\/www.aribau.es\/barcelona-wine-week-2025\/#article\",\"isPartOf\":{\"@id\":\"https:\/\/www.aribau.es\/barcelona-wine-week-2025\/\"},\"author\":{\"name\":\"aribau\",\"@id\":\"https:\/\/www.aribau.es\/#\/schema\/person\/77a976898b3c705ed016499633f4ffd0\"},\"headline\":\"\u00bfQu\u00e9 ha tra\u00eddo la quinta edici\u00f3n de la Barcelona Wine Week al sector vitivin\u00edcola?\",\"datePublished\":\"2025-02-12T13:36:40+00:00\",\"mainEntityOfPage\":{\"@id\":\"https:\/\/www.aribau.es\/barcelona-wine-week-2025\/\"},\"wordCount\":774,\"publisher\":{\"@id\":\"https:\/\/www.aribau.es\/#organization\"},\"image\":{\"@id\":\"https:\/\/www.aribau.es\/barcelona-wine-week-2025\/#primaryimage\"},\"thumbnailUrl\":\"https:\/\/www.aribau.es\/wp-content\/uploads\/2025\/02\/Barcelona-Wine-Week_Aribau.png\",\"keywords\":[\"Aribau\",\"Barcelona Wine Week\",\"vino\",\"Vino blanco\",\"Vino tinto\",\"Vinos\"],\"articleSection\":[\"Noticias\"],\"inLanguage\":\"ca\"},{\"@type\":\"WebPage\",\"@id\":\"https:\/\/www.aribau.es\/barcelona-wine-week-2025\/\",\"url\":\"https:\/\/www.aribau.es\/barcelona-wine-week-2025\/\",\"name\":\"\u00bfQu\u00e9 ha tra\u00eddo la quinta edici\u00f3n de la Barcelona Wine Week al sector vitivin\u00edcola? - Aribau\",\"isPartOf\":{\"@id\":\"https:\/\/www.aribau.es\/#website\"},\"primaryImageOfPage\":{\"@id\":\"https:\/\/www.aribau.es\/barcelona-wine-week-2025\/#primaryimage\"},\"image\":{\"@id\":\"https:\/\/www.aribau.es\/barcelona-wine-week-2025\/#primaryimage\"},\"thumbnailUrl\":\"https:\/\/www.aribau.es\/wp-content\/uploads\/2025\/02\/Barcelona-Wine-Week_Aribau.png\",\"datePublished\":\"2025-02-12T13:36:40+00:00\",\"description\":\"Febrero es un mes clave en el sector vitivin\u00edcola espa\u00f1ol, tiene lugar la feria referencia del mundo del vino, la Barcelona Wine Week.\",\"breadcrumb\":{\"@id\":\"https:\/\/www.aribau.es\/barcelona-wine-week-2025\/#breadcrumb\"},\"inLanguage\":\"ca\",\"potentialAction\":[{\"@type\":\"ReadAction\",\"target\":[\"https:\/\/www.aribau.es\/barcelona-wine-week-2025\/\"]}]},{\"@type\":\"ImageObject\",\"inLanguage\":\"ca\",\"@id\":\"https:\/\/www.aribau.es\/barcelona-wine-week-2025\/#primaryimage\",\"url\":\"https:\/\/www.aribau.es\/wp-content\/uploads\/2025\/02\/Barcelona-Wine-Week_Aribau.png\",\"contentUrl\":\"https:\/\/www.aribau.es\/wp-content\/uploads\/2025\/02\/Barcelona-Wine-Week_Aribau.png\",\"width\":1200,\"height\":800},{\"@type\":\"BreadcrumbList\",\"@id\":\"https:\/\/www.aribau.es\/barcelona-wine-week-2025\/#breadcrumb\",\"itemListElement\":[{\"@type\":\"ListItem\",\"position\":1,\"name\":\"Portada\",\"item\":\"https:\/\/www.aribau.es\/\"},{\"@type\":\"ListItem\",\"position\":2,\"name\":\"\u00bfQu\u00e9 ha tra\u00eddo la quinta edici\u00f3n de la Barcelona Wine Week al sector vitivin\u00edcola?\"}]},{\"@type\":\"WebSite\",\"@id\":\"https:\/\/www.aribau.es\/#website\",\"url\":\"https:\/\/www.aribau.es\/\",\"name\":\"Aribau\",\"description\":\"VINOS Y BODEGAS\",\"publisher\":{\"@id\":\"https:\/\/www.aribau.es\/#organization\"},\"potentialAction\":[{\"@type\":\"SearchAction\",\"target\":{\"@type\":\"EntryPoint\",\"urlTemplate\":\"https:\/\/www.aribau.es\/?s={search_term_string}\"},\"query-input\":{\"@type\":\"PropertyValueSpecification\",\"valueRequired\":true,\"valueName\":\"search_term_string\"}}],\"inLanguage\":\"ca\"},{\"@type\":\"Organization\",\"@id\":\"https:\/\/www.aribau.es\/#organization\",\"name\":\"Aribau\",\"url\":\"https:\/\/www.aribau.es\/\",\"logo\":{\"@type\":\"ImageObject\",\"inLanguage\":\"ca\",\"@id\":\"https:\/\/www.aribau.es\/#\/schema\/logo\/image\/\",\"url\":\"https:\/\/www.aribau.es\/wp-content\/uploads\/2022\/03\/logo.png\",\"contentUrl\":\"https:\/\/www.aribau.es\/wp-content\/uploads\/2022\/03\/logo.png\",\"width\":300,\"height\":300,\"caption\":\"Aribau\"},\"image\":{\"@id\":\"https:\/\/www.aribau.es\/#\/schema\/logo\/image\/\"},\"sameAs\":[\"https:\/\/www.facebook.com\/aribau1964\/\",\"https:\/\/x.com\/aribau1964\",\"https:\/\/www.instagram.com\/aribau1964\/\"]},{\"@type\":\"Person\",\"@id\":\"https:\/\/www.aribau.es\/#\/schema\/person\/77a976898b3c705ed016499633f4ffd0\",\"name\":\"aribau\",\"image\":{\"@type\":\"ImageObject\",\"inLanguage\":\"ca\",\"@id\":\"https:\/\/www.aribau.es\/#\/schema\/person\/image\/\",\"url\":\"https:\/\/secure.gravatar.com\/avatar\/6690491f832d5b32aa9482b978c9464816810fbff0f6658034a34c9d9657b94e?s=96&d=mm&r=g\",\"contentUrl\":\"https:\/\/secure.gravatar.com\/avatar\/6690491f832d5b32aa9482b978c9464816810fbff0f6658034a34c9d9657b94e?s=96&d=mm&r=g\",\"caption\":\"aribau\"},\"url\":\"https:\/\/www.aribau.es\/ca\/author\/aribau\/\"}]}<\/script>\n<!-- \/ Yoast SEO plugin. -->","yoast_head_json":{"title":"\u00bfQu\u00e9 ha tra\u00eddo la quinta edici\u00f3n de la Barcelona Wine Week al sector vitivin\u00edcola? - Aribau","description":"Febrero es un mes clave en el sector vitivin\u00edcola espa\u00f1ol, tiene lugar la feria referencia del mundo del vino, la Barcelona Wine Week.","robots":{"index":"index","follow":"follow","max-snippet":"max-snippet:-1","max-image-preview":"max-image-preview:large","max-video-preview":"max-video-preview:-1"},"canonical":"https:\/\/www.aribau.es\/ca\/barcelona-wine-week-2025\/","og_locale":"ca_ES","og_type":"article","og_title":"\u00bfQu\u00e9 ha tra\u00eddo la quinta edici\u00f3n de la Barcelona Wine Week al sector vitivin\u00edcola? - Aribau","og_description":"Febrero es un mes clave en el sector vitivin\u00edcola espa\u00f1ol, tiene lugar la feria referencia del mundo del vino, la Barcelona Wine Week.","og_url":"https:\/\/www.aribau.es\/ca\/barcelona-wine-week-2025\/","og_site_name":"Aribau","article_publisher":"https:\/\/www.facebook.com\/aribau1964\/","article_published_time":"2025-02-12T13:36:40+00:00","og_image":[{"width":1200,"height":800,"url":"https:\/\/www.aribau.es\/wp-content\/uploads\/2025\/02\/Barcelona-Wine-Week_Aribau.png","type":"image\/png"}],"author":"aribau","twitter_card":"summary_large_image","twitter_creator":"@aribau1964","twitter_site":"@aribau1964","twitter_misc":{"Escrit per":"aribau","Temps estimat de lectura":"4 minuts"},"schema":{"@context":"https:\/\/schema.org","@graph":[{"@type":"Article","@id":"https:\/\/www.aribau.es\/barcelona-wine-week-2025\/#article","isPartOf":{"@id":"https:\/\/www.aribau.es\/barcelona-wine-week-2025\/"},"author":{"name":"aribau","@id":"https:\/\/www.aribau.es\/#\/schema\/person\/77a976898b3c705ed016499633f4ffd0"},"headline":"\u00bfQu\u00e9 ha tra\u00eddo la quinta edici\u00f3n de la Barcelona Wine Week al sector vitivin\u00edcola?","datePublished":"2025-02-12T13:36:40+00:00","mainEntityOfPage":{"@id":"https:\/\/www.aribau.es\/barcelona-wine-week-2025\/"},"wordCount":774,"publisher":{"@id":"https:\/\/www.aribau.es\/#organization"},"image":{"@id":"https:\/\/www.aribau.es\/barcelona-wine-week-2025\/#primaryimage"},"thumbnailUrl":"https:\/\/www.aribau.es\/wp-content\/uploads\/2025\/02\/Barcelona-Wine-Week_Aribau.png","keywords":["Aribau","Barcelona Wine Week","vino","Vino blanco","Vino tinto","Vinos"],"articleSection":["Noticias"],"inLanguage":"ca"},{"@type":"WebPage","@id":"https:\/\/www.aribau.es\/barcelona-wine-week-2025\/","url":"https:\/\/www.aribau.es\/barcelona-wine-week-2025\/","name":"\u00bfQu\u00e9 ha tra\u00eddo la quinta edici\u00f3n de la Barcelona Wine Week al sector vitivin\u00edcola? - Aribau","isPartOf":{"@id":"https:\/\/www.aribau.es\/#website"},"primaryImageOfPage":{"@id":"https:\/\/www.aribau.es\/barcelona-wine-week-2025\/#primaryimage"},"image":{"@id":"https:\/\/www.aribau.es\/barcelona-wine-week-2025\/#primaryimage"},"thumbnailUrl":"https:\/\/www.aribau.es\/wp-content\/uploads\/2025\/02\/Barcelona-Wine-Week_Aribau.png","datePublished":"2025-02-12T13:36:40+00:00","description":"Febrero es un mes clave en el sector vitivin\u00edcola espa\u00f1ol, tiene lugar la feria referencia del mundo del vino, la Barcelona Wine Week.","breadcrumb":{"@id":"https:\/\/www.aribau.es\/barcelona-wine-week-2025\/#breadcrumb"},"inLanguage":"ca","potentialAction":[{"@type":"ReadAction","target":["https:\/\/www.aribau.es\/barcelona-wine-week-2025\/"]}]},{"@type":"ImageObject","inLanguage":"ca","@id":"https:\/\/www.aribau.es\/barcelona-wine-week-2025\/#primaryimage","url":"https:\/\/www.aribau.es\/wp-content\/uploads\/2025\/02\/Barcelona-Wine-Week_Aribau.png","contentUrl":"https:\/\/www.aribau.es\/wp-content\/uploads\/2025\/02\/Barcelona-Wine-Week_Aribau.png","width":1200,"height":800},{"@type":"BreadcrumbList","@id":"https:\/\/www.aribau.es\/barcelona-wine-week-2025\/#breadcrumb","itemListElement":[{"@type":"ListItem","position":1,"name":"Portada","item":"https:\/\/www.aribau.es\/"},{"@type":"ListItem","position":2,"name":"\u00bfQu\u00e9 ha tra\u00eddo la quinta edici\u00f3n de la Barcelona Wine Week al sector vitivin\u00edcola?"}]},{"@type":"WebSite","@id":"https:\/\/www.aribau.es\/#website","url":"https:\/\/www.aribau.es\/","name":"Aribau","description":"VINOS Y BODEGAS","publisher":{"@id":"https:\/\/www.aribau.es\/#organization"},"potentialAction":[{"@type":"SearchAction","target":{"@type":"EntryPoint","urlTemplate":"https:\/\/www.aribau.es\/?s={search_term_string}"},"query-input":{"@type":"PropertyValueSpecification","valueRequired":true,"valueName":"search_term_string"}}],"inLanguage":"ca"},{"@type":"Organization","@id":"https:\/\/www.aribau.es\/#organization","name":"Aribau","url":"https:\/\/www.aribau.es\/","logo":{"@type":"ImageObject","inLanguage":"ca","@id":"https:\/\/www.aribau.es\/#\/schema\/logo\/image\/","url":"https:\/\/www.aribau.es\/wp-content\/uploads\/2022\/03\/logo.png","contentUrl":"https:\/\/www.aribau.es\/wp-content\/uploads\/2022\/03\/logo.png","width":300,"height":300,"caption":"Aribau"},"image":{"@id":"https:\/\/www.aribau.es\/#\/schema\/logo\/image\/"},"sameAs":["https:\/\/www.facebook.com\/aribau1964\/","https:\/\/x.com\/aribau1964","https:\/\/www.instagram.com\/aribau1964\/"]},{"@type":"Person","@id":"https:\/\/www.aribau.es\/#\/schema\/person\/77a976898b3c705ed016499633f4ffd0","name":"aribau","image":{"@type":"ImageObject","inLanguage":"ca","@id":"https:\/\/www.aribau.es\/#\/schema\/person\/image\/","url":"https:\/\/secure.gravatar.com\/avatar\/6690491f832d5b32aa9482b978c9464816810fbff0f6658034a34c9d9657b94e?s=96&d=mm&r=g","contentUrl":"https:\/\/secure.gravatar.com\/avatar\/6690491f832d5b32aa9482b978c9464816810fbff0f6658034a34c9d9657b94e?s=96&d=mm&r=g","caption":"aribau"},"url":"https:\/\/www.aribau.es\/ca\/author\/aribau\/"}]}},"_links":{"self":[{"href":"https:\/\/www.aribau.es\/ca\/wp-json\/wp\/v2\/posts\/13794","targetHints":{"allow":["GET"]}}],"collection":[{"href":"https:\/\/www.aribau.es\/ca\/wp-json\/wp\/v2\/posts"}],"about":[{"href":"https:\/\/www.aribau.es\/ca\/wp-json\/wp\/v2\/types\/post"}],"author":[{"embeddable":true,"href":"https:\/\/www.aribau.es\/ca\/wp-json\/wp\/v2\/users\/3"}],"replies":[{"embeddable":true,"href":"https:\/\/www.aribau.es\/ca\/wp-json\/wp\/v2\/comments?post=13794"}],"version-history":[{"count":1,"href":"https:\/\/www.aribau.es\/ca\/wp-json\/wp\/v2\/posts\/13794\/revisions"}],"predecessor-version":[{"id":13796,"href":"https:\/\/www.aribau.es\/ca\/wp-json\/wp\/v2\/posts\/13794\/revisions\/13796"}],"wp:featuredmedia":[{"embeddable":true,"href":"https:\/\/www.aribau.es\/ca\/wp-json\/wp\/v2\/media\/13795"}],"wp:attachment":[{"href":"https:\/\/www.aribau.es\/ca\/wp-json\/wp\/v2\/media?parent=13794"}],"wp:term":[{"taxonomy":"category","embeddable":true,"href":"https:\/\/www.aribau.es\/ca\/wp-json\/wp\/v2\/categories?post=13794"},{"taxonomy":"post_tag","embeddable":true,"href":"https:\/\/www.aribau.es\/ca\/wp-json\/wp\/v2\/tags?post=13794"}],"curies":[{"name":"wp","href":"https:\/\/api.w.org\/{rel}","templated":true}]}}