{"id":13806,"date":"2025-04-30T16:07:36","date_gmt":"2025-04-30T15:07:36","guid":{"rendered":"https:\/\/www.aribau.es\/?p=13806"},"modified":"2025-04-30T16:12:55","modified_gmt":"2025-04-30T15:12:55","slug":"vuelve-el-vermut-al-sol","status":"publish","type":"post","link":"https:\/\/www.aribau.es\/ca\/vuelve-el-vermut-al-sol\/","title":{"rendered":"Torna el vermut al sol"},"content":{"rendered":"<p>Ha arribat la primavera i \u00e9s sin\u00f2nim de dies m\u00e9s llargs, de la tornada del sol i de la temperatura ideal per a passar temps a l\u2019aire lliure.<\/p>\n\n\n\n<p>Com bons mediterranis, ens aferrem a moments de goig com aquest per a compartir-los amb amics i familiars. I la millor manera de fer-ho \u00e9s ajuntar-se un dia de sol i bon temps per a fer l\u2019aperitiu, que com ja sabem, s\u2019ha popularitzat com fer el vermut.&nbsp;<\/p>\n\n\n\n<p>Una de les particularitats del moment vermut a Espanya \u00e9s el seu horari, que difereix notablement del d\u2019altres pa\u00efsos europeus. Mentre que a llocs com It\u00e0lia l\u2019aperitiu sesol fer abans de sopar, a Espanya \u00e9s habitual quedar abans del dinar. Terrasseta, solet, bona companyia, un vermut ben fet i, sobretot, ben fred, desperta la gana.<\/p>\n\n\n\n<p>El clima temperat i els dies m\u00e9s llargs afavoreixen que el vermut es gaudeixi a l\u2019aire lliure. No \u00e9s nom\u00e9s una q\u00fcesti\u00f3 de gust, sin\u00f3 d\u2019ambient: el murmuri de la gent, el soroll dels gots, l\u2019aroma de les tapes i el plaer de deixar-se portar per la conversa sense presses.<\/p>\n\n\n\n<p>Tot contribueix que el vermut de primavera no sigui nom\u00e9s una beguda, sin\u00f3 una experi\u00e8ncia sensorial completa. Amb l'arribada del bon temps, el vermut es converteix en un s\u00edmbol de goig i sociabilitat a l\u2019espanyola. La primavera \u00e9s el moment perfecte per a redescobrir aquesta tradici\u00f3 que, enfora de perdre\u2019s, es reinventa i enforteix any rere any.<\/p>\n\n\n\n<p>Al cat\u00e0leg d\u2019Aribau hi ha dos vermuts perfectes per un dia de sol. Per una banda, tenim el <em>Bertsolari<\/em>amb la seva visi\u00f3 complexa i gastron\u00f2mica d\u2019aquesta beguda, llarg, intens i persistent.&nbsp;<\/p>\n\n\n\n<p>Per altra banda, el <em>Musugorri<\/em>, que en euskera significa \u201cgaltes vermelles\u201d, aquestes que se\u2019ns posen a tots quan prenem un bon vermut. A m\u00e9s, es tracta d\u2019un producte solidari, ja que part dels beneficis de la seva venda van \u00edntegrament destinats a alguna de les associacions que recapten fons per a la investigaci\u00f3 de c\u00e0ncer infantil a l\u2019Hospital Sant Pau.<\/p>\n\n\n\n<p>Com ha de ser, l\u2019aperitiu ha d\u2019anar acompanyat d\u2019un piscolabis senzill; alguna cosa \u00e0cida o salada que harmonitzi amb el gust herbaci i alguna cosa dol\u00e7a del vermut. Aqu\u00ed, els t\u00edpics s\u00f3n cl\u00e0ssics i mai fallen. Unes patates, unes olives (us recomanem tastar l\u2019\u00e0mplia varietat que ofereixen <em>Olivias by Tast<\/em>) i un bon fuet s\u00f3n perfectes. I si algun dia, es considera que \u00e9s una ocasi\u00f3 una mica m\u00e9s especial, es poden afegir escopinyes, gildes, musclos o seitons en vinagre.&nbsp;<\/p>\n\n\n\n<p>Vivim en un m\u00f3n regit per tend\u00e8ncies, modes i costums. Ara, la festa no \u00e9s necess\u00e0riament de nit i l\u2019\u00e8poca daurada del \u201ctardeo\u201d aix\u00ed ho indica. A m\u00e9s, el vermut pot ser, en molts casos, l\u2019inici d\u2019una gran tarda. I tu, ets fan de l\u2019hora del vermut?<\/p>","protected":false},"excerpt":{"rendered":"<p>Ha llegado la primavera y es sin\u00f3nimo de d\u00edas m\u00e1s largos, de la vuelta del sol y de la temperatura ideal para pasar tiempo al aire libre. Como buenos mediterr\u00e1neos, nos aferramos a estos momentos de disfrute para compartirlos con amigos y familiares. Y la mejor manera de hacerlo es juntarse un d\u00eda de sol &#8230; <a title=\"Torna el vermut al sol\" class=\"read-more\" href=\"https:\/\/www.aribau.es\/ca\/vuelve-el-vermut-al-sol\/\" aria-label=\"M\u00e9s informaci\u00f3 sobre Vuelve el vermut al sol\">Llegiu m\u00e9s<\/a><\/p>","protected":false},"author":3,"featured_media":13807,"comment_status":"closed","ping_status":"closed","sticky":false,"template":"","format":"standard","meta":{"footnotes":""},"categories":[406],"tags":[658,305,334],"class_list":["post-13806","post","type-post","status-publish","format-standard","has-post-thumbnail","hentry","category-noticias","tag-aperitivo","tag-aribau","tag-vermut"],"yoast_head":"<!-- This site is optimized with the Yoast SEO plugin v26.7 - https:\/\/yoast.com\/wordpress\/plugins\/seo\/ -->\n<title>Vuelve el vermut al sol - Aribau<\/title>\n<meta name=\"robots\" content=\"index, follow, max-snippet:-1, max-image-preview:large, max-video-preview:-1\" \/>\n<link rel=\"canonical\" href=\"https:\/\/www.aribau.es\/ca\/vuelve-el-vermut-al-sol\/\" \/>\n<meta property=\"og:locale\" content=\"ca_ES\" \/>\n<meta property=\"og:type\" content=\"article\" \/>\n<meta property=\"og:title\" content=\"Vuelve el vermut al sol - Aribau\" \/>\n<meta property=\"og:description\" content=\"Ha llegado la primavera y es sin\u00f3nimo de d\u00edas m\u00e1s largos, de la vuelta del sol y de la temperatura ideal para pasar tiempo al aire libre. Como buenos mediterr\u00e1neos, nos aferramos a estos momentos de disfrute para compartirlos con amigos y familiares. Y la mejor manera de hacerlo es juntarse un d\u00eda de sol ... Llegiu m\u00e9s\" \/>\n<meta property=\"og:url\" content=\"https:\/\/www.aribau.es\/ca\/vuelve-el-vermut-al-sol\/\" \/>\n<meta property=\"og:site_name\" content=\"Aribau\" \/>\n<meta property=\"article:publisher\" content=\"https:\/\/www.facebook.com\/aribau1964\/\" \/>\n<meta property=\"article:published_time\" content=\"2025-04-30T15:07:36+00:00\" \/>\n<meta property=\"article:modified_time\" content=\"2025-04-30T15:12:55+00:00\" \/>\n<meta property=\"og:image\" content=\"https:\/\/www.aribau.es\/wp-content\/uploads\/2025\/04\/vermut-sol.jpg\" \/>\n\t<meta property=\"og:image:width\" content=\"900\" \/>\n\t<meta property=\"og:image:height\" content=\"600\" \/>\n\t<meta property=\"og:image:type\" content=\"image\/jpeg\" \/>\n<meta name=\"author\" content=\"aribau\" \/>\n<meta name=\"twitter:card\" content=\"summary_large_image\" \/>\n<meta name=\"twitter:creator\" content=\"@aribau1964\" \/>\n<meta name=\"twitter:site\" content=\"@aribau1964\" \/>\n<meta name=\"twitter:label1\" content=\"Escrit per\" \/>\n\t<meta name=\"twitter:data1\" content=\"aribau\" \/>\n\t<meta name=\"twitter:label2\" content=\"Temps estimat de lectura\" \/>\n\t<meta name=\"twitter:data2\" content=\"3 minuts\" \/>\n<script type=\"application\/ld+json\" class=\"yoast-schema-graph\">{\"@context\":\"https:\/\/schema.org\",\"@graph\":[{\"@type\":\"Article\",\"@id\":\"https:\/\/www.aribau.es\/vuelve-el-vermut-al-sol\/#article\",\"isPartOf\":{\"@id\":\"https:\/\/www.aribau.es\/vuelve-el-vermut-al-sol\/\"},\"author\":{\"name\":\"aribau\",\"@id\":\"https:\/\/www.aribau.es\/#\/schema\/person\/77a976898b3c705ed016499633f4ffd0\"},\"headline\":\"Vuelve el vermut al sol\",\"datePublished\":\"2025-04-30T15:07:36+00:00\",\"dateModified\":\"2025-04-30T15:12:55+00:00\",\"mainEntityOfPage\":{\"@id\":\"https:\/\/www.aribau.es\/vuelve-el-vermut-al-sol\/\"},\"wordCount\":520,\"publisher\":{\"@id\":\"https:\/\/www.aribau.es\/#organization\"},\"image\":{\"@id\":\"https:\/\/www.aribau.es\/vuelve-el-vermut-al-sol\/#primaryimage\"},\"thumbnailUrl\":\"https:\/\/www.aribau.es\/wp-content\/uploads\/2025\/04\/vermut-sol.jpg\",\"keywords\":[\"aperitivo\",\"Aribau\",\"Vermut\"],\"articleSection\":[\"Noticias\"],\"inLanguage\":\"ca\"},{\"@type\":\"WebPage\",\"@id\":\"https:\/\/www.aribau.es\/vuelve-el-vermut-al-sol\/\",\"url\":\"https:\/\/www.aribau.es\/vuelve-el-vermut-al-sol\/\",\"name\":\"Vuelve el vermut al sol - Aribau\",\"isPartOf\":{\"@id\":\"https:\/\/www.aribau.es\/#website\"},\"primaryImageOfPage\":{\"@id\":\"https:\/\/www.aribau.es\/vuelve-el-vermut-al-sol\/#primaryimage\"},\"image\":{\"@id\":\"https:\/\/www.aribau.es\/vuelve-el-vermut-al-sol\/#primaryimage\"},\"thumbnailUrl\":\"https:\/\/www.aribau.es\/wp-content\/uploads\/2025\/04\/vermut-sol.jpg\",\"datePublished\":\"2025-04-30T15:07:36+00:00\",\"dateModified\":\"2025-04-30T15:12:55+00:00\",\"breadcrumb\":{\"@id\":\"https:\/\/www.aribau.es\/vuelve-el-vermut-al-sol\/#breadcrumb\"},\"inLanguage\":\"ca\",\"potentialAction\":[{\"@type\":\"ReadAction\",\"target\":[\"https:\/\/www.aribau.es\/vuelve-el-vermut-al-sol\/\"]}]},{\"@type\":\"ImageObject\",\"inLanguage\":\"ca\",\"@id\":\"https:\/\/www.aribau.es\/vuelve-el-vermut-al-sol\/#primaryimage\",\"url\":\"https:\/\/www.aribau.es\/wp-content\/uploads\/2025\/04\/vermut-sol.jpg\",\"contentUrl\":\"https:\/\/www.aribau.es\/wp-content\/uploads\/2025\/04\/vermut-sol.jpg\",\"width\":900,\"height\":600,\"caption\":\"aribau vermut al sol\"},{\"@type\":\"BreadcrumbList\",\"@id\":\"https:\/\/www.aribau.es\/vuelve-el-vermut-al-sol\/#breadcrumb\",\"itemListElement\":[{\"@type\":\"ListItem\",\"position\":1,\"name\":\"Portada\",\"item\":\"https:\/\/www.aribau.es\/\"},{\"@type\":\"ListItem\",\"position\":2,\"name\":\"Vuelve el vermut al sol\"}]},{\"@type\":\"WebSite\",\"@id\":\"https:\/\/www.aribau.es\/#website\",\"url\":\"https:\/\/www.aribau.es\/\",\"name\":\"Aribau\",\"description\":\"VINOS Y BODEGAS\",\"publisher\":{\"@id\":\"https:\/\/www.aribau.es\/#organization\"},\"potentialAction\":[{\"@type\":\"SearchAction\",\"target\":{\"@type\":\"EntryPoint\",\"urlTemplate\":\"https:\/\/www.aribau.es\/?s={search_term_string}\"},\"query-input\":{\"@type\":\"PropertyValueSpecification\",\"valueRequired\":true,\"valueName\":\"search_term_string\"}}],\"inLanguage\":\"ca\"},{\"@type\":\"Organization\",\"@id\":\"https:\/\/www.aribau.es\/#organization\",\"name\":\"Aribau\",\"url\":\"https:\/\/www.aribau.es\/\",\"logo\":{\"@type\":\"ImageObject\",\"inLanguage\":\"ca\",\"@id\":\"https:\/\/www.aribau.es\/#\/schema\/logo\/image\/\",\"url\":\"https:\/\/www.aribau.es\/wp-content\/uploads\/2022\/03\/logo.png\",\"contentUrl\":\"https:\/\/www.aribau.es\/wp-content\/uploads\/2022\/03\/logo.png\",\"width\":300,\"height\":300,\"caption\":\"Aribau\"},\"image\":{\"@id\":\"https:\/\/www.aribau.es\/#\/schema\/logo\/image\/\"},\"sameAs\":[\"https:\/\/www.facebook.com\/aribau1964\/\",\"https:\/\/x.com\/aribau1964\",\"https:\/\/www.instagram.com\/aribau1964\/\"]},{\"@type\":\"Person\",\"@id\":\"https:\/\/www.aribau.es\/#\/schema\/person\/77a976898b3c705ed016499633f4ffd0\",\"name\":\"aribau\",\"image\":{\"@type\":\"ImageObject\",\"inLanguage\":\"ca\",\"@id\":\"https:\/\/www.aribau.es\/#\/schema\/person\/image\/\",\"url\":\"https:\/\/secure.gravatar.com\/avatar\/6690491f832d5b32aa9482b978c9464816810fbff0f6658034a34c9d9657b94e?s=96&d=mm&r=g\",\"contentUrl\":\"https:\/\/secure.gravatar.com\/avatar\/6690491f832d5b32aa9482b978c9464816810fbff0f6658034a34c9d9657b94e?s=96&d=mm&r=g\",\"caption\":\"aribau\"},\"url\":\"https:\/\/www.aribau.es\/ca\/author\/aribau\/\"}]}<\/script>\n<!-- \/ Yoast SEO plugin. -->","yoast_head_json":{"title":"Vuelve el vermut al sol - Aribau","robots":{"index":"index","follow":"follow","max-snippet":"max-snippet:-1","max-image-preview":"max-image-preview:large","max-video-preview":"max-video-preview:-1"},"canonical":"https:\/\/www.aribau.es\/ca\/vuelve-el-vermut-al-sol\/","og_locale":"ca_ES","og_type":"article","og_title":"Vuelve el vermut al sol - Aribau","og_description":"Ha llegado la primavera y es sin\u00f3nimo de d\u00edas m\u00e1s largos, de la vuelta del sol y de la temperatura ideal para pasar tiempo al aire libre. Como buenos mediterr\u00e1neos, nos aferramos a estos momentos de disfrute para compartirlos con amigos y familiares. Y la mejor manera de hacerlo es juntarse un d\u00eda de sol ... Llegiu m\u00e9s","og_url":"https:\/\/www.aribau.es\/ca\/vuelve-el-vermut-al-sol\/","og_site_name":"Aribau","article_publisher":"https:\/\/www.facebook.com\/aribau1964\/","article_published_time":"2025-04-30T15:07:36+00:00","article_modified_time":"2025-04-30T15:12:55+00:00","og_image":[{"width":900,"height":600,"url":"https:\/\/www.aribau.es\/wp-content\/uploads\/2025\/04\/vermut-sol.jpg","type":"image\/jpeg"}],"author":"aribau","twitter_card":"summary_large_image","twitter_creator":"@aribau1964","twitter_site":"@aribau1964","twitter_misc":{"Escrit per":"aribau","Temps estimat de lectura":"3 minuts"},"schema":{"@context":"https:\/\/schema.org","@graph":[{"@type":"Article","@id":"https:\/\/www.aribau.es\/vuelve-el-vermut-al-sol\/#article","isPartOf":{"@id":"https:\/\/www.aribau.es\/vuelve-el-vermut-al-sol\/"},"author":{"name":"aribau","@id":"https:\/\/www.aribau.es\/#\/schema\/person\/77a976898b3c705ed016499633f4ffd0"},"headline":"Vuelve el vermut al sol","datePublished":"2025-04-30T15:07:36+00:00","dateModified":"2025-04-30T15:12:55+00:00","mainEntityOfPage":{"@id":"https:\/\/www.aribau.es\/vuelve-el-vermut-al-sol\/"},"wordCount":520,"publisher":{"@id":"https:\/\/www.aribau.es\/#organization"},"image":{"@id":"https:\/\/www.aribau.es\/vuelve-el-vermut-al-sol\/#primaryimage"},"thumbnailUrl":"https:\/\/www.aribau.es\/wp-content\/uploads\/2025\/04\/vermut-sol.jpg","keywords":["aperitivo","Aribau","Vermut"],"articleSection":["Noticias"],"inLanguage":"ca"},{"@type":"WebPage","@id":"https:\/\/www.aribau.es\/vuelve-el-vermut-al-sol\/","url":"https:\/\/www.aribau.es\/vuelve-el-vermut-al-sol\/","name":"Vuelve el vermut al sol - Aribau","isPartOf":{"@id":"https:\/\/www.aribau.es\/#website"},"primaryImageOfPage":{"@id":"https:\/\/www.aribau.es\/vuelve-el-vermut-al-sol\/#primaryimage"},"image":{"@id":"https:\/\/www.aribau.es\/vuelve-el-vermut-al-sol\/#primaryimage"},"thumbnailUrl":"https:\/\/www.aribau.es\/wp-content\/uploads\/2025\/04\/vermut-sol.jpg","datePublished":"2025-04-30T15:07:36+00:00","dateModified":"2025-04-30T15:12:55+00:00","breadcrumb":{"@id":"https:\/\/www.aribau.es\/vuelve-el-vermut-al-sol\/#breadcrumb"},"inLanguage":"ca","potentialAction":[{"@type":"ReadAction","target":["https:\/\/www.aribau.es\/vuelve-el-vermut-al-sol\/"]}]},{"@type":"ImageObject","inLanguage":"ca","@id":"https:\/\/www.aribau.es\/vuelve-el-vermut-al-sol\/#primaryimage","url":"https:\/\/www.aribau.es\/wp-content\/uploads\/2025\/04\/vermut-sol.jpg","contentUrl":"https:\/\/www.aribau.es\/wp-content\/uploads\/2025\/04\/vermut-sol.jpg","width":900,"height":600,"caption":"aribau vermut al sol"},{"@type":"BreadcrumbList","@id":"https:\/\/www.aribau.es\/vuelve-el-vermut-al-sol\/#breadcrumb","itemListElement":[{"@type":"ListItem","position":1,"name":"Portada","item":"https:\/\/www.aribau.es\/"},{"@type":"ListItem","position":2,"name":"Vuelve el vermut al sol"}]},{"@type":"WebSite","@id":"https:\/\/www.aribau.es\/#website","url":"https:\/\/www.aribau.es\/","name":"Aribau","description":"VINOS Y BODEGAS","publisher":{"@id":"https:\/\/www.aribau.es\/#organization"},"potentialAction":[{"@type":"SearchAction","target":{"@type":"EntryPoint","urlTemplate":"https:\/\/www.aribau.es\/?s={search_term_string}"},"query-input":{"@type":"PropertyValueSpecification","valueRequired":true,"valueName":"search_term_string"}}],"inLanguage":"ca"},{"@type":"Organization","@id":"https:\/\/www.aribau.es\/#organization","name":"Aribau","url":"https:\/\/www.aribau.es\/","logo":{"@type":"ImageObject","inLanguage":"ca","@id":"https:\/\/www.aribau.es\/#\/schema\/logo\/image\/","url":"https:\/\/www.aribau.es\/wp-content\/uploads\/2022\/03\/logo.png","contentUrl":"https:\/\/www.aribau.es\/wp-content\/uploads\/2022\/03\/logo.png","width":300,"height":300,"caption":"Aribau"},"image":{"@id":"https:\/\/www.aribau.es\/#\/schema\/logo\/image\/"},"sameAs":["https:\/\/www.facebook.com\/aribau1964\/","https:\/\/x.com\/aribau1964","https:\/\/www.instagram.com\/aribau1964\/"]},{"@type":"Person","@id":"https:\/\/www.aribau.es\/#\/schema\/person\/77a976898b3c705ed016499633f4ffd0","name":"aribau","image":{"@type":"ImageObject","inLanguage":"ca","@id":"https:\/\/www.aribau.es\/#\/schema\/person\/image\/","url":"https:\/\/secure.gravatar.com\/avatar\/6690491f832d5b32aa9482b978c9464816810fbff0f6658034a34c9d9657b94e?s=96&d=mm&r=g","contentUrl":"https:\/\/secure.gravatar.com\/avatar\/6690491f832d5b32aa9482b978c9464816810fbff0f6658034a34c9d9657b94e?s=96&d=mm&r=g","caption":"aribau"},"url":"https:\/\/www.aribau.es\/ca\/author\/aribau\/"}]}},"_links":{"self":[{"href":"https:\/\/www.aribau.es\/ca\/wp-json\/wp\/v2\/posts\/13806","targetHints":{"allow":["GET"]}}],"collection":[{"href":"https:\/\/www.aribau.es\/ca\/wp-json\/wp\/v2\/posts"}],"about":[{"href":"https:\/\/www.aribau.es\/ca\/wp-json\/wp\/v2\/types\/post"}],"author":[{"embeddable":true,"href":"https:\/\/www.aribau.es\/ca\/wp-json\/wp\/v2\/users\/3"}],"replies":[{"embeddable":true,"href":"https:\/\/www.aribau.es\/ca\/wp-json\/wp\/v2\/comments?post=13806"}],"version-history":[{"count":2,"href":"https:\/\/www.aribau.es\/ca\/wp-json\/wp\/v2\/posts\/13806\/revisions"}],"predecessor-version":[{"id":13809,"href":"https:\/\/www.aribau.es\/ca\/wp-json\/wp\/v2\/posts\/13806\/revisions\/13809"}],"wp:featuredmedia":[{"embeddable":true,"href":"https:\/\/www.aribau.es\/ca\/wp-json\/wp\/v2\/media\/13807"}],"wp:attachment":[{"href":"https:\/\/www.aribau.es\/ca\/wp-json\/wp\/v2\/media?parent=13806"}],"wp:term":[{"taxonomy":"category","embeddable":true,"href":"https:\/\/www.aribau.es\/ca\/wp-json\/wp\/v2\/categories?post=13806"},{"taxonomy":"post_tag","embeddable":true,"href":"https:\/\/www.aribau.es\/ca\/wp-json\/wp\/v2\/tags?post=13806"}],"curies":[{"name":"wp","href":"https:\/\/api.w.org\/{rel}","templated":true}]}}