{"id":13812,"date":"2025-05-30T10:26:03","date_gmt":"2025-05-30T09:26:03","guid":{"rendered":"https:\/\/www.aribau.es\/?p=13812"},"modified":"2025-05-30T10:35:19","modified_gmt":"2025-05-30T09:35:19","slug":"refranes-que-marida-con-copas","status":"publish","type":"post","link":"https:\/\/www.aribau.es\/ca\/refranes-que-marida-con-copas\/","title":{"rendered":"Refranys que mariden amb copes"},"content":{"rendered":"<p>Arriba la calor, les terrasses s\u2019omplen de vida, augmenten les celebracions i, com qui no vol la cosa, es multipliquen les ocasions per a brindar amb una copa de vi. Perqu\u00e8 si alguna cosa tenim clara, \u00e9s que qualsevol excusa \u00e9s bona per gaudir d\u2019un bon vi en bona companyia.&nbsp;<\/p>\n\n\n\n<p>I si no, que parlin els refranys populars. A continuaci\u00f3 te\u2019n deixem deu, amb la seva corresponent justificaci\u00f3 social, perqu\u00e8 mai falti ni motiu ni copa.<\/p>\n\n\n\n<p>1. \u201c<strong>El vino es el mejor compa\u00f1ero del pan<\/strong>\u201d<\/p>\n\n\n\n<ol class=\"wp-block-list\"><\/ol>\n\n\n\n<p>Un dinar entre amics o un sopar informal \u00e9s l\u2019escenari perfecte: pa, vi i converses eternes. El vi no \u00e9s nom\u00e9s beguda, \u00e9s part de la nostra cultura gastron\u00f2mica.<\/p>\n\n\n\n<p>2. \u201c<strong>Vino con queso, sabe a beso<\/strong>\u201d<\/p>\n\n\n\n<ol start=\"2\" class=\"wp-block-list\"><\/ol>\n\n\n\n<p>Maridar \u00e9s estimar. Hi ha vegades que poc t\u00e9 gust a molt.<\/p>\n\n\n\n<p>3. \u201c<strong>Vino y alegr\u00eda, hacen buena compa\u00f1\u00eda<\/strong>\u201d<\/p>\n\n\n\n<ol start=\"3\" class=\"wp-block-list\"><\/ol>\n\n\n\n<p>Perqu\u00e8 no hi ha festa sense brindis.&nbsp;<\/p>\n\n\n\n<p>4. \u201c<strong>Beber con medida, alarga la vida<\/strong>\u201d<\/p>\n\n\n\n<ol start=\"4\" class=\"wp-block-list\"><\/ol>\n\n\n\n<p>No es tracta de beure per beure, sin\u00f3 de gaudir. Una copa de vi compartida es converteix en un petit plaer i en salut.\u00a0<\/p>\n\n\n\n<p>5. \u201c<strong>A nadie le hace da\u00f1o el vino, si se toma con tino<\/strong>\u201d<\/p>\n\n\n\n<ol start=\"5\" class=\"wp-block-list\"><\/ol>\n\n\n\n<p>La clau \u00e9s gaudir sense excessos.&nbsp;<\/p>\n\n\n\n<p>6. \u201c<strong>Vino y amistad, no necesitan etiqueta<\/strong>\u201d<\/p>\n\n\n\n<ol start=\"6\" class=\"wp-block-list\"><\/ol>\n\n\n\n<p>El millor vi \u00e9s aquell que es comparteix amb amics. Quan la companyia \u00e9s bona, l\u2019\u00fanic que importa \u00e9s el moment.<\/p>\n\n\n\n<p>7. \u201c<strong>El que buen vino bebe, a beberlo vuelve<\/strong>\u201d<\/p>\n\n\n\n<ol start=\"7\" class=\"wp-block-list\"><\/ol>\n\n\n\n<p>Despr\u00e9s d\u2019una bona experi\u00e8ncia, un sempre vol repetir. Cada acte social pot ser aquella excusa o aquell motiu per a tornar a brindar.<\/p>\n\n\n\n<p>8. \u201c<strong>Dijo el viejo Salom\u00f3n que el vino alegra el coraz\u00f3n<\/strong>\u201d<\/p>\n\n\n\n<ol start=\"8\" class=\"wp-block-list\"><\/ol>\n\n\n\n<p>Qui som nosaltres per dur-li la contr\u00e0ria a Salom\u00f3? Si hi ha alegria, que flueixi el vi.<\/p>\n\n\n\n<p>9. \u201c<strong>Nada puede ser m\u00e1s frecuente que un vino ocasional<\/strong>\u201d<\/p>\n\n\n\n<ol start=\"9\" class=\"wp-block-list\"><\/ol>\n\n\n\n<p>Una copa sortint de la feina? Un brindis per un petit assoliment? Tota ocasi\u00f3 compta i \u00e9s bona per a celebrar.&nbsp;<\/p>\n\n\n\n<p>10. \u201c<strong>Un d\u00eda sin vino es un d\u00eda sin sol<\/strong>\u201d<\/p>\n\n\n\n<ol start=\"10\" class=\"wp-block-list\"><\/ol>\n\n\n\n<p>Especialment a la primavera i l\u2019estiu, quan el sol ens convida a sortir, socialitzar i, a brindar!<\/p>\n\n\n\n<p>El vi no \u00e9s nom\u00e9s per a acompanyar les menjades, tamb\u00e9 acompanya els bons moments. Amb cada copa s\u2019afegeixen m\u00e9s rialles, converses i ganes de quedar-se una estoneta m\u00e9s. Ara, amb el bon temps, qualsevol tarda pot convertir-se en una trobada improvitzada i no fa falta buscar grans motius per a brindar. Perqu\u00e8 al final, beure vi \u00e9s aix\u00f2: gaudir, compartir i deixar-se endur una mica.<\/p>\n\n\n\n<p>I tu, quin refrany faries servir com \u201cexcusa\u201d per a beure vi?<\/p>","protected":false},"excerpt":{"rendered":"<p>Llega el calor, las terrazas se llenan de vida, aumentan las celebraciones y, como quien no quiere la cosa, se multiplican las ocasiones para brindar con una copa de vino. Porque si algo tenemos claro es que cualquier excusa es buena para disfrutar de un buen vino en buena compa\u00f1\u00eda.&nbsp; Y si no, que hablen &#8230; <a title=\"Refranys que mariden amb copes\" class=\"read-more\" href=\"https:\/\/www.aribau.es\/ca\/refranes-que-marida-con-copas\/\" aria-label=\"M\u00e9s informaci\u00f3 sobre Refranes que maridan con copas\">Llegiu m\u00e9s<\/a><\/p>","protected":false},"author":3,"featured_media":13811,"comment_status":"closed","ping_status":"closed","sticky":false,"template":"","format":"standard","meta":{"footnotes":""},"categories":[406],"tags":[305,667],"class_list":["post-13812","post","type-post","status-publish","format-standard","has-post-thumbnail","hentry","category-noticias","tag-aribau","tag-refranes"],"yoast_head":"<!-- This site is optimized with the Yoast SEO plugin v26.7 - https:\/\/yoast.com\/wordpress\/plugins\/seo\/ -->\n<title>Refranes que maridan con copas - Aribau<\/title>\n<meta name=\"robots\" content=\"index, follow, max-snippet:-1, max-image-preview:large, max-video-preview:-1\" \/>\n<link rel=\"canonical\" href=\"https:\/\/www.aribau.es\/ca\/refranes-que-marida-con-copas\/\" \/>\n<meta property=\"og:locale\" content=\"ca_ES\" \/>\n<meta property=\"og:type\" content=\"article\" \/>\n<meta property=\"og:title\" content=\"Refranes que maridan con copas - Aribau\" \/>\n<meta property=\"og:description\" content=\"Llega el calor, las terrazas se llenan de vida, aumentan las celebraciones y, como quien no quiere la cosa, se multiplican las ocasiones para brindar con una copa de vino. Porque si algo tenemos claro es que cualquier excusa es buena para disfrutar de un buen vino en buena compa\u00f1\u00eda.&nbsp; Y si no, que hablen ... Llegiu m\u00e9s\" \/>\n<meta property=\"og:url\" content=\"https:\/\/www.aribau.es\/ca\/refranes-que-marida-con-copas\/\" \/>\n<meta property=\"og:site_name\" content=\"Aribau\" \/>\n<meta property=\"article:publisher\" content=\"https:\/\/www.facebook.com\/aribau1964\/\" \/>\n<meta property=\"article:published_time\" content=\"2025-05-30T09:26:03+00:00\" \/>\n<meta property=\"article:modified_time\" content=\"2025-05-30T09:35:19+00:00\" \/>\n<meta property=\"og:image\" content=\"https:\/\/www.aribau.es\/wp-content\/uploads\/2025\/05\/blog-refranes.jpg\" \/>\n\t<meta property=\"og:image:width\" content=\"1200\" \/>\n\t<meta property=\"og:image:height\" content=\"800\" \/>\n\t<meta property=\"og:image:type\" content=\"image\/jpeg\" \/>\n<meta name=\"author\" content=\"aribau\" \/>\n<meta name=\"twitter:card\" content=\"summary_large_image\" \/>\n<meta name=\"twitter:creator\" content=\"@aribau1964\" \/>\n<meta name=\"twitter:site\" content=\"@aribau1964\" \/>\n<meta name=\"twitter:label1\" content=\"Escrit per\" \/>\n\t<meta name=\"twitter:data1\" content=\"aribau\" \/>\n\t<meta name=\"twitter:label2\" content=\"Temps estimat de lectura\" \/>\n\t<meta name=\"twitter:data2\" content=\"3 minuts\" \/>\n<script type=\"application\/ld+json\" class=\"yoast-schema-graph\">{\"@context\":\"https:\/\/schema.org\",\"@graph\":[{\"@type\":\"Article\",\"@id\":\"https:\/\/www.aribau.es\/refranes-que-marida-con-copas\/#article\",\"isPartOf\":{\"@id\":\"https:\/\/www.aribau.es\/refranes-que-marida-con-copas\/\"},\"author\":{\"name\":\"aribau\",\"@id\":\"https:\/\/www.aribau.es\/#\/schema\/person\/77a976898b3c705ed016499633f4ffd0\"},\"headline\":\"Refranes que maridan con copas\",\"datePublished\":\"2025-05-30T09:26:03+00:00\",\"dateModified\":\"2025-05-30T09:35:19+00:00\",\"mainEntityOfPage\":{\"@id\":\"https:\/\/www.aribau.es\/refranes-que-marida-con-copas\/\"},\"wordCount\":438,\"publisher\":{\"@id\":\"https:\/\/www.aribau.es\/#organization\"},\"image\":{\"@id\":\"https:\/\/www.aribau.es\/refranes-que-marida-con-copas\/#primaryimage\"},\"thumbnailUrl\":\"https:\/\/www.aribau.es\/wp-content\/uploads\/2025\/05\/blog-refranes.jpg\",\"keywords\":[\"Aribau\",\"refranes\"],\"articleSection\":[\"Noticias\"],\"inLanguage\":\"ca\"},{\"@type\":\"WebPage\",\"@id\":\"https:\/\/www.aribau.es\/refranes-que-marida-con-copas\/\",\"url\":\"https:\/\/www.aribau.es\/refranes-que-marida-con-copas\/\",\"name\":\"Refranes que maridan con copas - Aribau\",\"isPartOf\":{\"@id\":\"https:\/\/www.aribau.es\/#website\"},\"primaryImageOfPage\":{\"@id\":\"https:\/\/www.aribau.es\/refranes-que-marida-con-copas\/#primaryimage\"},\"image\":{\"@id\":\"https:\/\/www.aribau.es\/refranes-que-marida-con-copas\/#primaryimage\"},\"thumbnailUrl\":\"https:\/\/www.aribau.es\/wp-content\/uploads\/2025\/05\/blog-refranes.jpg\",\"datePublished\":\"2025-05-30T09:26:03+00:00\",\"dateModified\":\"2025-05-30T09:35:19+00:00\",\"breadcrumb\":{\"@id\":\"https:\/\/www.aribau.es\/refranes-que-marida-con-copas\/#breadcrumb\"},\"inLanguage\":\"ca\",\"potentialAction\":[{\"@type\":\"ReadAction\",\"target\":[\"https:\/\/www.aribau.es\/refranes-que-marida-con-copas\/\"]}]},{\"@type\":\"ImageObject\",\"inLanguage\":\"ca\",\"@id\":\"https:\/\/www.aribau.es\/refranes-que-marida-con-copas\/#primaryimage\",\"url\":\"https:\/\/www.aribau.es\/wp-content\/uploads\/2025\/05\/blog-refranes.jpg\",\"contentUrl\":\"https:\/\/www.aribau.es\/wp-content\/uploads\/2025\/05\/blog-refranes.jpg\",\"width\":1200,\"height\":800,\"caption\":\"refranes que maridan con copas\"},{\"@type\":\"BreadcrumbList\",\"@id\":\"https:\/\/www.aribau.es\/refranes-que-marida-con-copas\/#breadcrumb\",\"itemListElement\":[{\"@type\":\"ListItem\",\"position\":1,\"name\":\"Portada\",\"item\":\"https:\/\/www.aribau.es\/\"},{\"@type\":\"ListItem\",\"position\":2,\"name\":\"Refranes que maridan con copas\"}]},{\"@type\":\"WebSite\",\"@id\":\"https:\/\/www.aribau.es\/#website\",\"url\":\"https:\/\/www.aribau.es\/\",\"name\":\"Aribau\",\"description\":\"VINOS Y BODEGAS\",\"publisher\":{\"@id\":\"https:\/\/www.aribau.es\/#organization\"},\"potentialAction\":[{\"@type\":\"SearchAction\",\"target\":{\"@type\":\"EntryPoint\",\"urlTemplate\":\"https:\/\/www.aribau.es\/?s={search_term_string}\"},\"query-input\":{\"@type\":\"PropertyValueSpecification\",\"valueRequired\":true,\"valueName\":\"search_term_string\"}}],\"inLanguage\":\"ca\"},{\"@type\":\"Organization\",\"@id\":\"https:\/\/www.aribau.es\/#organization\",\"name\":\"Aribau\",\"url\":\"https:\/\/www.aribau.es\/\",\"logo\":{\"@type\":\"ImageObject\",\"inLanguage\":\"ca\",\"@id\":\"https:\/\/www.aribau.es\/#\/schema\/logo\/image\/\",\"url\":\"https:\/\/www.aribau.es\/wp-content\/uploads\/2022\/03\/logo.png\",\"contentUrl\":\"https:\/\/www.aribau.es\/wp-content\/uploads\/2022\/03\/logo.png\",\"width\":300,\"height\":300,\"caption\":\"Aribau\"},\"image\":{\"@id\":\"https:\/\/www.aribau.es\/#\/schema\/logo\/image\/\"},\"sameAs\":[\"https:\/\/www.facebook.com\/aribau1964\/\",\"https:\/\/x.com\/aribau1964\",\"https:\/\/www.instagram.com\/aribau1964\/\"]},{\"@type\":\"Person\",\"@id\":\"https:\/\/www.aribau.es\/#\/schema\/person\/77a976898b3c705ed016499633f4ffd0\",\"name\":\"aribau\",\"image\":{\"@type\":\"ImageObject\",\"inLanguage\":\"ca\",\"@id\":\"https:\/\/www.aribau.es\/#\/schema\/person\/image\/\",\"url\":\"https:\/\/secure.gravatar.com\/avatar\/6690491f832d5b32aa9482b978c9464816810fbff0f6658034a34c9d9657b94e?s=96&d=mm&r=g\",\"contentUrl\":\"https:\/\/secure.gravatar.com\/avatar\/6690491f832d5b32aa9482b978c9464816810fbff0f6658034a34c9d9657b94e?s=96&d=mm&r=g\",\"caption\":\"aribau\"},\"url\":\"https:\/\/www.aribau.es\/ca\/author\/aribau\/\"}]}<\/script>\n<!-- \/ Yoast SEO plugin. -->","yoast_head_json":{"title":"Refranes que maridan con copas - Aribau","robots":{"index":"index","follow":"follow","max-snippet":"max-snippet:-1","max-image-preview":"max-image-preview:large","max-video-preview":"max-video-preview:-1"},"canonical":"https:\/\/www.aribau.es\/ca\/refranes-que-marida-con-copas\/","og_locale":"ca_ES","og_type":"article","og_title":"Refranes que maridan con copas - Aribau","og_description":"Llega el calor, las terrazas se llenan de vida, aumentan las celebraciones y, como quien no quiere la cosa, se multiplican las ocasiones para brindar con una copa de vino. Porque si algo tenemos claro es que cualquier excusa es buena para disfrutar de un buen vino en buena compa\u00f1\u00eda.&nbsp; Y si no, que hablen ... Llegiu m\u00e9s","og_url":"https:\/\/www.aribau.es\/ca\/refranes-que-marida-con-copas\/","og_site_name":"Aribau","article_publisher":"https:\/\/www.facebook.com\/aribau1964\/","article_published_time":"2025-05-30T09:26:03+00:00","article_modified_time":"2025-05-30T09:35:19+00:00","og_image":[{"width":1200,"height":800,"url":"https:\/\/www.aribau.es\/wp-content\/uploads\/2025\/05\/blog-refranes.jpg","type":"image\/jpeg"}],"author":"aribau","twitter_card":"summary_large_image","twitter_creator":"@aribau1964","twitter_site":"@aribau1964","twitter_misc":{"Escrit per":"aribau","Temps estimat de lectura":"3 minuts"},"schema":{"@context":"https:\/\/schema.org","@graph":[{"@type":"Article","@id":"https:\/\/www.aribau.es\/refranes-que-marida-con-copas\/#article","isPartOf":{"@id":"https:\/\/www.aribau.es\/refranes-que-marida-con-copas\/"},"author":{"name":"aribau","@id":"https:\/\/www.aribau.es\/#\/schema\/person\/77a976898b3c705ed016499633f4ffd0"},"headline":"Refranes que maridan con copas","datePublished":"2025-05-30T09:26:03+00:00","dateModified":"2025-05-30T09:35:19+00:00","mainEntityOfPage":{"@id":"https:\/\/www.aribau.es\/refranes-que-marida-con-copas\/"},"wordCount":438,"publisher":{"@id":"https:\/\/www.aribau.es\/#organization"},"image":{"@id":"https:\/\/www.aribau.es\/refranes-que-marida-con-copas\/#primaryimage"},"thumbnailUrl":"https:\/\/www.aribau.es\/wp-content\/uploads\/2025\/05\/blog-refranes.jpg","keywords":["Aribau","refranes"],"articleSection":["Noticias"],"inLanguage":"ca"},{"@type":"WebPage","@id":"https:\/\/www.aribau.es\/refranes-que-marida-con-copas\/","url":"https:\/\/www.aribau.es\/refranes-que-marida-con-copas\/","name":"Refranes que maridan con copas - Aribau","isPartOf":{"@id":"https:\/\/www.aribau.es\/#website"},"primaryImageOfPage":{"@id":"https:\/\/www.aribau.es\/refranes-que-marida-con-copas\/#primaryimage"},"image":{"@id":"https:\/\/www.aribau.es\/refranes-que-marida-con-copas\/#primaryimage"},"thumbnailUrl":"https:\/\/www.aribau.es\/wp-content\/uploads\/2025\/05\/blog-refranes.jpg","datePublished":"2025-05-30T09:26:03+00:00","dateModified":"2025-05-30T09:35:19+00:00","breadcrumb":{"@id":"https:\/\/www.aribau.es\/refranes-que-marida-con-copas\/#breadcrumb"},"inLanguage":"ca","potentialAction":[{"@type":"ReadAction","target":["https:\/\/www.aribau.es\/refranes-que-marida-con-copas\/"]}]},{"@type":"ImageObject","inLanguage":"ca","@id":"https:\/\/www.aribau.es\/refranes-que-marida-con-copas\/#primaryimage","url":"https:\/\/www.aribau.es\/wp-content\/uploads\/2025\/05\/blog-refranes.jpg","contentUrl":"https:\/\/www.aribau.es\/wp-content\/uploads\/2025\/05\/blog-refranes.jpg","width":1200,"height":800,"caption":"refranes que maridan con copas"},{"@type":"BreadcrumbList","@id":"https:\/\/www.aribau.es\/refranes-que-marida-con-copas\/#breadcrumb","itemListElement":[{"@type":"ListItem","position":1,"name":"Portada","item":"https:\/\/www.aribau.es\/"},{"@type":"ListItem","position":2,"name":"Refranes que maridan con copas"}]},{"@type":"WebSite","@id":"https:\/\/www.aribau.es\/#website","url":"https:\/\/www.aribau.es\/","name":"Aribau","description":"VINOS Y BODEGAS","publisher":{"@id":"https:\/\/www.aribau.es\/#organization"},"potentialAction":[{"@type":"SearchAction","target":{"@type":"EntryPoint","urlTemplate":"https:\/\/www.aribau.es\/?s={search_term_string}"},"query-input":{"@type":"PropertyValueSpecification","valueRequired":true,"valueName":"search_term_string"}}],"inLanguage":"ca"},{"@type":"Organization","@id":"https:\/\/www.aribau.es\/#organization","name":"Aribau","url":"https:\/\/www.aribau.es\/","logo":{"@type":"ImageObject","inLanguage":"ca","@id":"https:\/\/www.aribau.es\/#\/schema\/logo\/image\/","url":"https:\/\/www.aribau.es\/wp-content\/uploads\/2022\/03\/logo.png","contentUrl":"https:\/\/www.aribau.es\/wp-content\/uploads\/2022\/03\/logo.png","width":300,"height":300,"caption":"Aribau"},"image":{"@id":"https:\/\/www.aribau.es\/#\/schema\/logo\/image\/"},"sameAs":["https:\/\/www.facebook.com\/aribau1964\/","https:\/\/x.com\/aribau1964","https:\/\/www.instagram.com\/aribau1964\/"]},{"@type":"Person","@id":"https:\/\/www.aribau.es\/#\/schema\/person\/77a976898b3c705ed016499633f4ffd0","name":"aribau","image":{"@type":"ImageObject","inLanguage":"ca","@id":"https:\/\/www.aribau.es\/#\/schema\/person\/image\/","url":"https:\/\/secure.gravatar.com\/avatar\/6690491f832d5b32aa9482b978c9464816810fbff0f6658034a34c9d9657b94e?s=96&d=mm&r=g","contentUrl":"https:\/\/secure.gravatar.com\/avatar\/6690491f832d5b32aa9482b978c9464816810fbff0f6658034a34c9d9657b94e?s=96&d=mm&r=g","caption":"aribau"},"url":"https:\/\/www.aribau.es\/ca\/author\/aribau\/"}]}},"_links":{"self":[{"href":"https:\/\/www.aribau.es\/ca\/wp-json\/wp\/v2\/posts\/13812","targetHints":{"allow":["GET"]}}],"collection":[{"href":"https:\/\/www.aribau.es\/ca\/wp-json\/wp\/v2\/posts"}],"about":[{"href":"https:\/\/www.aribau.es\/ca\/wp-json\/wp\/v2\/types\/post"}],"author":[{"embeddable":true,"href":"https:\/\/www.aribau.es\/ca\/wp-json\/wp\/v2\/users\/3"}],"replies":[{"embeddable":true,"href":"https:\/\/www.aribau.es\/ca\/wp-json\/wp\/v2\/comments?post=13812"}],"version-history":[{"count":3,"href":"https:\/\/www.aribau.es\/ca\/wp-json\/wp\/v2\/posts\/13812\/revisions"}],"predecessor-version":[{"id":13819,"href":"https:\/\/www.aribau.es\/ca\/wp-json\/wp\/v2\/posts\/13812\/revisions\/13819"}],"wp:featuredmedia":[{"embeddable":true,"href":"https:\/\/www.aribau.es\/ca\/wp-json\/wp\/v2\/media\/13811"}],"wp:attachment":[{"href":"https:\/\/www.aribau.es\/ca\/wp-json\/wp\/v2\/media?parent=13812"}],"wp:term":[{"taxonomy":"category","embeddable":true,"href":"https:\/\/www.aribau.es\/ca\/wp-json\/wp\/v2\/categories?post=13812"},{"taxonomy":"post_tag","embeddable":true,"href":"https:\/\/www.aribau.es\/ca\/wp-json\/wp\/v2\/tags?post=13812"}],"curies":[{"name":"wp","href":"https:\/\/api.w.org\/{rel}","templated":true}]}}