{"id":4829,"date":"2016-09-29T00:00:50","date_gmt":"2016-09-28T22:00:50","guid":{"rendered":"https:\/\/www.aribau.es\/?p=4829"},"modified":"2021-04-26T15:40:40","modified_gmt":"2021-04-26T14:40:40","slug":"la-descarada-nuestro-vino-mas-atrevido","status":"publish","type":"post","link":"https:\/\/www.aribau.es\/ca\/la-descarada-nuestro-vino-mas-atrevido\/","title":{"rendered":"LA DESCARADA, EL NOSTRE VI M\u00c9S ATREVIT"},"content":{"rendered":"<p><a href=\"https:\/\/www.aribau.es\/wp-content\/uploads\/2016\/09\/ladescarada_web_02.jpg\"><img fetchpriority=\"high\" decoding=\"async\" class=\"alignleft wp-image-4715\" src=\"https:\/\/www.aribau.es\/wp-content\/uploads\/2016\/09\/ladescarada_web_02.jpg\" alt=\"ladescarada_web_02\" width=\"201\" height=\"500\" srcset=\"https:\/\/www.aribau.es\/wp-content\/uploads\/2016\/09\/ladescarada_web_02.jpg 322w, https:\/\/www.aribau.es\/wp-content\/uploads\/2016\/09\/ladescarada_web_02-121x300.jpg 121w\" sizes=\"(max-width: 201px) 100vw, 201px\" \/><\/a>\u00a1Siguen las novedades en Aribau! Si hace un par de semanas os d\u00e1bamos a conocer nuestro <a href=\"https:\/\/www.aribau.es\/ca\/cosecha-propia\/musugorri\/\" target=\"_blank\" rel=\"noopener\">vermut Musugorri<\/a>, hoy le llega el turno a <strong><a href=\"https:\/\/www.aribau.es\/ca\/cosecha-propia\/la-descarada\/\" target=\"_blank\" rel=\"noopener\">La Descarada<\/a><\/strong>, un nuevo <strong>vi blanc<\/strong> que se suma a nuestra colecci\u00f3n de vinos <em>Witty Wines<\/em>.<\/p>\n<p>Embotellado por la bodega del Alt Pened\u00e8s, U M\u00e9s U Fan Tres, y enmarcado en la <strong>Denominaci\u00f3n de Origen Pened\u00e8s<\/strong>, <em>La Descarada<\/em> es un vino joven, floral y fresco gracias a sus variedades &#8211;<strong>Muscat, Sauvignon Blanc y Gew\u00fcrztranimer<\/strong>-. La predominancia de la uva Muscat, una variedad fresca y descarada, le imprime un car\u00e1cter \u00fanico y dif\u00edcil de olvidar. Estamos ante un vino perfecto para esas largas comidas entre amigos ante una buena paella o un buen pescado a la brasa.<\/p>\n<p>T\u00e9cnicamente, La Descarada es un vino seco en boca, de acidez alta, cuerpo medio y una intensidad de sabor en la que destacan la fruta verde y el estilo floral, aportando mucha frescura en cada sorbo. Un vino que despierta los sentidos, con un intenso olor a primavera, en el que se mezclan toques de manzana, lichi y flor de cerezo con un toque final a lavanda.<\/p>\n<p><strong>Un vino desenfadado, atrevido<\/strong> y apto para todos, aunque, si nos sumamos a esa tendencia que habla de vinos para chicas, \u00e9ste ser\u00eda, sin duda, uno de esos vinos.<\/p>\n<p>&nbsp;<\/p>\n<blockquote><p><em>Como cada d<\/em><em>\u00ed<\/em><em>a, sali<\/em><em>\u00f3<\/em><em> de casa temprano para ir a trabajar. Pero aquel no era un d<\/em><em>\u00ed<\/em><em>a cualquiera. No s<\/em><em>\u00f3<\/em><em>lo porque era viernes y empezaba a asomar la primavera, sino porque hab<\/em><em>\u00ed<\/em><em>a decidido que ser<\/em><em>\u00ed<\/em><em>a el primer d<\/em><em>\u00ed<\/em><em>a de su nueva vida. Cansada de la rutina diaria en la oficina, hab<\/em><em>\u00ed<\/em><em>a llegado el momento de soltarse la melena y apostar por lo que siempre hab<\/em><em>\u00ed<\/em><em>a querido hacer: recorrer la costa mediterr<\/em><em>\u00e1<\/em><em>nea sin atender al calendario. Aquella tarde, con su caracter<\/em><em>\u00ed<\/em><em>stico estilo desenfadado y atrevido, se despidi<\/em><em>\u00f3<\/em><em> de su trabajo con un <\/em><em>\u201c<\/em><em>hasta pronto<\/em><em>\u201d<\/em><em> entre los labios, convirti<\/em><em>\u00e9<\/em><em>ndose en la envidia de todos sus compa<\/em><em>\u00f1<\/em><em>eros. Lleg<\/em><em>\u00f3<\/em><em> a casa, prepar<\/em><em>\u00f3<\/em><em> las maletas, y se dispuso a salir. El viaje comenzar<\/em><em>\u00ed<\/em><em>a ese mismo fin de semana, y no ten<\/em><em>\u00ed<\/em><em>a tiempo que perder. Si todo iba seg<\/em><em>\u00fa<\/em><em>n lo previsto, tardar<\/em><em>\u00ed<\/em><em>a en regresar a casa.<\/em><\/p>\n<p><em>Ya ha pasado un a<\/em><em>\u00f1<\/em><em>o de aquel inicio de aventura, y ahora vive feliz en su nueva casa con vistas al mar y un enorme jard<\/em><em>\u00ed<\/em><em>n con limones, manzanas, lichis y lavanda. Ha sido un a<\/em><em>\u00f1<\/em><em>o largo, lleno de momentos inolvidables que la han tra<\/em><em>\u00ed<\/em><em>do hasta aqu<\/em><em>\u00ed<\/em><em>. Ahora, en el que ya es su nuevo rinc<\/em><em>\u00f3<\/em><em>n en el mundo, disfruta de cada d<\/em><em>\u00ed<\/em><em>a con su nueva gente. Su estilo fresco, desenfado y juvenil la ha convertido en el centro de todas las reuniones. Y si un d<\/em><em>\u00ed<\/em><em>a decide volver, para ellos siempre ser<\/em><em>\u00e1<\/em><em> aquella Descarada que lleg<\/em><em>\u00f3<\/em><em> sin avisar y que nunca podr<\/em><em>\u00e1<\/em><em>n olvidar. <\/em><\/p><\/blockquote>","protected":false},"excerpt":{"rendered":"<p>\u00a1Siguen las novedades en Aribau! Si hace un par de semanas os d\u00e1bamos a conocer nuestro vermut Musugorri, hoy le llega el turno a La Descarada, un nuevo vino blanco que se suma a nuestra colecci\u00f3n de vinos Witty Wines. Embotellado por la bodega del Alt Pened\u00e8s, U M\u00e9s U Fan Tres, y enmarcado en &#8230; <a title=\"LA DESCARADA, EL NOSTRE VI M\u00c9S ATREVIT\" class=\"read-more\" href=\"https:\/\/www.aribau.es\/ca\/la-descarada-nuestro-vino-mas-atrevido\/\" aria-label=\"M\u00e9s informaci\u00f3 sobre LA DESCARADA, NUESTRO VINO M\u00c1S ATREVIDO\">Llegiu m\u00e9s<\/a><\/p>","protected":false},"author":3,"featured_media":4720,"comment_status":"closed","ping_status":"closed","sticky":false,"template":"","format":"standard","meta":{"footnotes":""},"categories":[406],"tags":[341,304,412],"class_list":["post-4829","post","type-post","status-publish","format-standard","has-post-thumbnail","hentry","category-noticias","tag-la-descarada","tag-novedades","tag-vino-blanco"],"yoast_head":"<!-- This site is optimized with the Yoast SEO plugin v26.7 - https:\/\/yoast.com\/wordpress\/plugins\/seo\/ -->\n<title>LA DESCARADA, NUESTRO VINO M\u00c1S ATREVIDO - Aribau<\/title>\n<meta name=\"robots\" content=\"index, follow, max-snippet:-1, max-image-preview:large, max-video-preview:-1\" \/>\n<link rel=\"canonical\" href=\"https:\/\/www.aribau.es\/ca\/la-descarada-nuestro-vino-mas-atrevido\/\" \/>\n<meta property=\"og:locale\" content=\"ca_ES\" \/>\n<meta property=\"og:type\" content=\"article\" \/>\n<meta property=\"og:title\" content=\"LA DESCARADA, NUESTRO VINO M\u00c1S ATREVIDO - Aribau\" \/>\n<meta property=\"og:description\" content=\"\u00a1Siguen las novedades en Aribau! Si hace un par de semanas os d\u00e1bamos a conocer nuestro vermut Musugorri, hoy le llega el turno a La Descarada, un nuevo vino blanco que se suma a nuestra colecci\u00f3n de vinos Witty Wines. Embotellado por la bodega del Alt Pened\u00e8s, U M\u00e9s U Fan Tres, y enmarcado en ... Llegiu m\u00e9s\" \/>\n<meta property=\"og:url\" content=\"https:\/\/www.aribau.es\/ca\/la-descarada-nuestro-vino-mas-atrevido\/\" \/>\n<meta property=\"og:site_name\" content=\"Aribau\" \/>\n<meta property=\"article:publisher\" content=\"https:\/\/www.facebook.com\/aribau1964\/\" \/>\n<meta property=\"article:published_time\" content=\"2016-09-28T22:00:50+00:00\" \/>\n<meta property=\"article:modified_time\" content=\"2021-04-26T14:40:40+00:00\" \/>\n<meta property=\"og:image\" content=\"https:\/\/www.aribau.es\/wp-content\/uploads\/2016\/09\/ladescarada_cebecera.jpg\" \/>\n\t<meta property=\"og:image:width\" content=\"1262\" \/>\n\t<meta property=\"og:image:height\" content=\"310\" \/>\n\t<meta property=\"og:image:type\" content=\"image\/jpeg\" \/>\n<meta name=\"author\" content=\"aribau\" \/>\n<meta name=\"twitter:card\" content=\"summary_large_image\" \/>\n<meta name=\"twitter:creator\" content=\"@aribau1964\" \/>\n<meta name=\"twitter:site\" content=\"@aribau1964\" \/>\n<meta name=\"twitter:label1\" content=\"Escrit per\" \/>\n\t<meta name=\"twitter:data1\" content=\"aribau\" \/>\n\t<meta name=\"twitter:label2\" content=\"Temps estimat de lectura\" \/>\n\t<meta name=\"twitter:data2\" content=\"2 minuts\" \/>\n<script type=\"application\/ld+json\" class=\"yoast-schema-graph\">{\"@context\":\"https:\/\/schema.org\",\"@graph\":[{\"@type\":\"Article\",\"@id\":\"https:\/\/www.aribau.es\/la-descarada-nuestro-vino-mas-atrevido\/#article\",\"isPartOf\":{\"@id\":\"https:\/\/www.aribau.es\/la-descarada-nuestro-vino-mas-atrevido\/\"},\"author\":{\"name\":\"aribau\",\"@id\":\"https:\/\/www.aribau.es\/#\/schema\/person\/77a976898b3c705ed016499633f4ffd0\"},\"headline\":\"LA DESCARADA, NUESTRO VINO M\u00c1S ATREVIDO\",\"datePublished\":\"2016-09-28T22:00:50+00:00\",\"dateModified\":\"2021-04-26T14:40:40+00:00\",\"mainEntityOfPage\":{\"@id\":\"https:\/\/www.aribau.es\/la-descarada-nuestro-vino-mas-atrevido\/\"},\"wordCount\":503,\"publisher\":{\"@id\":\"https:\/\/www.aribau.es\/#organization\"},\"image\":{\"@id\":\"https:\/\/www.aribau.es\/la-descarada-nuestro-vino-mas-atrevido\/#primaryimage\"},\"thumbnailUrl\":\"https:\/\/www.aribau.es\/wp-content\/uploads\/2016\/09\/ladescarada_cebecera.jpg\",\"keywords\":[\"La descarada\",\"Novedades\",\"Vino blanco\"],\"articleSection\":[\"Noticias\"],\"inLanguage\":\"ca\"},{\"@type\":\"WebPage\",\"@id\":\"https:\/\/www.aribau.es\/la-descarada-nuestro-vino-mas-atrevido\/\",\"url\":\"https:\/\/www.aribau.es\/la-descarada-nuestro-vino-mas-atrevido\/\",\"name\":\"LA DESCARADA, NUESTRO VINO M\u00c1S ATREVIDO - Aribau\",\"isPartOf\":{\"@id\":\"https:\/\/www.aribau.es\/#website\"},\"primaryImageOfPage\":{\"@id\":\"https:\/\/www.aribau.es\/la-descarada-nuestro-vino-mas-atrevido\/#primaryimage\"},\"image\":{\"@id\":\"https:\/\/www.aribau.es\/la-descarada-nuestro-vino-mas-atrevido\/#primaryimage\"},\"thumbnailUrl\":\"https:\/\/www.aribau.es\/wp-content\/uploads\/2016\/09\/ladescarada_cebecera.jpg\",\"datePublished\":\"2016-09-28T22:00:50+00:00\",\"dateModified\":\"2021-04-26T14:40:40+00:00\",\"breadcrumb\":{\"@id\":\"https:\/\/www.aribau.es\/la-descarada-nuestro-vino-mas-atrevido\/#breadcrumb\"},\"inLanguage\":\"ca\",\"potentialAction\":[{\"@type\":\"ReadAction\",\"target\":[\"https:\/\/www.aribau.es\/la-descarada-nuestro-vino-mas-atrevido\/\"]}]},{\"@type\":\"ImageObject\",\"inLanguage\":\"ca\",\"@id\":\"https:\/\/www.aribau.es\/la-descarada-nuestro-vino-mas-atrevido\/#primaryimage\",\"url\":\"https:\/\/www.aribau.es\/wp-content\/uploads\/2016\/09\/ladescarada_cebecera.jpg\",\"contentUrl\":\"https:\/\/www.aribau.es\/wp-content\/uploads\/2016\/09\/ladescarada_cebecera.jpg\",\"width\":1262,\"height\":310},{\"@type\":\"BreadcrumbList\",\"@id\":\"https:\/\/www.aribau.es\/la-descarada-nuestro-vino-mas-atrevido\/#breadcrumb\",\"itemListElement\":[{\"@type\":\"ListItem\",\"position\":1,\"name\":\"Portada\",\"item\":\"https:\/\/www.aribau.es\/\"},{\"@type\":\"ListItem\",\"position\":2,\"name\":\"LA DESCARADA, NUESTRO VINO M\u00c1S ATREVIDO\"}]},{\"@type\":\"WebSite\",\"@id\":\"https:\/\/www.aribau.es\/#website\",\"url\":\"https:\/\/www.aribau.es\/\",\"name\":\"Aribau\",\"description\":\"VINOS Y BODEGAS\",\"publisher\":{\"@id\":\"https:\/\/www.aribau.es\/#organization\"},\"potentialAction\":[{\"@type\":\"SearchAction\",\"target\":{\"@type\":\"EntryPoint\",\"urlTemplate\":\"https:\/\/www.aribau.es\/?s={search_term_string}\"},\"query-input\":{\"@type\":\"PropertyValueSpecification\",\"valueRequired\":true,\"valueName\":\"search_term_string\"}}],\"inLanguage\":\"ca\"},{\"@type\":\"Organization\",\"@id\":\"https:\/\/www.aribau.es\/#organization\",\"name\":\"Aribau\",\"url\":\"https:\/\/www.aribau.es\/\",\"logo\":{\"@type\":\"ImageObject\",\"inLanguage\":\"ca\",\"@id\":\"https:\/\/www.aribau.es\/#\/schema\/logo\/image\/\",\"url\":\"https:\/\/www.aribau.es\/wp-content\/uploads\/2022\/03\/logo.png\",\"contentUrl\":\"https:\/\/www.aribau.es\/wp-content\/uploads\/2022\/03\/logo.png\",\"width\":300,\"height\":300,\"caption\":\"Aribau\"},\"image\":{\"@id\":\"https:\/\/www.aribau.es\/#\/schema\/logo\/image\/\"},\"sameAs\":[\"https:\/\/www.facebook.com\/aribau1964\/\",\"https:\/\/x.com\/aribau1964\",\"https:\/\/www.instagram.com\/aribau1964\/\"]},{\"@type\":\"Person\",\"@id\":\"https:\/\/www.aribau.es\/#\/schema\/person\/77a976898b3c705ed016499633f4ffd0\",\"name\":\"aribau\",\"image\":{\"@type\":\"ImageObject\",\"inLanguage\":\"ca\",\"@id\":\"https:\/\/www.aribau.es\/#\/schema\/person\/image\/\",\"url\":\"https:\/\/secure.gravatar.com\/avatar\/6690491f832d5b32aa9482b978c9464816810fbff0f6658034a34c9d9657b94e?s=96&d=mm&r=g\",\"contentUrl\":\"https:\/\/secure.gravatar.com\/avatar\/6690491f832d5b32aa9482b978c9464816810fbff0f6658034a34c9d9657b94e?s=96&d=mm&r=g\",\"caption\":\"aribau\"},\"url\":\"https:\/\/www.aribau.es\/ca\/author\/aribau\/\"}]}<\/script>\n<!-- \/ Yoast SEO plugin. -->","yoast_head_json":{"title":"LA DESCARADA, NUESTRO VINO M\u00c1S ATREVIDO - Aribau","robots":{"index":"index","follow":"follow","max-snippet":"max-snippet:-1","max-image-preview":"max-image-preview:large","max-video-preview":"max-video-preview:-1"},"canonical":"https:\/\/www.aribau.es\/ca\/la-descarada-nuestro-vino-mas-atrevido\/","og_locale":"ca_ES","og_type":"article","og_title":"LA DESCARADA, NUESTRO VINO M\u00c1S ATREVIDO - Aribau","og_description":"\u00a1Siguen las novedades en Aribau! Si hace un par de semanas os d\u00e1bamos a conocer nuestro vermut Musugorri, hoy le llega el turno a La Descarada, un nuevo vino blanco que se suma a nuestra colecci\u00f3n de vinos Witty Wines. Embotellado por la bodega del Alt Pened\u00e8s, U M\u00e9s U Fan Tres, y enmarcado en ... Llegiu m\u00e9s","og_url":"https:\/\/www.aribau.es\/ca\/la-descarada-nuestro-vino-mas-atrevido\/","og_site_name":"Aribau","article_publisher":"https:\/\/www.facebook.com\/aribau1964\/","article_published_time":"2016-09-28T22:00:50+00:00","article_modified_time":"2021-04-26T14:40:40+00:00","og_image":[{"width":1262,"height":310,"url":"https:\/\/www.aribau.es\/wp-content\/uploads\/2016\/09\/ladescarada_cebecera.jpg","type":"image\/jpeg"}],"author":"aribau","twitter_card":"summary_large_image","twitter_creator":"@aribau1964","twitter_site":"@aribau1964","twitter_misc":{"Escrit per":"aribau","Temps estimat de lectura":"2 minuts"},"schema":{"@context":"https:\/\/schema.org","@graph":[{"@type":"Article","@id":"https:\/\/www.aribau.es\/la-descarada-nuestro-vino-mas-atrevido\/#article","isPartOf":{"@id":"https:\/\/www.aribau.es\/la-descarada-nuestro-vino-mas-atrevido\/"},"author":{"name":"aribau","@id":"https:\/\/www.aribau.es\/#\/schema\/person\/77a976898b3c705ed016499633f4ffd0"},"headline":"LA DESCARADA, NUESTRO VINO M\u00c1S ATREVIDO","datePublished":"2016-09-28T22:00:50+00:00","dateModified":"2021-04-26T14:40:40+00:00","mainEntityOfPage":{"@id":"https:\/\/www.aribau.es\/la-descarada-nuestro-vino-mas-atrevido\/"},"wordCount":503,"publisher":{"@id":"https:\/\/www.aribau.es\/#organization"},"image":{"@id":"https:\/\/www.aribau.es\/la-descarada-nuestro-vino-mas-atrevido\/#primaryimage"},"thumbnailUrl":"https:\/\/www.aribau.es\/wp-content\/uploads\/2016\/09\/ladescarada_cebecera.jpg","keywords":["La descarada","Novedades","Vino blanco"],"articleSection":["Noticias"],"inLanguage":"ca"},{"@type":"WebPage","@id":"https:\/\/www.aribau.es\/la-descarada-nuestro-vino-mas-atrevido\/","url":"https:\/\/www.aribau.es\/la-descarada-nuestro-vino-mas-atrevido\/","name":"LA DESCARADA, NUESTRO VINO M\u00c1S ATREVIDO - Aribau","isPartOf":{"@id":"https:\/\/www.aribau.es\/#website"},"primaryImageOfPage":{"@id":"https:\/\/www.aribau.es\/la-descarada-nuestro-vino-mas-atrevido\/#primaryimage"},"image":{"@id":"https:\/\/www.aribau.es\/la-descarada-nuestro-vino-mas-atrevido\/#primaryimage"},"thumbnailUrl":"https:\/\/www.aribau.es\/wp-content\/uploads\/2016\/09\/ladescarada_cebecera.jpg","datePublished":"2016-09-28T22:00:50+00:00","dateModified":"2021-04-26T14:40:40+00:00","breadcrumb":{"@id":"https:\/\/www.aribau.es\/la-descarada-nuestro-vino-mas-atrevido\/#breadcrumb"},"inLanguage":"ca","potentialAction":[{"@type":"ReadAction","target":["https:\/\/www.aribau.es\/la-descarada-nuestro-vino-mas-atrevido\/"]}]},{"@type":"ImageObject","inLanguage":"ca","@id":"https:\/\/www.aribau.es\/la-descarada-nuestro-vino-mas-atrevido\/#primaryimage","url":"https:\/\/www.aribau.es\/wp-content\/uploads\/2016\/09\/ladescarada_cebecera.jpg","contentUrl":"https:\/\/www.aribau.es\/wp-content\/uploads\/2016\/09\/ladescarada_cebecera.jpg","width":1262,"height":310},{"@type":"BreadcrumbList","@id":"https:\/\/www.aribau.es\/la-descarada-nuestro-vino-mas-atrevido\/#breadcrumb","itemListElement":[{"@type":"ListItem","position":1,"name":"Portada","item":"https:\/\/www.aribau.es\/"},{"@type":"ListItem","position":2,"name":"LA DESCARADA, NUESTRO VINO M\u00c1S ATREVIDO"}]},{"@type":"WebSite","@id":"https:\/\/www.aribau.es\/#website","url":"https:\/\/www.aribau.es\/","name":"Aribau","description":"VINOS Y BODEGAS","publisher":{"@id":"https:\/\/www.aribau.es\/#organization"},"potentialAction":[{"@type":"SearchAction","target":{"@type":"EntryPoint","urlTemplate":"https:\/\/www.aribau.es\/?s={search_term_string}"},"query-input":{"@type":"PropertyValueSpecification","valueRequired":true,"valueName":"search_term_string"}}],"inLanguage":"ca"},{"@type":"Organization","@id":"https:\/\/www.aribau.es\/#organization","name":"Aribau","url":"https:\/\/www.aribau.es\/","logo":{"@type":"ImageObject","inLanguage":"ca","@id":"https:\/\/www.aribau.es\/#\/schema\/logo\/image\/","url":"https:\/\/www.aribau.es\/wp-content\/uploads\/2022\/03\/logo.png","contentUrl":"https:\/\/www.aribau.es\/wp-content\/uploads\/2022\/03\/logo.png","width":300,"height":300,"caption":"Aribau"},"image":{"@id":"https:\/\/www.aribau.es\/#\/schema\/logo\/image\/"},"sameAs":["https:\/\/www.facebook.com\/aribau1964\/","https:\/\/x.com\/aribau1964","https:\/\/www.instagram.com\/aribau1964\/"]},{"@type":"Person","@id":"https:\/\/www.aribau.es\/#\/schema\/person\/77a976898b3c705ed016499633f4ffd0","name":"aribau","image":{"@type":"ImageObject","inLanguage":"ca","@id":"https:\/\/www.aribau.es\/#\/schema\/person\/image\/","url":"https:\/\/secure.gravatar.com\/avatar\/6690491f832d5b32aa9482b978c9464816810fbff0f6658034a34c9d9657b94e?s=96&d=mm&r=g","contentUrl":"https:\/\/secure.gravatar.com\/avatar\/6690491f832d5b32aa9482b978c9464816810fbff0f6658034a34c9d9657b94e?s=96&d=mm&r=g","caption":"aribau"},"url":"https:\/\/www.aribau.es\/ca\/author\/aribau\/"}]}},"_links":{"self":[{"href":"https:\/\/www.aribau.es\/ca\/wp-json\/wp\/v2\/posts\/4829","targetHints":{"allow":["GET"]}}],"collection":[{"href":"https:\/\/www.aribau.es\/ca\/wp-json\/wp\/v2\/posts"}],"about":[{"href":"https:\/\/www.aribau.es\/ca\/wp-json\/wp\/v2\/types\/post"}],"author":[{"embeddable":true,"href":"https:\/\/www.aribau.es\/ca\/wp-json\/wp\/v2\/users\/3"}],"replies":[{"embeddable":true,"href":"https:\/\/www.aribau.es\/ca\/wp-json\/wp\/v2\/comments?post=4829"}],"version-history":[{"count":2,"href":"https:\/\/www.aribau.es\/ca\/wp-json\/wp\/v2\/posts\/4829\/revisions"}],"predecessor-version":[{"id":10246,"href":"https:\/\/www.aribau.es\/ca\/wp-json\/wp\/v2\/posts\/4829\/revisions\/10246"}],"wp:featuredmedia":[{"embeddable":true,"href":"https:\/\/www.aribau.es\/ca\/wp-json\/wp\/v2\/media\/4720"}],"wp:attachment":[{"href":"https:\/\/www.aribau.es\/ca\/wp-json\/wp\/v2\/media?parent=4829"}],"wp:term":[{"taxonomy":"category","embeddable":true,"href":"https:\/\/www.aribau.es\/ca\/wp-json\/wp\/v2\/categories?post=4829"},{"taxonomy":"post_tag","embeddable":true,"href":"https:\/\/www.aribau.es\/ca\/wp-json\/wp\/v2\/tags?post=4829"}],"curies":[{"name":"wp","href":"https:\/\/api.w.org\/{rel}","templated":true}]}}