{"id":4885,"date":"2016-10-13T14:11:13","date_gmt":"2016-10-13T12:11:13","guid":{"rendered":"https:\/\/www.aribau.es\/?p=4885"},"modified":"2021-04-26T15:37:39","modified_gmt":"2021-04-26T14:37:39","slug":"tronat-un-vino-tocat-per-la-tramuntana","status":"publish","type":"post","link":"https:\/\/www.aribau.es\/ca\/tronat-un-vino-tocat-per-la-tramuntana\/","title":{"rendered":"TRONAT, UN VI 'TOCAT PER LA TRAMUNTANA'"},"content":{"rendered":"<p><strong>100% Garnacha blanca<\/strong>. Vino blanco, fresco, expresivo, perfumado y atrevido. As\u00ed es <em><strong><a href=\"https:\/\/www.aribau.es\/ca\/tronat-blanco\/\" target=\"_blank\" rel=\"noopener\">Tronat<\/a><\/strong><\/em>, una de las propuestas vin\u00edcolas de Aribau en colaboraci\u00f3n con el <strong>Celler Oliveda<\/strong>\u00a0y con <strong>Denominaci\u00f3n de Origen Empord\u00e0<\/strong>.<\/p>\n<p><em>Tronat<\/em> crece en las fincas ubicadas al pie del parque natural de L\u2019Albera, en la parte norte del Alt Empord\u00e0. Unos terrenos minerales y rocosos donde la Tramontana intensifica su fuerza y descarga intensas lluvias. Estas condiciones agroclim\u00e1ticas favorecen el cultivo de la agricultura ecol\u00f3gica, ayudando a que las vi\u00f1as puedan evolucionar de forma natural. Las cepas, de entre 25 y 30 a\u00f1os, crecen en peque\u00f1as producciones de alta calidad, proporcionando una uva reconocida por su intensidad y exquisitez.<\/p>\n<p><!--more--><\/p>\n<p><strong>Tronat, el blanco<\/strong><\/p>\n<p>Exquisito y limitado a 10.000 botellas, es un vino marcado por la fuerte personalidad de la Garnacha blanca, que se presenta aqu\u00ed en todo su esplendor. Con notas de frutas dulces y peque\u00f1os toques florales, Tronat es un vino equilibrado, fresco y sedoso que har\u00e1 las delicias de los amantes del vino blanco con personalidad.<\/p>\n<p>Una propuesta que nace como fiel reflejo de un territorio vitivin\u00edcola, el Empord\u00e0, con unas caracter\u00edsticas muy particulares y, como no, <em>tocat per la<\/em> <em>Tramuntana<\/em>.<\/p>\n<p><a href=\"https:\/\/www.aribau.es\/wp-content\/uploads\/2016\/10\/detall_tronat_blanc-14.18.43.jpg\"><img fetchpriority=\"high\" decoding=\"async\" class=\"alignnone wp-image-4887\" src=\"https:\/\/www.aribau.es\/wp-content\/uploads\/2016\/10\/detall_tronat_blanc-14.18.43.jpg\" alt=\"detall_tronat_blanc-14-18-43\" width=\"800\" height=\"600\" srcset=\"https:\/\/www.aribau.es\/wp-content\/uploads\/2016\/10\/detall_tronat_blanc-14.18.43.jpg 880w, https:\/\/www.aribau.es\/wp-content\/uploads\/2016\/10\/detall_tronat_blanc-14.18.43-300x225.jpg 300w, https:\/\/www.aribau.es\/wp-content\/uploads\/2016\/10\/detall_tronat_blanc-14.18.43-768x576.jpg 768w\" sizes=\"(max-width: 800px) 100vw, 800px\" \/><\/a><\/p>","protected":false},"excerpt":{"rendered":"<p>100% Garnacha blanca. Vino blanco, fresco, expresivo, perfumado y atrevido. As\u00ed es Tronat, una de las propuestas vin\u00edcolas de Aribau en colaboraci\u00f3n con el Celler Oliveda\u00a0y con Denominaci\u00f3n de Origen Empord\u00e0. Tronat crece en las fincas ubicadas al pie del parque natural de L\u2019Albera, en la parte norte del Alt Empord\u00e0. Unos terrenos minerales y &#8230; <a title=\"TRONAT, UN VINO &#8216;TOCAT PER LA TRAMUNTANA&#8217;\" class=\"read-more\" href=\"https:\/\/www.aribau.es\/ca\/tronat-un-vino-tocat-per-la-tramuntana\/\" aria-label=\"M\u00e9s informaci\u00f3 sobre TRONAT, UN VINO &#8216;TOCAT PER LA TRAMUNTANA&#8217;\">Llegiu m\u00e9s<\/a><\/p>","protected":false},"author":3,"featured_media":4886,"comment_status":"closed","ping_status":"closed","sticky":false,"template":"","format":"standard","meta":{"footnotes":""},"categories":[406,411],"tags":[419,342,418],"class_list":["post-4885","post","type-post","status-publish","format-standard","has-post-thumbnail","hentry","category-noticias","category-productos","tag-do-emporda","tag-tronat","tag-tronat-blanco"],"yoast_head":"<!-- This site is optimized with the Yoast SEO plugin v26.7 - https:\/\/yoast.com\/wordpress\/plugins\/seo\/ -->\n<title>TRONAT, UN VINO &#039;TOCAT PER LA TRAMUNTANA&#039; - Aribau<\/title>\n<meta name=\"robots\" content=\"index, follow, max-snippet:-1, max-image-preview:large, max-video-preview:-1\" \/>\n<link rel=\"canonical\" href=\"https:\/\/www.aribau.es\/ca\/tronat-un-vino-tocat-per-la-tramuntana\/\" \/>\n<meta property=\"og:locale\" content=\"ca_ES\" \/>\n<meta property=\"og:type\" content=\"article\" \/>\n<meta property=\"og:title\" content=\"TRONAT, UN VINO &#039;TOCAT PER LA TRAMUNTANA&#039; - Aribau\" \/>\n<meta property=\"og:description\" content=\"100% Garnacha blanca. Vino blanco, fresco, expresivo, perfumado y atrevido. As\u00ed es Tronat, una de las propuestas vin\u00edcolas de Aribau en colaboraci\u00f3n con el Celler Oliveda\u00a0y con Denominaci\u00f3n de Origen Empord\u00e0. Tronat crece en las fincas ubicadas al pie del parque natural de L\u2019Albera, en la parte norte del Alt Empord\u00e0. Unos terrenos minerales y ... Llegiu m\u00e9s\" \/>\n<meta property=\"og:url\" content=\"https:\/\/www.aribau.es\/ca\/tronat-un-vino-tocat-per-la-tramuntana\/\" \/>\n<meta property=\"og:site_name\" content=\"Aribau\" \/>\n<meta property=\"article:publisher\" content=\"https:\/\/www.facebook.com\/aribau1964\/\" \/>\n<meta property=\"article:published_time\" content=\"2016-10-13T12:11:13+00:00\" \/>\n<meta property=\"article:modified_time\" content=\"2021-04-26T14:37:39+00:00\" \/>\n<meta property=\"og:image\" content=\"https:\/\/www.aribau.es\/wp-content\/uploads\/2016\/10\/detall_tronat_blanc_c_mid_res.jpg\" \/>\n\t<meta property=\"og:image:width\" content=\"800\" \/>\n\t<meta property=\"og:image:height\" content=\"600\" \/>\n\t<meta property=\"og:image:type\" content=\"image\/jpeg\" \/>\n<meta name=\"author\" content=\"aribau\" \/>\n<meta name=\"twitter:card\" content=\"summary_large_image\" \/>\n<meta name=\"twitter:creator\" content=\"@aribau1964\" \/>\n<meta name=\"twitter:site\" content=\"@aribau1964\" \/>\n<meta name=\"twitter:label1\" content=\"Escrit per\" \/>\n\t<meta name=\"twitter:data1\" content=\"aribau\" \/>\n\t<meta name=\"twitter:label2\" content=\"Temps estimat de lectura\" \/>\n\t<meta name=\"twitter:data2\" content=\"1 minut\" \/>\n<script type=\"application\/ld+json\" class=\"yoast-schema-graph\">{\"@context\":\"https:\/\/schema.org\",\"@graph\":[{\"@type\":\"Article\",\"@id\":\"https:\/\/www.aribau.es\/ca\/tronat-un-vino-tocat-per-la-tramuntana\/#article\",\"isPartOf\":{\"@id\":\"https:\/\/www.aribau.es\/ca\/tronat-un-vino-tocat-per-la-tramuntana\/\"},\"author\":{\"name\":\"aribau\",\"@id\":\"https:\/\/www.aribau.es\/#\/schema\/person\/77a976898b3c705ed016499633f4ffd0\"},\"headline\":\"TRONAT, UN VINO &#8216;TOCAT PER LA TRAMUNTANA&#8217;\",\"datePublished\":\"2016-10-13T12:11:13+00:00\",\"dateModified\":\"2021-04-26T14:37:39+00:00\",\"mainEntityOfPage\":{\"@id\":\"https:\/\/www.aribau.es\/ca\/tronat-un-vino-tocat-per-la-tramuntana\/\"},\"wordCount\":209,\"publisher\":{\"@id\":\"https:\/\/www.aribau.es\/#organization\"},\"image\":{\"@id\":\"https:\/\/www.aribau.es\/ca\/tronat-un-vino-tocat-per-la-tramuntana\/#primaryimage\"},\"thumbnailUrl\":\"https:\/\/www.aribau.es\/wp-content\/uploads\/2016\/10\/detall_tronat_blanc_c_mid_res.jpg\",\"keywords\":[\"DO Empord\u00e0\",\"Tronat\",\"Tronat Blanco\"],\"articleSection\":[\"Noticias\",\"Productos\"],\"inLanguage\":\"ca\"},{\"@type\":\"WebPage\",\"@id\":\"https:\/\/www.aribau.es\/ca\/tronat-un-vino-tocat-per-la-tramuntana\/\",\"url\":\"https:\/\/www.aribau.es\/ca\/tronat-un-vino-tocat-per-la-tramuntana\/\",\"name\":\"TRONAT, UN VINO 'TOCAT PER LA TRAMUNTANA' - Aribau\",\"isPartOf\":{\"@id\":\"https:\/\/www.aribau.es\/#website\"},\"primaryImageOfPage\":{\"@id\":\"https:\/\/www.aribau.es\/ca\/tronat-un-vino-tocat-per-la-tramuntana\/#primaryimage\"},\"image\":{\"@id\":\"https:\/\/www.aribau.es\/ca\/tronat-un-vino-tocat-per-la-tramuntana\/#primaryimage\"},\"thumbnailUrl\":\"https:\/\/www.aribau.es\/wp-content\/uploads\/2016\/10\/detall_tronat_blanc_c_mid_res.jpg\",\"datePublished\":\"2016-10-13T12:11:13+00:00\",\"dateModified\":\"2021-04-26T14:37:39+00:00\",\"breadcrumb\":{\"@id\":\"https:\/\/www.aribau.es\/ca\/tronat-un-vino-tocat-per-la-tramuntana\/#breadcrumb\"},\"inLanguage\":\"ca\",\"potentialAction\":[{\"@type\":\"ReadAction\",\"target\":[\"https:\/\/www.aribau.es\/ca\/tronat-un-vino-tocat-per-la-tramuntana\/\"]}]},{\"@type\":\"ImageObject\",\"inLanguage\":\"ca\",\"@id\":\"https:\/\/www.aribau.es\/ca\/tronat-un-vino-tocat-per-la-tramuntana\/#primaryimage\",\"url\":\"https:\/\/www.aribau.es\/wp-content\/uploads\/2016\/10\/detall_tronat_blanc_c_mid_res.jpg\",\"contentUrl\":\"https:\/\/www.aribau.es\/wp-content\/uploads\/2016\/10\/detall_tronat_blanc_c_mid_res.jpg\",\"width\":800,\"height\":600},{\"@type\":\"BreadcrumbList\",\"@id\":\"https:\/\/www.aribau.es\/ca\/tronat-un-vino-tocat-per-la-tramuntana\/#breadcrumb\",\"itemListElement\":[{\"@type\":\"ListItem\",\"position\":1,\"name\":\"Portada\",\"item\":\"https:\/\/www.aribau.es\/\"},{\"@type\":\"ListItem\",\"position\":2,\"name\":\"TRONAT, UN VINO &#8216;TOCAT PER LA TRAMUNTANA&#8217;\"}]},{\"@type\":\"WebSite\",\"@id\":\"https:\/\/www.aribau.es\/#website\",\"url\":\"https:\/\/www.aribau.es\/\",\"name\":\"Aribau\",\"description\":\"VINOS Y BODEGAS\",\"publisher\":{\"@id\":\"https:\/\/www.aribau.es\/#organization\"},\"potentialAction\":[{\"@type\":\"SearchAction\",\"target\":{\"@type\":\"EntryPoint\",\"urlTemplate\":\"https:\/\/www.aribau.es\/?s={search_term_string}\"},\"query-input\":{\"@type\":\"PropertyValueSpecification\",\"valueRequired\":true,\"valueName\":\"search_term_string\"}}],\"inLanguage\":\"ca\"},{\"@type\":\"Organization\",\"@id\":\"https:\/\/www.aribau.es\/#organization\",\"name\":\"Aribau\",\"url\":\"https:\/\/www.aribau.es\/\",\"logo\":{\"@type\":\"ImageObject\",\"inLanguage\":\"ca\",\"@id\":\"https:\/\/www.aribau.es\/#\/schema\/logo\/image\/\",\"url\":\"https:\/\/www.aribau.es\/wp-content\/uploads\/2022\/03\/logo.png\",\"contentUrl\":\"https:\/\/www.aribau.es\/wp-content\/uploads\/2022\/03\/logo.png\",\"width\":300,\"height\":300,\"caption\":\"Aribau\"},\"image\":{\"@id\":\"https:\/\/www.aribau.es\/#\/schema\/logo\/image\/\"},\"sameAs\":[\"https:\/\/www.facebook.com\/aribau1964\/\",\"https:\/\/x.com\/aribau1964\",\"https:\/\/www.instagram.com\/aribau1964\/\"]},{\"@type\":\"Person\",\"@id\":\"https:\/\/www.aribau.es\/#\/schema\/person\/77a976898b3c705ed016499633f4ffd0\",\"name\":\"aribau\",\"image\":{\"@type\":\"ImageObject\",\"inLanguage\":\"ca\",\"@id\":\"https:\/\/www.aribau.es\/#\/schema\/person\/image\/\",\"url\":\"https:\/\/secure.gravatar.com\/avatar\/6690491f832d5b32aa9482b978c9464816810fbff0f6658034a34c9d9657b94e?s=96&d=mm&r=g\",\"contentUrl\":\"https:\/\/secure.gravatar.com\/avatar\/6690491f832d5b32aa9482b978c9464816810fbff0f6658034a34c9d9657b94e?s=96&d=mm&r=g\",\"caption\":\"aribau\"},\"url\":\"https:\/\/www.aribau.es\/ca\/author\/aribau\/\"}]}<\/script>\n<!-- \/ Yoast SEO plugin. -->","yoast_head_json":{"title":"TRONAT, UN VINO 'TOCAT PER LA TRAMUNTANA' - Aribau","robots":{"index":"index","follow":"follow","max-snippet":"max-snippet:-1","max-image-preview":"max-image-preview:large","max-video-preview":"max-video-preview:-1"},"canonical":"https:\/\/www.aribau.es\/ca\/tronat-un-vino-tocat-per-la-tramuntana\/","og_locale":"ca_ES","og_type":"article","og_title":"TRONAT, UN VINO 'TOCAT PER LA TRAMUNTANA' - Aribau","og_description":"100% Garnacha blanca. Vino blanco, fresco, expresivo, perfumado y atrevido. As\u00ed es Tronat, una de las propuestas vin\u00edcolas de Aribau en colaboraci\u00f3n con el Celler Oliveda\u00a0y con Denominaci\u00f3n de Origen Empord\u00e0. Tronat crece en las fincas ubicadas al pie del parque natural de L\u2019Albera, en la parte norte del Alt Empord\u00e0. Unos terrenos minerales y ... Llegiu m\u00e9s","og_url":"https:\/\/www.aribau.es\/ca\/tronat-un-vino-tocat-per-la-tramuntana\/","og_site_name":"Aribau","article_publisher":"https:\/\/www.facebook.com\/aribau1964\/","article_published_time":"2016-10-13T12:11:13+00:00","article_modified_time":"2021-04-26T14:37:39+00:00","og_image":[{"width":800,"height":600,"url":"https:\/\/www.aribau.es\/wp-content\/uploads\/2016\/10\/detall_tronat_blanc_c_mid_res.jpg","type":"image\/jpeg"}],"author":"aribau","twitter_card":"summary_large_image","twitter_creator":"@aribau1964","twitter_site":"@aribau1964","twitter_misc":{"Escrit per":"aribau","Temps estimat de lectura":"1 minut"},"schema":{"@context":"https:\/\/schema.org","@graph":[{"@type":"Article","@id":"https:\/\/www.aribau.es\/ca\/tronat-un-vino-tocat-per-la-tramuntana\/#article","isPartOf":{"@id":"https:\/\/www.aribau.es\/ca\/tronat-un-vino-tocat-per-la-tramuntana\/"},"author":{"name":"aribau","@id":"https:\/\/www.aribau.es\/#\/schema\/person\/77a976898b3c705ed016499633f4ffd0"},"headline":"TRONAT, UN VINO &#8216;TOCAT PER LA TRAMUNTANA&#8217;","datePublished":"2016-10-13T12:11:13+00:00","dateModified":"2021-04-26T14:37:39+00:00","mainEntityOfPage":{"@id":"https:\/\/www.aribau.es\/ca\/tronat-un-vino-tocat-per-la-tramuntana\/"},"wordCount":209,"publisher":{"@id":"https:\/\/www.aribau.es\/#organization"},"image":{"@id":"https:\/\/www.aribau.es\/ca\/tronat-un-vino-tocat-per-la-tramuntana\/#primaryimage"},"thumbnailUrl":"https:\/\/www.aribau.es\/wp-content\/uploads\/2016\/10\/detall_tronat_blanc_c_mid_res.jpg","keywords":["DO Empord\u00e0","Tronat","Tronat Blanco"],"articleSection":["Noticias","Productos"],"inLanguage":"ca"},{"@type":"WebPage","@id":"https:\/\/www.aribau.es\/ca\/tronat-un-vino-tocat-per-la-tramuntana\/","url":"https:\/\/www.aribau.es\/ca\/tronat-un-vino-tocat-per-la-tramuntana\/","name":"TRONAT, UN VINO 'TOCAT PER LA TRAMUNTANA' - Aribau","isPartOf":{"@id":"https:\/\/www.aribau.es\/#website"},"primaryImageOfPage":{"@id":"https:\/\/www.aribau.es\/ca\/tronat-un-vino-tocat-per-la-tramuntana\/#primaryimage"},"image":{"@id":"https:\/\/www.aribau.es\/ca\/tronat-un-vino-tocat-per-la-tramuntana\/#primaryimage"},"thumbnailUrl":"https:\/\/www.aribau.es\/wp-content\/uploads\/2016\/10\/detall_tronat_blanc_c_mid_res.jpg","datePublished":"2016-10-13T12:11:13+00:00","dateModified":"2021-04-26T14:37:39+00:00","breadcrumb":{"@id":"https:\/\/www.aribau.es\/ca\/tronat-un-vino-tocat-per-la-tramuntana\/#breadcrumb"},"inLanguage":"ca","potentialAction":[{"@type":"ReadAction","target":["https:\/\/www.aribau.es\/ca\/tronat-un-vino-tocat-per-la-tramuntana\/"]}]},{"@type":"ImageObject","inLanguage":"ca","@id":"https:\/\/www.aribau.es\/ca\/tronat-un-vino-tocat-per-la-tramuntana\/#primaryimage","url":"https:\/\/www.aribau.es\/wp-content\/uploads\/2016\/10\/detall_tronat_blanc_c_mid_res.jpg","contentUrl":"https:\/\/www.aribau.es\/wp-content\/uploads\/2016\/10\/detall_tronat_blanc_c_mid_res.jpg","width":800,"height":600},{"@type":"BreadcrumbList","@id":"https:\/\/www.aribau.es\/ca\/tronat-un-vino-tocat-per-la-tramuntana\/#breadcrumb","itemListElement":[{"@type":"ListItem","position":1,"name":"Portada","item":"https:\/\/www.aribau.es\/"},{"@type":"ListItem","position":2,"name":"TRONAT, UN VINO &#8216;TOCAT PER LA TRAMUNTANA&#8217;"}]},{"@type":"WebSite","@id":"https:\/\/www.aribau.es\/#website","url":"https:\/\/www.aribau.es\/","name":"Aribau","description":"VINOS Y BODEGAS","publisher":{"@id":"https:\/\/www.aribau.es\/#organization"},"potentialAction":[{"@type":"SearchAction","target":{"@type":"EntryPoint","urlTemplate":"https:\/\/www.aribau.es\/?s={search_term_string}"},"query-input":{"@type":"PropertyValueSpecification","valueRequired":true,"valueName":"search_term_string"}}],"inLanguage":"ca"},{"@type":"Organization","@id":"https:\/\/www.aribau.es\/#organization","name":"Aribau","url":"https:\/\/www.aribau.es\/","logo":{"@type":"ImageObject","inLanguage":"ca","@id":"https:\/\/www.aribau.es\/#\/schema\/logo\/image\/","url":"https:\/\/www.aribau.es\/wp-content\/uploads\/2022\/03\/logo.png","contentUrl":"https:\/\/www.aribau.es\/wp-content\/uploads\/2022\/03\/logo.png","width":300,"height":300,"caption":"Aribau"},"image":{"@id":"https:\/\/www.aribau.es\/#\/schema\/logo\/image\/"},"sameAs":["https:\/\/www.facebook.com\/aribau1964\/","https:\/\/x.com\/aribau1964","https:\/\/www.instagram.com\/aribau1964\/"]},{"@type":"Person","@id":"https:\/\/www.aribau.es\/#\/schema\/person\/77a976898b3c705ed016499633f4ffd0","name":"aribau","image":{"@type":"ImageObject","inLanguage":"ca","@id":"https:\/\/www.aribau.es\/#\/schema\/person\/image\/","url":"https:\/\/secure.gravatar.com\/avatar\/6690491f832d5b32aa9482b978c9464816810fbff0f6658034a34c9d9657b94e?s=96&d=mm&r=g","contentUrl":"https:\/\/secure.gravatar.com\/avatar\/6690491f832d5b32aa9482b978c9464816810fbff0f6658034a34c9d9657b94e?s=96&d=mm&r=g","caption":"aribau"},"url":"https:\/\/www.aribau.es\/ca\/author\/aribau\/"}]}},"_links":{"self":[{"href":"https:\/\/www.aribau.es\/ca\/wp-json\/wp\/v2\/posts\/4885","targetHints":{"allow":["GET"]}}],"collection":[{"href":"https:\/\/www.aribau.es\/ca\/wp-json\/wp\/v2\/posts"}],"about":[{"href":"https:\/\/www.aribau.es\/ca\/wp-json\/wp\/v2\/types\/post"}],"author":[{"embeddable":true,"href":"https:\/\/www.aribau.es\/ca\/wp-json\/wp\/v2\/users\/3"}],"replies":[{"embeddable":true,"href":"https:\/\/www.aribau.es\/ca\/wp-json\/wp\/v2\/comments?post=4885"}],"version-history":[{"count":2,"href":"https:\/\/www.aribau.es\/ca\/wp-json\/wp\/v2\/posts\/4885\/revisions"}],"predecessor-version":[{"id":10242,"href":"https:\/\/www.aribau.es\/ca\/wp-json\/wp\/v2\/posts\/4885\/revisions\/10242"}],"wp:featuredmedia":[{"embeddable":true,"href":"https:\/\/www.aribau.es\/ca\/wp-json\/wp\/v2\/media\/4886"}],"wp:attachment":[{"href":"https:\/\/www.aribau.es\/ca\/wp-json\/wp\/v2\/media?parent=4885"}],"wp:term":[{"taxonomy":"category","embeddable":true,"href":"https:\/\/www.aribau.es\/ca\/wp-json\/wp\/v2\/categories?post=4885"},{"taxonomy":"post_tag","embeddable":true,"href":"https:\/\/www.aribau.es\/ca\/wp-json\/wp\/v2\/tags?post=4885"}],"curies":[{"name":"wp","href":"https:\/\/api.w.org\/{rel}","templated":true}]}}