{"id":4894,"date":"2016-10-20T17:52:12","date_gmt":"2016-10-20T15:52:12","guid":{"rendered":"https:\/\/www.aribau.es\/?p=4894"},"modified":"2021-04-26T15:35:31","modified_gmt":"2021-04-26T14:35:31","slug":"finaliza-la-vendimia-2016","status":"publish","type":"post","link":"https:\/\/www.aribau.es\/ca\/finaliza-la-vendimia-2016\/","title":{"rendered":"FINALITZA LA VEREMA 2016"},"content":{"rendered":"<p>A estas alturas ya se puede dar por finalizada la vendimia 2016 en la mayor parte de las zonas productoras de Espa\u00f1a. Y puestos a hacer balance, el titular generalizado podr\u00eda ser el de \u2018Menor producci\u00f3n, pero mayor calidad\u2019. Esta ha sido la t\u00f3nica en pr\u00e1cticamente todas las denominaciones de origen que conforman el panorama vitivin\u00edcola espa\u00f1ol.<\/p>\n<p>La situaci\u00f3n ha venido detonada por el estr\u00e9s h\u00eddrico que ha sufrido el pa\u00eds durante los meses claves para el crecimiento de la uva. Sin embargo, esta misma sequ\u00eda es la que ha propiciado la mayor calidad del fruto, que presenta en la mayor parte de los casos un perfecto estado sanitario.<\/p>\n<p><!--more--><\/p>\n<p>Otro de los factores que se ver\u00e1n afectados por esta situaci\u00f3n es el precio de la uva: a menor oferta, pero con un producto de calidad, sube la cotizaci\u00f3n de la uva. Puede que esta situaci\u00f3n no se repita en todas las denominaciones de origen, pero s\u00ed es una tendencia bastante extendida, y que ayuda a los viticultores en un a\u00f1o que, quiz\u00e1, no ha dado todos los rendimientos esperados.<\/p>\n<p>Si bien la situaci\u00f3n es bastante similar en todas las zonas productoras, no tiene la misma repercusi\u00f3n para todos. Un buen ejemplo de ello es Bodegas Enate, perteneciente a la DO Somontano. Pese a que las condiciones climatol\u00f3gicas han sido similares, con una sequ\u00eda importante durante los meses de verano, el haber podido dar riego de apoyo a los vi\u00f1edos y el buen estado de maduraci\u00f3n y sanidad de uva, hacen que desde la bodega se considere esta vendimia de 2016 como una de las mejores de los \u00faltimos a\u00f1os.<\/p>\n<p>Pero, pese a esa merma generalizada en la producci\u00f3n, de cara al consumidor final, lo que est\u00e1 claro es que se esperan unos vinos de una calidad excelente. Sin duda, \u00a1una buena a\u00f1ada esta del 2016!<\/p>","protected":false},"excerpt":{"rendered":"<p>A estas alturas ya se puede dar por finalizada la vendimia 2016 en la mayor parte de las zonas productoras de Espa\u00f1a. Y puestos a hacer balance, el titular generalizado podr\u00eda ser el de \u2018Menor producci\u00f3n, pero mayor calidad\u2019. Esta ha sido la t\u00f3nica en pr\u00e1cticamente todas las denominaciones de origen que conforman el panorama &#8230; <a title=\"FINALITZA LA VEREMA 2016\" class=\"read-more\" href=\"https:\/\/www.aribau.es\/ca\/finaliza-la-vendimia-2016\/\" aria-label=\"M\u00e9s informaci\u00f3 sobre FINALIZA LA VENDIMIA 2016\">Llegiu m\u00e9s<\/a><\/p>","protected":false},"author":3,"featured_media":4895,"comment_status":"closed","ping_status":"closed","sticky":false,"template":"","format":"standard","meta":{"footnotes":""},"categories":[406],"tags":[421,420],"class_list":["post-4894","post","type-post","status-publish","format-standard","has-post-thumbnail","hentry","category-noticias","tag-bodegas-enate","tag-vendimia-2016"],"yoast_head":"<!-- This site is optimized with the Yoast SEO plugin v26.7 - https:\/\/yoast.com\/wordpress\/plugins\/seo\/ -->\n<title>FINALIZA LA VENDIMIA 2016 - Aribau<\/title>\n<meta name=\"robots\" content=\"index, follow, max-snippet:-1, max-image-preview:large, max-video-preview:-1\" \/>\n<link rel=\"canonical\" href=\"https:\/\/www.aribau.es\/ca\/finaliza-la-vendimia-2016\/\" \/>\n<meta property=\"og:locale\" content=\"ca_ES\" \/>\n<meta property=\"og:type\" content=\"article\" \/>\n<meta property=\"og:title\" content=\"FINALIZA LA VENDIMIA 2016 - Aribau\" \/>\n<meta property=\"og:description\" content=\"A estas alturas ya se puede dar por finalizada la vendimia 2016 en la mayor parte de las zonas productoras de Espa\u00f1a. Y puestos a hacer balance, el titular generalizado podr\u00eda ser el de \u2018Menor producci\u00f3n, pero mayor calidad\u2019. Esta ha sido la t\u00f3nica en pr\u00e1cticamente todas las denominaciones de origen que conforman el panorama ... Llegiu m\u00e9s\" \/>\n<meta property=\"og:url\" content=\"https:\/\/www.aribau.es\/ca\/finaliza-la-vendimia-2016\/\" \/>\n<meta property=\"og:site_name\" content=\"Aribau\" \/>\n<meta property=\"article:publisher\" content=\"https:\/\/www.facebook.com\/aribau1964\/\" \/>\n<meta property=\"article:published_time\" content=\"2016-10-20T15:52:12+00:00\" \/>\n<meta property=\"article:modified_time\" content=\"2021-04-26T14:35:31+00:00\" \/>\n<meta property=\"og:image\" content=\"https:\/\/www.aribau.es\/wp-content\/uploads\/2016\/10\/vendimia_enate.jpg\" \/>\n\t<meta property=\"og:image:width\" content=\"900\" \/>\n\t<meta property=\"og:image:height\" content=\"898\" \/>\n\t<meta property=\"og:image:type\" content=\"image\/jpeg\" \/>\n<meta name=\"author\" content=\"aribau\" \/>\n<meta name=\"twitter:card\" content=\"summary_large_image\" \/>\n<meta name=\"twitter:creator\" content=\"@aribau1964\" \/>\n<meta name=\"twitter:site\" content=\"@aribau1964\" \/>\n<meta name=\"twitter:label1\" content=\"Escrit per\" \/>\n\t<meta name=\"twitter:data1\" content=\"aribau\" \/>\n\t<meta name=\"twitter:label2\" content=\"Temps estimat de lectura\" \/>\n\t<meta name=\"twitter:data2\" content=\"2 minuts\" \/>\n<script type=\"application\/ld+json\" class=\"yoast-schema-graph\">{\"@context\":\"https:\/\/schema.org\",\"@graph\":[{\"@type\":\"Article\",\"@id\":\"https:\/\/www.aribau.es\/finaliza-la-vendimia-2016\/#article\",\"isPartOf\":{\"@id\":\"https:\/\/www.aribau.es\/finaliza-la-vendimia-2016\/\"},\"author\":{\"name\":\"aribau\",\"@id\":\"https:\/\/www.aribau.es\/#\/schema\/person\/77a976898b3c705ed016499633f4ffd0\"},\"headline\":\"FINALIZA LA VENDIMIA 2016\",\"datePublished\":\"2016-10-20T15:52:12+00:00\",\"dateModified\":\"2021-04-26T14:35:31+00:00\",\"mainEntityOfPage\":{\"@id\":\"https:\/\/www.aribau.es\/finaliza-la-vendimia-2016\/\"},\"wordCount\":331,\"publisher\":{\"@id\":\"https:\/\/www.aribau.es\/#organization\"},\"image\":{\"@id\":\"https:\/\/www.aribau.es\/finaliza-la-vendimia-2016\/#primaryimage\"},\"thumbnailUrl\":\"https:\/\/www.aribau.es\/wp-content\/uploads\/2016\/10\/vendimia_enate.jpg\",\"keywords\":[\"Bodegas Enate\",\"Vendimia 2016\"],\"articleSection\":[\"Noticias\"],\"inLanguage\":\"ca\"},{\"@type\":\"WebPage\",\"@id\":\"https:\/\/www.aribau.es\/finaliza-la-vendimia-2016\/\",\"url\":\"https:\/\/www.aribau.es\/finaliza-la-vendimia-2016\/\",\"name\":\"FINALIZA LA VENDIMIA 2016 - Aribau\",\"isPartOf\":{\"@id\":\"https:\/\/www.aribau.es\/#website\"},\"primaryImageOfPage\":{\"@id\":\"https:\/\/www.aribau.es\/finaliza-la-vendimia-2016\/#primaryimage\"},\"image\":{\"@id\":\"https:\/\/www.aribau.es\/finaliza-la-vendimia-2016\/#primaryimage\"},\"thumbnailUrl\":\"https:\/\/www.aribau.es\/wp-content\/uploads\/2016\/10\/vendimia_enate.jpg\",\"datePublished\":\"2016-10-20T15:52:12+00:00\",\"dateModified\":\"2021-04-26T14:35:31+00:00\",\"breadcrumb\":{\"@id\":\"https:\/\/www.aribau.es\/finaliza-la-vendimia-2016\/#breadcrumb\"},\"inLanguage\":\"ca\",\"potentialAction\":[{\"@type\":\"ReadAction\",\"target\":[\"https:\/\/www.aribau.es\/finaliza-la-vendimia-2016\/\"]}]},{\"@type\":\"ImageObject\",\"inLanguage\":\"ca\",\"@id\":\"https:\/\/www.aribau.es\/finaliza-la-vendimia-2016\/#primaryimage\",\"url\":\"https:\/\/www.aribau.es\/wp-content\/uploads\/2016\/10\/vendimia_enate.jpg\",\"contentUrl\":\"https:\/\/www.aribau.es\/wp-content\/uploads\/2016\/10\/vendimia_enate.jpg\",\"width\":900,\"height\":898},{\"@type\":\"BreadcrumbList\",\"@id\":\"https:\/\/www.aribau.es\/finaliza-la-vendimia-2016\/#breadcrumb\",\"itemListElement\":[{\"@type\":\"ListItem\",\"position\":1,\"name\":\"Portada\",\"item\":\"https:\/\/www.aribau.es\/\"},{\"@type\":\"ListItem\",\"position\":2,\"name\":\"FINALIZA LA VENDIMIA 2016\"}]},{\"@type\":\"WebSite\",\"@id\":\"https:\/\/www.aribau.es\/#website\",\"url\":\"https:\/\/www.aribau.es\/\",\"name\":\"Aribau\",\"description\":\"VINOS Y BODEGAS\",\"publisher\":{\"@id\":\"https:\/\/www.aribau.es\/#organization\"},\"potentialAction\":[{\"@type\":\"SearchAction\",\"target\":{\"@type\":\"EntryPoint\",\"urlTemplate\":\"https:\/\/www.aribau.es\/?s={search_term_string}\"},\"query-input\":{\"@type\":\"PropertyValueSpecification\",\"valueRequired\":true,\"valueName\":\"search_term_string\"}}],\"inLanguage\":\"ca\"},{\"@type\":\"Organization\",\"@id\":\"https:\/\/www.aribau.es\/#organization\",\"name\":\"Aribau\",\"url\":\"https:\/\/www.aribau.es\/\",\"logo\":{\"@type\":\"ImageObject\",\"inLanguage\":\"ca\",\"@id\":\"https:\/\/www.aribau.es\/#\/schema\/logo\/image\/\",\"url\":\"https:\/\/www.aribau.es\/wp-content\/uploads\/2022\/03\/logo.png\",\"contentUrl\":\"https:\/\/www.aribau.es\/wp-content\/uploads\/2022\/03\/logo.png\",\"width\":300,\"height\":300,\"caption\":\"Aribau\"},\"image\":{\"@id\":\"https:\/\/www.aribau.es\/#\/schema\/logo\/image\/\"},\"sameAs\":[\"https:\/\/www.facebook.com\/aribau1964\/\",\"https:\/\/x.com\/aribau1964\",\"https:\/\/www.instagram.com\/aribau1964\/\"]},{\"@type\":\"Person\",\"@id\":\"https:\/\/www.aribau.es\/#\/schema\/person\/77a976898b3c705ed016499633f4ffd0\",\"name\":\"aribau\",\"image\":{\"@type\":\"ImageObject\",\"inLanguage\":\"ca\",\"@id\":\"https:\/\/www.aribau.es\/#\/schema\/person\/image\/\",\"url\":\"https:\/\/secure.gravatar.com\/avatar\/6690491f832d5b32aa9482b978c9464816810fbff0f6658034a34c9d9657b94e?s=96&d=mm&r=g\",\"contentUrl\":\"https:\/\/secure.gravatar.com\/avatar\/6690491f832d5b32aa9482b978c9464816810fbff0f6658034a34c9d9657b94e?s=96&d=mm&r=g\",\"caption\":\"aribau\"},\"url\":\"https:\/\/www.aribau.es\/ca\/author\/aribau\/\"}]}<\/script>\n<!-- \/ Yoast SEO plugin. -->","yoast_head_json":{"title":"FINALIZA LA VENDIMIA 2016 - Aribau","robots":{"index":"index","follow":"follow","max-snippet":"max-snippet:-1","max-image-preview":"max-image-preview:large","max-video-preview":"max-video-preview:-1"},"canonical":"https:\/\/www.aribau.es\/ca\/finaliza-la-vendimia-2016\/","og_locale":"ca_ES","og_type":"article","og_title":"FINALIZA LA VENDIMIA 2016 - Aribau","og_description":"A estas alturas ya se puede dar por finalizada la vendimia 2016 en la mayor parte de las zonas productoras de Espa\u00f1a. Y puestos a hacer balance, el titular generalizado podr\u00eda ser el de \u2018Menor producci\u00f3n, pero mayor calidad\u2019. Esta ha sido la t\u00f3nica en pr\u00e1cticamente todas las denominaciones de origen que conforman el panorama ... Llegiu m\u00e9s","og_url":"https:\/\/www.aribau.es\/ca\/finaliza-la-vendimia-2016\/","og_site_name":"Aribau","article_publisher":"https:\/\/www.facebook.com\/aribau1964\/","article_published_time":"2016-10-20T15:52:12+00:00","article_modified_time":"2021-04-26T14:35:31+00:00","og_image":[{"width":900,"height":898,"url":"https:\/\/www.aribau.es\/wp-content\/uploads\/2016\/10\/vendimia_enate.jpg","type":"image\/jpeg"}],"author":"aribau","twitter_card":"summary_large_image","twitter_creator":"@aribau1964","twitter_site":"@aribau1964","twitter_misc":{"Escrit per":"aribau","Temps estimat de lectura":"2 minuts"},"schema":{"@context":"https:\/\/schema.org","@graph":[{"@type":"Article","@id":"https:\/\/www.aribau.es\/finaliza-la-vendimia-2016\/#article","isPartOf":{"@id":"https:\/\/www.aribau.es\/finaliza-la-vendimia-2016\/"},"author":{"name":"aribau","@id":"https:\/\/www.aribau.es\/#\/schema\/person\/77a976898b3c705ed016499633f4ffd0"},"headline":"FINALIZA LA VENDIMIA 2016","datePublished":"2016-10-20T15:52:12+00:00","dateModified":"2021-04-26T14:35:31+00:00","mainEntityOfPage":{"@id":"https:\/\/www.aribau.es\/finaliza-la-vendimia-2016\/"},"wordCount":331,"publisher":{"@id":"https:\/\/www.aribau.es\/#organization"},"image":{"@id":"https:\/\/www.aribau.es\/finaliza-la-vendimia-2016\/#primaryimage"},"thumbnailUrl":"https:\/\/www.aribau.es\/wp-content\/uploads\/2016\/10\/vendimia_enate.jpg","keywords":["Bodegas Enate","Vendimia 2016"],"articleSection":["Noticias"],"inLanguage":"ca"},{"@type":"WebPage","@id":"https:\/\/www.aribau.es\/finaliza-la-vendimia-2016\/","url":"https:\/\/www.aribau.es\/finaliza-la-vendimia-2016\/","name":"FINALIZA LA VENDIMIA 2016 - Aribau","isPartOf":{"@id":"https:\/\/www.aribau.es\/#website"},"primaryImageOfPage":{"@id":"https:\/\/www.aribau.es\/finaliza-la-vendimia-2016\/#primaryimage"},"image":{"@id":"https:\/\/www.aribau.es\/finaliza-la-vendimia-2016\/#primaryimage"},"thumbnailUrl":"https:\/\/www.aribau.es\/wp-content\/uploads\/2016\/10\/vendimia_enate.jpg","datePublished":"2016-10-20T15:52:12+00:00","dateModified":"2021-04-26T14:35:31+00:00","breadcrumb":{"@id":"https:\/\/www.aribau.es\/finaliza-la-vendimia-2016\/#breadcrumb"},"inLanguage":"ca","potentialAction":[{"@type":"ReadAction","target":["https:\/\/www.aribau.es\/finaliza-la-vendimia-2016\/"]}]},{"@type":"ImageObject","inLanguage":"ca","@id":"https:\/\/www.aribau.es\/finaliza-la-vendimia-2016\/#primaryimage","url":"https:\/\/www.aribau.es\/wp-content\/uploads\/2016\/10\/vendimia_enate.jpg","contentUrl":"https:\/\/www.aribau.es\/wp-content\/uploads\/2016\/10\/vendimia_enate.jpg","width":900,"height":898},{"@type":"BreadcrumbList","@id":"https:\/\/www.aribau.es\/finaliza-la-vendimia-2016\/#breadcrumb","itemListElement":[{"@type":"ListItem","position":1,"name":"Portada","item":"https:\/\/www.aribau.es\/"},{"@type":"ListItem","position":2,"name":"FINALIZA LA VENDIMIA 2016"}]},{"@type":"WebSite","@id":"https:\/\/www.aribau.es\/#website","url":"https:\/\/www.aribau.es\/","name":"Aribau","description":"VINOS Y BODEGAS","publisher":{"@id":"https:\/\/www.aribau.es\/#organization"},"potentialAction":[{"@type":"SearchAction","target":{"@type":"EntryPoint","urlTemplate":"https:\/\/www.aribau.es\/?s={search_term_string}"},"query-input":{"@type":"PropertyValueSpecification","valueRequired":true,"valueName":"search_term_string"}}],"inLanguage":"ca"},{"@type":"Organization","@id":"https:\/\/www.aribau.es\/#organization","name":"Aribau","url":"https:\/\/www.aribau.es\/","logo":{"@type":"ImageObject","inLanguage":"ca","@id":"https:\/\/www.aribau.es\/#\/schema\/logo\/image\/","url":"https:\/\/www.aribau.es\/wp-content\/uploads\/2022\/03\/logo.png","contentUrl":"https:\/\/www.aribau.es\/wp-content\/uploads\/2022\/03\/logo.png","width":300,"height":300,"caption":"Aribau"},"image":{"@id":"https:\/\/www.aribau.es\/#\/schema\/logo\/image\/"},"sameAs":["https:\/\/www.facebook.com\/aribau1964\/","https:\/\/x.com\/aribau1964","https:\/\/www.instagram.com\/aribau1964\/"]},{"@type":"Person","@id":"https:\/\/www.aribau.es\/#\/schema\/person\/77a976898b3c705ed016499633f4ffd0","name":"aribau","image":{"@type":"ImageObject","inLanguage":"ca","@id":"https:\/\/www.aribau.es\/#\/schema\/person\/image\/","url":"https:\/\/secure.gravatar.com\/avatar\/6690491f832d5b32aa9482b978c9464816810fbff0f6658034a34c9d9657b94e?s=96&d=mm&r=g","contentUrl":"https:\/\/secure.gravatar.com\/avatar\/6690491f832d5b32aa9482b978c9464816810fbff0f6658034a34c9d9657b94e?s=96&d=mm&r=g","caption":"aribau"},"url":"https:\/\/www.aribau.es\/ca\/author\/aribau\/"}]}},"_links":{"self":[{"href":"https:\/\/www.aribau.es\/ca\/wp-json\/wp\/v2\/posts\/4894","targetHints":{"allow":["GET"]}}],"collection":[{"href":"https:\/\/www.aribau.es\/ca\/wp-json\/wp\/v2\/posts"}],"about":[{"href":"https:\/\/www.aribau.es\/ca\/wp-json\/wp\/v2\/types\/post"}],"author":[{"embeddable":true,"href":"https:\/\/www.aribau.es\/ca\/wp-json\/wp\/v2\/users\/3"}],"replies":[{"embeddable":true,"href":"https:\/\/www.aribau.es\/ca\/wp-json\/wp\/v2\/comments?post=4894"}],"version-history":[{"count":1,"href":"https:\/\/www.aribau.es\/ca\/wp-json\/wp\/v2\/posts\/4894\/revisions"}],"predecessor-version":[{"id":10240,"href":"https:\/\/www.aribau.es\/ca\/wp-json\/wp\/v2\/posts\/4894\/revisions\/10240"}],"wp:featuredmedia":[{"embeddable":true,"href":"https:\/\/www.aribau.es\/ca\/wp-json\/wp\/v2\/media\/4895"}],"wp:attachment":[{"href":"https:\/\/www.aribau.es\/ca\/wp-json\/wp\/v2\/media?parent=4894"}],"wp:term":[{"taxonomy":"category","embeddable":true,"href":"https:\/\/www.aribau.es\/ca\/wp-json\/wp\/v2\/categories?post=4894"},{"taxonomy":"post_tag","embeddable":true,"href":"https:\/\/www.aribau.es\/ca\/wp-json\/wp\/v2\/tags?post=4894"}],"curies":[{"name":"wp","href":"https:\/\/api.w.org\/{rel}","templated":true}]}}