{"id":4930,"date":"2016-11-17T09:00:50","date_gmt":"2016-11-17T07:00:50","guid":{"rendered":"https:\/\/www.aribau.es\/?p=4930"},"modified":"2021-04-26T15:30:15","modified_gmt":"2021-04-26T14:30:15","slug":"un-paseo-entre-vinas-con-siglos-de-historia","status":"publish","type":"post","link":"https:\/\/www.aribau.es\/ca\/un-paseo-entre-vinas-con-siglos-de-historia\/","title":{"rendered":"PASSEJAR ENTRE LES VINYES AMB SEGLES D'HIST\u00d2RIA"},"content":{"rendered":"<p>Visitar la <strong>bodega Abad\u00eda de Poblet<\/strong> es una de esas experiencias que gustar\u00e1n tanto a los amantes de la historia como a los <em>winelovers<\/em>. Construida en el a\u00f1o 2000, se alza junto al monasterio de Poblet, un monasterio de monjes cistercienses que siguen la Regla de San Benito desde su fundaci\u00f3n en 1150.<\/p>\n<p>Fueron ellos, los monjes de Poblet, los que ya en el siglo XVI trajeron desde Borgo\u00f1a los conocimientos necesarios para trabajar la uva Pinot Noir, el s\u00edmbolo diferenciador de este proyecto que debe su creaci\u00f3n al deseo de la antigua comunidad cisterciense por recuperar la tradici\u00f3n vin\u00edcola de este territorio.<\/p>\n<p><!--more--><\/p>\n<p>Fue el <strong>grupo <a href=\"http:\/\/www.codorniuraventos.com\/es\" target=\"_blank\" rel=\"noopener\">Codorn\u00edu Ravent\u00f3s<\/a><\/strong> quien all\u00e1 por los a\u00f1os 80 acord\u00f3 con la comunidad monacal de Poblet la explotaci\u00f3n del vi\u00f1edo. Se sentaban entonces las bases de un proyecto que ha supuesto una profunda remodelaci\u00f3n del espacio intramuros y la plantaci\u00f3n de la Pinot Noir.<\/p>\n<p><strong>La bodega<\/strong><\/p>\n<p><a href=\"https:\/\/www.aribau.es\/wp-content\/uploads\/2016\/11\/Abadia-de-Poblet.jpg\"><img fetchpriority=\"high\" decoding=\"async\" class=\"wp-image-4931 aligncenter\" src=\"https:\/\/www.aribau.es\/wp-content\/uploads\/2016\/11\/Abadia-de-Poblet.jpg\" alt=\"abadia-de-poblet\" width=\"650\" height=\"484\" srcset=\"https:\/\/www.aribau.es\/wp-content\/uploads\/2016\/11\/Abadia-de-Poblet.jpg 850w, https:\/\/www.aribau.es\/wp-content\/uploads\/2016\/11\/Abadia-de-Poblet-300x223.jpg 300w, https:\/\/www.aribau.es\/wp-content\/uploads\/2016\/11\/Abadia-de-Poblet-768x572.jpg 768w\" sizes=\"(max-width: 650px) 100vw, 650px\" \/><\/a>Con las vi\u00f1as ya adultas, le lleg\u00f3 el turno a la construcci\u00f3n de la bodega. En el proyecto se mantuvieron intactos elementos arquitect\u00f3nicos del siglo XIX como las b\u00f3vedas catalanas y los arcos de obra vista. El portal y las ventanas g\u00f3ticas de la fachada proceden de una antigua edificaci\u00f3n abacial del siglo XV.<\/p>\n<p>Ahora, varios a\u00f1os despu\u00e9s, Abad\u00eda del Poblet se ha convertido en una bodega experta en la uva Pinot Noir, as\u00ed como pionera en el cultivo de esta uva en Catalu\u00f1a. Su situaci\u00f3n geogr\u00e1fica hace de su terreno un espacio inmejorable para el cultivo de esta uva, de producci\u00f3n muy limitada y totalmente artesanal, que da lugar a unos vinos excepcionales, amparados bajo la <a href=\"http:\/\/www.doconcadebarbera.com\/\" target=\"_blank\" rel=\"noopener\">Denominaci\u00f3n de Origen Conca de Barber\u00e0<\/a>.<\/p>","protected":false},"excerpt":{"rendered":"<p>Visitar la bodega Abad\u00eda de Poblet es una de esas experiencias que gustar\u00e1n tanto a los amantes de la historia como a los winelovers. Construida en el a\u00f1o 2000, se alza junto al monasterio de Poblet, un monasterio de monjes cistercienses que siguen la Regla de San Benito desde su fundaci\u00f3n en 1150. Fueron ellos, &#8230; <a title=\"PASSEJAR ENTRE LES VINYES AMB SEGLES D&#039;HIST\u00d2RIA\" class=\"read-more\" href=\"https:\/\/www.aribau.es\/ca\/un-paseo-entre-vinas-con-siglos-de-historia\/\" aria-label=\"M\u00e9s informaci\u00f3 sobre UN PASEO ENTRE VI\u00d1AS CON SIGLOS DE HISTORIA\">Llegiu m\u00e9s<\/a><\/p>","protected":false},"author":3,"featured_media":4933,"comment_status":"closed","ping_status":"closed","sticky":false,"template":"","format":"standard","meta":{"footnotes":""},"categories":[406],"tags":[371,415],"class_list":["post-4930","post","type-post","status-publish","format-standard","has-post-thumbnail","hentry","category-noticias","tag-abadia-de-poblet","tag-codorniu"],"yoast_head":"<!-- This site is optimized with the Yoast SEO plugin v26.7 - https:\/\/yoast.com\/wordpress\/plugins\/seo\/ -->\n<title>UN PASEO ENTRE VI\u00d1AS CON SIGLOS DE HISTORIA - Aribau<\/title>\n<meta name=\"robots\" content=\"index, follow, max-snippet:-1, max-image-preview:large, max-video-preview:-1\" \/>\n<link rel=\"canonical\" href=\"https:\/\/www.aribau.es\/ca\/un-paseo-entre-vinas-con-siglos-de-historia\/\" \/>\n<meta property=\"og:locale\" content=\"ca_ES\" \/>\n<meta property=\"og:type\" content=\"article\" \/>\n<meta property=\"og:title\" content=\"UN PASEO ENTRE VI\u00d1AS CON SIGLOS DE HISTORIA - Aribau\" \/>\n<meta property=\"og:description\" content=\"Visitar la bodega Abad\u00eda de Poblet es una de esas experiencias que gustar\u00e1n tanto a los amantes de la historia como a los winelovers. Construida en el a\u00f1o 2000, se alza junto al monasterio de Poblet, un monasterio de monjes cistercienses que siguen la Regla de San Benito desde su fundaci\u00f3n en 1150. Fueron ellos, ... Llegiu m\u00e9s\" \/>\n<meta property=\"og:url\" content=\"https:\/\/www.aribau.es\/ca\/un-paseo-entre-vinas-con-siglos-de-historia\/\" \/>\n<meta property=\"og:site_name\" content=\"Aribau\" \/>\n<meta property=\"article:publisher\" content=\"https:\/\/www.facebook.com\/aribau1964\/\" \/>\n<meta property=\"article:published_time\" content=\"2016-11-17T07:00:50+00:00\" \/>\n<meta property=\"article:modified_time\" content=\"2021-04-26T14:30:15+00:00\" \/>\n<meta property=\"og:image\" content=\"https:\/\/www.aribau.es\/wp-content\/uploads\/2016\/11\/poblet-01.jpg\" \/>\n\t<meta property=\"og:image:width\" content=\"850\" \/>\n\t<meta property=\"og:image:height\" content=\"361\" \/>\n\t<meta property=\"og:image:type\" content=\"image\/jpeg\" \/>\n<meta name=\"author\" content=\"aribau\" \/>\n<meta name=\"twitter:card\" content=\"summary_large_image\" \/>\n<meta name=\"twitter:creator\" content=\"@aribau1964\" \/>\n<meta name=\"twitter:site\" content=\"@aribau1964\" \/>\n<meta name=\"twitter:label1\" content=\"Escrit per\" \/>\n\t<meta name=\"twitter:data1\" content=\"aribau\" \/>\n\t<meta name=\"twitter:label2\" content=\"Temps estimat de lectura\" \/>\n\t<meta name=\"twitter:data2\" content=\"2 minuts\" \/>\n<script type=\"application\/ld+json\" class=\"yoast-schema-graph\">{\"@context\":\"https:\/\/schema.org\",\"@graph\":[{\"@type\":\"Article\",\"@id\":\"https:\/\/www.aribau.es\/un-paseo-entre-vinas-con-siglos-de-historia\/#article\",\"isPartOf\":{\"@id\":\"https:\/\/www.aribau.es\/un-paseo-entre-vinas-con-siglos-de-historia\/\"},\"author\":{\"name\":\"aribau\",\"@id\":\"https:\/\/www.aribau.es\/#\/schema\/person\/77a976898b3c705ed016499633f4ffd0\"},\"headline\":\"UN PASEO ENTRE VI\u00d1AS CON SIGLOS DE HISTORIA\",\"datePublished\":\"2016-11-17T07:00:50+00:00\",\"dateModified\":\"2021-04-26T14:30:15+00:00\",\"mainEntityOfPage\":{\"@id\":\"https:\/\/www.aribau.es\/un-paseo-entre-vinas-con-siglos-de-historia\/\"},\"wordCount\":310,\"publisher\":{\"@id\":\"https:\/\/www.aribau.es\/#organization\"},\"image\":{\"@id\":\"https:\/\/www.aribau.es\/un-paseo-entre-vinas-con-siglos-de-historia\/#primaryimage\"},\"thumbnailUrl\":\"https:\/\/www.aribau.es\/wp-content\/uploads\/2016\/11\/poblet-01.jpg\",\"keywords\":[\"Abadia de Poblet\",\"Codorn\u00edu\"],\"articleSection\":[\"Noticias\"],\"inLanguage\":\"ca\"},{\"@type\":\"WebPage\",\"@id\":\"https:\/\/www.aribau.es\/un-paseo-entre-vinas-con-siglos-de-historia\/\",\"url\":\"https:\/\/www.aribau.es\/un-paseo-entre-vinas-con-siglos-de-historia\/\",\"name\":\"UN PASEO ENTRE VI\u00d1AS CON SIGLOS DE HISTORIA - Aribau\",\"isPartOf\":{\"@id\":\"https:\/\/www.aribau.es\/#website\"},\"primaryImageOfPage\":{\"@id\":\"https:\/\/www.aribau.es\/un-paseo-entre-vinas-con-siglos-de-historia\/#primaryimage\"},\"image\":{\"@id\":\"https:\/\/www.aribau.es\/un-paseo-entre-vinas-con-siglos-de-historia\/#primaryimage\"},\"thumbnailUrl\":\"https:\/\/www.aribau.es\/wp-content\/uploads\/2016\/11\/poblet-01.jpg\",\"datePublished\":\"2016-11-17T07:00:50+00:00\",\"dateModified\":\"2021-04-26T14:30:15+00:00\",\"breadcrumb\":{\"@id\":\"https:\/\/www.aribau.es\/un-paseo-entre-vinas-con-siglos-de-historia\/#breadcrumb\"},\"inLanguage\":\"ca\",\"potentialAction\":[{\"@type\":\"ReadAction\",\"target\":[\"https:\/\/www.aribau.es\/un-paseo-entre-vinas-con-siglos-de-historia\/\"]}]},{\"@type\":\"ImageObject\",\"inLanguage\":\"ca\",\"@id\":\"https:\/\/www.aribau.es\/un-paseo-entre-vinas-con-siglos-de-historia\/#primaryimage\",\"url\":\"https:\/\/www.aribau.es\/wp-content\/uploads\/2016\/11\/poblet-01.jpg\",\"contentUrl\":\"https:\/\/www.aribau.es\/wp-content\/uploads\/2016\/11\/poblet-01.jpg\",\"width\":850,\"height\":361},{\"@type\":\"BreadcrumbList\",\"@id\":\"https:\/\/www.aribau.es\/un-paseo-entre-vinas-con-siglos-de-historia\/#breadcrumb\",\"itemListElement\":[{\"@type\":\"ListItem\",\"position\":1,\"name\":\"Portada\",\"item\":\"https:\/\/www.aribau.es\/\"},{\"@type\":\"ListItem\",\"position\":2,\"name\":\"UN PASEO ENTRE VI\u00d1AS CON SIGLOS DE HISTORIA\"}]},{\"@type\":\"WebSite\",\"@id\":\"https:\/\/www.aribau.es\/#website\",\"url\":\"https:\/\/www.aribau.es\/\",\"name\":\"Aribau\",\"description\":\"VINOS Y BODEGAS\",\"publisher\":{\"@id\":\"https:\/\/www.aribau.es\/#organization\"},\"potentialAction\":[{\"@type\":\"SearchAction\",\"target\":{\"@type\":\"EntryPoint\",\"urlTemplate\":\"https:\/\/www.aribau.es\/?s={search_term_string}\"},\"query-input\":{\"@type\":\"PropertyValueSpecification\",\"valueRequired\":true,\"valueName\":\"search_term_string\"}}],\"inLanguage\":\"ca\"},{\"@type\":\"Organization\",\"@id\":\"https:\/\/www.aribau.es\/#organization\",\"name\":\"Aribau\",\"url\":\"https:\/\/www.aribau.es\/\",\"logo\":{\"@type\":\"ImageObject\",\"inLanguage\":\"ca\",\"@id\":\"https:\/\/www.aribau.es\/#\/schema\/logo\/image\/\",\"url\":\"https:\/\/www.aribau.es\/wp-content\/uploads\/2022\/03\/logo.png\",\"contentUrl\":\"https:\/\/www.aribau.es\/wp-content\/uploads\/2022\/03\/logo.png\",\"width\":300,\"height\":300,\"caption\":\"Aribau\"},\"image\":{\"@id\":\"https:\/\/www.aribau.es\/#\/schema\/logo\/image\/\"},\"sameAs\":[\"https:\/\/www.facebook.com\/aribau1964\/\",\"https:\/\/x.com\/aribau1964\",\"https:\/\/www.instagram.com\/aribau1964\/\"]},{\"@type\":\"Person\",\"@id\":\"https:\/\/www.aribau.es\/#\/schema\/person\/77a976898b3c705ed016499633f4ffd0\",\"name\":\"aribau\",\"image\":{\"@type\":\"ImageObject\",\"inLanguage\":\"ca\",\"@id\":\"https:\/\/www.aribau.es\/#\/schema\/person\/image\/\",\"url\":\"https:\/\/secure.gravatar.com\/avatar\/6690491f832d5b32aa9482b978c9464816810fbff0f6658034a34c9d9657b94e?s=96&d=mm&r=g\",\"contentUrl\":\"https:\/\/secure.gravatar.com\/avatar\/6690491f832d5b32aa9482b978c9464816810fbff0f6658034a34c9d9657b94e?s=96&d=mm&r=g\",\"caption\":\"aribau\"},\"url\":\"https:\/\/www.aribau.es\/ca\/author\/aribau\/\"}]}<\/script>\n<!-- \/ Yoast SEO plugin. -->","yoast_head_json":{"title":"UN PASEO ENTRE VI\u00d1AS CON SIGLOS DE HISTORIA - Aribau","robots":{"index":"index","follow":"follow","max-snippet":"max-snippet:-1","max-image-preview":"max-image-preview:large","max-video-preview":"max-video-preview:-1"},"canonical":"https:\/\/www.aribau.es\/ca\/un-paseo-entre-vinas-con-siglos-de-historia\/","og_locale":"ca_ES","og_type":"article","og_title":"UN PASEO ENTRE VI\u00d1AS CON SIGLOS DE HISTORIA - Aribau","og_description":"Visitar la bodega Abad\u00eda de Poblet es una de esas experiencias que gustar\u00e1n tanto a los amantes de la historia como a los winelovers. Construida en el a\u00f1o 2000, se alza junto al monasterio de Poblet, un monasterio de monjes cistercienses que siguen la Regla de San Benito desde su fundaci\u00f3n en 1150. Fueron ellos, ... Llegiu m\u00e9s","og_url":"https:\/\/www.aribau.es\/ca\/un-paseo-entre-vinas-con-siglos-de-historia\/","og_site_name":"Aribau","article_publisher":"https:\/\/www.facebook.com\/aribau1964\/","article_published_time":"2016-11-17T07:00:50+00:00","article_modified_time":"2021-04-26T14:30:15+00:00","og_image":[{"width":850,"height":361,"url":"https:\/\/www.aribau.es\/wp-content\/uploads\/2016\/11\/poblet-01.jpg","type":"image\/jpeg"}],"author":"aribau","twitter_card":"summary_large_image","twitter_creator":"@aribau1964","twitter_site":"@aribau1964","twitter_misc":{"Escrit per":"aribau","Temps estimat de lectura":"2 minuts"},"schema":{"@context":"https:\/\/schema.org","@graph":[{"@type":"Article","@id":"https:\/\/www.aribau.es\/un-paseo-entre-vinas-con-siglos-de-historia\/#article","isPartOf":{"@id":"https:\/\/www.aribau.es\/un-paseo-entre-vinas-con-siglos-de-historia\/"},"author":{"name":"aribau","@id":"https:\/\/www.aribau.es\/#\/schema\/person\/77a976898b3c705ed016499633f4ffd0"},"headline":"UN PASEO ENTRE VI\u00d1AS CON SIGLOS DE HISTORIA","datePublished":"2016-11-17T07:00:50+00:00","dateModified":"2021-04-26T14:30:15+00:00","mainEntityOfPage":{"@id":"https:\/\/www.aribau.es\/un-paseo-entre-vinas-con-siglos-de-historia\/"},"wordCount":310,"publisher":{"@id":"https:\/\/www.aribau.es\/#organization"},"image":{"@id":"https:\/\/www.aribau.es\/un-paseo-entre-vinas-con-siglos-de-historia\/#primaryimage"},"thumbnailUrl":"https:\/\/www.aribau.es\/wp-content\/uploads\/2016\/11\/poblet-01.jpg","keywords":["Abadia de Poblet","Codorn\u00edu"],"articleSection":["Noticias"],"inLanguage":"ca"},{"@type":"WebPage","@id":"https:\/\/www.aribau.es\/un-paseo-entre-vinas-con-siglos-de-historia\/","url":"https:\/\/www.aribau.es\/un-paseo-entre-vinas-con-siglos-de-historia\/","name":"UN PASEO ENTRE VI\u00d1AS CON SIGLOS DE HISTORIA - Aribau","isPartOf":{"@id":"https:\/\/www.aribau.es\/#website"},"primaryImageOfPage":{"@id":"https:\/\/www.aribau.es\/un-paseo-entre-vinas-con-siglos-de-historia\/#primaryimage"},"image":{"@id":"https:\/\/www.aribau.es\/un-paseo-entre-vinas-con-siglos-de-historia\/#primaryimage"},"thumbnailUrl":"https:\/\/www.aribau.es\/wp-content\/uploads\/2016\/11\/poblet-01.jpg","datePublished":"2016-11-17T07:00:50+00:00","dateModified":"2021-04-26T14:30:15+00:00","breadcrumb":{"@id":"https:\/\/www.aribau.es\/un-paseo-entre-vinas-con-siglos-de-historia\/#breadcrumb"},"inLanguage":"ca","potentialAction":[{"@type":"ReadAction","target":["https:\/\/www.aribau.es\/un-paseo-entre-vinas-con-siglos-de-historia\/"]}]},{"@type":"ImageObject","inLanguage":"ca","@id":"https:\/\/www.aribau.es\/un-paseo-entre-vinas-con-siglos-de-historia\/#primaryimage","url":"https:\/\/www.aribau.es\/wp-content\/uploads\/2016\/11\/poblet-01.jpg","contentUrl":"https:\/\/www.aribau.es\/wp-content\/uploads\/2016\/11\/poblet-01.jpg","width":850,"height":361},{"@type":"BreadcrumbList","@id":"https:\/\/www.aribau.es\/un-paseo-entre-vinas-con-siglos-de-historia\/#breadcrumb","itemListElement":[{"@type":"ListItem","position":1,"name":"Portada","item":"https:\/\/www.aribau.es\/"},{"@type":"ListItem","position":2,"name":"UN PASEO ENTRE VI\u00d1AS CON SIGLOS DE HISTORIA"}]},{"@type":"WebSite","@id":"https:\/\/www.aribau.es\/#website","url":"https:\/\/www.aribau.es\/","name":"Aribau","description":"VINOS Y BODEGAS","publisher":{"@id":"https:\/\/www.aribau.es\/#organization"},"potentialAction":[{"@type":"SearchAction","target":{"@type":"EntryPoint","urlTemplate":"https:\/\/www.aribau.es\/?s={search_term_string}"},"query-input":{"@type":"PropertyValueSpecification","valueRequired":true,"valueName":"search_term_string"}}],"inLanguage":"ca"},{"@type":"Organization","@id":"https:\/\/www.aribau.es\/#organization","name":"Aribau","url":"https:\/\/www.aribau.es\/","logo":{"@type":"ImageObject","inLanguage":"ca","@id":"https:\/\/www.aribau.es\/#\/schema\/logo\/image\/","url":"https:\/\/www.aribau.es\/wp-content\/uploads\/2022\/03\/logo.png","contentUrl":"https:\/\/www.aribau.es\/wp-content\/uploads\/2022\/03\/logo.png","width":300,"height":300,"caption":"Aribau"},"image":{"@id":"https:\/\/www.aribau.es\/#\/schema\/logo\/image\/"},"sameAs":["https:\/\/www.facebook.com\/aribau1964\/","https:\/\/x.com\/aribau1964","https:\/\/www.instagram.com\/aribau1964\/"]},{"@type":"Person","@id":"https:\/\/www.aribau.es\/#\/schema\/person\/77a976898b3c705ed016499633f4ffd0","name":"aribau","image":{"@type":"ImageObject","inLanguage":"ca","@id":"https:\/\/www.aribau.es\/#\/schema\/person\/image\/","url":"https:\/\/secure.gravatar.com\/avatar\/6690491f832d5b32aa9482b978c9464816810fbff0f6658034a34c9d9657b94e?s=96&d=mm&r=g","contentUrl":"https:\/\/secure.gravatar.com\/avatar\/6690491f832d5b32aa9482b978c9464816810fbff0f6658034a34c9d9657b94e?s=96&d=mm&r=g","caption":"aribau"},"url":"https:\/\/www.aribau.es\/ca\/author\/aribau\/"}]}},"_links":{"self":[{"href":"https:\/\/www.aribau.es\/ca\/wp-json\/wp\/v2\/posts\/4930","targetHints":{"allow":["GET"]}}],"collection":[{"href":"https:\/\/www.aribau.es\/ca\/wp-json\/wp\/v2\/posts"}],"about":[{"href":"https:\/\/www.aribau.es\/ca\/wp-json\/wp\/v2\/types\/post"}],"author":[{"embeddable":true,"href":"https:\/\/www.aribau.es\/ca\/wp-json\/wp\/v2\/users\/3"}],"replies":[{"embeddable":true,"href":"https:\/\/www.aribau.es\/ca\/wp-json\/wp\/v2\/comments?post=4930"}],"version-history":[{"count":1,"href":"https:\/\/www.aribau.es\/ca\/wp-json\/wp\/v2\/posts\/4930\/revisions"}],"predecessor-version":[{"id":10233,"href":"https:\/\/www.aribau.es\/ca\/wp-json\/wp\/v2\/posts\/4930\/revisions\/10233"}],"wp:featuredmedia":[{"embeddable":true,"href":"https:\/\/www.aribau.es\/ca\/wp-json\/wp\/v2\/media\/4933"}],"wp:attachment":[{"href":"https:\/\/www.aribau.es\/ca\/wp-json\/wp\/v2\/media?parent=4930"}],"wp:term":[{"taxonomy":"category","embeddable":true,"href":"https:\/\/www.aribau.es\/ca\/wp-json\/wp\/v2\/categories?post=4930"},{"taxonomy":"post_tag","embeddable":true,"href":"https:\/\/www.aribau.es\/ca\/wp-json\/wp\/v2\/tags?post=4930"}],"curies":[{"name":"wp","href":"https:\/\/api.w.org\/{rel}","templated":true}]}}