{"id":5124,"date":"2016-12-29T12:20:51","date_gmt":"2016-12-29T10:20:51","guid":{"rendered":"https:\/\/www.aribau.es\/?p=5124"},"modified":"2021-04-26T15:23:23","modified_gmt":"2021-04-26T14:23:23","slug":"deja-que-te-acompanemos-en-la-ultima-cena-del-ano","status":"publish","type":"post","link":"https:\/\/www.aribau.es\/ca\/deja-que-te-acompanemos-en-la-ultima-cena-del-ano\/","title":{"rendered":"DEIXA'NS QUE T'ACOMPANYEM DURANT L'\u00daLTIM SOPAR DE L'ANY"},"content":{"rendered":"<p>Primera fase de las fiestas superada. Casi sin darnos cuenta ya hemos dejado atr\u00e1s Nochebuena, Navidad y San Esteban. Pero a la vuelta de la esquina tenemos ya la segunda etapa de las fiestas navide\u00f1as: Nochevieja y A\u00f1o Nuevo.<\/p>\n<p>De nuevo comilonas, brindis, turrones y, ahora, \u00a1tambi\u00e9n las uvas! Todo un plan gastron\u00f3mico que debemos tener bien pensado y organizado para que no falle nada. Y, por supuesto, \u00a1que no falten los vinos! Desde Aribau, estar\u00edamos encantados de acompa\u00f1arte en esta \u00faltima cena del a\u00f1o, y qu\u00e9 mejor manera de hacerlo que con algunos de los vinos de nuestra cosecha propia. Sin duda, la forma m\u00e1s personal que tenemos de despedir este 2016 contigo. Toma buena nota.<\/p>\n<p><!--more--><\/p>\n<p><strong>Aperitivo con un vasito de <\/strong><a href=\"https:\/\/www.aribau.es\/ca\/bertsolari-2\/\" target=\"_blank\" rel=\"noopener\"><strong><em>Bertsolari<\/em><\/strong><\/a><\/p>\n<p><a href=\"https:\/\/www.aribau.es\/wp-content\/uploads\/2014\/06\/bertsolari-e1475666068440.jpg\"><img decoding=\"async\" class=\"size-medium wp-image-4198 alignleft\" src=\"https:\/\/www.aribau.es\/wp-content\/uploads\/2014\/06\/bertsolari-121x300.jpg\" alt=\"bertsolari\" width=\"121\" height=\"300\" \/><\/a>Una buena manera de ir recibiendo a los invitados y hacer tiempo hasta que lleguen todos es tomando un vermut. Vale, de acuerdo, no nos vamos a hinchar a comer patatas y olivas en un d\u00eda en el que tenemos toda una larga lista de platos por delante, pero s\u00ed podemos aprovechar para hacer un aperitivo m\u00e1s chic o incluso para empezar a adelantar platos -embutido, queso\u2026- para que, nunca mejor dicho, no nos den las uvas.<\/p>\n<p><strong>Llegan los mariscos. Abre un blanco<a href=\"https:\/\/www.aribau.es\/wp-content\/uploads\/2014\/06\/itantblanco.png\"><img decoding=\"async\" class=\"alignright wp-image-3693\" src=\"https:\/\/www.aribau.es\/wp-content\/uploads\/2014\/06\/itantblanco-120x300.png\" alt=\"itantblanco\" width=\"103\" height=\"258\" \/><\/a><\/strong><\/p>\n<p>S\u00ed, ya sabemos que no hace falta ser tan cl\u00e1sico: ni los blancos tienen que ser siempre para el pescado, ni los tintos para la carne. Pero bueno, por si a nuestros invitados les gusta seguir la tradici\u00f3n, mejor no cambiar los h\u00e1bitos. As\u00ed pues, nuestro <a href=\"https:\/\/www.aribau.es\/ca\/i-tant-blanco\/\" target=\"_blank\" rel=\"noopener\"><strong><em>I Tant Blanc<\/em><\/strong><\/a> ser\u00e1 el acompa\u00f1amiento perfecto para las gambas, los langostinos a la plancha y el besugo al horno. Un 100% Garnacha blanca, con Denominaci\u00f3n de Origen Terra Alta, del que ser\u00e1 mejor que tengas m\u00e1s de una botella en fr\u00edo porque, seguro, volar\u00e1.<\/p>\n<p><strong>Y con las carnes, es el momento del tinto<\/strong><\/p>\n<p><a href=\"https:\/\/www.aribau.es\/wp-content\/uploads\/2014\/06\/que-si.jpg\"><img decoding=\"async\" class=\"alignleft size-medium wp-image-4210\" src=\"https:\/\/www.aribau.es\/wp-content\/uploads\/2014\/06\/que-si-121x300.jpg\" alt=\"que-si\" width=\"121\" height=\"300\" \/><\/a>El mejor complemento del blanco <em>I tant<\/em>, es el tinto <a href=\"https:\/\/www.aribau.es\/ca\/que-si\/\" target=\"_blank\" rel=\"noopener\"><strong><em>Que s<\/em><\/strong><strong><em>\u00ed<\/em><\/strong><strong><em>!<\/em><\/strong><\/a> Adem\u00e1s de por el juego de palabras, porque son vinos que permiten disfrutar de la autenticidad de las garnachas del Mediterr\u00e1neo en todo su esplendor. Elaborado a base de Garnacha tinta y Cari\u00f1ena, este crianza con Denominaci\u00f3n de Origen Calificada Priorat har\u00e1 las delicias de aquellos que disfrutan con los vinos intensos y con cuerpo. Vamos, que ser\u00e1 la pareja perfecta para el cordero asado.<\/p>\n<p><strong>Llegan los postres y, c<\/strong><strong>\u00f3<\/strong><strong>mo no, las uvas<a href=\"https:\/\/www.aribau.es\/wp-content\/uploads\/2016\/04\/CAVA-MAR-SALADA.jpg\"><img loading=\"lazy\" decoding=\"async\" class=\"alignright size-medium wp-image-4318\" src=\"https:\/\/www.aribau.es\/wp-content\/uploads\/2016\/04\/CAVA-MAR-SALADA-121x300.jpg\" alt=\"CAVA-MAR-SALADA\" width=\"121\" height=\"300\" \/><\/a><\/strong><\/p>\n<p>La \u00faltima parada de la noche nos sit\u00faa a todos frente al televisor, racimo de uvas en mano y dispuestos a dejar atr\u00e1s este 2016 para enfrentarse al reci\u00e9n estrenado a\u00f1o nuevo. Una vez que consigamos comernos las 12 uvas -nadie dijo que fuera f\u00e1cil- llega el momento del primer brindis del a\u00f1o, ese en el que nos regalamos nuestros mejores deseos entre abrazos y besos. Y ah\u00ed, en ese preciso momento, es donde m\u00e1s deseamos estar contigo. Nuestra presencia materializada en forma de cava para el brindis. <a href=\"https:\/\/www.aribau.es\/ca\/mar-salada-cava\/\" target=\"_blank\" rel=\"noopener\"><strong><em>Mar Salada<\/em><\/strong><\/a> es un cava joven elaborado a base de Xarel\u00b7lo, Macabeo y Parellada, tres variedades aut\u00f3ctonas del Pened\u00e8s, que le aportan cuerpo y estructura adem\u00e1s de elegancia y una ligera acidez c\u00edtrica.<\/p>\n<p>Y llegados a este punto, s\u00f3lo nos queda desearos un \u00a1Feliz 2017 cargado de buen vino y en la mejor compa\u00f1\u00eda! \u00a1Salud!<\/p>","protected":false},"excerpt":{"rendered":"<p>Primera fase de las fiestas superada. Casi sin darnos cuenta ya hemos dejado atr\u00e1s Nochebuena, Navidad y San Esteban. Pero a la vuelta de la esquina tenemos ya la segunda etapa de las fiestas navide\u00f1as: Nochevieja y A\u00f1o Nuevo. De nuevo comilonas, brindis, turrones y, ahora, \u00a1tambi\u00e9n las uvas! Todo un plan gastron\u00f3mico que debemos &#8230; <a title=\"DEIXA&#039;NS QUE T&#039;ACOMPANYEM DURANT L&#039;\u00daLTIM SOPAR DE L&#039;ANY\" class=\"read-more\" href=\"https:\/\/www.aribau.es\/ca\/deja-que-te-acompanemos-en-la-ultima-cena-del-ano\/\" aria-label=\"M\u00e9s informaci\u00f3 sobre DEJA QUE TE ACOMPA\u00d1EMOS EN LA \u00daLTIMA CENA DEL A\u00d1O\">Llegiu m\u00e9s<\/a><\/p>","protected":false},"author":3,"featured_media":5127,"comment_status":"closed","ping_status":"closed","sticky":false,"template":"","format":"standard","meta":{"footnotes":""},"categories":[406],"tags":[439,440,396,360,441],"class_list":["post-5124","post","type-post","status-publish","format-standard","has-post-thumbnail","hentry","category-noticias","tag-bertsolari","tag-i-tant","tag-mar-salada","tag-maridaje","tag-que-si"],"yoast_head":"<!-- This site is optimized with the Yoast SEO plugin v26.7 - https:\/\/yoast.com\/wordpress\/plugins\/seo\/ -->\n<title>DEJA QUE TE ACOMPA\u00d1EMOS EN LA \u00daLTIMA CENA DEL A\u00d1O - Aribau<\/title>\n<meta name=\"robots\" content=\"index, follow, max-snippet:-1, max-image-preview:large, max-video-preview:-1\" \/>\n<link rel=\"canonical\" href=\"https:\/\/www.aribau.es\/ca\/deja-que-te-acompanemos-en-la-ultima-cena-del-ano\/\" \/>\n<meta property=\"og:locale\" content=\"ca_ES\" \/>\n<meta property=\"og:type\" content=\"article\" \/>\n<meta property=\"og:title\" content=\"DEJA QUE TE ACOMPA\u00d1EMOS EN LA \u00daLTIMA CENA DEL A\u00d1O - Aribau\" \/>\n<meta property=\"og:description\" content=\"Primera fase de las fiestas superada. Casi sin darnos cuenta ya hemos dejado atr\u00e1s Nochebuena, Navidad y San Esteban. Pero a la vuelta de la esquina tenemos ya la segunda etapa de las fiestas navide\u00f1as: Nochevieja y A\u00f1o Nuevo. De nuevo comilonas, brindis, turrones y, ahora, \u00a1tambi\u00e9n las uvas! Todo un plan gastron\u00f3mico que debemos ... Llegiu m\u00e9s\" \/>\n<meta property=\"og:url\" content=\"https:\/\/www.aribau.es\/ca\/deja-que-te-acompanemos-en-la-ultima-cena-del-ano\/\" \/>\n<meta property=\"og:site_name\" content=\"Aribau\" \/>\n<meta property=\"article:publisher\" content=\"https:\/\/www.facebook.com\/aribau1964\/\" \/>\n<meta property=\"article:published_time\" content=\"2016-12-29T10:20:51+00:00\" \/>\n<meta property=\"article:modified_time\" content=\"2021-04-26T14:23:23+00:00\" \/>\n<meta property=\"og:image\" content=\"https:\/\/www.aribau.es\/wp-content\/uploads\/2016\/12\/aribau_navidad.png\" \/>\n\t<meta property=\"og:image:width\" content=\"850\" \/>\n\t<meta property=\"og:image:height\" content=\"418\" \/>\n\t<meta property=\"og:image:type\" content=\"image\/png\" \/>\n<meta name=\"author\" content=\"aribau\" \/>\n<meta name=\"twitter:card\" content=\"summary_large_image\" \/>\n<meta name=\"twitter:creator\" content=\"@aribau1964\" \/>\n<meta name=\"twitter:site\" content=\"@aribau1964\" \/>\n<meta name=\"twitter:label1\" content=\"Escrit per\" \/>\n\t<meta name=\"twitter:data1\" content=\"aribau\" \/>\n\t<meta name=\"twitter:label2\" content=\"Temps estimat de lectura\" \/>\n\t<meta name=\"twitter:data2\" content=\"3 minuts\" \/>\n<script type=\"application\/ld+json\" class=\"yoast-schema-graph\">{\"@context\":\"https:\/\/schema.org\",\"@graph\":[{\"@type\":\"Article\",\"@id\":\"https:\/\/www.aribau.es\/deja-que-te-acompanemos-en-la-ultima-cena-del-ano\/#article\",\"isPartOf\":{\"@id\":\"https:\/\/www.aribau.es\/deja-que-te-acompanemos-en-la-ultima-cena-del-ano\/\"},\"author\":{\"name\":\"aribau\",\"@id\":\"https:\/\/www.aribau.es\/#\/schema\/person\/77a976898b3c705ed016499633f4ffd0\"},\"headline\":\"DEJA QUE TE ACOMPA\u00d1EMOS EN LA \u00daLTIMA CENA DEL A\u00d1O\",\"datePublished\":\"2016-12-29T10:20:51+00:00\",\"dateModified\":\"2021-04-26T14:23:23+00:00\",\"mainEntityOfPage\":{\"@id\":\"https:\/\/www.aribau.es\/deja-que-te-acompanemos-en-la-ultima-cena-del-ano\/\"},\"wordCount\":579,\"publisher\":{\"@id\":\"https:\/\/www.aribau.es\/#organization\"},\"image\":{\"@id\":\"https:\/\/www.aribau.es\/deja-que-te-acompanemos-en-la-ultima-cena-del-ano\/#primaryimage\"},\"thumbnailUrl\":\"https:\/\/www.aribau.es\/wp-content\/uploads\/2016\/12\/aribau_navidad.png\",\"keywords\":[\"Bertsolari\",\"I Tant\",\"Mar Salada\",\"maridaje\",\"Que s\u00ed!\"],\"articleSection\":[\"Noticias\"],\"inLanguage\":\"ca\"},{\"@type\":\"WebPage\",\"@id\":\"https:\/\/www.aribau.es\/deja-que-te-acompanemos-en-la-ultima-cena-del-ano\/\",\"url\":\"https:\/\/www.aribau.es\/deja-que-te-acompanemos-en-la-ultima-cena-del-ano\/\",\"name\":\"DEJA QUE TE ACOMPA\u00d1EMOS EN LA \u00daLTIMA CENA DEL A\u00d1O - Aribau\",\"isPartOf\":{\"@id\":\"https:\/\/www.aribau.es\/#website\"},\"primaryImageOfPage\":{\"@id\":\"https:\/\/www.aribau.es\/deja-que-te-acompanemos-en-la-ultima-cena-del-ano\/#primaryimage\"},\"image\":{\"@id\":\"https:\/\/www.aribau.es\/deja-que-te-acompanemos-en-la-ultima-cena-del-ano\/#primaryimage\"},\"thumbnailUrl\":\"https:\/\/www.aribau.es\/wp-content\/uploads\/2016\/12\/aribau_navidad.png\",\"datePublished\":\"2016-12-29T10:20:51+00:00\",\"dateModified\":\"2021-04-26T14:23:23+00:00\",\"breadcrumb\":{\"@id\":\"https:\/\/www.aribau.es\/deja-que-te-acompanemos-en-la-ultima-cena-del-ano\/#breadcrumb\"},\"inLanguage\":\"ca\",\"potentialAction\":[{\"@type\":\"ReadAction\",\"target\":[\"https:\/\/www.aribau.es\/deja-que-te-acompanemos-en-la-ultima-cena-del-ano\/\"]}]},{\"@type\":\"ImageObject\",\"inLanguage\":\"ca\",\"@id\":\"https:\/\/www.aribau.es\/deja-que-te-acompanemos-en-la-ultima-cena-del-ano\/#primaryimage\",\"url\":\"https:\/\/www.aribau.es\/wp-content\/uploads\/2016\/12\/aribau_navidad.png\",\"contentUrl\":\"https:\/\/www.aribau.es\/wp-content\/uploads\/2016\/12\/aribau_navidad.png\",\"width\":850,\"height\":418},{\"@type\":\"BreadcrumbList\",\"@id\":\"https:\/\/www.aribau.es\/deja-que-te-acompanemos-en-la-ultima-cena-del-ano\/#breadcrumb\",\"itemListElement\":[{\"@type\":\"ListItem\",\"position\":1,\"name\":\"Portada\",\"item\":\"https:\/\/www.aribau.es\/\"},{\"@type\":\"ListItem\",\"position\":2,\"name\":\"DEJA QUE TE ACOMPA\u00d1EMOS EN LA \u00daLTIMA CENA DEL A\u00d1O\"}]},{\"@type\":\"WebSite\",\"@id\":\"https:\/\/www.aribau.es\/#website\",\"url\":\"https:\/\/www.aribau.es\/\",\"name\":\"Aribau\",\"description\":\"VINOS Y BODEGAS\",\"publisher\":{\"@id\":\"https:\/\/www.aribau.es\/#organization\"},\"potentialAction\":[{\"@type\":\"SearchAction\",\"target\":{\"@type\":\"EntryPoint\",\"urlTemplate\":\"https:\/\/www.aribau.es\/?s={search_term_string}\"},\"query-input\":{\"@type\":\"PropertyValueSpecification\",\"valueRequired\":true,\"valueName\":\"search_term_string\"}}],\"inLanguage\":\"ca\"},{\"@type\":\"Organization\",\"@id\":\"https:\/\/www.aribau.es\/#organization\",\"name\":\"Aribau\",\"url\":\"https:\/\/www.aribau.es\/\",\"logo\":{\"@type\":\"ImageObject\",\"inLanguage\":\"ca\",\"@id\":\"https:\/\/www.aribau.es\/#\/schema\/logo\/image\/\",\"url\":\"https:\/\/www.aribau.es\/wp-content\/uploads\/2022\/03\/logo.png\",\"contentUrl\":\"https:\/\/www.aribau.es\/wp-content\/uploads\/2022\/03\/logo.png\",\"width\":300,\"height\":300,\"caption\":\"Aribau\"},\"image\":{\"@id\":\"https:\/\/www.aribau.es\/#\/schema\/logo\/image\/\"},\"sameAs\":[\"https:\/\/www.facebook.com\/aribau1964\/\",\"https:\/\/x.com\/aribau1964\",\"https:\/\/www.instagram.com\/aribau1964\/\"]},{\"@type\":\"Person\",\"@id\":\"https:\/\/www.aribau.es\/#\/schema\/person\/77a976898b3c705ed016499633f4ffd0\",\"name\":\"aribau\",\"image\":{\"@type\":\"ImageObject\",\"inLanguage\":\"ca\",\"@id\":\"https:\/\/www.aribau.es\/#\/schema\/person\/image\/\",\"url\":\"https:\/\/secure.gravatar.com\/avatar\/6690491f832d5b32aa9482b978c9464816810fbff0f6658034a34c9d9657b94e?s=96&d=mm&r=g\",\"contentUrl\":\"https:\/\/secure.gravatar.com\/avatar\/6690491f832d5b32aa9482b978c9464816810fbff0f6658034a34c9d9657b94e?s=96&d=mm&r=g\",\"caption\":\"aribau\"},\"url\":\"https:\/\/www.aribau.es\/ca\/author\/aribau\/\"}]}<\/script>\n<!-- \/ Yoast SEO plugin. -->","yoast_head_json":{"title":"DEJA QUE TE ACOMPA\u00d1EMOS EN LA \u00daLTIMA CENA DEL A\u00d1O - Aribau","robots":{"index":"index","follow":"follow","max-snippet":"max-snippet:-1","max-image-preview":"max-image-preview:large","max-video-preview":"max-video-preview:-1"},"canonical":"https:\/\/www.aribau.es\/ca\/deja-que-te-acompanemos-en-la-ultima-cena-del-ano\/","og_locale":"ca_ES","og_type":"article","og_title":"DEJA QUE TE ACOMPA\u00d1EMOS EN LA \u00daLTIMA CENA DEL A\u00d1O - Aribau","og_description":"Primera fase de las fiestas superada. Casi sin darnos cuenta ya hemos dejado atr\u00e1s Nochebuena, Navidad y San Esteban. Pero a la vuelta de la esquina tenemos ya la segunda etapa de las fiestas navide\u00f1as: Nochevieja y A\u00f1o Nuevo. De nuevo comilonas, brindis, turrones y, ahora, \u00a1tambi\u00e9n las uvas! Todo un plan gastron\u00f3mico que debemos ... Llegiu m\u00e9s","og_url":"https:\/\/www.aribau.es\/ca\/deja-que-te-acompanemos-en-la-ultima-cena-del-ano\/","og_site_name":"Aribau","article_publisher":"https:\/\/www.facebook.com\/aribau1964\/","article_published_time":"2016-12-29T10:20:51+00:00","article_modified_time":"2021-04-26T14:23:23+00:00","og_image":[{"width":850,"height":418,"url":"https:\/\/www.aribau.es\/wp-content\/uploads\/2016\/12\/aribau_navidad.png","type":"image\/png"}],"author":"aribau","twitter_card":"summary_large_image","twitter_creator":"@aribau1964","twitter_site":"@aribau1964","twitter_misc":{"Escrit per":"aribau","Temps estimat de lectura":"3 minuts"},"schema":{"@context":"https:\/\/schema.org","@graph":[{"@type":"Article","@id":"https:\/\/www.aribau.es\/deja-que-te-acompanemos-en-la-ultima-cena-del-ano\/#article","isPartOf":{"@id":"https:\/\/www.aribau.es\/deja-que-te-acompanemos-en-la-ultima-cena-del-ano\/"},"author":{"name":"aribau","@id":"https:\/\/www.aribau.es\/#\/schema\/person\/77a976898b3c705ed016499633f4ffd0"},"headline":"DEJA QUE TE ACOMPA\u00d1EMOS EN LA \u00daLTIMA CENA DEL A\u00d1O","datePublished":"2016-12-29T10:20:51+00:00","dateModified":"2021-04-26T14:23:23+00:00","mainEntityOfPage":{"@id":"https:\/\/www.aribau.es\/deja-que-te-acompanemos-en-la-ultima-cena-del-ano\/"},"wordCount":579,"publisher":{"@id":"https:\/\/www.aribau.es\/#organization"},"image":{"@id":"https:\/\/www.aribau.es\/deja-que-te-acompanemos-en-la-ultima-cena-del-ano\/#primaryimage"},"thumbnailUrl":"https:\/\/www.aribau.es\/wp-content\/uploads\/2016\/12\/aribau_navidad.png","keywords":["Bertsolari","I Tant","Mar Salada","maridaje","Que s\u00ed!"],"articleSection":["Noticias"],"inLanguage":"ca"},{"@type":"WebPage","@id":"https:\/\/www.aribau.es\/deja-que-te-acompanemos-en-la-ultima-cena-del-ano\/","url":"https:\/\/www.aribau.es\/deja-que-te-acompanemos-en-la-ultima-cena-del-ano\/","name":"DEJA QUE TE ACOMPA\u00d1EMOS EN LA \u00daLTIMA CENA DEL A\u00d1O - Aribau","isPartOf":{"@id":"https:\/\/www.aribau.es\/#website"},"primaryImageOfPage":{"@id":"https:\/\/www.aribau.es\/deja-que-te-acompanemos-en-la-ultima-cena-del-ano\/#primaryimage"},"image":{"@id":"https:\/\/www.aribau.es\/deja-que-te-acompanemos-en-la-ultima-cena-del-ano\/#primaryimage"},"thumbnailUrl":"https:\/\/www.aribau.es\/wp-content\/uploads\/2016\/12\/aribau_navidad.png","datePublished":"2016-12-29T10:20:51+00:00","dateModified":"2021-04-26T14:23:23+00:00","breadcrumb":{"@id":"https:\/\/www.aribau.es\/deja-que-te-acompanemos-en-la-ultima-cena-del-ano\/#breadcrumb"},"inLanguage":"ca","potentialAction":[{"@type":"ReadAction","target":["https:\/\/www.aribau.es\/deja-que-te-acompanemos-en-la-ultima-cena-del-ano\/"]}]},{"@type":"ImageObject","inLanguage":"ca","@id":"https:\/\/www.aribau.es\/deja-que-te-acompanemos-en-la-ultima-cena-del-ano\/#primaryimage","url":"https:\/\/www.aribau.es\/wp-content\/uploads\/2016\/12\/aribau_navidad.png","contentUrl":"https:\/\/www.aribau.es\/wp-content\/uploads\/2016\/12\/aribau_navidad.png","width":850,"height":418},{"@type":"BreadcrumbList","@id":"https:\/\/www.aribau.es\/deja-que-te-acompanemos-en-la-ultima-cena-del-ano\/#breadcrumb","itemListElement":[{"@type":"ListItem","position":1,"name":"Portada","item":"https:\/\/www.aribau.es\/"},{"@type":"ListItem","position":2,"name":"DEJA QUE TE ACOMPA\u00d1EMOS EN LA \u00daLTIMA CENA DEL A\u00d1O"}]},{"@type":"WebSite","@id":"https:\/\/www.aribau.es\/#website","url":"https:\/\/www.aribau.es\/","name":"Aribau","description":"VINOS Y BODEGAS","publisher":{"@id":"https:\/\/www.aribau.es\/#organization"},"potentialAction":[{"@type":"SearchAction","target":{"@type":"EntryPoint","urlTemplate":"https:\/\/www.aribau.es\/?s={search_term_string}"},"query-input":{"@type":"PropertyValueSpecification","valueRequired":true,"valueName":"search_term_string"}}],"inLanguage":"ca"},{"@type":"Organization","@id":"https:\/\/www.aribau.es\/#organization","name":"Aribau","url":"https:\/\/www.aribau.es\/","logo":{"@type":"ImageObject","inLanguage":"ca","@id":"https:\/\/www.aribau.es\/#\/schema\/logo\/image\/","url":"https:\/\/www.aribau.es\/wp-content\/uploads\/2022\/03\/logo.png","contentUrl":"https:\/\/www.aribau.es\/wp-content\/uploads\/2022\/03\/logo.png","width":300,"height":300,"caption":"Aribau"},"image":{"@id":"https:\/\/www.aribau.es\/#\/schema\/logo\/image\/"},"sameAs":["https:\/\/www.facebook.com\/aribau1964\/","https:\/\/x.com\/aribau1964","https:\/\/www.instagram.com\/aribau1964\/"]},{"@type":"Person","@id":"https:\/\/www.aribau.es\/#\/schema\/person\/77a976898b3c705ed016499633f4ffd0","name":"aribau","image":{"@type":"ImageObject","inLanguage":"ca","@id":"https:\/\/www.aribau.es\/#\/schema\/person\/image\/","url":"https:\/\/secure.gravatar.com\/avatar\/6690491f832d5b32aa9482b978c9464816810fbff0f6658034a34c9d9657b94e?s=96&d=mm&r=g","contentUrl":"https:\/\/secure.gravatar.com\/avatar\/6690491f832d5b32aa9482b978c9464816810fbff0f6658034a34c9d9657b94e?s=96&d=mm&r=g","caption":"aribau"},"url":"https:\/\/www.aribau.es\/ca\/author\/aribau\/"}]}},"_links":{"self":[{"href":"https:\/\/www.aribau.es\/ca\/wp-json\/wp\/v2\/posts\/5124","targetHints":{"allow":["GET"]}}],"collection":[{"href":"https:\/\/www.aribau.es\/ca\/wp-json\/wp\/v2\/posts"}],"about":[{"href":"https:\/\/www.aribau.es\/ca\/wp-json\/wp\/v2\/types\/post"}],"author":[{"embeddable":true,"href":"https:\/\/www.aribau.es\/ca\/wp-json\/wp\/v2\/users\/3"}],"replies":[{"embeddable":true,"href":"https:\/\/www.aribau.es\/ca\/wp-json\/wp\/v2\/comments?post=5124"}],"version-history":[{"count":2,"href":"https:\/\/www.aribau.es\/ca\/wp-json\/wp\/v2\/posts\/5124\/revisions"}],"predecessor-version":[{"id":10225,"href":"https:\/\/www.aribau.es\/ca\/wp-json\/wp\/v2\/posts\/5124\/revisions\/10225"}],"wp:featuredmedia":[{"embeddable":true,"href":"https:\/\/www.aribau.es\/ca\/wp-json\/wp\/v2\/media\/5127"}],"wp:attachment":[{"href":"https:\/\/www.aribau.es\/ca\/wp-json\/wp\/v2\/media?parent=5124"}],"wp:term":[{"taxonomy":"category","embeddable":true,"href":"https:\/\/www.aribau.es\/ca\/wp-json\/wp\/v2\/categories?post=5124"},{"taxonomy":"post_tag","embeddable":true,"href":"https:\/\/www.aribau.es\/ca\/wp-json\/wp\/v2\/tags?post=5124"}],"curies":[{"name":"wp","href":"https:\/\/api.w.org\/{rel}","templated":true}]}}