{"id":5186,"date":"2017-02-02T12:43:22","date_gmt":"2017-02-02T10:43:22","guid":{"rendered":"https:\/\/www.aribau.es\/?p=5186"},"modified":"2021-04-26T15:12:38","modified_gmt":"2021-04-26T14:12:38","slug":"los-vinos-de-aribau-participan-en-la-campana-la-part-alta-somriu-a-la-crisi","status":"publish","type":"post","link":"https:\/\/www.aribau.es\/ca\/los-vinos-de-aribau-participan-en-la-campana-la-part-alta-somriu-a-la-crisi\/","title":{"rendered":"ELS VINS D'ARIBAU PARTICIPEN EN LA CAMPANYA 'LA PART ALTA SOMRIU A LA CRISI'"},"content":{"rendered":"<p>Este febrero, la gastronom\u00eda y el vino vuelven a ser los protagonistas en la ciudad de <strong>Tarragona<\/strong>. Y es que durante todo el mes se celebran las jornadas <strong><a href=\"http:\/\/www.arpatgn.com\/noticia\/LA_PART_ALTA_SOMRIU_A_LA_CRISI_2017\/145\/88\" target=\"_blank\" rel=\"noopener\"><em>La Part Alta Somriu a la Crisi<\/em><\/a><\/strong>, una campa\u00f1a que pone en marcha la Asociaci\u00f3n de Restaurantes de la Part Alta (ARPA) de la ciudad, y que este a\u00f1o llega a su sexta edici\u00f3n.<\/p>\n<p>Como en a\u00f1os anteriores, la campa\u00f1a supone una buena oportunidad para disfrutar de los 12 restaurantes que forman parte de la Asociaci\u00f3n (<em>AQ Restaurant, Arcs Restaurant, El Llagut, Entrecopes, La Nova Taverna, Palau del Bar<\/em><em>\u00f3<\/em><em>, Quim Quima, Rac<\/em><em>\u00f3<\/em><em> de l<\/em><em>\u2019<\/em><em>Abat, Sadoll Restaurant, Put i a part, La Mestressa del T<\/em><em>\u00f2<\/em><em>ful<\/em>\u00a0y\u00a0<em>Can Truites<\/em>), degustando productos de calidad a un precio m\u00e1s econ\u00f3mico del habitual, y marid\u00e1ndolos con los vinos de 9 bodegas de las diferentes denominaciones de origen de la provincia. Este a\u00f1o, adem\u00e1s, con una DO invitada, la DO Empord\u00e0, representada a trav\u00e9s de <strong><a href=\"https:\/\/www.aribau.es\/ca\/tronat-blanco\/\" target=\"_blank\" rel=\"noopener\"><em>Tronat Blanc<\/em><\/a><\/strong>. Los otros dos vinos de Aribau que tambi\u00e9n estar\u00e1n presentes en esta edici\u00f3n son <strong><a href=\"https:\/\/www.aribau.es\/ca\/i-tant\/\" target=\"_blank\" rel=\"noopener\"><em>I Tant Tinto<\/em><\/a><\/strong>, DO Montsant, y <strong><a href=\"https:\/\/www.aribau.es\/ca\/que-si\/\" target=\"_blank\" rel=\"noopener\"><em>Que s<\/em><em>\u00ed<\/em><\/a><\/strong>, de la DOQ Priorat.<\/p>\n<p><!--more--><\/p>\n<p><strong>Diferentes men<\/strong><strong>\u00fa<\/strong><strong>s y premios<\/strong><\/p>\n<p>Los restaurantes que participan en las jornadas ofrecer\u00e1n men\u00fas y men\u00fas degustaci\u00f3n por 30\u20ac y 19\u20ac, acompa\u00f1ados por los vinos que forman parte de la campa\u00f1a. Adem\u00e1s, con el juego <em>Rasca i Somriu a la Crisi,<\/em> los clientes tendr\u00e1n premio asegurado, ya que por cada botella de vino que tomen en el restaurante se llevar\u00e1n a casa una igual de regalo.<\/p>\n<p>Tambi\u00e9n se organizar\u00e1n diversos concursos a trav\u00e9s de las redes sociales en los que se sortear\u00e1n men\u00fas y visitas a las bodegas que participan de esta campa\u00f1a, que cuenta con el apoyo del Patronato Municipal de Turismo de Tarragona.<\/p>\n<p>En definitiva, todo un mes para disfrutar de la buena gastronom\u00eda tarraconense y de los mejores vinos para acompa\u00f1arla. Y a precios para <em>sonre<\/em><em>\u00ed<\/em><em>r a la crisis<\/em>.<\/p>","protected":false},"excerpt":{"rendered":"<p>Este febrero, la gastronom\u00eda y el vino vuelven a ser los protagonistas en la ciudad de Tarragona. Y es que durante todo el mes se celebran las jornadas La Part Alta Somriu a la Crisi, una campa\u00f1a que pone en marcha la Asociaci\u00f3n de Restaurantes de la Part Alta (ARPA) de la ciudad, y que &#8230; <a title=\"LOS VINOS DE ARIBAU PARTICIPAN EN LA CAMPA\u00d1A &#8216;LA PART ALTA SOMRIU A LA CRISI&#8217;\" class=\"read-more\" href=\"https:\/\/www.aribau.es\/ca\/los-vinos-de-aribau-participan-en-la-campana-la-part-alta-somriu-a-la-crisi\/\" aria-label=\"M\u00e9s informaci\u00f3 sobre LOS VINOS DE ARIBAU PARTICIPAN EN LA CAMPA\u00d1A &#8216;LA PART ALTA SOMRIU A LA CRISI&#8217;\">Llegiu m\u00e9s<\/a><\/p>","protected":false},"author":3,"featured_media":5188,"comment_status":"closed","ping_status":"closed","sticky":false,"template":"","format":"standard","meta":{"footnotes":""},"categories":[406],"tags":[440,395,441,418],"class_list":["post-5186","post","type-post","status-publish","format-standard","has-post-thumbnail","hentry","category-noticias","tag-i-tant","tag-i-tant-vins","tag-que-si","tag-tronat-blanco"],"yoast_head":"<!-- This site is optimized with the Yoast SEO plugin v26.7 - https:\/\/yoast.com\/wordpress\/plugins\/seo\/ -->\n<title>LOS VINOS DE ARIBAU PARTICIPAN EN LA CAMPA\u00d1A &#039;LA PART ALTA SOMRIU A LA CRISI&#039; - Aribau<\/title>\n<meta name=\"robots\" content=\"index, follow, max-snippet:-1, max-image-preview:large, max-video-preview:-1\" \/>\n<link rel=\"canonical\" href=\"https:\/\/www.aribau.es\/ca\/los-vinos-de-aribau-participan-en-la-campana-la-part-alta-somriu-a-la-crisi\/\" \/>\n<meta property=\"og:locale\" content=\"ca_ES\" \/>\n<meta property=\"og:type\" content=\"article\" \/>\n<meta property=\"og:title\" content=\"LOS VINOS DE ARIBAU PARTICIPAN EN LA CAMPA\u00d1A &#039;LA PART ALTA SOMRIU A LA CRISI&#039; - Aribau\" \/>\n<meta property=\"og:description\" content=\"Este febrero, la gastronom\u00eda y el vino vuelven a ser los protagonistas en la ciudad de Tarragona. Y es que durante todo el mes se celebran las jornadas La Part Alta Somriu a la Crisi, una campa\u00f1a que pone en marcha la Asociaci\u00f3n de Restaurantes de la Part Alta (ARPA) de la ciudad, y que ... Llegiu m\u00e9s\" \/>\n<meta property=\"og:url\" content=\"https:\/\/www.aribau.es\/ca\/los-vinos-de-aribau-participan-en-la-campana-la-part-alta-somriu-a-la-crisi\/\" \/>\n<meta property=\"og:site_name\" content=\"Aribau\" \/>\n<meta property=\"article:publisher\" content=\"https:\/\/www.facebook.com\/aribau1964\/\" \/>\n<meta property=\"article:published_time\" content=\"2017-02-02T10:43:22+00:00\" \/>\n<meta property=\"article:modified_time\" content=\"2021-04-26T14:12:38+00:00\" \/>\n<meta property=\"og:image\" content=\"https:\/\/www.aribau.es\/wp-content\/uploads\/2017\/02\/somriu_crisi.png\" \/>\n\t<meta property=\"og:image:width\" content=\"899\" \/>\n\t<meta property=\"og:image:height\" content=\"446\" \/>\n\t<meta property=\"og:image:type\" content=\"image\/png\" \/>\n<meta name=\"author\" content=\"aribau\" \/>\n<meta name=\"twitter:card\" content=\"summary_large_image\" \/>\n<meta name=\"twitter:creator\" content=\"@aribau1964\" \/>\n<meta name=\"twitter:site\" content=\"@aribau1964\" \/>\n<meta name=\"twitter:label1\" content=\"Escrit per\" \/>\n\t<meta name=\"twitter:data1\" content=\"aribau\" \/>\n\t<meta name=\"twitter:label2\" content=\"Temps estimat de lectura\" \/>\n\t<meta name=\"twitter:data2\" content=\"2 minuts\" \/>\n<script type=\"application\/ld+json\" class=\"yoast-schema-graph\">{\"@context\":\"https:\/\/schema.org\",\"@graph\":[{\"@type\":\"Article\",\"@id\":\"https:\/\/www.aribau.es\/los-vinos-de-aribau-participan-en-la-campana-la-part-alta-somriu-a-la-crisi\/#article\",\"isPartOf\":{\"@id\":\"https:\/\/www.aribau.es\/los-vinos-de-aribau-participan-en-la-campana-la-part-alta-somriu-a-la-crisi\/\"},\"author\":{\"name\":\"aribau\",\"@id\":\"https:\/\/www.aribau.es\/#\/schema\/person\/77a976898b3c705ed016499633f4ffd0\"},\"headline\":\"LOS VINOS DE ARIBAU PARTICIPAN EN LA CAMPA\u00d1A &#8216;LA PART ALTA SOMRIU A LA CRISI&#8217;\",\"datePublished\":\"2017-02-02T10:43:22+00:00\",\"dateModified\":\"2021-04-26T14:12:38+00:00\",\"mainEntityOfPage\":{\"@id\":\"https:\/\/www.aribau.es\/los-vinos-de-aribau-participan-en-la-campana-la-part-alta-somriu-a-la-crisi\/\"},\"wordCount\":366,\"publisher\":{\"@id\":\"https:\/\/www.aribau.es\/#organization\"},\"image\":{\"@id\":\"https:\/\/www.aribau.es\/los-vinos-de-aribau-participan-en-la-campana-la-part-alta-somriu-a-la-crisi\/#primaryimage\"},\"thumbnailUrl\":\"https:\/\/www.aribau.es\/wp-content\/uploads\/2017\/02\/somriu_crisi.png\",\"keywords\":[\"I Tant\",\"I tant vins\",\"Que s\u00ed!\",\"Tronat Blanco\"],\"articleSection\":[\"Noticias\"],\"inLanguage\":\"ca\"},{\"@type\":\"WebPage\",\"@id\":\"https:\/\/www.aribau.es\/los-vinos-de-aribau-participan-en-la-campana-la-part-alta-somriu-a-la-crisi\/\",\"url\":\"https:\/\/www.aribau.es\/los-vinos-de-aribau-participan-en-la-campana-la-part-alta-somriu-a-la-crisi\/\",\"name\":\"LOS VINOS DE ARIBAU PARTICIPAN EN LA CAMPA\u00d1A 'LA PART ALTA SOMRIU A LA CRISI' - Aribau\",\"isPartOf\":{\"@id\":\"https:\/\/www.aribau.es\/#website\"},\"primaryImageOfPage\":{\"@id\":\"https:\/\/www.aribau.es\/los-vinos-de-aribau-participan-en-la-campana-la-part-alta-somriu-a-la-crisi\/#primaryimage\"},\"image\":{\"@id\":\"https:\/\/www.aribau.es\/los-vinos-de-aribau-participan-en-la-campana-la-part-alta-somriu-a-la-crisi\/#primaryimage\"},\"thumbnailUrl\":\"https:\/\/www.aribau.es\/wp-content\/uploads\/2017\/02\/somriu_crisi.png\",\"datePublished\":\"2017-02-02T10:43:22+00:00\",\"dateModified\":\"2021-04-26T14:12:38+00:00\",\"breadcrumb\":{\"@id\":\"https:\/\/www.aribau.es\/los-vinos-de-aribau-participan-en-la-campana-la-part-alta-somriu-a-la-crisi\/#breadcrumb\"},\"inLanguage\":\"ca\",\"potentialAction\":[{\"@type\":\"ReadAction\",\"target\":[\"https:\/\/www.aribau.es\/los-vinos-de-aribau-participan-en-la-campana-la-part-alta-somriu-a-la-crisi\/\"]}]},{\"@type\":\"ImageObject\",\"inLanguage\":\"ca\",\"@id\":\"https:\/\/www.aribau.es\/los-vinos-de-aribau-participan-en-la-campana-la-part-alta-somriu-a-la-crisi\/#primaryimage\",\"url\":\"https:\/\/www.aribau.es\/wp-content\/uploads\/2017\/02\/somriu_crisi.png\",\"contentUrl\":\"https:\/\/www.aribau.es\/wp-content\/uploads\/2017\/02\/somriu_crisi.png\",\"width\":899,\"height\":446},{\"@type\":\"BreadcrumbList\",\"@id\":\"https:\/\/www.aribau.es\/los-vinos-de-aribau-participan-en-la-campana-la-part-alta-somriu-a-la-crisi\/#breadcrumb\",\"itemListElement\":[{\"@type\":\"ListItem\",\"position\":1,\"name\":\"Portada\",\"item\":\"https:\/\/www.aribau.es\/\"},{\"@type\":\"ListItem\",\"position\":2,\"name\":\"LOS VINOS DE ARIBAU PARTICIPAN EN LA CAMPA\u00d1A &#8216;LA PART ALTA SOMRIU A LA CRISI&#8217;\"}]},{\"@type\":\"WebSite\",\"@id\":\"https:\/\/www.aribau.es\/#website\",\"url\":\"https:\/\/www.aribau.es\/\",\"name\":\"Aribau\",\"description\":\"VINOS Y BODEGAS\",\"publisher\":{\"@id\":\"https:\/\/www.aribau.es\/#organization\"},\"potentialAction\":[{\"@type\":\"SearchAction\",\"target\":{\"@type\":\"EntryPoint\",\"urlTemplate\":\"https:\/\/www.aribau.es\/?s={search_term_string}\"},\"query-input\":{\"@type\":\"PropertyValueSpecification\",\"valueRequired\":true,\"valueName\":\"search_term_string\"}}],\"inLanguage\":\"ca\"},{\"@type\":\"Organization\",\"@id\":\"https:\/\/www.aribau.es\/#organization\",\"name\":\"Aribau\",\"url\":\"https:\/\/www.aribau.es\/\",\"logo\":{\"@type\":\"ImageObject\",\"inLanguage\":\"ca\",\"@id\":\"https:\/\/www.aribau.es\/#\/schema\/logo\/image\/\",\"url\":\"https:\/\/www.aribau.es\/wp-content\/uploads\/2022\/03\/logo.png\",\"contentUrl\":\"https:\/\/www.aribau.es\/wp-content\/uploads\/2022\/03\/logo.png\",\"width\":300,\"height\":300,\"caption\":\"Aribau\"},\"image\":{\"@id\":\"https:\/\/www.aribau.es\/#\/schema\/logo\/image\/\"},\"sameAs\":[\"https:\/\/www.facebook.com\/aribau1964\/\",\"https:\/\/x.com\/aribau1964\",\"https:\/\/www.instagram.com\/aribau1964\/\"]},{\"@type\":\"Person\",\"@id\":\"https:\/\/www.aribau.es\/#\/schema\/person\/77a976898b3c705ed016499633f4ffd0\",\"name\":\"aribau\",\"image\":{\"@type\":\"ImageObject\",\"inLanguage\":\"ca\",\"@id\":\"https:\/\/www.aribau.es\/#\/schema\/person\/image\/\",\"url\":\"https:\/\/secure.gravatar.com\/avatar\/6690491f832d5b32aa9482b978c9464816810fbff0f6658034a34c9d9657b94e?s=96&d=mm&r=g\",\"contentUrl\":\"https:\/\/secure.gravatar.com\/avatar\/6690491f832d5b32aa9482b978c9464816810fbff0f6658034a34c9d9657b94e?s=96&d=mm&r=g\",\"caption\":\"aribau\"},\"url\":\"https:\/\/www.aribau.es\/ca\/author\/aribau\/\"}]}<\/script>\n<!-- \/ Yoast SEO plugin. -->","yoast_head_json":{"title":"LOS VINOS DE ARIBAU PARTICIPAN EN LA CAMPA\u00d1A 'LA PART ALTA SOMRIU A LA CRISI' - Aribau","robots":{"index":"index","follow":"follow","max-snippet":"max-snippet:-1","max-image-preview":"max-image-preview:large","max-video-preview":"max-video-preview:-1"},"canonical":"https:\/\/www.aribau.es\/ca\/los-vinos-de-aribau-participan-en-la-campana-la-part-alta-somriu-a-la-crisi\/","og_locale":"ca_ES","og_type":"article","og_title":"LOS VINOS DE ARIBAU PARTICIPAN EN LA CAMPA\u00d1A 'LA PART ALTA SOMRIU A LA CRISI' - Aribau","og_description":"Este febrero, la gastronom\u00eda y el vino vuelven a ser los protagonistas en la ciudad de Tarragona. Y es que durante todo el mes se celebran las jornadas La Part Alta Somriu a la Crisi, una campa\u00f1a que pone en marcha la Asociaci\u00f3n de Restaurantes de la Part Alta (ARPA) de la ciudad, y que ... Llegiu m\u00e9s","og_url":"https:\/\/www.aribau.es\/ca\/los-vinos-de-aribau-participan-en-la-campana-la-part-alta-somriu-a-la-crisi\/","og_site_name":"Aribau","article_publisher":"https:\/\/www.facebook.com\/aribau1964\/","article_published_time":"2017-02-02T10:43:22+00:00","article_modified_time":"2021-04-26T14:12:38+00:00","og_image":[{"width":899,"height":446,"url":"https:\/\/www.aribau.es\/wp-content\/uploads\/2017\/02\/somriu_crisi.png","type":"image\/png"}],"author":"aribau","twitter_card":"summary_large_image","twitter_creator":"@aribau1964","twitter_site":"@aribau1964","twitter_misc":{"Escrit per":"aribau","Temps estimat de lectura":"2 minuts"},"schema":{"@context":"https:\/\/schema.org","@graph":[{"@type":"Article","@id":"https:\/\/www.aribau.es\/los-vinos-de-aribau-participan-en-la-campana-la-part-alta-somriu-a-la-crisi\/#article","isPartOf":{"@id":"https:\/\/www.aribau.es\/los-vinos-de-aribau-participan-en-la-campana-la-part-alta-somriu-a-la-crisi\/"},"author":{"name":"aribau","@id":"https:\/\/www.aribau.es\/#\/schema\/person\/77a976898b3c705ed016499633f4ffd0"},"headline":"LOS VINOS DE ARIBAU PARTICIPAN EN LA CAMPA\u00d1A &#8216;LA PART ALTA SOMRIU A LA CRISI&#8217;","datePublished":"2017-02-02T10:43:22+00:00","dateModified":"2021-04-26T14:12:38+00:00","mainEntityOfPage":{"@id":"https:\/\/www.aribau.es\/los-vinos-de-aribau-participan-en-la-campana-la-part-alta-somriu-a-la-crisi\/"},"wordCount":366,"publisher":{"@id":"https:\/\/www.aribau.es\/#organization"},"image":{"@id":"https:\/\/www.aribau.es\/los-vinos-de-aribau-participan-en-la-campana-la-part-alta-somriu-a-la-crisi\/#primaryimage"},"thumbnailUrl":"https:\/\/www.aribau.es\/wp-content\/uploads\/2017\/02\/somriu_crisi.png","keywords":["I Tant","I tant vins","Que s\u00ed!","Tronat Blanco"],"articleSection":["Noticias"],"inLanguage":"ca"},{"@type":"WebPage","@id":"https:\/\/www.aribau.es\/los-vinos-de-aribau-participan-en-la-campana-la-part-alta-somriu-a-la-crisi\/","url":"https:\/\/www.aribau.es\/los-vinos-de-aribau-participan-en-la-campana-la-part-alta-somriu-a-la-crisi\/","name":"LOS VINOS DE ARIBAU PARTICIPAN EN LA CAMPA\u00d1A 'LA PART ALTA SOMRIU A LA CRISI' - Aribau","isPartOf":{"@id":"https:\/\/www.aribau.es\/#website"},"primaryImageOfPage":{"@id":"https:\/\/www.aribau.es\/los-vinos-de-aribau-participan-en-la-campana-la-part-alta-somriu-a-la-crisi\/#primaryimage"},"image":{"@id":"https:\/\/www.aribau.es\/los-vinos-de-aribau-participan-en-la-campana-la-part-alta-somriu-a-la-crisi\/#primaryimage"},"thumbnailUrl":"https:\/\/www.aribau.es\/wp-content\/uploads\/2017\/02\/somriu_crisi.png","datePublished":"2017-02-02T10:43:22+00:00","dateModified":"2021-04-26T14:12:38+00:00","breadcrumb":{"@id":"https:\/\/www.aribau.es\/los-vinos-de-aribau-participan-en-la-campana-la-part-alta-somriu-a-la-crisi\/#breadcrumb"},"inLanguage":"ca","potentialAction":[{"@type":"ReadAction","target":["https:\/\/www.aribau.es\/los-vinos-de-aribau-participan-en-la-campana-la-part-alta-somriu-a-la-crisi\/"]}]},{"@type":"ImageObject","inLanguage":"ca","@id":"https:\/\/www.aribau.es\/los-vinos-de-aribau-participan-en-la-campana-la-part-alta-somriu-a-la-crisi\/#primaryimage","url":"https:\/\/www.aribau.es\/wp-content\/uploads\/2017\/02\/somriu_crisi.png","contentUrl":"https:\/\/www.aribau.es\/wp-content\/uploads\/2017\/02\/somriu_crisi.png","width":899,"height":446},{"@type":"BreadcrumbList","@id":"https:\/\/www.aribau.es\/los-vinos-de-aribau-participan-en-la-campana-la-part-alta-somriu-a-la-crisi\/#breadcrumb","itemListElement":[{"@type":"ListItem","position":1,"name":"Portada","item":"https:\/\/www.aribau.es\/"},{"@type":"ListItem","position":2,"name":"LOS VINOS DE ARIBAU PARTICIPAN EN LA CAMPA\u00d1A &#8216;LA PART ALTA SOMRIU A LA CRISI&#8217;"}]},{"@type":"WebSite","@id":"https:\/\/www.aribau.es\/#website","url":"https:\/\/www.aribau.es\/","name":"Aribau","description":"VINOS Y BODEGAS","publisher":{"@id":"https:\/\/www.aribau.es\/#organization"},"potentialAction":[{"@type":"SearchAction","target":{"@type":"EntryPoint","urlTemplate":"https:\/\/www.aribau.es\/?s={search_term_string}"},"query-input":{"@type":"PropertyValueSpecification","valueRequired":true,"valueName":"search_term_string"}}],"inLanguage":"ca"},{"@type":"Organization","@id":"https:\/\/www.aribau.es\/#organization","name":"Aribau","url":"https:\/\/www.aribau.es\/","logo":{"@type":"ImageObject","inLanguage":"ca","@id":"https:\/\/www.aribau.es\/#\/schema\/logo\/image\/","url":"https:\/\/www.aribau.es\/wp-content\/uploads\/2022\/03\/logo.png","contentUrl":"https:\/\/www.aribau.es\/wp-content\/uploads\/2022\/03\/logo.png","width":300,"height":300,"caption":"Aribau"},"image":{"@id":"https:\/\/www.aribau.es\/#\/schema\/logo\/image\/"},"sameAs":["https:\/\/www.facebook.com\/aribau1964\/","https:\/\/x.com\/aribau1964","https:\/\/www.instagram.com\/aribau1964\/"]},{"@type":"Person","@id":"https:\/\/www.aribau.es\/#\/schema\/person\/77a976898b3c705ed016499633f4ffd0","name":"aribau","image":{"@type":"ImageObject","inLanguage":"ca","@id":"https:\/\/www.aribau.es\/#\/schema\/person\/image\/","url":"https:\/\/secure.gravatar.com\/avatar\/6690491f832d5b32aa9482b978c9464816810fbff0f6658034a34c9d9657b94e?s=96&d=mm&r=g","contentUrl":"https:\/\/secure.gravatar.com\/avatar\/6690491f832d5b32aa9482b978c9464816810fbff0f6658034a34c9d9657b94e?s=96&d=mm&r=g","caption":"aribau"},"url":"https:\/\/www.aribau.es\/ca\/author\/aribau\/"}]}},"_links":{"self":[{"href":"https:\/\/www.aribau.es\/ca\/wp-json\/wp\/v2\/posts\/5186","targetHints":{"allow":["GET"]}}],"collection":[{"href":"https:\/\/www.aribau.es\/ca\/wp-json\/wp\/v2\/posts"}],"about":[{"href":"https:\/\/www.aribau.es\/ca\/wp-json\/wp\/v2\/types\/post"}],"author":[{"embeddable":true,"href":"https:\/\/www.aribau.es\/ca\/wp-json\/wp\/v2\/users\/3"}],"replies":[{"embeddable":true,"href":"https:\/\/www.aribau.es\/ca\/wp-json\/wp\/v2\/comments?post=5186"}],"version-history":[{"count":2,"href":"https:\/\/www.aribau.es\/ca\/wp-json\/wp\/v2\/posts\/5186\/revisions"}],"predecessor-version":[{"id":10215,"href":"https:\/\/www.aribau.es\/ca\/wp-json\/wp\/v2\/posts\/5186\/revisions\/10215"}],"wp:featuredmedia":[{"embeddable":true,"href":"https:\/\/www.aribau.es\/ca\/wp-json\/wp\/v2\/media\/5188"}],"wp:attachment":[{"href":"https:\/\/www.aribau.es\/ca\/wp-json\/wp\/v2\/media?parent=5186"}],"wp:term":[{"taxonomy":"category","embeddable":true,"href":"https:\/\/www.aribau.es\/ca\/wp-json\/wp\/v2\/categories?post=5186"},{"taxonomy":"post_tag","embeddable":true,"href":"https:\/\/www.aribau.es\/ca\/wp-json\/wp\/v2\/tags?post=5186"}],"curies":[{"name":"wp","href":"https:\/\/api.w.org\/{rel}","templated":true}]}}