{"id":5240,"date":"2017-03-15T18:55:43","date_gmt":"2017-03-15T16:55:43","guid":{"rendered":"https:\/\/www.aribau.es\/?p=5240"},"modified":"2021-04-26T13:59:50","modified_gmt":"2021-04-26T12:59:50","slug":"regalale-un-vino-y-haz-feliz-a-tu-padre-este-domingo","status":"publish","type":"post","link":"https:\/\/www.aribau.es\/ca\/regalale-un-vino-y-haz-feliz-a-tu-padre-este-domingo\/","title":{"rendered":"REGALA-LI UN VI, I FES FELI\u00c7 AL TEU PARE AQUEST DIUMENGE"},"content":{"rendered":"<p>Este pr\u00f3ximo domingo 19 de marzo es el D\u00eda del Padre. Quiz\u00e1 seas de los que no est\u00e1 de acuerdo en celebrar este tipo de fechas por considerarlas comerciales o, simplemente, porque para ti cada d\u00eda es el D\u00eda del Padre. Por otra parte, quiz\u00e1 t\u00fa seas el padre en cuesti\u00f3n, el que tiene unos hijos que no quieren celebrar este d\u00eda con lo que a ti te gusta\u2026<\/p>\n<p>Lo celebres o no, lo que es muy probable es que, cayendo en domingo, acabes comiendo en familia. As\u00ed que, si quieres regalar -o regalarte- algo, aqu\u00ed van cuatro vinos estupendos que te har\u00e1n quedar la mar de bien.<\/p>\n<p><!--more--><\/p>\n<p><a href=\"http:\/\/www.lagravera.com\/los_vinos_detalle.php?cat=1&amp;lang=reset\" target=\"_blank\" rel=\"noopener\"><strong><em>\u00d3<\/em><\/strong><strong><em>nra 2013 blanco<\/em><\/strong><strong>, Bodegas La Gravera<\/strong><\/a><strong>. DO Costers del Segre<\/strong><\/p>\n<p><a href=\"https:\/\/www.aribau.es\/wp-content\/uploads\/2017\/03\/onra-lagravera-aribau.jpg\"><img fetchpriority=\"high\" decoding=\"async\" class=\"wp-image-5243 alignleft\" src=\"https:\/\/www.aribau.es\/wp-content\/uploads\/2017\/03\/onra-lagravera-aribau.jpg\" alt=\"onra-lagravera-aribau\" width=\"334\" height=\"243\" srcset=\"https:\/\/www.aribau.es\/wp-content\/uploads\/2017\/03\/onra-lagravera-aribau.jpg 700w, https:\/\/www.aribau.es\/wp-content\/uploads\/2017\/03\/onra-lagravera-aribau-300x219.jpg 300w\" sizes=\"(max-width: 334px) 100vw, 334px\" \/><\/a>Un vino proveniente de viticultura biodin\u00e1mica y elaborado a base de Garnacha blanca, Chenin y Sauvignon blanco. De color amarillo verdoso, tiene aromas de fruta de hueso, como la nectarina, y en boca es fresco, evocando aromas de c\u00edtricos y pi\u00f1a tropical. Largo y persistente, es el acompa\u00f1amiento ideal para arroces de pescado o mixtos, moluscos de concha, pescados blancos o quesos fundidos.<\/p>\n<p><a href=\"http:\/\/www.ferreicatasus.com\/es\/vinos-cavas\/cap-de-trons\" target=\"_blank\" rel=\"noopener\"><strong><em>Cap de Trons<\/em><\/strong><strong>, Ferr<\/strong><strong>\u00e9<\/strong><strong> i Catas<\/strong><strong>\u00fa<\/strong><strong>s<\/strong><\/a><strong>. DO Pened<\/strong><strong>\u00e9<\/strong><strong>s<\/strong><\/p>\n<p>Un tinto joven elaborado con Syrah, Tempranillo, Cabernet Sauvignon y Merlot. De color cereza picota y reflejos viol\u00e1ceos, en nariz destacan las frutas rojas como la frambuesa, la fresa o la cereza, y en boca presenta una entrada fresca y amable. El vino perfecto para acompa\u00f1ar platos elaborados con carne, como un arroz de monta\u00f1a o un plato de pasta carbonara.\u00a0<img decoding=\"async\" class=\"wp-image-5241 alignright\" src=\"https:\/\/www.aribau.es\/wp-content\/uploads\/2017\/03\/cap-de-trons-ferre-catasus-aribau.png\" alt=\"cap-de-trons-ferre-catasus-aribau\" width=\"236\" height=\"267\" srcset=\"https:\/\/www.aribau.es\/wp-content\/uploads\/2017\/03\/cap-de-trons-ferre-catasus-aribau.png 677w, https:\/\/www.aribau.es\/wp-content\/uploads\/2017\/03\/cap-de-trons-ferre-catasus-aribau-265x300.png 265w\" sizes=\"(max-width: 236px) 100vw, 236px\" \/><\/p>\n<p><a href=\"http:\/\/vinapomal.com\/es\/vinos\/reserva-barricas\/vina-pomal-reserva\" target=\"_blank\" rel=\"noopener\"><strong><em>Vi<\/em><\/strong><strong><em>\u00f1<\/em><\/strong><strong><em>a Pomal Reserva<\/em><\/strong><strong>, Bodegas Bilba<\/strong><strong>\u00ed<\/strong><strong>nas<\/strong><\/a><strong>. DOC Rioja<\/strong><\/p>\n<p><a href=\"https:\/\/www.aribau.es\/wp-content\/uploads\/2017\/03\/vina_pomal_reserva_aribau.png\"><img decoding=\"async\" class=\"alignleft wp-image-5244\" src=\"https:\/\/www.aribau.es\/wp-content\/uploads\/2017\/03\/vina_pomal_reserva_aribau.png\" alt=\"vina_pomal_reserva_aribau\" width=\"83\" height=\"237\" srcset=\"https:\/\/www.aribau.es\/wp-content\/uploads\/2017\/03\/vina_pomal_reserva_aribau.png 350w, https:\/\/www.aribau.es\/wp-content\/uploads\/2017\/03\/vina_pomal_reserva_aribau-105x300.png 105w\" sizes=\"(max-width: 83px) 100vw, 83px\" \/><\/a>Un 100% Tempranillo proveniente de la Rioja Alta. De aspecto picota oscura, en nariz es intenso y elegante, con notas florales y de frutos rojos entremezclados con especias dulces como la vainilla. Un gran Rioja persistente y equilibrado, y que maridar\u00e1 a la perfecci\u00f3n con carnes rojas y de caza, pero tambi\u00e9n con una buena parrillada de verduras.<\/p>\n<p><strong><a href=\"http:\/\/agustitorellomata.com\/productos\/cavas\/gran-reserva-barrica\/\" target=\"_blank\" rel=\"noopener\"><em>Gran Reserva Barrica<\/em>, Agust\u00ed Torell\u00f3 Mata<\/a>. DO Cava<img loading=\"lazy\" decoding=\"async\" class=\"alignright wp-image-5242\" src=\"https:\/\/www.aribau.es\/wp-content\/uploads\/2017\/03\/granreservabarrica-agusti-torello-aribau.jpg\" alt=\"granreservabarrica-agusti-torello-aribau\" width=\"80\" height=\"270\" srcset=\"https:\/\/www.aribau.es\/wp-content\/uploads\/2017\/03\/granreservabarrica-agusti-torello-aribau.jpg 201w, https:\/\/www.aribau.es\/wp-content\/uploads\/2017\/03\/granreservabarrica-agusti-torello-aribau-89x300.jpg 89w\" sizes=\"(max-width: 80px) 100vw, 80px\" \/><\/strong><\/p>\n<p>Un Brut Nature Gran Reserva del 2011, elaborado a base de tres macabeos distintos. De burbuja fina y abundante, tiene intensos aromas con notas afrutadas de manzana verde, junto a toques tostados y especiados que le confiere su paso por barrica. En boca es un cava seco, con espuma densa y cremosa. Ideal como aperitivo, marida a la perfecci\u00f3n con jam\u00f3n ib\u00e9rico, mariscos, pescados en salsa, aves, ahumados\u2026 Adem\u00e1s, es una producci\u00f3n limitada con botellas numeradas, as\u00ed que si tu padre es un amante del cava, ser\u00e1 todo un detallazo.<\/p>","protected":false},"excerpt":{"rendered":"<p>Este pr\u00f3ximo domingo 19 de marzo es el D\u00eda del Padre. Quiz\u00e1 seas de los que no est\u00e1 de acuerdo en celebrar este tipo de fechas por considerarlas comerciales o, simplemente, porque para ti cada d\u00eda es el D\u00eda del Padre. Por otra parte, quiz\u00e1 t\u00fa seas el padre en cuesti\u00f3n, el que tiene unos &#8230; <a title=\"REGALA-LI UN VI, I FES FELI\u00c7 AL TEU PARE AQUEST DIUMENGE\" class=\"read-more\" href=\"https:\/\/www.aribau.es\/ca\/regalale-un-vino-y-haz-feliz-a-tu-padre-este-domingo\/\" aria-label=\"M\u00e9s informaci\u00f3 sobre REG\u00c1LALE UN VINO, Y HAZ FELIZ A TU PADRE ESTE DOMINGO\">Llegiu m\u00e9s<\/a><\/p>","protected":false},"author":3,"featured_media":5246,"comment_status":"closed","ping_status":"closed","sticky":false,"template":"","format":"standard","meta":{"footnotes":""},"categories":[406],"tags":[372,376,388,450],"class_list":["post-5240","post","type-post","status-publish","format-standard","has-post-thumbnail","hentry","category-noticias","tag-agusti-torello","tag-bodegas-bilbainas","tag-celler-lagravera","tag-vinos"],"yoast_head":"<!-- This site is optimized with the Yoast SEO plugin v26.7 - https:\/\/yoast.com\/wordpress\/plugins\/seo\/ -->\n<title>REG\u00c1LALE UN VINO, Y HAZ FELIZ A TU PADRE ESTE DOMINGO - Aribau<\/title>\n<meta name=\"robots\" content=\"index, follow, max-snippet:-1, max-image-preview:large, max-video-preview:-1\" \/>\n<link rel=\"canonical\" href=\"https:\/\/www.aribau.es\/ca\/regalale-un-vino-y-haz-feliz-a-tu-padre-este-domingo\/\" \/>\n<meta property=\"og:locale\" content=\"ca_ES\" \/>\n<meta property=\"og:type\" content=\"article\" \/>\n<meta property=\"og:title\" content=\"REG\u00c1LALE UN VINO, Y HAZ FELIZ A TU PADRE ESTE DOMINGO - Aribau\" \/>\n<meta property=\"og:description\" content=\"Este pr\u00f3ximo domingo 19 de marzo es el D\u00eda del Padre. Quiz\u00e1 seas de los que no est\u00e1 de acuerdo en celebrar este tipo de fechas por considerarlas comerciales o, simplemente, porque para ti cada d\u00eda es el D\u00eda del Padre. Por otra parte, quiz\u00e1 t\u00fa seas el padre en cuesti\u00f3n, el que tiene unos ... Llegiu m\u00e9s\" \/>\n<meta property=\"og:url\" content=\"https:\/\/www.aribau.es\/ca\/regalale-un-vino-y-haz-feliz-a-tu-padre-este-domingo\/\" \/>\n<meta property=\"og:site_name\" content=\"Aribau\" \/>\n<meta property=\"article:publisher\" content=\"https:\/\/www.facebook.com\/aribau1964\/\" \/>\n<meta property=\"article:published_time\" content=\"2017-03-15T16:55:43+00:00\" \/>\n<meta property=\"article:modified_time\" content=\"2021-04-26T12:59:50+00:00\" \/>\n<meta property=\"og:image\" content=\"https:\/\/www.aribau.es\/wp-content\/uploads\/2017\/03\/vinos-aribau.jpeg\" \/>\n\t<meta property=\"og:image:width\" content=\"1000\" \/>\n\t<meta property=\"og:image:height\" content=\"812\" \/>\n\t<meta property=\"og:image:type\" content=\"image\/jpeg\" \/>\n<meta name=\"author\" content=\"aribau\" \/>\n<meta name=\"twitter:card\" content=\"summary_large_image\" \/>\n<meta name=\"twitter:creator\" content=\"@aribau1964\" \/>\n<meta name=\"twitter:site\" content=\"@aribau1964\" \/>\n<meta name=\"twitter:label1\" content=\"Escrit per\" \/>\n\t<meta name=\"twitter:data1\" content=\"aribau\" \/>\n\t<meta name=\"twitter:label2\" content=\"Temps estimat de lectura\" \/>\n\t<meta name=\"twitter:data2\" content=\"2 minuts\" \/>\n<script type=\"application\/ld+json\" class=\"yoast-schema-graph\">{\"@context\":\"https:\/\/schema.org\",\"@graph\":[{\"@type\":\"Article\",\"@id\":\"https:\/\/www.aribau.es\/ca\/regalale-un-vino-y-haz-feliz-a-tu-padre-este-domingo\/#article\",\"isPartOf\":{\"@id\":\"https:\/\/www.aribau.es\/ca\/regalale-un-vino-y-haz-feliz-a-tu-padre-este-domingo\/\"},\"author\":{\"name\":\"aribau\",\"@id\":\"https:\/\/www.aribau.es\/#\/schema\/person\/77a976898b3c705ed016499633f4ffd0\"},\"headline\":\"REG\u00c1LALE UN VINO, Y HAZ FELIZ A TU PADRE ESTE DOMINGO\",\"datePublished\":\"2017-03-15T16:55:43+00:00\",\"dateModified\":\"2021-04-26T12:59:50+00:00\",\"mainEntityOfPage\":{\"@id\":\"https:\/\/www.aribau.es\/ca\/regalale-un-vino-y-haz-feliz-a-tu-padre-este-domingo\/\"},\"wordCount\":446,\"publisher\":{\"@id\":\"https:\/\/www.aribau.es\/#organization\"},\"image\":{\"@id\":\"https:\/\/www.aribau.es\/ca\/regalale-un-vino-y-haz-feliz-a-tu-padre-este-domingo\/#primaryimage\"},\"thumbnailUrl\":\"https:\/\/www.aribau.es\/wp-content\/uploads\/2017\/03\/vinos-aribau.jpeg\",\"keywords\":[\"Agust\u00ed Torell\u00f3\",\"Bodegas Bilba\u00ednas\",\"Celler Lagravera\",\"Vinos\"],\"articleSection\":[\"Noticias\"],\"inLanguage\":\"ca\"},{\"@type\":\"WebPage\",\"@id\":\"https:\/\/www.aribau.es\/ca\/regalale-un-vino-y-haz-feliz-a-tu-padre-este-domingo\/\",\"url\":\"https:\/\/www.aribau.es\/ca\/regalale-un-vino-y-haz-feliz-a-tu-padre-este-domingo\/\",\"name\":\"REG\u00c1LALE UN VINO, Y HAZ FELIZ A TU PADRE ESTE DOMINGO - Aribau\",\"isPartOf\":{\"@id\":\"https:\/\/www.aribau.es\/#website\"},\"primaryImageOfPage\":{\"@id\":\"https:\/\/www.aribau.es\/ca\/regalale-un-vino-y-haz-feliz-a-tu-padre-este-domingo\/#primaryimage\"},\"image\":{\"@id\":\"https:\/\/www.aribau.es\/ca\/regalale-un-vino-y-haz-feliz-a-tu-padre-este-domingo\/#primaryimage\"},\"thumbnailUrl\":\"https:\/\/www.aribau.es\/wp-content\/uploads\/2017\/03\/vinos-aribau.jpeg\",\"datePublished\":\"2017-03-15T16:55:43+00:00\",\"dateModified\":\"2021-04-26T12:59:50+00:00\",\"breadcrumb\":{\"@id\":\"https:\/\/www.aribau.es\/ca\/regalale-un-vino-y-haz-feliz-a-tu-padre-este-domingo\/#breadcrumb\"},\"inLanguage\":\"ca\",\"potentialAction\":[{\"@type\":\"ReadAction\",\"target\":[\"https:\/\/www.aribau.es\/ca\/regalale-un-vino-y-haz-feliz-a-tu-padre-este-domingo\/\"]}]},{\"@type\":\"ImageObject\",\"inLanguage\":\"ca\",\"@id\":\"https:\/\/www.aribau.es\/ca\/regalale-un-vino-y-haz-feliz-a-tu-padre-este-domingo\/#primaryimage\",\"url\":\"https:\/\/www.aribau.es\/wp-content\/uploads\/2017\/03\/vinos-aribau.jpeg\",\"contentUrl\":\"https:\/\/www.aribau.es\/wp-content\/uploads\/2017\/03\/vinos-aribau.jpeg\",\"width\":1000,\"height\":812},{\"@type\":\"BreadcrumbList\",\"@id\":\"https:\/\/www.aribau.es\/ca\/regalale-un-vino-y-haz-feliz-a-tu-padre-este-domingo\/#breadcrumb\",\"itemListElement\":[{\"@type\":\"ListItem\",\"position\":1,\"name\":\"Portada\",\"item\":\"https:\/\/www.aribau.es\/\"},{\"@type\":\"ListItem\",\"position\":2,\"name\":\"REG\u00c1LALE UN VINO, Y HAZ FELIZ A TU PADRE ESTE DOMINGO\"}]},{\"@type\":\"WebSite\",\"@id\":\"https:\/\/www.aribau.es\/#website\",\"url\":\"https:\/\/www.aribau.es\/\",\"name\":\"Aribau\",\"description\":\"VINOS Y BODEGAS\",\"publisher\":{\"@id\":\"https:\/\/www.aribau.es\/#organization\"},\"potentialAction\":[{\"@type\":\"SearchAction\",\"target\":{\"@type\":\"EntryPoint\",\"urlTemplate\":\"https:\/\/www.aribau.es\/?s={search_term_string}\"},\"query-input\":{\"@type\":\"PropertyValueSpecification\",\"valueRequired\":true,\"valueName\":\"search_term_string\"}}],\"inLanguage\":\"ca\"},{\"@type\":\"Organization\",\"@id\":\"https:\/\/www.aribau.es\/#organization\",\"name\":\"Aribau\",\"url\":\"https:\/\/www.aribau.es\/\",\"logo\":{\"@type\":\"ImageObject\",\"inLanguage\":\"ca\",\"@id\":\"https:\/\/www.aribau.es\/#\/schema\/logo\/image\/\",\"url\":\"https:\/\/www.aribau.es\/wp-content\/uploads\/2022\/03\/logo.png\",\"contentUrl\":\"https:\/\/www.aribau.es\/wp-content\/uploads\/2022\/03\/logo.png\",\"width\":300,\"height\":300,\"caption\":\"Aribau\"},\"image\":{\"@id\":\"https:\/\/www.aribau.es\/#\/schema\/logo\/image\/\"},\"sameAs\":[\"https:\/\/www.facebook.com\/aribau1964\/\",\"https:\/\/x.com\/aribau1964\",\"https:\/\/www.instagram.com\/aribau1964\/\"]},{\"@type\":\"Person\",\"@id\":\"https:\/\/www.aribau.es\/#\/schema\/person\/77a976898b3c705ed016499633f4ffd0\",\"name\":\"aribau\",\"image\":{\"@type\":\"ImageObject\",\"inLanguage\":\"ca\",\"@id\":\"https:\/\/www.aribau.es\/#\/schema\/person\/image\/\",\"url\":\"https:\/\/secure.gravatar.com\/avatar\/6690491f832d5b32aa9482b978c9464816810fbff0f6658034a34c9d9657b94e?s=96&d=mm&r=g\",\"contentUrl\":\"https:\/\/secure.gravatar.com\/avatar\/6690491f832d5b32aa9482b978c9464816810fbff0f6658034a34c9d9657b94e?s=96&d=mm&r=g\",\"caption\":\"aribau\"},\"url\":\"https:\/\/www.aribau.es\/ca\/author\/aribau\/\"}]}<\/script>\n<!-- \/ Yoast SEO plugin. -->","yoast_head_json":{"title":"REG\u00c1LALE UN VINO, Y HAZ FELIZ A TU PADRE ESTE DOMINGO - Aribau","robots":{"index":"index","follow":"follow","max-snippet":"max-snippet:-1","max-image-preview":"max-image-preview:large","max-video-preview":"max-video-preview:-1"},"canonical":"https:\/\/www.aribau.es\/ca\/regalale-un-vino-y-haz-feliz-a-tu-padre-este-domingo\/","og_locale":"ca_ES","og_type":"article","og_title":"REG\u00c1LALE UN VINO, Y HAZ FELIZ A TU PADRE ESTE DOMINGO - Aribau","og_description":"Este pr\u00f3ximo domingo 19 de marzo es el D\u00eda del Padre. Quiz\u00e1 seas de los que no est\u00e1 de acuerdo en celebrar este tipo de fechas por considerarlas comerciales o, simplemente, porque para ti cada d\u00eda es el D\u00eda del Padre. Por otra parte, quiz\u00e1 t\u00fa seas el padre en cuesti\u00f3n, el que tiene unos ... Llegiu m\u00e9s","og_url":"https:\/\/www.aribau.es\/ca\/regalale-un-vino-y-haz-feliz-a-tu-padre-este-domingo\/","og_site_name":"Aribau","article_publisher":"https:\/\/www.facebook.com\/aribau1964\/","article_published_time":"2017-03-15T16:55:43+00:00","article_modified_time":"2021-04-26T12:59:50+00:00","og_image":[{"width":1000,"height":812,"url":"https:\/\/www.aribau.es\/wp-content\/uploads\/2017\/03\/vinos-aribau.jpeg","type":"image\/jpeg"}],"author":"aribau","twitter_card":"summary_large_image","twitter_creator":"@aribau1964","twitter_site":"@aribau1964","twitter_misc":{"Escrit per":"aribau","Temps estimat de lectura":"2 minuts"},"schema":{"@context":"https:\/\/schema.org","@graph":[{"@type":"Article","@id":"https:\/\/www.aribau.es\/ca\/regalale-un-vino-y-haz-feliz-a-tu-padre-este-domingo\/#article","isPartOf":{"@id":"https:\/\/www.aribau.es\/ca\/regalale-un-vino-y-haz-feliz-a-tu-padre-este-domingo\/"},"author":{"name":"aribau","@id":"https:\/\/www.aribau.es\/#\/schema\/person\/77a976898b3c705ed016499633f4ffd0"},"headline":"REG\u00c1LALE UN VINO, Y HAZ FELIZ A TU PADRE ESTE DOMINGO","datePublished":"2017-03-15T16:55:43+00:00","dateModified":"2021-04-26T12:59:50+00:00","mainEntityOfPage":{"@id":"https:\/\/www.aribau.es\/ca\/regalale-un-vino-y-haz-feliz-a-tu-padre-este-domingo\/"},"wordCount":446,"publisher":{"@id":"https:\/\/www.aribau.es\/#organization"},"image":{"@id":"https:\/\/www.aribau.es\/ca\/regalale-un-vino-y-haz-feliz-a-tu-padre-este-domingo\/#primaryimage"},"thumbnailUrl":"https:\/\/www.aribau.es\/wp-content\/uploads\/2017\/03\/vinos-aribau.jpeg","keywords":["Agust\u00ed Torell\u00f3","Bodegas Bilba\u00ednas","Celler Lagravera","Vinos"],"articleSection":["Noticias"],"inLanguage":"ca"},{"@type":"WebPage","@id":"https:\/\/www.aribau.es\/ca\/regalale-un-vino-y-haz-feliz-a-tu-padre-este-domingo\/","url":"https:\/\/www.aribau.es\/ca\/regalale-un-vino-y-haz-feliz-a-tu-padre-este-domingo\/","name":"REG\u00c1LALE UN VINO, Y HAZ FELIZ A TU PADRE ESTE DOMINGO - Aribau","isPartOf":{"@id":"https:\/\/www.aribau.es\/#website"},"primaryImageOfPage":{"@id":"https:\/\/www.aribau.es\/ca\/regalale-un-vino-y-haz-feliz-a-tu-padre-este-domingo\/#primaryimage"},"image":{"@id":"https:\/\/www.aribau.es\/ca\/regalale-un-vino-y-haz-feliz-a-tu-padre-este-domingo\/#primaryimage"},"thumbnailUrl":"https:\/\/www.aribau.es\/wp-content\/uploads\/2017\/03\/vinos-aribau.jpeg","datePublished":"2017-03-15T16:55:43+00:00","dateModified":"2021-04-26T12:59:50+00:00","breadcrumb":{"@id":"https:\/\/www.aribau.es\/ca\/regalale-un-vino-y-haz-feliz-a-tu-padre-este-domingo\/#breadcrumb"},"inLanguage":"ca","potentialAction":[{"@type":"ReadAction","target":["https:\/\/www.aribau.es\/ca\/regalale-un-vino-y-haz-feliz-a-tu-padre-este-domingo\/"]}]},{"@type":"ImageObject","inLanguage":"ca","@id":"https:\/\/www.aribau.es\/ca\/regalale-un-vino-y-haz-feliz-a-tu-padre-este-domingo\/#primaryimage","url":"https:\/\/www.aribau.es\/wp-content\/uploads\/2017\/03\/vinos-aribau.jpeg","contentUrl":"https:\/\/www.aribau.es\/wp-content\/uploads\/2017\/03\/vinos-aribau.jpeg","width":1000,"height":812},{"@type":"BreadcrumbList","@id":"https:\/\/www.aribau.es\/ca\/regalale-un-vino-y-haz-feliz-a-tu-padre-este-domingo\/#breadcrumb","itemListElement":[{"@type":"ListItem","position":1,"name":"Portada","item":"https:\/\/www.aribau.es\/"},{"@type":"ListItem","position":2,"name":"REG\u00c1LALE UN VINO, Y HAZ FELIZ A TU PADRE ESTE DOMINGO"}]},{"@type":"WebSite","@id":"https:\/\/www.aribau.es\/#website","url":"https:\/\/www.aribau.es\/","name":"Aribau","description":"VINOS Y BODEGAS","publisher":{"@id":"https:\/\/www.aribau.es\/#organization"},"potentialAction":[{"@type":"SearchAction","target":{"@type":"EntryPoint","urlTemplate":"https:\/\/www.aribau.es\/?s={search_term_string}"},"query-input":{"@type":"PropertyValueSpecification","valueRequired":true,"valueName":"search_term_string"}}],"inLanguage":"ca"},{"@type":"Organization","@id":"https:\/\/www.aribau.es\/#organization","name":"Aribau","url":"https:\/\/www.aribau.es\/","logo":{"@type":"ImageObject","inLanguage":"ca","@id":"https:\/\/www.aribau.es\/#\/schema\/logo\/image\/","url":"https:\/\/www.aribau.es\/wp-content\/uploads\/2022\/03\/logo.png","contentUrl":"https:\/\/www.aribau.es\/wp-content\/uploads\/2022\/03\/logo.png","width":300,"height":300,"caption":"Aribau"},"image":{"@id":"https:\/\/www.aribau.es\/#\/schema\/logo\/image\/"},"sameAs":["https:\/\/www.facebook.com\/aribau1964\/","https:\/\/x.com\/aribau1964","https:\/\/www.instagram.com\/aribau1964\/"]},{"@type":"Person","@id":"https:\/\/www.aribau.es\/#\/schema\/person\/77a976898b3c705ed016499633f4ffd0","name":"aribau","image":{"@type":"ImageObject","inLanguage":"ca","@id":"https:\/\/www.aribau.es\/#\/schema\/person\/image\/","url":"https:\/\/secure.gravatar.com\/avatar\/6690491f832d5b32aa9482b978c9464816810fbff0f6658034a34c9d9657b94e?s=96&d=mm&r=g","contentUrl":"https:\/\/secure.gravatar.com\/avatar\/6690491f832d5b32aa9482b978c9464816810fbff0f6658034a34c9d9657b94e?s=96&d=mm&r=g","caption":"aribau"},"url":"https:\/\/www.aribau.es\/ca\/author\/aribau\/"}]}},"_links":{"self":[{"href":"https:\/\/www.aribau.es\/ca\/wp-json\/wp\/v2\/posts\/5240","targetHints":{"allow":["GET"]}}],"collection":[{"href":"https:\/\/www.aribau.es\/ca\/wp-json\/wp\/v2\/posts"}],"about":[{"href":"https:\/\/www.aribau.es\/ca\/wp-json\/wp\/v2\/types\/post"}],"author":[{"embeddable":true,"href":"https:\/\/www.aribau.es\/ca\/wp-json\/wp\/v2\/users\/3"}],"replies":[{"embeddable":true,"href":"https:\/\/www.aribau.es\/ca\/wp-json\/wp\/v2\/comments?post=5240"}],"version-history":[{"count":1,"href":"https:\/\/www.aribau.es\/ca\/wp-json\/wp\/v2\/posts\/5240\/revisions"}],"predecessor-version":[{"id":10203,"href":"https:\/\/www.aribau.es\/ca\/wp-json\/wp\/v2\/posts\/5240\/revisions\/10203"}],"wp:featuredmedia":[{"embeddable":true,"href":"https:\/\/www.aribau.es\/ca\/wp-json\/wp\/v2\/media\/5246"}],"wp:attachment":[{"href":"https:\/\/www.aribau.es\/ca\/wp-json\/wp\/v2\/media?parent=5240"}],"wp:term":[{"taxonomy":"category","embeddable":true,"href":"https:\/\/www.aribau.es\/ca\/wp-json\/wp\/v2\/categories?post=5240"},{"taxonomy":"post_tag","embeddable":true,"href":"https:\/\/www.aribau.es\/ca\/wp-json\/wp\/v2\/tags?post=5240"}],"curies":[{"name":"wp","href":"https:\/\/api.w.org\/{rel}","templated":true}]}}