{"id":5292,"date":"2017-04-12T14:31:07","date_gmt":"2017-04-12T12:31:07","guid":{"rendered":"https:\/\/www.aribau.es\/?p=5292"},"modified":"2021-04-26T13:55:36","modified_gmt":"2021-04-26T12:55:36","slug":"planes-de-ultima-hora-para-semana-santa-de-ruta-enologica-por-vina-pomal","status":"publish","type":"post","link":"https:\/\/www.aribau.es\/ca\/planes-de-ultima-hora-para-semana-santa-de-ruta-enologica-por-vina-pomal\/","title":{"rendered":"PLANS D'\u00daLTIMA HORA PER SETMANA SANTA: DE RUTA ENOL\u00d2GICA PER VI\u00d1A POMAL"},"content":{"rendered":"<p>Si eres de los que a\u00fan no sabe qu\u00e9 va a hacer en Semana Santa, \u00a1no desesperes! Y, sobre todo, no te sientas solo: \u00a1no eres el \u00fanico! Somos muchos los que dejamos para \u00faltima hora los planes para estos d\u00edas, y muchos los que lo hacen por el placer de improvisar.<\/p>\n<p>Seas del grupo que seas, si no tienes nada pensado y te gusta el vino, te sugerimos una excursi\u00f3n enol\u00f3gica a La Rioja, y m\u00e1s concretamente a Haro, la que podr\u00edamos considerar la capital del vino de esta comunidad.<\/p>\n<p>Entre la m\u00faltiple oferta de bodegas que encontrar\u00e1s por la zona, vamos a recomendarte una: <strong><a href=\"http:\/\/www.bodegasbilbainas.com\/\" target=\"_blank\" rel=\"noopener\">Bodegas Bilba\u00ednas<\/a><\/strong>, uno de los vi\u00f1edos m\u00e1s extensos de toda La Rioja. Los or\u00edgenes de esta bodega se remontan a 1859, cuando Savignon Fr\u00e8res &amp; Cie lleg\u00f3 a Haro huyendo de la filoxera, una plaga que arras\u00f3 gran parte de los vi\u00f1edos en Francia. Fue en 1901 cuando la bodega adquiri\u00f3 el nombre actual, fruto de la compra por parte de un grupo de empresarios de Bilbao.<\/p>\n<p><!--more--><\/p>\n<p>Uno de los vinos de referencia de Bodegas Bilba\u00ednas es <em><strong><a href=\"http:\/\/vinapomal.com\/es\" target=\"_blank\" rel=\"noopener\">Vi\u00f1a Pomal<\/a><\/strong><\/em>, un cl\u00e1sico entre los cl\u00e1sicos. Un 100% Tempranillo que ha sabido mantenerse fiel al estilo cl\u00e1sico del aut\u00e9ntico Rioja, pero que, a su vez, se ha adaptado a los nuevos tiempos gracias en parte a una gran campa\u00f1a de comunicaci\u00f3n.<\/p>\n<p><a href=\"https:\/\/www.aribau.es\/wp-content\/uploads\/2017\/04\/vina-pomal-aribau.jpg\"><img fetchpriority=\"high\" decoding=\"async\" class=\"size-full wp-image-5298 aligncenter\" src=\"https:\/\/www.aribau.es\/wp-content\/uploads\/2017\/04\/vina-pomal-aribau.jpg\" alt=\"vina-pomal-aribau\" width=\"600\" height=\"299\" srcset=\"https:\/\/www.aribau.es\/wp-content\/uploads\/2017\/04\/vina-pomal-aribau.jpg 600w, https:\/\/www.aribau.es\/wp-content\/uploads\/2017\/04\/vina-pomal-aribau-300x150.jpg 300w\" sizes=\"(max-width: 600px) 100vw, 600px\" \/><\/a><\/p>\n<p>Pero a pesar de esa imagen de h\u00edpster, lo cierto es que <em>Vi\u00f1a Pomal<\/em> cuenta ya con una m\u00e1s que extensa carrera a sus espaldas, y es que la primera etiqueta con el nombre de <em>Vi\u00f1a Pomal<\/em> pertenece a un Reserva Especial de la cosecha de 1904.<\/p>\n<p>El vi\u00f1edo de <em>Vi\u00f1a Pomal<\/em> tiene adem\u00e1s un gran atractivo: una tradicional caseta situada entre las vi\u00f1as que lo hace a\u00fan m\u00e1s especial y que nos da ya una idea de los a\u00f1os de historia de la marca y la bodega. Plantadas por primera vez a principios del siglo XX, hoy las vi\u00f1as m\u00e1s antiguas de <em>Vi\u00f1a Pomal<\/em> se remontan a 1971.<\/p>\n<p>Bodegas Bilba\u00ednas cuenta tambi\u00e9n con una de las mayores superficies de calados subterr\u00e1neos de La Rioja construidos a finales del siglo XIX. Una raz\u00f3n m\u00e1s para pasarse por all\u00ed estos d\u00edas y aprovechar para visitar sus vi\u00f1edos y brindar con un buen vino. Desde la bodega se organizan visitas y diferentes actividades de enoturismo. Eso s\u00ed, aunque lo hayas dejado para \u00faltima hora, procurar llamar antes para cerrar la visita. Y, sobre todo, a la vuelta \u00a1nos lo cuentas!<\/p>\n<p><a href=\"https:\/\/www.aribau.es\/wp-content\/uploads\/2017\/04\/bodegas-bilbainas-aribau-02.jpg\"><img decoding=\"async\" class=\"alignleft size-full wp-image-5293\" src=\"https:\/\/www.aribau.es\/wp-content\/uploads\/2017\/04\/bodegas-bilbainas-aribau-02.jpg\" alt=\"bodegas-bilbainas-aribau-02\" width=\"1090\" height=\"541\" srcset=\"https:\/\/www.aribau.es\/wp-content\/uploads\/2017\/04\/bodegas-bilbainas-aribau-02.jpg 1090w, https:\/\/www.aribau.es\/wp-content\/uploads\/2017\/04\/bodegas-bilbainas-aribau-02-300x149.jpg 300w, https:\/\/www.aribau.es\/wp-content\/uploads\/2017\/04\/bodegas-bilbainas-aribau-02-768x381.jpg 768w, https:\/\/www.aribau.es\/wp-content\/uploads\/2017\/04\/bodegas-bilbainas-aribau-02-1024x508.jpg 1024w\" sizes=\"(max-width: 1090px) 100vw, 1090px\" \/><\/a><\/p>\n<p>&nbsp;<\/p>","protected":false},"excerpt":{"rendered":"<p>Si eres de los que a\u00fan no sabe qu\u00e9 va a hacer en Semana Santa, \u00a1no desesperes! Y, sobre todo, no te sientas solo: \u00a1no eres el \u00fanico! Somos muchos los que dejamos para \u00faltima hora los planes para estos d\u00edas, y muchos los que lo hacen por el placer de improvisar. Seas del grupo &#8230; <a title=\"PLANS D&#039;\u00daLTIMA HORA PER SETMANA SANTA: DE RUTA ENOL\u00d2GICA PER VI\u00d1A POMAL\" class=\"read-more\" href=\"https:\/\/www.aribau.es\/ca\/planes-de-ultima-hora-para-semana-santa-de-ruta-enologica-por-vina-pomal\/\" aria-label=\"M\u00e9s informaci\u00f3 sobre PLANES DE \u00daLTIMA HORA PARA SEMANA SANTA: DE RUTA ENOL\u00d3GICA POR VI\u00d1A POMAL\">Llegiu m\u00e9s<\/a><\/p>","protected":false},"author":3,"featured_media":5297,"comment_status":"closed","ping_status":"closed","sticky":false,"template":"","format":"standard","meta":{"footnotes":""},"categories":[406],"tags":[376,307,463,462,461],"class_list":["post-5292","post","type-post","status-publish","format-standard","has-post-thumbnail","hentry","category-noticias","tag-bodegas-bilbainas","tag-do-la-rioja","tag-enoturismo","tag-la-rioja","tag-vina-pomal"],"yoast_head":"<!-- This site is optimized with the Yoast SEO plugin v26.7 - https:\/\/yoast.com\/wordpress\/plugins\/seo\/ -->\n<title>PLANES DE \u00daLTIMA HORA PARA SEMANA SANTA: DE RUTA ENOL\u00d3GICA POR VI\u00d1A POMAL - Aribau<\/title>\n<meta name=\"robots\" content=\"index, follow, max-snippet:-1, max-image-preview:large, max-video-preview:-1\" \/>\n<link rel=\"canonical\" href=\"https:\/\/www.aribau.es\/ca\/planes-de-ultima-hora-para-semana-santa-de-ruta-enologica-por-vina-pomal\/\" \/>\n<meta property=\"og:locale\" content=\"ca_ES\" \/>\n<meta property=\"og:type\" content=\"article\" \/>\n<meta property=\"og:title\" content=\"PLANES DE \u00daLTIMA HORA PARA SEMANA SANTA: DE RUTA ENOL\u00d3GICA POR VI\u00d1A POMAL - Aribau\" \/>\n<meta property=\"og:description\" content=\"Si eres de los que a\u00fan no sabe qu\u00e9 va a hacer en Semana Santa, \u00a1no desesperes! Y, sobre todo, no te sientas solo: \u00a1no eres el \u00fanico! Somos muchos los que dejamos para \u00faltima hora los planes para estos d\u00edas, y muchos los que lo hacen por el placer de improvisar. Seas del grupo ... Llegiu m\u00e9s\" \/>\n<meta property=\"og:url\" content=\"https:\/\/www.aribau.es\/ca\/planes-de-ultima-hora-para-semana-santa-de-ruta-enologica-por-vina-pomal\/\" \/>\n<meta property=\"og:site_name\" content=\"Aribau\" \/>\n<meta property=\"article:publisher\" content=\"https:\/\/www.facebook.com\/aribau1964\/\" \/>\n<meta property=\"article:published_time\" content=\"2017-04-12T12:31:07+00:00\" \/>\n<meta property=\"article:modified_time\" content=\"2021-04-26T12:55:36+00:00\" \/>\n<meta property=\"og:image\" content=\"https:\/\/www.aribau.es\/wp-content\/uploads\/2017\/04\/vina-pomal-aribau-05.png\" \/>\n\t<meta property=\"og:image:width\" content=\"1172\" \/>\n\t<meta property=\"og:image:height\" content=\"659\" \/>\n\t<meta property=\"og:image:type\" content=\"image\/png\" \/>\n<meta name=\"author\" content=\"aribau\" \/>\n<meta name=\"twitter:card\" content=\"summary_large_image\" \/>\n<meta name=\"twitter:creator\" content=\"@aribau1964\" \/>\n<meta name=\"twitter:site\" content=\"@aribau1964\" \/>\n<meta name=\"twitter:label1\" content=\"Escrit per\" \/>\n\t<meta name=\"twitter:data1\" content=\"aribau\" \/>\n\t<meta name=\"twitter:label2\" content=\"Temps estimat de lectura\" \/>\n\t<meta name=\"twitter:data2\" content=\"2 minuts\" \/>\n<script type=\"application\/ld+json\" class=\"yoast-schema-graph\">{\"@context\":\"https:\/\/schema.org\",\"@graph\":[{\"@type\":\"Article\",\"@id\":\"https:\/\/www.aribau.es\/planes-de-ultima-hora-para-semana-santa-de-ruta-enologica-por-vina-pomal\/#article\",\"isPartOf\":{\"@id\":\"https:\/\/www.aribau.es\/planes-de-ultima-hora-para-semana-santa-de-ruta-enologica-por-vina-pomal\/\"},\"author\":{\"name\":\"aribau\",\"@id\":\"https:\/\/www.aribau.es\/#\/schema\/person\/77a976898b3c705ed016499633f4ffd0\"},\"headline\":\"PLANES DE \u00daLTIMA HORA PARA SEMANA SANTA: DE RUTA ENOL\u00d3GICA POR VI\u00d1A POMAL\",\"datePublished\":\"2017-04-12T12:31:07+00:00\",\"dateModified\":\"2021-04-26T12:55:36+00:00\",\"mainEntityOfPage\":{\"@id\":\"https:\/\/www.aribau.es\/planes-de-ultima-hora-para-semana-santa-de-ruta-enologica-por-vina-pomal\/\"},\"wordCount\":467,\"publisher\":{\"@id\":\"https:\/\/www.aribau.es\/#organization\"},\"image\":{\"@id\":\"https:\/\/www.aribau.es\/planes-de-ultima-hora-para-semana-santa-de-ruta-enologica-por-vina-pomal\/#primaryimage\"},\"thumbnailUrl\":\"https:\/\/www.aribau.es\/wp-content\/uploads\/2017\/04\/vina-pomal-aribau-05.png\",\"keywords\":[\"Bodegas Bilba\u00ednas\",\"DO La Rioja\",\"enoturismo\",\"La Rioja\",\"Vi\u00f1a Pomal\"],\"articleSection\":[\"Noticias\"],\"inLanguage\":\"ca\"},{\"@type\":\"WebPage\",\"@id\":\"https:\/\/www.aribau.es\/planes-de-ultima-hora-para-semana-santa-de-ruta-enologica-por-vina-pomal\/\",\"url\":\"https:\/\/www.aribau.es\/planes-de-ultima-hora-para-semana-santa-de-ruta-enologica-por-vina-pomal\/\",\"name\":\"PLANES DE \u00daLTIMA HORA PARA SEMANA SANTA: DE RUTA ENOL\u00d3GICA POR VI\u00d1A POMAL - Aribau\",\"isPartOf\":{\"@id\":\"https:\/\/www.aribau.es\/#website\"},\"primaryImageOfPage\":{\"@id\":\"https:\/\/www.aribau.es\/planes-de-ultima-hora-para-semana-santa-de-ruta-enologica-por-vina-pomal\/#primaryimage\"},\"image\":{\"@id\":\"https:\/\/www.aribau.es\/planes-de-ultima-hora-para-semana-santa-de-ruta-enologica-por-vina-pomal\/#primaryimage\"},\"thumbnailUrl\":\"https:\/\/www.aribau.es\/wp-content\/uploads\/2017\/04\/vina-pomal-aribau-05.png\",\"datePublished\":\"2017-04-12T12:31:07+00:00\",\"dateModified\":\"2021-04-26T12:55:36+00:00\",\"breadcrumb\":{\"@id\":\"https:\/\/www.aribau.es\/planes-de-ultima-hora-para-semana-santa-de-ruta-enologica-por-vina-pomal\/#breadcrumb\"},\"inLanguage\":\"ca\",\"potentialAction\":[{\"@type\":\"ReadAction\",\"target\":[\"https:\/\/www.aribau.es\/planes-de-ultima-hora-para-semana-santa-de-ruta-enologica-por-vina-pomal\/\"]}]},{\"@type\":\"ImageObject\",\"inLanguage\":\"ca\",\"@id\":\"https:\/\/www.aribau.es\/planes-de-ultima-hora-para-semana-santa-de-ruta-enologica-por-vina-pomal\/#primaryimage\",\"url\":\"https:\/\/www.aribau.es\/wp-content\/uploads\/2017\/04\/vina-pomal-aribau-05.png\",\"contentUrl\":\"https:\/\/www.aribau.es\/wp-content\/uploads\/2017\/04\/vina-pomal-aribau-05.png\",\"width\":1172,\"height\":659},{\"@type\":\"BreadcrumbList\",\"@id\":\"https:\/\/www.aribau.es\/planes-de-ultima-hora-para-semana-santa-de-ruta-enologica-por-vina-pomal\/#breadcrumb\",\"itemListElement\":[{\"@type\":\"ListItem\",\"position\":1,\"name\":\"Portada\",\"item\":\"https:\/\/www.aribau.es\/\"},{\"@type\":\"ListItem\",\"position\":2,\"name\":\"PLANES DE \u00daLTIMA HORA PARA SEMANA SANTA: DE RUTA ENOL\u00d3GICA POR VI\u00d1A POMAL\"}]},{\"@type\":\"WebSite\",\"@id\":\"https:\/\/www.aribau.es\/#website\",\"url\":\"https:\/\/www.aribau.es\/\",\"name\":\"Aribau\",\"description\":\"VINOS Y BODEGAS\",\"publisher\":{\"@id\":\"https:\/\/www.aribau.es\/#organization\"},\"potentialAction\":[{\"@type\":\"SearchAction\",\"target\":{\"@type\":\"EntryPoint\",\"urlTemplate\":\"https:\/\/www.aribau.es\/?s={search_term_string}\"},\"query-input\":{\"@type\":\"PropertyValueSpecification\",\"valueRequired\":true,\"valueName\":\"search_term_string\"}}],\"inLanguage\":\"ca\"},{\"@type\":\"Organization\",\"@id\":\"https:\/\/www.aribau.es\/#organization\",\"name\":\"Aribau\",\"url\":\"https:\/\/www.aribau.es\/\",\"logo\":{\"@type\":\"ImageObject\",\"inLanguage\":\"ca\",\"@id\":\"https:\/\/www.aribau.es\/#\/schema\/logo\/image\/\",\"url\":\"https:\/\/www.aribau.es\/wp-content\/uploads\/2022\/03\/logo.png\",\"contentUrl\":\"https:\/\/www.aribau.es\/wp-content\/uploads\/2022\/03\/logo.png\",\"width\":300,\"height\":300,\"caption\":\"Aribau\"},\"image\":{\"@id\":\"https:\/\/www.aribau.es\/#\/schema\/logo\/image\/\"},\"sameAs\":[\"https:\/\/www.facebook.com\/aribau1964\/\",\"https:\/\/x.com\/aribau1964\",\"https:\/\/www.instagram.com\/aribau1964\/\"]},{\"@type\":\"Person\",\"@id\":\"https:\/\/www.aribau.es\/#\/schema\/person\/77a976898b3c705ed016499633f4ffd0\",\"name\":\"aribau\",\"image\":{\"@type\":\"ImageObject\",\"inLanguage\":\"ca\",\"@id\":\"https:\/\/www.aribau.es\/#\/schema\/person\/image\/\",\"url\":\"https:\/\/secure.gravatar.com\/avatar\/6690491f832d5b32aa9482b978c9464816810fbff0f6658034a34c9d9657b94e?s=96&d=mm&r=g\",\"contentUrl\":\"https:\/\/secure.gravatar.com\/avatar\/6690491f832d5b32aa9482b978c9464816810fbff0f6658034a34c9d9657b94e?s=96&d=mm&r=g\",\"caption\":\"aribau\"},\"url\":\"https:\/\/www.aribau.es\/ca\/author\/aribau\/\"}]}<\/script>\n<!-- \/ Yoast SEO plugin. -->","yoast_head_json":{"title":"PLANES DE \u00daLTIMA HORA PARA SEMANA SANTA: DE RUTA ENOL\u00d3GICA POR VI\u00d1A POMAL - Aribau","robots":{"index":"index","follow":"follow","max-snippet":"max-snippet:-1","max-image-preview":"max-image-preview:large","max-video-preview":"max-video-preview:-1"},"canonical":"https:\/\/www.aribau.es\/ca\/planes-de-ultima-hora-para-semana-santa-de-ruta-enologica-por-vina-pomal\/","og_locale":"ca_ES","og_type":"article","og_title":"PLANES DE \u00daLTIMA HORA PARA SEMANA SANTA: DE RUTA ENOL\u00d3GICA POR VI\u00d1A POMAL - Aribau","og_description":"Si eres de los que a\u00fan no sabe qu\u00e9 va a hacer en Semana Santa, \u00a1no desesperes! Y, sobre todo, no te sientas solo: \u00a1no eres el \u00fanico! Somos muchos los que dejamos para \u00faltima hora los planes para estos d\u00edas, y muchos los que lo hacen por el placer de improvisar. Seas del grupo ... Llegiu m\u00e9s","og_url":"https:\/\/www.aribau.es\/ca\/planes-de-ultima-hora-para-semana-santa-de-ruta-enologica-por-vina-pomal\/","og_site_name":"Aribau","article_publisher":"https:\/\/www.facebook.com\/aribau1964\/","article_published_time":"2017-04-12T12:31:07+00:00","article_modified_time":"2021-04-26T12:55:36+00:00","og_image":[{"width":1172,"height":659,"url":"https:\/\/www.aribau.es\/wp-content\/uploads\/2017\/04\/vina-pomal-aribau-05.png","type":"image\/png"}],"author":"aribau","twitter_card":"summary_large_image","twitter_creator":"@aribau1964","twitter_site":"@aribau1964","twitter_misc":{"Escrit per":"aribau","Temps estimat de lectura":"2 minuts"},"schema":{"@context":"https:\/\/schema.org","@graph":[{"@type":"Article","@id":"https:\/\/www.aribau.es\/planes-de-ultima-hora-para-semana-santa-de-ruta-enologica-por-vina-pomal\/#article","isPartOf":{"@id":"https:\/\/www.aribau.es\/planes-de-ultima-hora-para-semana-santa-de-ruta-enologica-por-vina-pomal\/"},"author":{"name":"aribau","@id":"https:\/\/www.aribau.es\/#\/schema\/person\/77a976898b3c705ed016499633f4ffd0"},"headline":"PLANES DE \u00daLTIMA HORA PARA SEMANA SANTA: DE RUTA ENOL\u00d3GICA POR VI\u00d1A POMAL","datePublished":"2017-04-12T12:31:07+00:00","dateModified":"2021-04-26T12:55:36+00:00","mainEntityOfPage":{"@id":"https:\/\/www.aribau.es\/planes-de-ultima-hora-para-semana-santa-de-ruta-enologica-por-vina-pomal\/"},"wordCount":467,"publisher":{"@id":"https:\/\/www.aribau.es\/#organization"},"image":{"@id":"https:\/\/www.aribau.es\/planes-de-ultima-hora-para-semana-santa-de-ruta-enologica-por-vina-pomal\/#primaryimage"},"thumbnailUrl":"https:\/\/www.aribau.es\/wp-content\/uploads\/2017\/04\/vina-pomal-aribau-05.png","keywords":["Bodegas Bilba\u00ednas","DO La Rioja","enoturismo","La Rioja","Vi\u00f1a Pomal"],"articleSection":["Noticias"],"inLanguage":"ca"},{"@type":"WebPage","@id":"https:\/\/www.aribau.es\/planes-de-ultima-hora-para-semana-santa-de-ruta-enologica-por-vina-pomal\/","url":"https:\/\/www.aribau.es\/planes-de-ultima-hora-para-semana-santa-de-ruta-enologica-por-vina-pomal\/","name":"PLANES DE \u00daLTIMA HORA PARA SEMANA SANTA: DE RUTA ENOL\u00d3GICA POR VI\u00d1A POMAL - Aribau","isPartOf":{"@id":"https:\/\/www.aribau.es\/#website"},"primaryImageOfPage":{"@id":"https:\/\/www.aribau.es\/planes-de-ultima-hora-para-semana-santa-de-ruta-enologica-por-vina-pomal\/#primaryimage"},"image":{"@id":"https:\/\/www.aribau.es\/planes-de-ultima-hora-para-semana-santa-de-ruta-enologica-por-vina-pomal\/#primaryimage"},"thumbnailUrl":"https:\/\/www.aribau.es\/wp-content\/uploads\/2017\/04\/vina-pomal-aribau-05.png","datePublished":"2017-04-12T12:31:07+00:00","dateModified":"2021-04-26T12:55:36+00:00","breadcrumb":{"@id":"https:\/\/www.aribau.es\/planes-de-ultima-hora-para-semana-santa-de-ruta-enologica-por-vina-pomal\/#breadcrumb"},"inLanguage":"ca","potentialAction":[{"@type":"ReadAction","target":["https:\/\/www.aribau.es\/planes-de-ultima-hora-para-semana-santa-de-ruta-enologica-por-vina-pomal\/"]}]},{"@type":"ImageObject","inLanguage":"ca","@id":"https:\/\/www.aribau.es\/planes-de-ultima-hora-para-semana-santa-de-ruta-enologica-por-vina-pomal\/#primaryimage","url":"https:\/\/www.aribau.es\/wp-content\/uploads\/2017\/04\/vina-pomal-aribau-05.png","contentUrl":"https:\/\/www.aribau.es\/wp-content\/uploads\/2017\/04\/vina-pomal-aribau-05.png","width":1172,"height":659},{"@type":"BreadcrumbList","@id":"https:\/\/www.aribau.es\/planes-de-ultima-hora-para-semana-santa-de-ruta-enologica-por-vina-pomal\/#breadcrumb","itemListElement":[{"@type":"ListItem","position":1,"name":"Portada","item":"https:\/\/www.aribau.es\/"},{"@type":"ListItem","position":2,"name":"PLANES DE \u00daLTIMA HORA PARA SEMANA SANTA: DE RUTA ENOL\u00d3GICA POR VI\u00d1A POMAL"}]},{"@type":"WebSite","@id":"https:\/\/www.aribau.es\/#website","url":"https:\/\/www.aribau.es\/","name":"Aribau","description":"VINOS Y BODEGAS","publisher":{"@id":"https:\/\/www.aribau.es\/#organization"},"potentialAction":[{"@type":"SearchAction","target":{"@type":"EntryPoint","urlTemplate":"https:\/\/www.aribau.es\/?s={search_term_string}"},"query-input":{"@type":"PropertyValueSpecification","valueRequired":true,"valueName":"search_term_string"}}],"inLanguage":"ca"},{"@type":"Organization","@id":"https:\/\/www.aribau.es\/#organization","name":"Aribau","url":"https:\/\/www.aribau.es\/","logo":{"@type":"ImageObject","inLanguage":"ca","@id":"https:\/\/www.aribau.es\/#\/schema\/logo\/image\/","url":"https:\/\/www.aribau.es\/wp-content\/uploads\/2022\/03\/logo.png","contentUrl":"https:\/\/www.aribau.es\/wp-content\/uploads\/2022\/03\/logo.png","width":300,"height":300,"caption":"Aribau"},"image":{"@id":"https:\/\/www.aribau.es\/#\/schema\/logo\/image\/"},"sameAs":["https:\/\/www.facebook.com\/aribau1964\/","https:\/\/x.com\/aribau1964","https:\/\/www.instagram.com\/aribau1964\/"]},{"@type":"Person","@id":"https:\/\/www.aribau.es\/#\/schema\/person\/77a976898b3c705ed016499633f4ffd0","name":"aribau","image":{"@type":"ImageObject","inLanguage":"ca","@id":"https:\/\/www.aribau.es\/#\/schema\/person\/image\/","url":"https:\/\/secure.gravatar.com\/avatar\/6690491f832d5b32aa9482b978c9464816810fbff0f6658034a34c9d9657b94e?s=96&d=mm&r=g","contentUrl":"https:\/\/secure.gravatar.com\/avatar\/6690491f832d5b32aa9482b978c9464816810fbff0f6658034a34c9d9657b94e?s=96&d=mm&r=g","caption":"aribau"},"url":"https:\/\/www.aribau.es\/ca\/author\/aribau\/"}]}},"_links":{"self":[{"href":"https:\/\/www.aribau.es\/ca\/wp-json\/wp\/v2\/posts\/5292","targetHints":{"allow":["GET"]}}],"collection":[{"href":"https:\/\/www.aribau.es\/ca\/wp-json\/wp\/v2\/posts"}],"about":[{"href":"https:\/\/www.aribau.es\/ca\/wp-json\/wp\/v2\/types\/post"}],"author":[{"embeddable":true,"href":"https:\/\/www.aribau.es\/ca\/wp-json\/wp\/v2\/users\/3"}],"replies":[{"embeddable":true,"href":"https:\/\/www.aribau.es\/ca\/wp-json\/wp\/v2\/comments?post=5292"}],"version-history":[{"count":1,"href":"https:\/\/www.aribau.es\/ca\/wp-json\/wp\/v2\/posts\/5292\/revisions"}],"predecessor-version":[{"id":10196,"href":"https:\/\/www.aribau.es\/ca\/wp-json\/wp\/v2\/posts\/5292\/revisions\/10196"}],"wp:featuredmedia":[{"embeddable":true,"href":"https:\/\/www.aribau.es\/ca\/wp-json\/wp\/v2\/media\/5297"}],"wp:attachment":[{"href":"https:\/\/www.aribau.es\/ca\/wp-json\/wp\/v2\/media?parent=5292"}],"wp:term":[{"taxonomy":"category","embeddable":true,"href":"https:\/\/www.aribau.es\/ca\/wp-json\/wp\/v2\/categories?post=5292"},{"taxonomy":"post_tag","embeddable":true,"href":"https:\/\/www.aribau.es\/ca\/wp-json\/wp\/v2\/tags?post=5292"}],"curies":[{"name":"wp","href":"https:\/\/api.w.org\/{rel}","templated":true}]}}