{"id":5331,"date":"2017-05-04T18:27:04","date_gmt":"2017-05-04T16:27:04","guid":{"rendered":"https:\/\/www.aribau.es\/?p=5331"},"modified":"2021-04-26T13:51:57","modified_gmt":"2021-04-26T12:51:57","slug":"i-tant-un-vino-fruto-de-la-garnacha-tinta-del-montsant","status":"publish","type":"post","link":"https:\/\/www.aribau.es\/ca\/i-tant-un-vino-fruto-de-la-garnacha-tinta-del-montsant\/","title":{"rendered":"\u2018I TANT\u2019, UN VI FRUIT DE LA GARNATXA NEGRA DEL MONTSANT"},"content":{"rendered":"<p>De la familia de <a href=\"http:\/\/www.itantvins.com\/es\/\" target=\"_blank\" rel=\"noopener\">I Tant Vins<\/a> ya os hemos hablado, tanto del <a href=\"https:\/\/www.aribau.es\/ca\/i-tant-blanco-el-primero-de-una-familia-de-vinos-arraigados-al-territorio\/\" target=\"_blank\" rel=\"noopener\">blanc<\/a> como del <a href=\"https:\/\/www.aribau.es\/ca\/i-tant-rosado-un-vino-que-huye-de-lo-convencional\/\" target=\"_blank\" rel=\"noopener\">rosado<\/a>. As\u00ed que ha llegado el turno de <strong><em>I Tant<\/em><\/strong>, a secas. Un vino tinto fruto de la estupenda Garnacha tinta del Montsant, en la provincia de Tarragona.<\/p>\n<p>La Garnacha tinta ha sido una de esas variedades poco apreciadas durante mucho tiempo. No se la consideraba una variedad suficientemente elegante, con lo que quedaba relegada a los vinos a granel. Afortunadamente los tiempos cambian, y a d\u00eda de hoy la Garnacha ocupa el puesto que se merece. Y es que los vinos tintos elaborados a base de Garnacha son vinos muy frutales, especiados y sabrosos, con cuerpo y personalidad.<\/p>\n<p>La Garnacha tinta con la que se elabora <em>I Tant<\/em> crece en los terru\u00f1os arcillosos del Montsant, concretamente en vi\u00f1edos situados en la zona sur de esta Denominaci\u00f3n de Origen. Esta situaci\u00f3n geogr\u00e1fica les garantiza las horas de sol necesarias para alcanzar el punto de maduraci\u00f3n m\u00e1s \u00f3ptimo.<\/p>\n<p><em>I Tant<\/em> es un vino que presenta un color granate intenso, con ciertos tonos viol\u00e1ceos que nos dan una idea de la viveza de este crianza. Si probamos a olerlo, notaremos una explosi\u00f3n arom\u00e1tica de frutos rojos, muy t\u00edpicos de la Garnacha, as\u00ed como unos toques anisados que recuerdan al hinojo, una planta t\u00edpica del sotobosque mediterr\u00e1neo.<\/p>\n<p>Una vez en boca, el vino es afrutado, con predominio de fruta roja y una entrada suave y limpia. Es un vino con cierta dosis de cremosidad que transmite esa sensaci\u00f3n de plenitud y redondez en boca.<\/p>\n<p>Y si hablamos de maridajes, pues lo cierto es que los vinos elaborados a base de Garnacha tinta resultan ser vinos bastante vers\u00e1tiles, con lo cual nos garantizan un perfecto maridaje con una gran cantidad de platos. Pero por centrarnos en unos cuantos, el binomio perfecto ser\u00eda, claro, con la carne. Desde un cordero asado hasta las carnes bancas con salsas potentes, los estofados\u2026 Y ahora que ya se acerca el buen tiempo, <em>I Tant<\/em> es perfecto para maridarlo con carnes rojas a la barbacoa. Para aquellos que no sean muy carn\u00edvoros, los quesos y los arroces son tambi\u00e9n una buena alternativa de maridaje.<\/p>\n<p>Pero si t\u00fa lo que quieres es innovar y ponerte internacional, prueba a acompa\u00f1ar una buena cena india o \u00e1rabe con una copa de <em>I Tant<\/em>. Seguro que no te defraudar\u00e1. \u00a1Salud!<\/p>","protected":false},"excerpt":{"rendered":"<p>De la familia de I Tant Vins ya os hemos hablado, tanto del blanco como del rosado. As\u00ed que ha llegado el turno de I Tant, a secas. Un vino tinto fruto de la estupenda Garnacha tinta del Montsant, en la provincia de Tarragona. La Garnacha tinta ha sido una de esas variedades poco apreciadas &#8230; <a title=\"&#8216;I TANT\u2019, UN VINO FRUTO DE LA GARNACHA TINTA DEL MONTSANT\" class=\"read-more\" href=\"https:\/\/www.aribau.es\/ca\/i-tant-un-vino-fruto-de-la-garnacha-tinta-del-montsant\/\" aria-label=\"M\u00e9s informaci\u00f3 sobre &#8216;I TANT\u2019, UN VINO FRUTO DE LA GARNACHA TINTA DEL MONTSANT\">Llegiu m\u00e9s<\/a><\/p>","protected":false},"author":3,"featured_media":5333,"comment_status":"closed","ping_status":"closed","sticky":false,"template":"","format":"standard","meta":{"footnotes":""},"categories":[406],"tags":[440,395],"class_list":["post-5331","post","type-post","status-publish","format-standard","has-post-thumbnail","hentry","category-noticias","tag-i-tant","tag-i-tant-vins"],"yoast_head":"<!-- This site is optimized with the Yoast SEO plugin v26.7 - https:\/\/yoast.com\/wordpress\/plugins\/seo\/ -->\n<title>&#039;I TANT\u2019, UN VINO FRUTO DE LA GARNACHA TINTA DEL MONTSANT - Aribau<\/title>\n<meta name=\"robots\" content=\"index, follow, max-snippet:-1, max-image-preview:large, max-video-preview:-1\" \/>\n<link rel=\"canonical\" href=\"https:\/\/www.aribau.es\/ca\/i-tant-un-vino-fruto-de-la-garnacha-tinta-del-montsant\/\" \/>\n<meta property=\"og:locale\" content=\"ca_ES\" \/>\n<meta property=\"og:type\" content=\"article\" \/>\n<meta property=\"og:title\" content=\"&#039;I TANT\u2019, UN VINO FRUTO DE LA GARNACHA TINTA DEL MONTSANT - Aribau\" \/>\n<meta property=\"og:description\" content=\"De la familia de I Tant Vins ya os hemos hablado, tanto del blanco como del rosado. As\u00ed que ha llegado el turno de I Tant, a secas. Un vino tinto fruto de la estupenda Garnacha tinta del Montsant, en la provincia de Tarragona. La Garnacha tinta ha sido una de esas variedades poco apreciadas ... Llegiu m\u00e9s\" \/>\n<meta property=\"og:url\" content=\"https:\/\/www.aribau.es\/ca\/i-tant-un-vino-fruto-de-la-garnacha-tinta-del-montsant\/\" \/>\n<meta property=\"og:site_name\" content=\"Aribau\" \/>\n<meta property=\"article:publisher\" content=\"https:\/\/www.facebook.com\/aribau1964\/\" \/>\n<meta property=\"article:published_time\" content=\"2017-05-04T16:27:04+00:00\" \/>\n<meta property=\"article:modified_time\" content=\"2021-04-26T12:51:57+00:00\" \/>\n<meta property=\"og:image\" content=\"https:\/\/www.aribau.es\/wp-content\/uploads\/2017\/05\/itant-garnatxa-negra-aribau.png\" \/>\n\t<meta property=\"og:image:width\" content=\"900\" \/>\n\t<meta property=\"og:image:height\" content=\"257\" \/>\n\t<meta property=\"og:image:type\" content=\"image\/png\" \/>\n<meta name=\"author\" content=\"aribau\" \/>\n<meta name=\"twitter:card\" content=\"summary_large_image\" \/>\n<meta name=\"twitter:creator\" content=\"@aribau1964\" \/>\n<meta name=\"twitter:site\" content=\"@aribau1964\" \/>\n<meta name=\"twitter:label1\" content=\"Escrit per\" \/>\n\t<meta name=\"twitter:data1\" content=\"aribau\" \/>\n\t<meta name=\"twitter:label2\" content=\"Temps estimat de lectura\" \/>\n\t<meta name=\"twitter:data2\" content=\"2 minuts\" \/>\n<script type=\"application\/ld+json\" class=\"yoast-schema-graph\">{\"@context\":\"https:\/\/schema.org\",\"@graph\":[{\"@type\":\"Article\",\"@id\":\"https:\/\/www.aribau.es\/i-tant-un-vino-fruto-de-la-garnacha-tinta-del-montsant\/#article\",\"isPartOf\":{\"@id\":\"https:\/\/www.aribau.es\/i-tant-un-vino-fruto-de-la-garnacha-tinta-del-montsant\/\"},\"author\":{\"name\":\"aribau\",\"@id\":\"https:\/\/www.aribau.es\/#\/schema\/person\/77a976898b3c705ed016499633f4ffd0\"},\"headline\":\"&#8216;I TANT\u2019, UN VINO FRUTO DE LA GARNACHA TINTA DEL MONTSANT\",\"datePublished\":\"2017-05-04T16:27:04+00:00\",\"dateModified\":\"2021-04-26T12:51:57+00:00\",\"mainEntityOfPage\":{\"@id\":\"https:\/\/www.aribau.es\/i-tant-un-vino-fruto-de-la-garnacha-tinta-del-montsant\/\"},\"wordCount\":424,\"publisher\":{\"@id\":\"https:\/\/www.aribau.es\/#organization\"},\"image\":{\"@id\":\"https:\/\/www.aribau.es\/i-tant-un-vino-fruto-de-la-garnacha-tinta-del-montsant\/#primaryimage\"},\"thumbnailUrl\":\"https:\/\/www.aribau.es\/wp-content\/uploads\/2017\/05\/itant-garnatxa-negra-aribau.png\",\"keywords\":[\"I Tant\",\"I tant vins\"],\"articleSection\":[\"Noticias\"],\"inLanguage\":\"ca\"},{\"@type\":\"WebPage\",\"@id\":\"https:\/\/www.aribau.es\/i-tant-un-vino-fruto-de-la-garnacha-tinta-del-montsant\/\",\"url\":\"https:\/\/www.aribau.es\/i-tant-un-vino-fruto-de-la-garnacha-tinta-del-montsant\/\",\"name\":\"'I TANT\u2019, UN VINO FRUTO DE LA GARNACHA TINTA DEL MONTSANT - Aribau\",\"isPartOf\":{\"@id\":\"https:\/\/www.aribau.es\/#website\"},\"primaryImageOfPage\":{\"@id\":\"https:\/\/www.aribau.es\/i-tant-un-vino-fruto-de-la-garnacha-tinta-del-montsant\/#primaryimage\"},\"image\":{\"@id\":\"https:\/\/www.aribau.es\/i-tant-un-vino-fruto-de-la-garnacha-tinta-del-montsant\/#primaryimage\"},\"thumbnailUrl\":\"https:\/\/www.aribau.es\/wp-content\/uploads\/2017\/05\/itant-garnatxa-negra-aribau.png\",\"datePublished\":\"2017-05-04T16:27:04+00:00\",\"dateModified\":\"2021-04-26T12:51:57+00:00\",\"breadcrumb\":{\"@id\":\"https:\/\/www.aribau.es\/i-tant-un-vino-fruto-de-la-garnacha-tinta-del-montsant\/#breadcrumb\"},\"inLanguage\":\"ca\",\"potentialAction\":[{\"@type\":\"ReadAction\",\"target\":[\"https:\/\/www.aribau.es\/i-tant-un-vino-fruto-de-la-garnacha-tinta-del-montsant\/\"]}]},{\"@type\":\"ImageObject\",\"inLanguage\":\"ca\",\"@id\":\"https:\/\/www.aribau.es\/i-tant-un-vino-fruto-de-la-garnacha-tinta-del-montsant\/#primaryimage\",\"url\":\"https:\/\/www.aribau.es\/wp-content\/uploads\/2017\/05\/itant-garnatxa-negra-aribau.png\",\"contentUrl\":\"https:\/\/www.aribau.es\/wp-content\/uploads\/2017\/05\/itant-garnatxa-negra-aribau.png\",\"width\":900,\"height\":257},{\"@type\":\"BreadcrumbList\",\"@id\":\"https:\/\/www.aribau.es\/i-tant-un-vino-fruto-de-la-garnacha-tinta-del-montsant\/#breadcrumb\",\"itemListElement\":[{\"@type\":\"ListItem\",\"position\":1,\"name\":\"Portada\",\"item\":\"https:\/\/www.aribau.es\/\"},{\"@type\":\"ListItem\",\"position\":2,\"name\":\"&#8216;I TANT\u2019, UN VINO FRUTO DE LA GARNACHA TINTA DEL MONTSANT\"}]},{\"@type\":\"WebSite\",\"@id\":\"https:\/\/www.aribau.es\/#website\",\"url\":\"https:\/\/www.aribau.es\/\",\"name\":\"Aribau\",\"description\":\"VINOS Y BODEGAS\",\"publisher\":{\"@id\":\"https:\/\/www.aribau.es\/#organization\"},\"potentialAction\":[{\"@type\":\"SearchAction\",\"target\":{\"@type\":\"EntryPoint\",\"urlTemplate\":\"https:\/\/www.aribau.es\/?s={search_term_string}\"},\"query-input\":{\"@type\":\"PropertyValueSpecification\",\"valueRequired\":true,\"valueName\":\"search_term_string\"}}],\"inLanguage\":\"ca\"},{\"@type\":\"Organization\",\"@id\":\"https:\/\/www.aribau.es\/#organization\",\"name\":\"Aribau\",\"url\":\"https:\/\/www.aribau.es\/\",\"logo\":{\"@type\":\"ImageObject\",\"inLanguage\":\"ca\",\"@id\":\"https:\/\/www.aribau.es\/#\/schema\/logo\/image\/\",\"url\":\"https:\/\/www.aribau.es\/wp-content\/uploads\/2022\/03\/logo.png\",\"contentUrl\":\"https:\/\/www.aribau.es\/wp-content\/uploads\/2022\/03\/logo.png\",\"width\":300,\"height\":300,\"caption\":\"Aribau\"},\"image\":{\"@id\":\"https:\/\/www.aribau.es\/#\/schema\/logo\/image\/\"},\"sameAs\":[\"https:\/\/www.facebook.com\/aribau1964\/\",\"https:\/\/x.com\/aribau1964\",\"https:\/\/www.instagram.com\/aribau1964\/\"]},{\"@type\":\"Person\",\"@id\":\"https:\/\/www.aribau.es\/#\/schema\/person\/77a976898b3c705ed016499633f4ffd0\",\"name\":\"aribau\",\"image\":{\"@type\":\"ImageObject\",\"inLanguage\":\"ca\",\"@id\":\"https:\/\/www.aribau.es\/#\/schema\/person\/image\/\",\"url\":\"https:\/\/secure.gravatar.com\/avatar\/6690491f832d5b32aa9482b978c9464816810fbff0f6658034a34c9d9657b94e?s=96&d=mm&r=g\",\"contentUrl\":\"https:\/\/secure.gravatar.com\/avatar\/6690491f832d5b32aa9482b978c9464816810fbff0f6658034a34c9d9657b94e?s=96&d=mm&r=g\",\"caption\":\"aribau\"},\"url\":\"https:\/\/www.aribau.es\/ca\/author\/aribau\/\"}]}<\/script>\n<!-- \/ Yoast SEO plugin. -->","yoast_head_json":{"title":"'I TANT\u2019, UN VINO FRUTO DE LA GARNACHA TINTA DEL MONTSANT - Aribau","robots":{"index":"index","follow":"follow","max-snippet":"max-snippet:-1","max-image-preview":"max-image-preview:large","max-video-preview":"max-video-preview:-1"},"canonical":"https:\/\/www.aribau.es\/ca\/i-tant-un-vino-fruto-de-la-garnacha-tinta-del-montsant\/","og_locale":"ca_ES","og_type":"article","og_title":"'I TANT\u2019, UN VINO FRUTO DE LA GARNACHA TINTA DEL MONTSANT - Aribau","og_description":"De la familia de I Tant Vins ya os hemos hablado, tanto del blanco como del rosado. As\u00ed que ha llegado el turno de I Tant, a secas. Un vino tinto fruto de la estupenda Garnacha tinta del Montsant, en la provincia de Tarragona. La Garnacha tinta ha sido una de esas variedades poco apreciadas ... Llegiu m\u00e9s","og_url":"https:\/\/www.aribau.es\/ca\/i-tant-un-vino-fruto-de-la-garnacha-tinta-del-montsant\/","og_site_name":"Aribau","article_publisher":"https:\/\/www.facebook.com\/aribau1964\/","article_published_time":"2017-05-04T16:27:04+00:00","article_modified_time":"2021-04-26T12:51:57+00:00","og_image":[{"width":900,"height":257,"url":"https:\/\/www.aribau.es\/wp-content\/uploads\/2017\/05\/itant-garnatxa-negra-aribau.png","type":"image\/png"}],"author":"aribau","twitter_card":"summary_large_image","twitter_creator":"@aribau1964","twitter_site":"@aribau1964","twitter_misc":{"Escrit per":"aribau","Temps estimat de lectura":"2 minuts"},"schema":{"@context":"https:\/\/schema.org","@graph":[{"@type":"Article","@id":"https:\/\/www.aribau.es\/i-tant-un-vino-fruto-de-la-garnacha-tinta-del-montsant\/#article","isPartOf":{"@id":"https:\/\/www.aribau.es\/i-tant-un-vino-fruto-de-la-garnacha-tinta-del-montsant\/"},"author":{"name":"aribau","@id":"https:\/\/www.aribau.es\/#\/schema\/person\/77a976898b3c705ed016499633f4ffd0"},"headline":"&#8216;I TANT\u2019, UN VINO FRUTO DE LA GARNACHA TINTA DEL MONTSANT","datePublished":"2017-05-04T16:27:04+00:00","dateModified":"2021-04-26T12:51:57+00:00","mainEntityOfPage":{"@id":"https:\/\/www.aribau.es\/i-tant-un-vino-fruto-de-la-garnacha-tinta-del-montsant\/"},"wordCount":424,"publisher":{"@id":"https:\/\/www.aribau.es\/#organization"},"image":{"@id":"https:\/\/www.aribau.es\/i-tant-un-vino-fruto-de-la-garnacha-tinta-del-montsant\/#primaryimage"},"thumbnailUrl":"https:\/\/www.aribau.es\/wp-content\/uploads\/2017\/05\/itant-garnatxa-negra-aribau.png","keywords":["I Tant","I tant vins"],"articleSection":["Noticias"],"inLanguage":"ca"},{"@type":"WebPage","@id":"https:\/\/www.aribau.es\/i-tant-un-vino-fruto-de-la-garnacha-tinta-del-montsant\/","url":"https:\/\/www.aribau.es\/i-tant-un-vino-fruto-de-la-garnacha-tinta-del-montsant\/","name":"'I TANT\u2019, UN VINO FRUTO DE LA GARNACHA TINTA DEL MONTSANT - Aribau","isPartOf":{"@id":"https:\/\/www.aribau.es\/#website"},"primaryImageOfPage":{"@id":"https:\/\/www.aribau.es\/i-tant-un-vino-fruto-de-la-garnacha-tinta-del-montsant\/#primaryimage"},"image":{"@id":"https:\/\/www.aribau.es\/i-tant-un-vino-fruto-de-la-garnacha-tinta-del-montsant\/#primaryimage"},"thumbnailUrl":"https:\/\/www.aribau.es\/wp-content\/uploads\/2017\/05\/itant-garnatxa-negra-aribau.png","datePublished":"2017-05-04T16:27:04+00:00","dateModified":"2021-04-26T12:51:57+00:00","breadcrumb":{"@id":"https:\/\/www.aribau.es\/i-tant-un-vino-fruto-de-la-garnacha-tinta-del-montsant\/#breadcrumb"},"inLanguage":"ca","potentialAction":[{"@type":"ReadAction","target":["https:\/\/www.aribau.es\/i-tant-un-vino-fruto-de-la-garnacha-tinta-del-montsant\/"]}]},{"@type":"ImageObject","inLanguage":"ca","@id":"https:\/\/www.aribau.es\/i-tant-un-vino-fruto-de-la-garnacha-tinta-del-montsant\/#primaryimage","url":"https:\/\/www.aribau.es\/wp-content\/uploads\/2017\/05\/itant-garnatxa-negra-aribau.png","contentUrl":"https:\/\/www.aribau.es\/wp-content\/uploads\/2017\/05\/itant-garnatxa-negra-aribau.png","width":900,"height":257},{"@type":"BreadcrumbList","@id":"https:\/\/www.aribau.es\/i-tant-un-vino-fruto-de-la-garnacha-tinta-del-montsant\/#breadcrumb","itemListElement":[{"@type":"ListItem","position":1,"name":"Portada","item":"https:\/\/www.aribau.es\/"},{"@type":"ListItem","position":2,"name":"&#8216;I TANT\u2019, UN VINO FRUTO DE LA GARNACHA TINTA DEL MONTSANT"}]},{"@type":"WebSite","@id":"https:\/\/www.aribau.es\/#website","url":"https:\/\/www.aribau.es\/","name":"Aribau","description":"VINOS Y BODEGAS","publisher":{"@id":"https:\/\/www.aribau.es\/#organization"},"potentialAction":[{"@type":"SearchAction","target":{"@type":"EntryPoint","urlTemplate":"https:\/\/www.aribau.es\/?s={search_term_string}"},"query-input":{"@type":"PropertyValueSpecification","valueRequired":true,"valueName":"search_term_string"}}],"inLanguage":"ca"},{"@type":"Organization","@id":"https:\/\/www.aribau.es\/#organization","name":"Aribau","url":"https:\/\/www.aribau.es\/","logo":{"@type":"ImageObject","inLanguage":"ca","@id":"https:\/\/www.aribau.es\/#\/schema\/logo\/image\/","url":"https:\/\/www.aribau.es\/wp-content\/uploads\/2022\/03\/logo.png","contentUrl":"https:\/\/www.aribau.es\/wp-content\/uploads\/2022\/03\/logo.png","width":300,"height":300,"caption":"Aribau"},"image":{"@id":"https:\/\/www.aribau.es\/#\/schema\/logo\/image\/"},"sameAs":["https:\/\/www.facebook.com\/aribau1964\/","https:\/\/x.com\/aribau1964","https:\/\/www.instagram.com\/aribau1964\/"]},{"@type":"Person","@id":"https:\/\/www.aribau.es\/#\/schema\/person\/77a976898b3c705ed016499633f4ffd0","name":"aribau","image":{"@type":"ImageObject","inLanguage":"ca","@id":"https:\/\/www.aribau.es\/#\/schema\/person\/image\/","url":"https:\/\/secure.gravatar.com\/avatar\/6690491f832d5b32aa9482b978c9464816810fbff0f6658034a34c9d9657b94e?s=96&d=mm&r=g","contentUrl":"https:\/\/secure.gravatar.com\/avatar\/6690491f832d5b32aa9482b978c9464816810fbff0f6658034a34c9d9657b94e?s=96&d=mm&r=g","caption":"aribau"},"url":"https:\/\/www.aribau.es\/ca\/author\/aribau\/"}]}},"_links":{"self":[{"href":"https:\/\/www.aribau.es\/ca\/wp-json\/wp\/v2\/posts\/5331","targetHints":{"allow":["GET"]}}],"collection":[{"href":"https:\/\/www.aribau.es\/ca\/wp-json\/wp\/v2\/posts"}],"about":[{"href":"https:\/\/www.aribau.es\/ca\/wp-json\/wp\/v2\/types\/post"}],"author":[{"embeddable":true,"href":"https:\/\/www.aribau.es\/ca\/wp-json\/wp\/v2\/users\/3"}],"replies":[{"embeddable":true,"href":"https:\/\/www.aribau.es\/ca\/wp-json\/wp\/v2\/comments?post=5331"}],"version-history":[{"count":1,"href":"https:\/\/www.aribau.es\/ca\/wp-json\/wp\/v2\/posts\/5331\/revisions"}],"predecessor-version":[{"id":10191,"href":"https:\/\/www.aribau.es\/ca\/wp-json\/wp\/v2\/posts\/5331\/revisions\/10191"}],"wp:featuredmedia":[{"embeddable":true,"href":"https:\/\/www.aribau.es\/ca\/wp-json\/wp\/v2\/media\/5333"}],"wp:attachment":[{"href":"https:\/\/www.aribau.es\/ca\/wp-json\/wp\/v2\/media?parent=5331"}],"wp:term":[{"taxonomy":"category","embeddable":true,"href":"https:\/\/www.aribau.es\/ca\/wp-json\/wp\/v2\/categories?post=5331"},{"taxonomy":"post_tag","embeddable":true,"href":"https:\/\/www.aribau.es\/ca\/wp-json\/wp\/v2\/tags?post=5331"}],"curies":[{"name":"wp","href":"https:\/\/api.w.org\/{rel}","templated":true}]}}