{"id":5344,"date":"2017-05-19T11:02:19","date_gmt":"2017-05-19T09:02:19","guid":{"rendered":"https:\/\/www.aribau.es\/?p=5344"},"modified":"2021-04-26T13:49:59","modified_gmt":"2021-04-26T12:49:59","slug":"la-descarada-marida-la-cena-dedicada-a-la-bocanegra-en-el-ciclo-els-oblidats","status":"publish","type":"post","link":"https:\/\/www.aribau.es\/ca\/la-descarada-marida-la-cena-dedicada-a-la-bocanegra-en-el-ciclo-els-oblidats\/","title":{"rendered":"LA DESCARADA MARIDA EL SOPAR DEDICAT A LA MOIXINA AL CICLE \u2018ELS OBLIDATS\u2019"},"content":{"rendered":"<p>El <a href=\"http:\/\/www.mmb.cat\/index.php?idm=2\" target=\"_blank\" rel=\"noopener\">Museo Mar\u00edtimo de Barcelona<\/a>, junto a <a href=\"http:\/\/laplatjeta.net\/ca\/cap-a-mar\/\" target=\"_blank\" rel=\"noopener\">Cap a Mar<\/a> (una peque\u00f1a empresa de Barcelona dedicada a la pesca de calidad y de proximidad) y la revista <em><a href=\"http:\/\/www.cuina.cat\/\" target=\"_blank\" rel=\"noopener\">Cuina<\/a><\/em>, pusieron en marcha el pasado mes de marzo un ciclo de cenas marineras bajo el t\u00edtulo <em>Els Oblidats<\/em> (Los Olvidados).<\/p>\n<p>El objetivo de estas cenas es reivindicar el valor culinario de pescados poco conocidos. Cada cena tiene como protagonista a una especie de pescado que puede encontrarse en nuestro litoral pero que, por diversas razones (no sabemos cocinarlos, tienen muchas espinas, est\u00e1n infravalorados\u2026), no llegan ni a los mercados ni a nuestras mesas.<\/p>\n<p><!--more--><\/p>\n<p>Las cenas, que se celebran en el restaurante Norai (el restaurante del Museo Mar\u00edtimo), han tenido ya como protagonistas en ediciones anteriores a la br\u00f3tola, un tipo de merluza muy desconocido, y la raya. Ayer fue el turno de la bocanegra, un tipo de pescado de la familia de los tiburones que, al igual que pasaba con el bacalao o los arenques hace 60 a\u00f1os, es considerado poco noble, por lo que no suele ser habitual encontrarlo en las cartas de los restaurantes. Su carne es blanca, de textura firme y sin espinas.<\/p>\n<p>Siguiendo con el estilo diferencial de estas cenas, aqu\u00ed se recuperan recetas de la cocina marinera de los pescadores, qui\u00e9nes s\u00ed conocen este tipo de producto y sus valores culinarios. As\u00ed, ayer los asistentes a la cena pudieron degustar un men\u00fa elaborado a base de bocanegra, con una brandada para empezar, seguida de un entrante de bocanegra en salsa romesco y un plato principal de fideos con bocanegra.<\/p>\n<p><em>La Descarada<\/em> fue el vino escogido para acompa\u00f1ar este suculento men\u00fa. Nuestro vino estrena a\u00f1ada, y lo hace por todo lo alto, con certificaci\u00f3n de producto ecol\u00f3gico. El maridaje de ayer fue toda una puesta de largo para este DO Pened\u00e8s elaborado con Gewurztraminer, Moscatel y Sauvignon Blanc, y que, sin duda, fue el compa\u00f1ero ideal para un men\u00fa aut\u00e9ntico y de proximidad.<\/p>","protected":false},"excerpt":{"rendered":"<p>El Museo Mar\u00edtimo de Barcelona, junto a Cap a Mar (una peque\u00f1a empresa de Barcelona dedicada a la pesca de calidad y de proximidad) y la revista Cuina, pusieron en marcha el pasado mes de marzo un ciclo de cenas marineras bajo el t\u00edtulo Els Oblidats (Los Olvidados). El objetivo de estas cenas es reivindicar &#8230; <a title=\"LA DESCARADA MARIDA EL SOPAR DEDICAT A LA MOIXINA AL CICLE \u2018ELS OBLIDATS\u2019\" class=\"read-more\" href=\"https:\/\/www.aribau.es\/ca\/la-descarada-marida-la-cena-dedicada-a-la-bocanegra-en-el-ciclo-els-oblidats\/\" aria-label=\"M\u00e9s informaci\u00f3 sobre LA DESCARADA MARIDA LA CENA DEDICADA A LA BOCANEGRA EN EL CICLO \u2018ELS OBLIDATS\u2019\">Llegiu m\u00e9s<\/a><\/p>","protected":false},"author":3,"featured_media":5355,"comment_status":"closed","ping_status":"closed","sticky":false,"template":"","format":"standard","meta":{"footnotes":""},"categories":[406],"tags":[305,475,341,474],"class_list":["post-5344","post","type-post","status-publish","format-standard","has-post-thumbnail","hentry","category-noticias","tag-aribau","tag-eventos","tag-la-descarada","tag-maridajes"],"yoast_head":"<!-- This site is optimized with the Yoast SEO plugin v26.7 - https:\/\/yoast.com\/wordpress\/plugins\/seo\/ -->\n<title>LA DESCARADA MARIDA LA CENA DEDICADA A LA BOCANEGRA EN EL CICLO \u2018ELS OBLIDATS\u2019 - Aribau<\/title>\n<meta name=\"robots\" content=\"index, follow, max-snippet:-1, max-image-preview:large, max-video-preview:-1\" \/>\n<link rel=\"canonical\" href=\"https:\/\/www.aribau.es\/ca\/la-descarada-marida-la-cena-dedicada-a-la-bocanegra-en-el-ciclo-els-oblidats\/\" \/>\n<meta property=\"og:locale\" content=\"ca_ES\" \/>\n<meta property=\"og:type\" content=\"article\" \/>\n<meta property=\"og:title\" content=\"LA DESCARADA MARIDA LA CENA DEDICADA A LA BOCANEGRA EN EL CICLO \u2018ELS OBLIDATS\u2019 - Aribau\" \/>\n<meta property=\"og:description\" content=\"El Museo Mar\u00edtimo de Barcelona, junto a Cap a Mar (una peque\u00f1a empresa de Barcelona dedicada a la pesca de calidad y de proximidad) y la revista Cuina, pusieron en marcha el pasado mes de marzo un ciclo de cenas marineras bajo el t\u00edtulo Els Oblidats (Los Olvidados). El objetivo de estas cenas es reivindicar ... Llegiu m\u00e9s\" \/>\n<meta property=\"og:url\" content=\"https:\/\/www.aribau.es\/ca\/la-descarada-marida-la-cena-dedicada-a-la-bocanegra-en-el-ciclo-els-oblidats\/\" \/>\n<meta property=\"og:site_name\" content=\"Aribau\" \/>\n<meta property=\"article:publisher\" content=\"https:\/\/www.facebook.com\/aribau1964\/\" \/>\n<meta property=\"article:published_time\" content=\"2017-05-19T09:02:19+00:00\" \/>\n<meta property=\"article:modified_time\" content=\"2021-04-26T12:49:59+00:00\" \/>\n<meta property=\"og:image\" content=\"https:\/\/www.aribau.es\/wp-content\/uploads\/2017\/05\/sopar-cuina-la-descarada-aribau-08.jpeg\" \/>\n\t<meta property=\"og:image:width\" content=\"1000\" \/>\n\t<meta property=\"og:image:height\" content=\"750\" \/>\n\t<meta property=\"og:image:type\" content=\"image\/jpeg\" \/>\n<meta name=\"author\" content=\"aribau\" \/>\n<meta name=\"twitter:card\" content=\"summary_large_image\" \/>\n<meta name=\"twitter:creator\" content=\"@aribau1964\" \/>\n<meta name=\"twitter:site\" content=\"@aribau1964\" \/>\n<meta name=\"twitter:label1\" content=\"Escrit per\" \/>\n\t<meta name=\"twitter:data1\" content=\"aribau\" \/>\n\t<meta name=\"twitter:label2\" content=\"Temps estimat de lectura\" \/>\n\t<meta name=\"twitter:data2\" content=\"2 minuts\" \/>\n<script type=\"application\/ld+json\" class=\"yoast-schema-graph\">{\"@context\":\"https:\/\/schema.org\",\"@graph\":[{\"@type\":\"Article\",\"@id\":\"https:\/\/www.aribau.es\/ca\/la-descarada-marida-la-cena-dedicada-a-la-bocanegra-en-el-ciclo-els-oblidats\/#article\",\"isPartOf\":{\"@id\":\"https:\/\/www.aribau.es\/ca\/la-descarada-marida-la-cena-dedicada-a-la-bocanegra-en-el-ciclo-els-oblidats\/\"},\"author\":{\"name\":\"aribau\",\"@id\":\"https:\/\/www.aribau.es\/#\/schema\/person\/77a976898b3c705ed016499633f4ffd0\"},\"headline\":\"LA DESCARADA MARIDA LA CENA DEDICADA A LA BOCANEGRA EN EL CICLO \u2018ELS OBLIDATS\u2019\",\"datePublished\":\"2017-05-19T09:02:19+00:00\",\"dateModified\":\"2021-04-26T12:49:59+00:00\",\"mainEntityOfPage\":{\"@id\":\"https:\/\/www.aribau.es\/ca\/la-descarada-marida-la-cena-dedicada-a-la-bocanegra-en-el-ciclo-els-oblidats\/\"},\"wordCount\":353,\"publisher\":{\"@id\":\"https:\/\/www.aribau.es\/#organization\"},\"image\":{\"@id\":\"https:\/\/www.aribau.es\/ca\/la-descarada-marida-la-cena-dedicada-a-la-bocanegra-en-el-ciclo-els-oblidats\/#primaryimage\"},\"thumbnailUrl\":\"https:\/\/www.aribau.es\/wp-content\/uploads\/2017\/05\/sopar-cuina-la-descarada-aribau-08.jpeg\",\"keywords\":[\"Aribau\",\"Eventos\",\"La descarada\",\"Maridajes\"],\"articleSection\":[\"Noticias\"],\"inLanguage\":\"ca\"},{\"@type\":\"WebPage\",\"@id\":\"https:\/\/www.aribau.es\/ca\/la-descarada-marida-la-cena-dedicada-a-la-bocanegra-en-el-ciclo-els-oblidats\/\",\"url\":\"https:\/\/www.aribau.es\/ca\/la-descarada-marida-la-cena-dedicada-a-la-bocanegra-en-el-ciclo-els-oblidats\/\",\"name\":\"LA DESCARADA MARIDA LA CENA DEDICADA A LA BOCANEGRA EN EL CICLO \u2018ELS OBLIDATS\u2019 - Aribau\",\"isPartOf\":{\"@id\":\"https:\/\/www.aribau.es\/#website\"},\"primaryImageOfPage\":{\"@id\":\"https:\/\/www.aribau.es\/ca\/la-descarada-marida-la-cena-dedicada-a-la-bocanegra-en-el-ciclo-els-oblidats\/#primaryimage\"},\"image\":{\"@id\":\"https:\/\/www.aribau.es\/ca\/la-descarada-marida-la-cena-dedicada-a-la-bocanegra-en-el-ciclo-els-oblidats\/#primaryimage\"},\"thumbnailUrl\":\"https:\/\/www.aribau.es\/wp-content\/uploads\/2017\/05\/sopar-cuina-la-descarada-aribau-08.jpeg\",\"datePublished\":\"2017-05-19T09:02:19+00:00\",\"dateModified\":\"2021-04-26T12:49:59+00:00\",\"breadcrumb\":{\"@id\":\"https:\/\/www.aribau.es\/ca\/la-descarada-marida-la-cena-dedicada-a-la-bocanegra-en-el-ciclo-els-oblidats\/#breadcrumb\"},\"inLanguage\":\"ca\",\"potentialAction\":[{\"@type\":\"ReadAction\",\"target\":[\"https:\/\/www.aribau.es\/ca\/la-descarada-marida-la-cena-dedicada-a-la-bocanegra-en-el-ciclo-els-oblidats\/\"]}]},{\"@type\":\"ImageObject\",\"inLanguage\":\"ca\",\"@id\":\"https:\/\/www.aribau.es\/ca\/la-descarada-marida-la-cena-dedicada-a-la-bocanegra-en-el-ciclo-els-oblidats\/#primaryimage\",\"url\":\"https:\/\/www.aribau.es\/wp-content\/uploads\/2017\/05\/sopar-cuina-la-descarada-aribau-08.jpeg\",\"contentUrl\":\"https:\/\/www.aribau.es\/wp-content\/uploads\/2017\/05\/sopar-cuina-la-descarada-aribau-08.jpeg\",\"width\":1000,\"height\":750},{\"@type\":\"BreadcrumbList\",\"@id\":\"https:\/\/www.aribau.es\/ca\/la-descarada-marida-la-cena-dedicada-a-la-bocanegra-en-el-ciclo-els-oblidats\/#breadcrumb\",\"itemListElement\":[{\"@type\":\"ListItem\",\"position\":1,\"name\":\"Portada\",\"item\":\"https:\/\/www.aribau.es\/\"},{\"@type\":\"ListItem\",\"position\":2,\"name\":\"LA DESCARADA MARIDA LA CENA DEDICADA A LA BOCANEGRA EN EL CICLO \u2018ELS OBLIDATS\u2019\"}]},{\"@type\":\"WebSite\",\"@id\":\"https:\/\/www.aribau.es\/#website\",\"url\":\"https:\/\/www.aribau.es\/\",\"name\":\"Aribau\",\"description\":\"VINOS Y BODEGAS\",\"publisher\":{\"@id\":\"https:\/\/www.aribau.es\/#organization\"},\"potentialAction\":[{\"@type\":\"SearchAction\",\"target\":{\"@type\":\"EntryPoint\",\"urlTemplate\":\"https:\/\/www.aribau.es\/?s={search_term_string}\"},\"query-input\":{\"@type\":\"PropertyValueSpecification\",\"valueRequired\":true,\"valueName\":\"search_term_string\"}}],\"inLanguage\":\"ca\"},{\"@type\":\"Organization\",\"@id\":\"https:\/\/www.aribau.es\/#organization\",\"name\":\"Aribau\",\"url\":\"https:\/\/www.aribau.es\/\",\"logo\":{\"@type\":\"ImageObject\",\"inLanguage\":\"ca\",\"@id\":\"https:\/\/www.aribau.es\/#\/schema\/logo\/image\/\",\"url\":\"https:\/\/www.aribau.es\/wp-content\/uploads\/2022\/03\/logo.png\",\"contentUrl\":\"https:\/\/www.aribau.es\/wp-content\/uploads\/2022\/03\/logo.png\",\"width\":300,\"height\":300,\"caption\":\"Aribau\"},\"image\":{\"@id\":\"https:\/\/www.aribau.es\/#\/schema\/logo\/image\/\"},\"sameAs\":[\"https:\/\/www.facebook.com\/aribau1964\/\",\"https:\/\/x.com\/aribau1964\",\"https:\/\/www.instagram.com\/aribau1964\/\"]},{\"@type\":\"Person\",\"@id\":\"https:\/\/www.aribau.es\/#\/schema\/person\/77a976898b3c705ed016499633f4ffd0\",\"name\":\"aribau\",\"image\":{\"@type\":\"ImageObject\",\"inLanguage\":\"ca\",\"@id\":\"https:\/\/www.aribau.es\/#\/schema\/person\/image\/\",\"url\":\"https:\/\/secure.gravatar.com\/avatar\/6690491f832d5b32aa9482b978c9464816810fbff0f6658034a34c9d9657b94e?s=96&d=mm&r=g\",\"contentUrl\":\"https:\/\/secure.gravatar.com\/avatar\/6690491f832d5b32aa9482b978c9464816810fbff0f6658034a34c9d9657b94e?s=96&d=mm&r=g\",\"caption\":\"aribau\"},\"url\":\"https:\/\/www.aribau.es\/ca\/author\/aribau\/\"}]}<\/script>\n<!-- \/ Yoast SEO plugin. -->","yoast_head_json":{"title":"LA DESCARADA MARIDA LA CENA DEDICADA A LA BOCANEGRA EN EL CICLO \u2018ELS OBLIDATS\u2019 - Aribau","robots":{"index":"index","follow":"follow","max-snippet":"max-snippet:-1","max-image-preview":"max-image-preview:large","max-video-preview":"max-video-preview:-1"},"canonical":"https:\/\/www.aribau.es\/ca\/la-descarada-marida-la-cena-dedicada-a-la-bocanegra-en-el-ciclo-els-oblidats\/","og_locale":"ca_ES","og_type":"article","og_title":"LA DESCARADA MARIDA LA CENA DEDICADA A LA BOCANEGRA EN EL CICLO \u2018ELS OBLIDATS\u2019 - Aribau","og_description":"El Museo Mar\u00edtimo de Barcelona, junto a Cap a Mar (una peque\u00f1a empresa de Barcelona dedicada a la pesca de calidad y de proximidad) y la revista Cuina, pusieron en marcha el pasado mes de marzo un ciclo de cenas marineras bajo el t\u00edtulo Els Oblidats (Los Olvidados). El objetivo de estas cenas es reivindicar ... Llegiu m\u00e9s","og_url":"https:\/\/www.aribau.es\/ca\/la-descarada-marida-la-cena-dedicada-a-la-bocanegra-en-el-ciclo-els-oblidats\/","og_site_name":"Aribau","article_publisher":"https:\/\/www.facebook.com\/aribau1964\/","article_published_time":"2017-05-19T09:02:19+00:00","article_modified_time":"2021-04-26T12:49:59+00:00","og_image":[{"width":1000,"height":750,"url":"https:\/\/www.aribau.es\/wp-content\/uploads\/2017\/05\/sopar-cuina-la-descarada-aribau-08.jpeg","type":"image\/jpeg"}],"author":"aribau","twitter_card":"summary_large_image","twitter_creator":"@aribau1964","twitter_site":"@aribau1964","twitter_misc":{"Escrit per":"aribau","Temps estimat de lectura":"2 minuts"},"schema":{"@context":"https:\/\/schema.org","@graph":[{"@type":"Article","@id":"https:\/\/www.aribau.es\/ca\/la-descarada-marida-la-cena-dedicada-a-la-bocanegra-en-el-ciclo-els-oblidats\/#article","isPartOf":{"@id":"https:\/\/www.aribau.es\/ca\/la-descarada-marida-la-cena-dedicada-a-la-bocanegra-en-el-ciclo-els-oblidats\/"},"author":{"name":"aribau","@id":"https:\/\/www.aribau.es\/#\/schema\/person\/77a976898b3c705ed016499633f4ffd0"},"headline":"LA DESCARADA MARIDA LA CENA DEDICADA A LA BOCANEGRA EN EL CICLO \u2018ELS OBLIDATS\u2019","datePublished":"2017-05-19T09:02:19+00:00","dateModified":"2021-04-26T12:49:59+00:00","mainEntityOfPage":{"@id":"https:\/\/www.aribau.es\/ca\/la-descarada-marida-la-cena-dedicada-a-la-bocanegra-en-el-ciclo-els-oblidats\/"},"wordCount":353,"publisher":{"@id":"https:\/\/www.aribau.es\/#organization"},"image":{"@id":"https:\/\/www.aribau.es\/ca\/la-descarada-marida-la-cena-dedicada-a-la-bocanegra-en-el-ciclo-els-oblidats\/#primaryimage"},"thumbnailUrl":"https:\/\/www.aribau.es\/wp-content\/uploads\/2017\/05\/sopar-cuina-la-descarada-aribau-08.jpeg","keywords":["Aribau","Eventos","La descarada","Maridajes"],"articleSection":["Noticias"],"inLanguage":"ca"},{"@type":"WebPage","@id":"https:\/\/www.aribau.es\/ca\/la-descarada-marida-la-cena-dedicada-a-la-bocanegra-en-el-ciclo-els-oblidats\/","url":"https:\/\/www.aribau.es\/ca\/la-descarada-marida-la-cena-dedicada-a-la-bocanegra-en-el-ciclo-els-oblidats\/","name":"LA DESCARADA MARIDA LA CENA DEDICADA A LA BOCANEGRA EN EL CICLO \u2018ELS OBLIDATS\u2019 - Aribau","isPartOf":{"@id":"https:\/\/www.aribau.es\/#website"},"primaryImageOfPage":{"@id":"https:\/\/www.aribau.es\/ca\/la-descarada-marida-la-cena-dedicada-a-la-bocanegra-en-el-ciclo-els-oblidats\/#primaryimage"},"image":{"@id":"https:\/\/www.aribau.es\/ca\/la-descarada-marida-la-cena-dedicada-a-la-bocanegra-en-el-ciclo-els-oblidats\/#primaryimage"},"thumbnailUrl":"https:\/\/www.aribau.es\/wp-content\/uploads\/2017\/05\/sopar-cuina-la-descarada-aribau-08.jpeg","datePublished":"2017-05-19T09:02:19+00:00","dateModified":"2021-04-26T12:49:59+00:00","breadcrumb":{"@id":"https:\/\/www.aribau.es\/ca\/la-descarada-marida-la-cena-dedicada-a-la-bocanegra-en-el-ciclo-els-oblidats\/#breadcrumb"},"inLanguage":"ca","potentialAction":[{"@type":"ReadAction","target":["https:\/\/www.aribau.es\/ca\/la-descarada-marida-la-cena-dedicada-a-la-bocanegra-en-el-ciclo-els-oblidats\/"]}]},{"@type":"ImageObject","inLanguage":"ca","@id":"https:\/\/www.aribau.es\/ca\/la-descarada-marida-la-cena-dedicada-a-la-bocanegra-en-el-ciclo-els-oblidats\/#primaryimage","url":"https:\/\/www.aribau.es\/wp-content\/uploads\/2017\/05\/sopar-cuina-la-descarada-aribau-08.jpeg","contentUrl":"https:\/\/www.aribau.es\/wp-content\/uploads\/2017\/05\/sopar-cuina-la-descarada-aribau-08.jpeg","width":1000,"height":750},{"@type":"BreadcrumbList","@id":"https:\/\/www.aribau.es\/ca\/la-descarada-marida-la-cena-dedicada-a-la-bocanegra-en-el-ciclo-els-oblidats\/#breadcrumb","itemListElement":[{"@type":"ListItem","position":1,"name":"Portada","item":"https:\/\/www.aribau.es\/"},{"@type":"ListItem","position":2,"name":"LA DESCARADA MARIDA LA CENA DEDICADA A LA BOCANEGRA EN EL CICLO \u2018ELS OBLIDATS\u2019"}]},{"@type":"WebSite","@id":"https:\/\/www.aribau.es\/#website","url":"https:\/\/www.aribau.es\/","name":"Aribau","description":"VINOS Y BODEGAS","publisher":{"@id":"https:\/\/www.aribau.es\/#organization"},"potentialAction":[{"@type":"SearchAction","target":{"@type":"EntryPoint","urlTemplate":"https:\/\/www.aribau.es\/?s={search_term_string}"},"query-input":{"@type":"PropertyValueSpecification","valueRequired":true,"valueName":"search_term_string"}}],"inLanguage":"ca"},{"@type":"Organization","@id":"https:\/\/www.aribau.es\/#organization","name":"Aribau","url":"https:\/\/www.aribau.es\/","logo":{"@type":"ImageObject","inLanguage":"ca","@id":"https:\/\/www.aribau.es\/#\/schema\/logo\/image\/","url":"https:\/\/www.aribau.es\/wp-content\/uploads\/2022\/03\/logo.png","contentUrl":"https:\/\/www.aribau.es\/wp-content\/uploads\/2022\/03\/logo.png","width":300,"height":300,"caption":"Aribau"},"image":{"@id":"https:\/\/www.aribau.es\/#\/schema\/logo\/image\/"},"sameAs":["https:\/\/www.facebook.com\/aribau1964\/","https:\/\/x.com\/aribau1964","https:\/\/www.instagram.com\/aribau1964\/"]},{"@type":"Person","@id":"https:\/\/www.aribau.es\/#\/schema\/person\/77a976898b3c705ed016499633f4ffd0","name":"aribau","image":{"@type":"ImageObject","inLanguage":"ca","@id":"https:\/\/www.aribau.es\/#\/schema\/person\/image\/","url":"https:\/\/secure.gravatar.com\/avatar\/6690491f832d5b32aa9482b978c9464816810fbff0f6658034a34c9d9657b94e?s=96&d=mm&r=g","contentUrl":"https:\/\/secure.gravatar.com\/avatar\/6690491f832d5b32aa9482b978c9464816810fbff0f6658034a34c9d9657b94e?s=96&d=mm&r=g","caption":"aribau"},"url":"https:\/\/www.aribau.es\/ca\/author\/aribau\/"}]}},"_links":{"self":[{"href":"https:\/\/www.aribau.es\/ca\/wp-json\/wp\/v2\/posts\/5344","targetHints":{"allow":["GET"]}}],"collection":[{"href":"https:\/\/www.aribau.es\/ca\/wp-json\/wp\/v2\/posts"}],"about":[{"href":"https:\/\/www.aribau.es\/ca\/wp-json\/wp\/v2\/types\/post"}],"author":[{"embeddable":true,"href":"https:\/\/www.aribau.es\/ca\/wp-json\/wp\/v2\/users\/3"}],"replies":[{"embeddable":true,"href":"https:\/\/www.aribau.es\/ca\/wp-json\/wp\/v2\/comments?post=5344"}],"version-history":[{"count":4,"href":"https:\/\/www.aribau.es\/ca\/wp-json\/wp\/v2\/posts\/5344\/revisions"}],"predecessor-version":[{"id":10189,"href":"https:\/\/www.aribau.es\/ca\/wp-json\/wp\/v2\/posts\/5344\/revisions\/10189"}],"wp:featuredmedia":[{"embeddable":true,"href":"https:\/\/www.aribau.es\/ca\/wp-json\/wp\/v2\/media\/5355"}],"wp:attachment":[{"href":"https:\/\/www.aribau.es\/ca\/wp-json\/wp\/v2\/media?parent=5344"}],"wp:term":[{"taxonomy":"category","embeddable":true,"href":"https:\/\/www.aribau.es\/ca\/wp-json\/wp\/v2\/categories?post=5344"},{"taxonomy":"post_tag","embeddable":true,"href":"https:\/\/www.aribau.es\/ca\/wp-json\/wp\/v2\/tags?post=5344"}],"curies":[{"name":"wp","href":"https:\/\/api.w.org\/{rel}","templated":true}]}}