{"id":5406,"date":"2017-06-22T14:58:22","date_gmt":"2017-06-22T12:58:22","guid":{"rendered":"https:\/\/www.aribau.es\/?p=5406"},"modified":"2021-04-26T13:45:13","modified_gmt":"2021-04-26T12:45:13","slug":"sopar-sota-els-focs-con-i-tant-y-musugorri-en-tarragona","status":"publish","type":"post","link":"https:\/\/www.aribau.es\/ca\/sopar-sota-els-focs-con-i-tant-y-musugorri-en-tarragona\/","title":{"rendered":"\u2018SOPAR SOTA ELS FOCS\u2019 AMB \u2018I TANT\u2019 I MUSUGORRI A TARRAGONA"},"content":{"rendered":"<p>El martes 27 arranca en Tarragona la octava edici\u00f3n de <strong><em>Sopar sota els focs<\/em><\/strong> (Cenar bajo los fuegos), una iniciativa que organiza la <strong><a href=\"http:\/\/www.arpatgn.com\/inici\" target=\"_blank\" rel=\"noopener\">Asociaci\u00f3n de Restaurantes de la Parta Alta (ARPA)<\/a> de Tarragona<\/strong> y que permite disfrutar de una forma \u00fanica del Concurso Internacional de Fuegos de Artificio Ciudad de Tarragona mientras se degusta una cena elaborada por algunos de los mejores restaurantes que forman parte de la asociaci\u00f3n.<\/p>\n<p>El paseo de las Palmeras de Tarragona ser\u00e1 nuevamente el punto de encuentro de esta semana gastron\u00f3mica que se alargar\u00e1 hasta el s\u00e1bado 1 de julio, y que permitir\u00e1 a los asistentes degustar, por tan solo 5\u20ac el plato, hasta 32 excelentes propuestas gastron\u00f3micas de los 6 restaurantes que participan este a\u00f1o: <em>El Llagut, Entrecopes, Frida, Punt i Apart, Quim Quima<\/em> y <em>Rac<\/em><em>\u00f3<\/em><em> de l<\/em><em>\u2019<\/em><em>Abat<\/em>.<\/p>\n<p><!--more--><\/p>\n<p>Y para acompa\u00f1ar la gastronom\u00eda, buenos vinos. Aribau participar\u00e1 de estas jornadas con sus vinos <strong><a href=\"https:\/\/www.aribau.es\/ca\/portfolio-item\/i-tant-que-si\/\" target=\"_blank\" rel=\"noopener\"><em>I Tant<\/em><\/a> <\/strong>y, adem\u00e1s, con el vermut <strong><a href=\"https:\/\/www.aribau.es\/ca\/musugorri\/\" target=\"_blank\" rel=\"noopener\"><em>Musugorri<\/em><\/a><\/strong>, que tendr\u00e1 un especial protagonismo, convirti\u00e9ndose en el leitmotiv del evento y el protagonista de un enorme photocall que dar\u00e1 la bienvenida a los asistentes para que estos se hagan sus fotos y puedan colgarlas despu\u00e9s en las redes sociales.<\/p>\n<p><a href=\"https:\/\/www.aribau.es\/wp-content\/uploads\/2017\/06\/sopar-sota-els-focs-aribau.jpeg\"><img fetchpriority=\"high\" decoding=\"async\" class=\"wp-image-5407 alignleft\" src=\"https:\/\/www.aribau.es\/wp-content\/uploads\/2017\/06\/sopar-sota-els-focs-aribau-745x1024.jpeg\" alt=\"sopar-sota-els-focs-aribau\" width=\"537\" height=\"738\" srcset=\"https:\/\/www.aribau.es\/wp-content\/uploads\/2017\/06\/sopar-sota-els-focs-aribau-745x1024.jpeg 745w, https:\/\/www.aribau.es\/wp-content\/uploads\/2017\/06\/sopar-sota-els-focs-aribau-218x300.jpeg 218w, https:\/\/www.aribau.es\/wp-content\/uploads\/2017\/06\/sopar-sota-els-focs-aribau-768x1056.jpeg 768w, https:\/\/www.aribau.es\/wp-content\/uploads\/2017\/06\/sopar-sota-els-focs-aribau.jpeg 897w\" sizes=\"(max-width: 537px) 100vw, 537px\" \/><\/a><\/p>\n<p>La <strong>fiesta de inauguraci\u00f3n<\/strong> tendr\u00e1 lugar el <strong>martes 27<\/strong> a partir de las 20h. Ser\u00e1 una <strong>fiesta solidaria<\/strong>, con recaudaci\u00f3n de fondos para los proyectos con los que colabora <em>Musugorri<\/em>, y en la que, a dem\u00e1s de disfrutar de los fuegos y de la buena gastronom\u00eda, habr\u00e1 tambi\u00e9n exhibici\u00f3n de swing de la mano de TGN Swing.<\/p>\n<p><em>Sopar sota els Focs<\/em> naci\u00f3 con la idea de unir espect\u00e1culo y gastronom\u00eda en un mismo espacio: disfrutar del concurso de fuegos artificiales, cenando al aire libre y a un precio asequible. Despu\u00e9s de 7 a\u00f1os, m\u00e1s de 35.000 personas han pasado por las mesas de estas jornadas que suponen el pistoletazo de salida para el verano en Tarragona.<\/p>\n<p><strong>Tus fotos tienen premio<\/strong><\/p>\n<p>Para celebrar esta semana gastron\u00f3mica tambi\u00e9n en las redes sociales, se ha puesto en marcha un concurso en el que vuestras fotos tendr\u00e1n premio. Para ello, tan solo tendr\u00e9is que haceros una foto en el photocall de bienvenida y, una vez que <a href=\"https:\/\/www.facebook.com\/aribau1964\/\" target=\"_blank\" rel=\"noopener\">sig\u00e1is a Aribau a trav\u00e9s de Facebook<\/a>, etiquetar vuestras fotos con los hashtags #vermutmusugorri #soparsotaelsfocs #wittywines y #aribau. Todos los que particip\u00e9is y cumpl\u00e1is los requisitos entrar\u00e9is en un sorteo del que saldr\u00e1 el ganador del concurso, que se llevar\u00e1 a casa un lote de productos <em>Witty Wines<\/em> incluyendo, claro, una botella de <em>Musugorri<\/em>.<\/p>","protected":false},"excerpt":{"rendered":"<p>El martes 27 arranca en Tarragona la octava edici\u00f3n de Sopar sota els focs (Cenar bajo los fuegos), una iniciativa que organiza la Asociaci\u00f3n de Restaurantes de la Parta Alta (ARPA) de Tarragona y que permite disfrutar de una forma \u00fanica del Concurso Internacional de Fuegos de Artificio Ciudad de Tarragona mientras se degusta una &#8230; <a title=\"\u2018SOPAR SOTA ELS FOCS&#8217; CON \u2018I TANT\u2019 Y &#8216;MUSUGORRI&#8217; EN TARRAGONA\" class=\"read-more\" href=\"https:\/\/www.aribau.es\/ca\/sopar-sota-els-focs-con-i-tant-y-musugorri-en-tarragona\/\" aria-label=\"M\u00e9s informaci\u00f3 sobre \u2018SOPAR SOTA ELS FOCS&#8217; CON \u2018I TANT\u2019 Y &#8216;MUSUGORRI&#8217; EN TARRAGONA\">Llegiu m\u00e9s<\/a><\/p>","protected":false},"author":3,"featured_media":4708,"comment_status":"closed","ping_status":"closed","sticky":false,"template":"","format":"standard","meta":{"footnotes":""},"categories":[1],"tags":[478,440,407,479],"class_list":["post-5406","post","type-post","status-publish","format-standard","has-post-thumbnail","hentry","category-uncategorized","tag-celebracion","tag-i-tant","tag-musugorri","tag-tarragona"],"yoast_head":"<!-- This site is optimized with the Yoast SEO plugin v26.7 - https:\/\/yoast.com\/wordpress\/plugins\/seo\/ -->\n<title>\u2018SOPAR SOTA ELS FOCS&#039; CON \u2018I TANT\u2019 Y &#039;MUSUGORRI&#039; EN TARRAGONA - Aribau<\/title>\n<meta name=\"robots\" content=\"index, follow, max-snippet:-1, max-image-preview:large, max-video-preview:-1\" \/>\n<link rel=\"canonical\" href=\"https:\/\/www.aribau.es\/ca\/sopar-sota-els-focs-con-i-tant-y-musugorri-en-tarragona\/\" \/>\n<meta property=\"og:locale\" content=\"ca_ES\" \/>\n<meta property=\"og:type\" content=\"article\" \/>\n<meta property=\"og:title\" content=\"\u2018SOPAR SOTA ELS FOCS&#039; CON \u2018I TANT\u2019 Y &#039;MUSUGORRI&#039; EN TARRAGONA - Aribau\" \/>\n<meta property=\"og:description\" content=\"El martes 27 arranca en Tarragona la octava edici\u00f3n de Sopar sota els focs (Cenar bajo los fuegos), una iniciativa que organiza la Asociaci\u00f3n de Restaurantes de la Parta Alta (ARPA) de Tarragona y que permite disfrutar de una forma \u00fanica del Concurso Internacional de Fuegos de Artificio Ciudad de Tarragona mientras se degusta una ... Llegiu m\u00e9s\" \/>\n<meta property=\"og:url\" content=\"https:\/\/www.aribau.es\/ca\/sopar-sota-els-focs-con-i-tant-y-musugorri-en-tarragona\/\" \/>\n<meta property=\"og:site_name\" content=\"Aribau\" \/>\n<meta property=\"article:publisher\" content=\"https:\/\/www.facebook.com\/aribau1964\/\" \/>\n<meta property=\"article:published_time\" content=\"2017-06-22T12:58:22+00:00\" \/>\n<meta property=\"article:modified_time\" content=\"2021-04-26T12:45:13+00:00\" \/>\n<meta property=\"og:image\" content=\"https:\/\/www.aribau.es\/wp-content\/uploads\/2016\/09\/musugorri.jpg\" \/>\n\t<meta property=\"og:image:width\" content=\"679\" \/>\n\t<meta property=\"og:image:height\" content=\"560\" \/>\n\t<meta property=\"og:image:type\" content=\"image\/jpeg\" \/>\n<meta name=\"author\" content=\"aribau\" \/>\n<meta name=\"twitter:card\" content=\"summary_large_image\" \/>\n<meta name=\"twitter:creator\" content=\"@aribau1964\" \/>\n<meta name=\"twitter:site\" content=\"@aribau1964\" \/>\n<meta name=\"twitter:label1\" content=\"Escrit per\" \/>\n\t<meta name=\"twitter:data1\" content=\"aribau\" \/>\n\t<meta name=\"twitter:label2\" content=\"Temps estimat de lectura\" \/>\n\t<meta name=\"twitter:data2\" content=\"2 minuts\" \/>\n<script type=\"application\/ld+json\" class=\"yoast-schema-graph\">{\"@context\":\"https:\/\/schema.org\",\"@graph\":[{\"@type\":\"Article\",\"@id\":\"https:\/\/www.aribau.es\/sopar-sota-els-focs-con-i-tant-y-musugorri-en-tarragona\/#article\",\"isPartOf\":{\"@id\":\"https:\/\/www.aribau.es\/sopar-sota-els-focs-con-i-tant-y-musugorri-en-tarragona\/\"},\"author\":{\"name\":\"aribau\",\"@id\":\"https:\/\/www.aribau.es\/#\/schema\/person\/77a976898b3c705ed016499633f4ffd0\"},\"headline\":\"\u2018SOPAR SOTA ELS FOCS&#8217; CON \u2018I TANT\u2019 Y &#8216;MUSUGORRI&#8217; EN TARRAGONA\",\"datePublished\":\"2017-06-22T12:58:22+00:00\",\"dateModified\":\"2021-04-26T12:45:13+00:00\",\"mainEntityOfPage\":{\"@id\":\"https:\/\/www.aribau.es\/sopar-sota-els-focs-con-i-tant-y-musugorri-en-tarragona\/\"},\"wordCount\":449,\"publisher\":{\"@id\":\"https:\/\/www.aribau.es\/#organization\"},\"image\":{\"@id\":\"https:\/\/www.aribau.es\/sopar-sota-els-focs-con-i-tant-y-musugorri-en-tarragona\/#primaryimage\"},\"thumbnailUrl\":\"https:\/\/www.aribau.es\/wp-content\/uploads\/2016\/09\/musugorri.jpg\",\"keywords\":[\"Celebraci\u00f3n\",\"I Tant\",\"Musugorri\",\"Tarragona\"],\"articleSection\":[\"Uncategorized\"],\"inLanguage\":\"ca\"},{\"@type\":\"WebPage\",\"@id\":\"https:\/\/www.aribau.es\/sopar-sota-els-focs-con-i-tant-y-musugorri-en-tarragona\/\",\"url\":\"https:\/\/www.aribau.es\/sopar-sota-els-focs-con-i-tant-y-musugorri-en-tarragona\/\",\"name\":\"\u2018SOPAR SOTA ELS FOCS' CON \u2018I TANT\u2019 Y 'MUSUGORRI' EN TARRAGONA - Aribau\",\"isPartOf\":{\"@id\":\"https:\/\/www.aribau.es\/#website\"},\"primaryImageOfPage\":{\"@id\":\"https:\/\/www.aribau.es\/sopar-sota-els-focs-con-i-tant-y-musugorri-en-tarragona\/#primaryimage\"},\"image\":{\"@id\":\"https:\/\/www.aribau.es\/sopar-sota-els-focs-con-i-tant-y-musugorri-en-tarragona\/#primaryimage\"},\"thumbnailUrl\":\"https:\/\/www.aribau.es\/wp-content\/uploads\/2016\/09\/musugorri.jpg\",\"datePublished\":\"2017-06-22T12:58:22+00:00\",\"dateModified\":\"2021-04-26T12:45:13+00:00\",\"breadcrumb\":{\"@id\":\"https:\/\/www.aribau.es\/sopar-sota-els-focs-con-i-tant-y-musugorri-en-tarragona\/#breadcrumb\"},\"inLanguage\":\"ca\",\"potentialAction\":[{\"@type\":\"ReadAction\",\"target\":[\"https:\/\/www.aribau.es\/sopar-sota-els-focs-con-i-tant-y-musugorri-en-tarragona\/\"]}]},{\"@type\":\"ImageObject\",\"inLanguage\":\"ca\",\"@id\":\"https:\/\/www.aribau.es\/sopar-sota-els-focs-con-i-tant-y-musugorri-en-tarragona\/#primaryimage\",\"url\":\"https:\/\/www.aribau.es\/wp-content\/uploads\/2016\/09\/musugorri.jpg\",\"contentUrl\":\"https:\/\/www.aribau.es\/wp-content\/uploads\/2016\/09\/musugorri.jpg\",\"width\":679,\"height\":560},{\"@type\":\"BreadcrumbList\",\"@id\":\"https:\/\/www.aribau.es\/sopar-sota-els-focs-con-i-tant-y-musugorri-en-tarragona\/#breadcrumb\",\"itemListElement\":[{\"@type\":\"ListItem\",\"position\":1,\"name\":\"Portada\",\"item\":\"https:\/\/www.aribau.es\/\"},{\"@type\":\"ListItem\",\"position\":2,\"name\":\"\u2018SOPAR SOTA ELS FOCS&#8217; CON \u2018I TANT\u2019 Y &#8216;MUSUGORRI&#8217; EN TARRAGONA\"}]},{\"@type\":\"WebSite\",\"@id\":\"https:\/\/www.aribau.es\/#website\",\"url\":\"https:\/\/www.aribau.es\/\",\"name\":\"Aribau\",\"description\":\"VINOS Y BODEGAS\",\"publisher\":{\"@id\":\"https:\/\/www.aribau.es\/#organization\"},\"potentialAction\":[{\"@type\":\"SearchAction\",\"target\":{\"@type\":\"EntryPoint\",\"urlTemplate\":\"https:\/\/www.aribau.es\/?s={search_term_string}\"},\"query-input\":{\"@type\":\"PropertyValueSpecification\",\"valueRequired\":true,\"valueName\":\"search_term_string\"}}],\"inLanguage\":\"ca\"},{\"@type\":\"Organization\",\"@id\":\"https:\/\/www.aribau.es\/#organization\",\"name\":\"Aribau\",\"url\":\"https:\/\/www.aribau.es\/\",\"logo\":{\"@type\":\"ImageObject\",\"inLanguage\":\"ca\",\"@id\":\"https:\/\/www.aribau.es\/#\/schema\/logo\/image\/\",\"url\":\"https:\/\/www.aribau.es\/wp-content\/uploads\/2022\/03\/logo.png\",\"contentUrl\":\"https:\/\/www.aribau.es\/wp-content\/uploads\/2022\/03\/logo.png\",\"width\":300,\"height\":300,\"caption\":\"Aribau\"},\"image\":{\"@id\":\"https:\/\/www.aribau.es\/#\/schema\/logo\/image\/\"},\"sameAs\":[\"https:\/\/www.facebook.com\/aribau1964\/\",\"https:\/\/x.com\/aribau1964\",\"https:\/\/www.instagram.com\/aribau1964\/\"]},{\"@type\":\"Person\",\"@id\":\"https:\/\/www.aribau.es\/#\/schema\/person\/77a976898b3c705ed016499633f4ffd0\",\"name\":\"aribau\",\"image\":{\"@type\":\"ImageObject\",\"inLanguage\":\"ca\",\"@id\":\"https:\/\/www.aribau.es\/#\/schema\/person\/image\/\",\"url\":\"https:\/\/secure.gravatar.com\/avatar\/6690491f832d5b32aa9482b978c9464816810fbff0f6658034a34c9d9657b94e?s=96&d=mm&r=g\",\"contentUrl\":\"https:\/\/secure.gravatar.com\/avatar\/6690491f832d5b32aa9482b978c9464816810fbff0f6658034a34c9d9657b94e?s=96&d=mm&r=g\",\"caption\":\"aribau\"},\"url\":\"https:\/\/www.aribau.es\/ca\/author\/aribau\/\"}]}<\/script>\n<!-- \/ Yoast SEO plugin. -->","yoast_head_json":{"title":"\u2018SOPAR SOTA ELS FOCS' CON \u2018I TANT\u2019 Y 'MUSUGORRI' EN TARRAGONA - Aribau","robots":{"index":"index","follow":"follow","max-snippet":"max-snippet:-1","max-image-preview":"max-image-preview:large","max-video-preview":"max-video-preview:-1"},"canonical":"https:\/\/www.aribau.es\/ca\/sopar-sota-els-focs-con-i-tant-y-musugorri-en-tarragona\/","og_locale":"ca_ES","og_type":"article","og_title":"\u2018SOPAR SOTA ELS FOCS' CON \u2018I TANT\u2019 Y 'MUSUGORRI' EN TARRAGONA - Aribau","og_description":"El martes 27 arranca en Tarragona la octava edici\u00f3n de Sopar sota els focs (Cenar bajo los fuegos), una iniciativa que organiza la Asociaci\u00f3n de Restaurantes de la Parta Alta (ARPA) de Tarragona y que permite disfrutar de una forma \u00fanica del Concurso Internacional de Fuegos de Artificio Ciudad de Tarragona mientras se degusta una ... Llegiu m\u00e9s","og_url":"https:\/\/www.aribau.es\/ca\/sopar-sota-els-focs-con-i-tant-y-musugorri-en-tarragona\/","og_site_name":"Aribau","article_publisher":"https:\/\/www.facebook.com\/aribau1964\/","article_published_time":"2017-06-22T12:58:22+00:00","article_modified_time":"2021-04-26T12:45:13+00:00","og_image":[{"width":679,"height":560,"url":"https:\/\/www.aribau.es\/wp-content\/uploads\/2016\/09\/musugorri.jpg","type":"image\/jpeg"}],"author":"aribau","twitter_card":"summary_large_image","twitter_creator":"@aribau1964","twitter_site":"@aribau1964","twitter_misc":{"Escrit per":"aribau","Temps estimat de lectura":"2 minuts"},"schema":{"@context":"https:\/\/schema.org","@graph":[{"@type":"Article","@id":"https:\/\/www.aribau.es\/sopar-sota-els-focs-con-i-tant-y-musugorri-en-tarragona\/#article","isPartOf":{"@id":"https:\/\/www.aribau.es\/sopar-sota-els-focs-con-i-tant-y-musugorri-en-tarragona\/"},"author":{"name":"aribau","@id":"https:\/\/www.aribau.es\/#\/schema\/person\/77a976898b3c705ed016499633f4ffd0"},"headline":"\u2018SOPAR SOTA ELS FOCS&#8217; CON \u2018I TANT\u2019 Y &#8216;MUSUGORRI&#8217; EN TARRAGONA","datePublished":"2017-06-22T12:58:22+00:00","dateModified":"2021-04-26T12:45:13+00:00","mainEntityOfPage":{"@id":"https:\/\/www.aribau.es\/sopar-sota-els-focs-con-i-tant-y-musugorri-en-tarragona\/"},"wordCount":449,"publisher":{"@id":"https:\/\/www.aribau.es\/#organization"},"image":{"@id":"https:\/\/www.aribau.es\/sopar-sota-els-focs-con-i-tant-y-musugorri-en-tarragona\/#primaryimage"},"thumbnailUrl":"https:\/\/www.aribau.es\/wp-content\/uploads\/2016\/09\/musugorri.jpg","keywords":["Celebraci\u00f3n","I Tant","Musugorri","Tarragona"],"articleSection":["Uncategorized"],"inLanguage":"ca"},{"@type":"WebPage","@id":"https:\/\/www.aribau.es\/sopar-sota-els-focs-con-i-tant-y-musugorri-en-tarragona\/","url":"https:\/\/www.aribau.es\/sopar-sota-els-focs-con-i-tant-y-musugorri-en-tarragona\/","name":"\u2018SOPAR SOTA ELS FOCS' CON \u2018I TANT\u2019 Y 'MUSUGORRI' EN TARRAGONA - Aribau","isPartOf":{"@id":"https:\/\/www.aribau.es\/#website"},"primaryImageOfPage":{"@id":"https:\/\/www.aribau.es\/sopar-sota-els-focs-con-i-tant-y-musugorri-en-tarragona\/#primaryimage"},"image":{"@id":"https:\/\/www.aribau.es\/sopar-sota-els-focs-con-i-tant-y-musugorri-en-tarragona\/#primaryimage"},"thumbnailUrl":"https:\/\/www.aribau.es\/wp-content\/uploads\/2016\/09\/musugorri.jpg","datePublished":"2017-06-22T12:58:22+00:00","dateModified":"2021-04-26T12:45:13+00:00","breadcrumb":{"@id":"https:\/\/www.aribau.es\/sopar-sota-els-focs-con-i-tant-y-musugorri-en-tarragona\/#breadcrumb"},"inLanguage":"ca","potentialAction":[{"@type":"ReadAction","target":["https:\/\/www.aribau.es\/sopar-sota-els-focs-con-i-tant-y-musugorri-en-tarragona\/"]}]},{"@type":"ImageObject","inLanguage":"ca","@id":"https:\/\/www.aribau.es\/sopar-sota-els-focs-con-i-tant-y-musugorri-en-tarragona\/#primaryimage","url":"https:\/\/www.aribau.es\/wp-content\/uploads\/2016\/09\/musugorri.jpg","contentUrl":"https:\/\/www.aribau.es\/wp-content\/uploads\/2016\/09\/musugorri.jpg","width":679,"height":560},{"@type":"BreadcrumbList","@id":"https:\/\/www.aribau.es\/sopar-sota-els-focs-con-i-tant-y-musugorri-en-tarragona\/#breadcrumb","itemListElement":[{"@type":"ListItem","position":1,"name":"Portada","item":"https:\/\/www.aribau.es\/"},{"@type":"ListItem","position":2,"name":"\u2018SOPAR SOTA ELS FOCS&#8217; CON \u2018I TANT\u2019 Y &#8216;MUSUGORRI&#8217; EN TARRAGONA"}]},{"@type":"WebSite","@id":"https:\/\/www.aribau.es\/#website","url":"https:\/\/www.aribau.es\/","name":"Aribau","description":"VINOS Y BODEGAS","publisher":{"@id":"https:\/\/www.aribau.es\/#organization"},"potentialAction":[{"@type":"SearchAction","target":{"@type":"EntryPoint","urlTemplate":"https:\/\/www.aribau.es\/?s={search_term_string}"},"query-input":{"@type":"PropertyValueSpecification","valueRequired":true,"valueName":"search_term_string"}}],"inLanguage":"ca"},{"@type":"Organization","@id":"https:\/\/www.aribau.es\/#organization","name":"Aribau","url":"https:\/\/www.aribau.es\/","logo":{"@type":"ImageObject","inLanguage":"ca","@id":"https:\/\/www.aribau.es\/#\/schema\/logo\/image\/","url":"https:\/\/www.aribau.es\/wp-content\/uploads\/2022\/03\/logo.png","contentUrl":"https:\/\/www.aribau.es\/wp-content\/uploads\/2022\/03\/logo.png","width":300,"height":300,"caption":"Aribau"},"image":{"@id":"https:\/\/www.aribau.es\/#\/schema\/logo\/image\/"},"sameAs":["https:\/\/www.facebook.com\/aribau1964\/","https:\/\/x.com\/aribau1964","https:\/\/www.instagram.com\/aribau1964\/"]},{"@type":"Person","@id":"https:\/\/www.aribau.es\/#\/schema\/person\/77a976898b3c705ed016499633f4ffd0","name":"aribau","image":{"@type":"ImageObject","inLanguage":"ca","@id":"https:\/\/www.aribau.es\/#\/schema\/person\/image\/","url":"https:\/\/secure.gravatar.com\/avatar\/6690491f832d5b32aa9482b978c9464816810fbff0f6658034a34c9d9657b94e?s=96&d=mm&r=g","contentUrl":"https:\/\/secure.gravatar.com\/avatar\/6690491f832d5b32aa9482b978c9464816810fbff0f6658034a34c9d9657b94e?s=96&d=mm&r=g","caption":"aribau"},"url":"https:\/\/www.aribau.es\/ca\/author\/aribau\/"}]}},"_links":{"self":[{"href":"https:\/\/www.aribau.es\/ca\/wp-json\/wp\/v2\/posts\/5406","targetHints":{"allow":["GET"]}}],"collection":[{"href":"https:\/\/www.aribau.es\/ca\/wp-json\/wp\/v2\/posts"}],"about":[{"href":"https:\/\/www.aribau.es\/ca\/wp-json\/wp\/v2\/types\/post"}],"author":[{"embeddable":true,"href":"https:\/\/www.aribau.es\/ca\/wp-json\/wp\/v2\/users\/3"}],"replies":[{"embeddable":true,"href":"https:\/\/www.aribau.es\/ca\/wp-json\/wp\/v2\/comments?post=5406"}],"version-history":[{"count":2,"href":"https:\/\/www.aribau.es\/ca\/wp-json\/wp\/v2\/posts\/5406\/revisions"}],"predecessor-version":[{"id":10180,"href":"https:\/\/www.aribau.es\/ca\/wp-json\/wp\/v2\/posts\/5406\/revisions\/10180"}],"wp:featuredmedia":[{"embeddable":true,"href":"https:\/\/www.aribau.es\/ca\/wp-json\/wp\/v2\/media\/4708"}],"wp:attachment":[{"href":"https:\/\/www.aribau.es\/ca\/wp-json\/wp\/v2\/media?parent=5406"}],"wp:term":[{"taxonomy":"category","embeddable":true,"href":"https:\/\/www.aribau.es\/ca\/wp-json\/wp\/v2\/categories?post=5406"},{"taxonomy":"post_tag","embeddable":true,"href":"https:\/\/www.aribau.es\/ca\/wp-json\/wp\/v2\/tags?post=5406"}],"curies":[{"name":"wp","href":"https:\/\/api.w.org\/{rel}","templated":true}]}}