{"id":5429,"date":"2017-07-06T11:16:38","date_gmt":"2017-07-06T09:16:38","guid":{"rendered":"https:\/\/www.aribau.es\/?p=5429"},"modified":"2021-04-26T13:43:11","modified_gmt":"2021-04-26T12:43:11","slug":"que-si-un-gran-tinto-con-sello-del-priorat","status":"publish","type":"post","link":"https:\/\/www.aribau.es\/ca\/que-si-un-gran-tinto-con-sello-del-priorat\/","title":{"rendered":"\u2018QUE S\u00cd!\u2019 UN GRAN NEGRE AMB SEGELL DEL PRIORAT"},"content":{"rendered":"<p><strong><em><a href=\"https:\/\/www.aribau.es\/ca\/que-si\/\" target=\"_blank\" rel=\"noopener\">Que S\u00ed!<\/a><\/em><\/strong>\u00a0es el \u00faltimo de los vinos de la familia de\u00a0<a href=\"http:\/\/www.itantvins.com\/itant\/es\/\" target=\"_blank\" rel=\"noopener\">I Tant Vins<\/a>, de la que ya os hemos venido hablando las \u00faltimas semanas. Se trata de un vino tinto elaborado a base de Garnacha tinta y de Cari\u00f1ena, dos de las variedades de mayor tradici\u00f3n vitivin\u00edcola de una de las zonas productoras con m\u00e1s solera de Catalunya, la\u00a0<strong><a href=\"https:\/\/www.doqpriorat.org\/es\" target=\"_blank\" rel=\"noopener\">Denominaci\u00f3n de Origen Calificada Priorat<\/a><\/strong>.<\/p>\n<p>Tanto la Garnacha tinta como la Cari\u00f1ena (conocida como\u00a0<em>Sams\u00f3<\/em>\u00a0en Catalunya) proceden de vi\u00f1edos viejos que permiten elaborar vinos complejos y equilibrados, y con el caracter\u00edstico sabor mineral que proporcionan las vi\u00f1as plantadas en la\u00a0<em>Llicorella<\/em>, un tipo de piedras laminares entre las que se adentran las ra\u00edces de las cepas buscando agua y nutrientes, y que son caracter\u00edsticas del Priorat.<\/p>\n<p><!--more--><\/p>\n<p>Con el fin de potenciar al m\u00e1ximo las sensaciones m\u00e1s primarias de la uva, el proceso de elaboraci\u00f3n de\u00a0<em>Que S\u00ed!<\/em>\u00a0se lleva a cabo de forma especialmente cuidada. El proceso de crianza es corto, y abarca tan solo el tiempo necesario para afinar la estructura del vino sin perder el car\u00e1cter que le confieren ambas variedades.<\/p>\n<p>Su intenso color magenta denota que los componentes fen\u00f3licos tienen a\u00fan una larga vida por recorrer, protegi\u00e9ndolo ante posibles oxidaciones. Por lo que respecta a las notas de cata, es un vino que presenta aromas florales que recuerdan al sotobosque mediterr\u00e1neo, destacando especialmente el romero y el hinojo y, a la vez, una mezcla de frutas negras y rojas t\u00edpicas de las variedades que lo componen. Tambi\u00e9n encontramos un toque especiado que recuerda al piment\u00f3n rojo y, en menor medida, a la nuez moscada.<\/p>\n<p>Una vez en boca es untuoso, cremoso y amplio, con una permanencia larga y agradable final. En definitiva, el maridaje perfecto para platos de sabores intensos como puede ser un buen queso curado o cualquier tipo de carne. Incluso acompa\u00f1ada de unos frutos secos, una copa de\u00a0<em>Que S\u00ed!\u00a0<\/em>ser\u00e1 m\u00e1s que agradecida.<\/p>","protected":false},"excerpt":{"rendered":"<p>Que S\u00ed!\u00a0es el \u00faltimo de los vinos de la familia de\u00a0I Tant Vins, de la que ya os hemos venido hablando las \u00faltimas semanas. Se trata de un vino tinto elaborado a base de Garnacha tinta y de Cari\u00f1ena, dos de las variedades de mayor tradici\u00f3n vitivin\u00edcola de una de las zonas productoras con m\u00e1s &#8230; <a title=\"\u2018QUE S\u00cd!\u2019 UN GRAN NEGRE AMB SEGELL DEL PRIORAT\" class=\"read-more\" href=\"https:\/\/www.aribau.es\/ca\/que-si-un-gran-tinto-con-sello-del-priorat\/\" aria-label=\"M\u00e9s informaci\u00f3 sobre \u2018QUE S\u00cd!\u2019 UN GRAN TINTO CON SELLO DEL PRIORAT\">Llegiu m\u00e9s<\/a><\/p>","protected":false},"author":3,"featured_media":5430,"comment_status":"closed","ping_status":"closed","sticky":false,"template":"","format":"standard","meta":{"footnotes":""},"categories":[406],"tags":[480,395,441],"class_list":["post-5429","post","type-post","status-publish","format-standard","has-post-thumbnail","hentry","category-noticias","tag-doq-priorat","tag-i-tant-vins","tag-que-si"],"yoast_head":"<!-- This site is optimized with the Yoast SEO plugin v26.7 - https:\/\/yoast.com\/wordpress\/plugins\/seo\/ -->\n<title>\u2018QUE S\u00cd!\u2019 UN GRAN TINTO CON SELLO DEL PRIORAT - Aribau<\/title>\n<meta name=\"robots\" content=\"index, follow, max-snippet:-1, max-image-preview:large, max-video-preview:-1\" \/>\n<link rel=\"canonical\" href=\"https:\/\/www.aribau.es\/ca\/que-si-un-gran-tinto-con-sello-del-priorat\/\" \/>\n<meta property=\"og:locale\" content=\"ca_ES\" \/>\n<meta property=\"og:type\" content=\"article\" \/>\n<meta property=\"og:title\" content=\"\u2018QUE S\u00cd!\u2019 UN GRAN TINTO CON SELLO DEL PRIORAT - Aribau\" \/>\n<meta property=\"og:description\" content=\"Que S\u00ed!\u00a0es el \u00faltimo de los vinos de la familia de\u00a0I Tant Vins, de la que ya os hemos venido hablando las \u00faltimas semanas. Se trata de un vino tinto elaborado a base de Garnacha tinta y de Cari\u00f1ena, dos de las variedades de mayor tradici\u00f3n vitivin\u00edcola de una de las zonas productoras con m\u00e1s ... Llegiu m\u00e9s\" \/>\n<meta property=\"og:url\" content=\"https:\/\/www.aribau.es\/ca\/que-si-un-gran-tinto-con-sello-del-priorat\/\" \/>\n<meta property=\"og:site_name\" content=\"Aribau\" \/>\n<meta property=\"article:publisher\" content=\"https:\/\/www.facebook.com\/aribau1964\/\" \/>\n<meta property=\"article:published_time\" content=\"2017-07-06T09:16:38+00:00\" \/>\n<meta property=\"article:modified_time\" content=\"2021-04-26T12:43:11+00:00\" \/>\n<meta property=\"og:image\" content=\"https:\/\/www.aribau.es\/wp-content\/uploads\/2017\/07\/que-si-aribau.png\" \/>\n\t<meta property=\"og:image:width\" content=\"900\" \/>\n\t<meta property=\"og:image:height\" content=\"257\" \/>\n\t<meta property=\"og:image:type\" content=\"image\/png\" \/>\n<meta name=\"author\" content=\"aribau\" \/>\n<meta name=\"twitter:card\" content=\"summary_large_image\" \/>\n<meta name=\"twitter:creator\" content=\"@aribau1964\" \/>\n<meta name=\"twitter:site\" content=\"@aribau1964\" \/>\n<meta name=\"twitter:label1\" content=\"Escrit per\" \/>\n\t<meta name=\"twitter:data1\" content=\"aribau\" \/>\n\t<meta name=\"twitter:label2\" content=\"Temps estimat de lectura\" \/>\n\t<meta name=\"twitter:data2\" content=\"2 minuts\" \/>\n<script type=\"application\/ld+json\" class=\"yoast-schema-graph\">{\"@context\":\"https:\/\/schema.org\",\"@graph\":[{\"@type\":\"Article\",\"@id\":\"https:\/\/www.aribau.es\/que-si-un-gran-tinto-con-sello-del-priorat\/#article\",\"isPartOf\":{\"@id\":\"https:\/\/www.aribau.es\/que-si-un-gran-tinto-con-sello-del-priorat\/\"},\"author\":{\"name\":\"aribau\",\"@id\":\"https:\/\/www.aribau.es\/#\/schema\/person\/77a976898b3c705ed016499633f4ffd0\"},\"headline\":\"\u2018QUE S\u00cd!\u2019 UN GRAN TINTO CON SELLO DEL PRIORAT\",\"datePublished\":\"2017-07-06T09:16:38+00:00\",\"dateModified\":\"2021-04-26T12:43:11+00:00\",\"mainEntityOfPage\":{\"@id\":\"https:\/\/www.aribau.es\/que-si-un-gran-tinto-con-sello-del-priorat\/\"},\"wordCount\":355,\"publisher\":{\"@id\":\"https:\/\/www.aribau.es\/#organization\"},\"image\":{\"@id\":\"https:\/\/www.aribau.es\/que-si-un-gran-tinto-con-sello-del-priorat\/#primaryimage\"},\"thumbnailUrl\":\"https:\/\/www.aribau.es\/wp-content\/uploads\/2017\/07\/que-si-aribau.png\",\"keywords\":[\"DOQ Priorat\",\"I tant vins\",\"Que s\u00ed!\"],\"articleSection\":[\"Noticias\"],\"inLanguage\":\"ca\"},{\"@type\":\"WebPage\",\"@id\":\"https:\/\/www.aribau.es\/que-si-un-gran-tinto-con-sello-del-priorat\/\",\"url\":\"https:\/\/www.aribau.es\/que-si-un-gran-tinto-con-sello-del-priorat\/\",\"name\":\"\u2018QUE S\u00cd!\u2019 UN GRAN TINTO CON SELLO DEL PRIORAT - Aribau\",\"isPartOf\":{\"@id\":\"https:\/\/www.aribau.es\/#website\"},\"primaryImageOfPage\":{\"@id\":\"https:\/\/www.aribau.es\/que-si-un-gran-tinto-con-sello-del-priorat\/#primaryimage\"},\"image\":{\"@id\":\"https:\/\/www.aribau.es\/que-si-un-gran-tinto-con-sello-del-priorat\/#primaryimage\"},\"thumbnailUrl\":\"https:\/\/www.aribau.es\/wp-content\/uploads\/2017\/07\/que-si-aribau.png\",\"datePublished\":\"2017-07-06T09:16:38+00:00\",\"dateModified\":\"2021-04-26T12:43:11+00:00\",\"breadcrumb\":{\"@id\":\"https:\/\/www.aribau.es\/que-si-un-gran-tinto-con-sello-del-priorat\/#breadcrumb\"},\"inLanguage\":\"ca\",\"potentialAction\":[{\"@type\":\"ReadAction\",\"target\":[\"https:\/\/www.aribau.es\/que-si-un-gran-tinto-con-sello-del-priorat\/\"]}]},{\"@type\":\"ImageObject\",\"inLanguage\":\"ca\",\"@id\":\"https:\/\/www.aribau.es\/que-si-un-gran-tinto-con-sello-del-priorat\/#primaryimage\",\"url\":\"https:\/\/www.aribau.es\/wp-content\/uploads\/2017\/07\/que-si-aribau.png\",\"contentUrl\":\"https:\/\/www.aribau.es\/wp-content\/uploads\/2017\/07\/que-si-aribau.png\",\"width\":900,\"height\":257},{\"@type\":\"BreadcrumbList\",\"@id\":\"https:\/\/www.aribau.es\/que-si-un-gran-tinto-con-sello-del-priorat\/#breadcrumb\",\"itemListElement\":[{\"@type\":\"ListItem\",\"position\":1,\"name\":\"Portada\",\"item\":\"https:\/\/www.aribau.es\/\"},{\"@type\":\"ListItem\",\"position\":2,\"name\":\"\u2018QUE S\u00cd!\u2019 UN GRAN TINTO CON SELLO DEL PRIORAT\"}]},{\"@type\":\"WebSite\",\"@id\":\"https:\/\/www.aribau.es\/#website\",\"url\":\"https:\/\/www.aribau.es\/\",\"name\":\"Aribau\",\"description\":\"VINOS Y BODEGAS\",\"publisher\":{\"@id\":\"https:\/\/www.aribau.es\/#organization\"},\"potentialAction\":[{\"@type\":\"SearchAction\",\"target\":{\"@type\":\"EntryPoint\",\"urlTemplate\":\"https:\/\/www.aribau.es\/?s={search_term_string}\"},\"query-input\":{\"@type\":\"PropertyValueSpecification\",\"valueRequired\":true,\"valueName\":\"search_term_string\"}}],\"inLanguage\":\"ca\"},{\"@type\":\"Organization\",\"@id\":\"https:\/\/www.aribau.es\/#organization\",\"name\":\"Aribau\",\"url\":\"https:\/\/www.aribau.es\/\",\"logo\":{\"@type\":\"ImageObject\",\"inLanguage\":\"ca\",\"@id\":\"https:\/\/www.aribau.es\/#\/schema\/logo\/image\/\",\"url\":\"https:\/\/www.aribau.es\/wp-content\/uploads\/2022\/03\/logo.png\",\"contentUrl\":\"https:\/\/www.aribau.es\/wp-content\/uploads\/2022\/03\/logo.png\",\"width\":300,\"height\":300,\"caption\":\"Aribau\"},\"image\":{\"@id\":\"https:\/\/www.aribau.es\/#\/schema\/logo\/image\/\"},\"sameAs\":[\"https:\/\/www.facebook.com\/aribau1964\/\",\"https:\/\/x.com\/aribau1964\",\"https:\/\/www.instagram.com\/aribau1964\/\"]},{\"@type\":\"Person\",\"@id\":\"https:\/\/www.aribau.es\/#\/schema\/person\/77a976898b3c705ed016499633f4ffd0\",\"name\":\"aribau\",\"image\":{\"@type\":\"ImageObject\",\"inLanguage\":\"ca\",\"@id\":\"https:\/\/www.aribau.es\/#\/schema\/person\/image\/\",\"url\":\"https:\/\/secure.gravatar.com\/avatar\/6690491f832d5b32aa9482b978c9464816810fbff0f6658034a34c9d9657b94e?s=96&d=mm&r=g\",\"contentUrl\":\"https:\/\/secure.gravatar.com\/avatar\/6690491f832d5b32aa9482b978c9464816810fbff0f6658034a34c9d9657b94e?s=96&d=mm&r=g\",\"caption\":\"aribau\"},\"url\":\"https:\/\/www.aribau.es\/ca\/author\/aribau\/\"}]}<\/script>\n<!-- \/ Yoast SEO plugin. -->","yoast_head_json":{"title":"\u2018QUE S\u00cd!\u2019 UN GRAN TINTO CON SELLO DEL PRIORAT - Aribau","robots":{"index":"index","follow":"follow","max-snippet":"max-snippet:-1","max-image-preview":"max-image-preview:large","max-video-preview":"max-video-preview:-1"},"canonical":"https:\/\/www.aribau.es\/ca\/que-si-un-gran-tinto-con-sello-del-priorat\/","og_locale":"ca_ES","og_type":"article","og_title":"\u2018QUE S\u00cd!\u2019 UN GRAN TINTO CON SELLO DEL PRIORAT - Aribau","og_description":"Que S\u00ed!\u00a0es el \u00faltimo de los vinos de la familia de\u00a0I Tant Vins, de la que ya os hemos venido hablando las \u00faltimas semanas. Se trata de un vino tinto elaborado a base de Garnacha tinta y de Cari\u00f1ena, dos de las variedades de mayor tradici\u00f3n vitivin\u00edcola de una de las zonas productoras con m\u00e1s ... Llegiu m\u00e9s","og_url":"https:\/\/www.aribau.es\/ca\/que-si-un-gran-tinto-con-sello-del-priorat\/","og_site_name":"Aribau","article_publisher":"https:\/\/www.facebook.com\/aribau1964\/","article_published_time":"2017-07-06T09:16:38+00:00","article_modified_time":"2021-04-26T12:43:11+00:00","og_image":[{"width":900,"height":257,"url":"https:\/\/www.aribau.es\/wp-content\/uploads\/2017\/07\/que-si-aribau.png","type":"image\/png"}],"author":"aribau","twitter_card":"summary_large_image","twitter_creator":"@aribau1964","twitter_site":"@aribau1964","twitter_misc":{"Escrit per":"aribau","Temps estimat de lectura":"2 minuts"},"schema":{"@context":"https:\/\/schema.org","@graph":[{"@type":"Article","@id":"https:\/\/www.aribau.es\/que-si-un-gran-tinto-con-sello-del-priorat\/#article","isPartOf":{"@id":"https:\/\/www.aribau.es\/que-si-un-gran-tinto-con-sello-del-priorat\/"},"author":{"name":"aribau","@id":"https:\/\/www.aribau.es\/#\/schema\/person\/77a976898b3c705ed016499633f4ffd0"},"headline":"\u2018QUE S\u00cd!\u2019 UN GRAN TINTO CON SELLO DEL PRIORAT","datePublished":"2017-07-06T09:16:38+00:00","dateModified":"2021-04-26T12:43:11+00:00","mainEntityOfPage":{"@id":"https:\/\/www.aribau.es\/que-si-un-gran-tinto-con-sello-del-priorat\/"},"wordCount":355,"publisher":{"@id":"https:\/\/www.aribau.es\/#organization"},"image":{"@id":"https:\/\/www.aribau.es\/que-si-un-gran-tinto-con-sello-del-priorat\/#primaryimage"},"thumbnailUrl":"https:\/\/www.aribau.es\/wp-content\/uploads\/2017\/07\/que-si-aribau.png","keywords":["DOQ Priorat","I tant vins","Que s\u00ed!"],"articleSection":["Noticias"],"inLanguage":"ca"},{"@type":"WebPage","@id":"https:\/\/www.aribau.es\/que-si-un-gran-tinto-con-sello-del-priorat\/","url":"https:\/\/www.aribau.es\/que-si-un-gran-tinto-con-sello-del-priorat\/","name":"\u2018QUE S\u00cd!\u2019 UN GRAN TINTO CON SELLO DEL PRIORAT - Aribau","isPartOf":{"@id":"https:\/\/www.aribau.es\/#website"},"primaryImageOfPage":{"@id":"https:\/\/www.aribau.es\/que-si-un-gran-tinto-con-sello-del-priorat\/#primaryimage"},"image":{"@id":"https:\/\/www.aribau.es\/que-si-un-gran-tinto-con-sello-del-priorat\/#primaryimage"},"thumbnailUrl":"https:\/\/www.aribau.es\/wp-content\/uploads\/2017\/07\/que-si-aribau.png","datePublished":"2017-07-06T09:16:38+00:00","dateModified":"2021-04-26T12:43:11+00:00","breadcrumb":{"@id":"https:\/\/www.aribau.es\/que-si-un-gran-tinto-con-sello-del-priorat\/#breadcrumb"},"inLanguage":"ca","potentialAction":[{"@type":"ReadAction","target":["https:\/\/www.aribau.es\/que-si-un-gran-tinto-con-sello-del-priorat\/"]}]},{"@type":"ImageObject","inLanguage":"ca","@id":"https:\/\/www.aribau.es\/que-si-un-gran-tinto-con-sello-del-priorat\/#primaryimage","url":"https:\/\/www.aribau.es\/wp-content\/uploads\/2017\/07\/que-si-aribau.png","contentUrl":"https:\/\/www.aribau.es\/wp-content\/uploads\/2017\/07\/que-si-aribau.png","width":900,"height":257},{"@type":"BreadcrumbList","@id":"https:\/\/www.aribau.es\/que-si-un-gran-tinto-con-sello-del-priorat\/#breadcrumb","itemListElement":[{"@type":"ListItem","position":1,"name":"Portada","item":"https:\/\/www.aribau.es\/"},{"@type":"ListItem","position":2,"name":"\u2018QUE S\u00cd!\u2019 UN GRAN TINTO CON SELLO DEL PRIORAT"}]},{"@type":"WebSite","@id":"https:\/\/www.aribau.es\/#website","url":"https:\/\/www.aribau.es\/","name":"Aribau","description":"VINOS Y BODEGAS","publisher":{"@id":"https:\/\/www.aribau.es\/#organization"},"potentialAction":[{"@type":"SearchAction","target":{"@type":"EntryPoint","urlTemplate":"https:\/\/www.aribau.es\/?s={search_term_string}"},"query-input":{"@type":"PropertyValueSpecification","valueRequired":true,"valueName":"search_term_string"}}],"inLanguage":"ca"},{"@type":"Organization","@id":"https:\/\/www.aribau.es\/#organization","name":"Aribau","url":"https:\/\/www.aribau.es\/","logo":{"@type":"ImageObject","inLanguage":"ca","@id":"https:\/\/www.aribau.es\/#\/schema\/logo\/image\/","url":"https:\/\/www.aribau.es\/wp-content\/uploads\/2022\/03\/logo.png","contentUrl":"https:\/\/www.aribau.es\/wp-content\/uploads\/2022\/03\/logo.png","width":300,"height":300,"caption":"Aribau"},"image":{"@id":"https:\/\/www.aribau.es\/#\/schema\/logo\/image\/"},"sameAs":["https:\/\/www.facebook.com\/aribau1964\/","https:\/\/x.com\/aribau1964","https:\/\/www.instagram.com\/aribau1964\/"]},{"@type":"Person","@id":"https:\/\/www.aribau.es\/#\/schema\/person\/77a976898b3c705ed016499633f4ffd0","name":"aribau","image":{"@type":"ImageObject","inLanguage":"ca","@id":"https:\/\/www.aribau.es\/#\/schema\/person\/image\/","url":"https:\/\/secure.gravatar.com\/avatar\/6690491f832d5b32aa9482b978c9464816810fbff0f6658034a34c9d9657b94e?s=96&d=mm&r=g","contentUrl":"https:\/\/secure.gravatar.com\/avatar\/6690491f832d5b32aa9482b978c9464816810fbff0f6658034a34c9d9657b94e?s=96&d=mm&r=g","caption":"aribau"},"url":"https:\/\/www.aribau.es\/ca\/author\/aribau\/"}]}},"_links":{"self":[{"href":"https:\/\/www.aribau.es\/ca\/wp-json\/wp\/v2\/posts\/5429","targetHints":{"allow":["GET"]}}],"collection":[{"href":"https:\/\/www.aribau.es\/ca\/wp-json\/wp\/v2\/posts"}],"about":[{"href":"https:\/\/www.aribau.es\/ca\/wp-json\/wp\/v2\/types\/post"}],"author":[{"embeddable":true,"href":"https:\/\/www.aribau.es\/ca\/wp-json\/wp\/v2\/users\/3"}],"replies":[{"embeddable":true,"href":"https:\/\/www.aribau.es\/ca\/wp-json\/wp\/v2\/comments?post=5429"}],"version-history":[{"count":1,"href":"https:\/\/www.aribau.es\/ca\/wp-json\/wp\/v2\/posts\/5429\/revisions"}],"predecessor-version":[{"id":10176,"href":"https:\/\/www.aribau.es\/ca\/wp-json\/wp\/v2\/posts\/5429\/revisions\/10176"}],"wp:featuredmedia":[{"embeddable":true,"href":"https:\/\/www.aribau.es\/ca\/wp-json\/wp\/v2\/media\/5430"}],"wp:attachment":[{"href":"https:\/\/www.aribau.es\/ca\/wp-json\/wp\/v2\/media?parent=5429"}],"wp:term":[{"taxonomy":"category","embeddable":true,"href":"https:\/\/www.aribau.es\/ca\/wp-json\/wp\/v2\/categories?post=5429"},{"taxonomy":"post_tag","embeddable":true,"href":"https:\/\/www.aribau.es\/ca\/wp-json\/wp\/v2\/tags?post=5429"}],"curies":[{"name":"wp","href":"https:\/\/api.w.org\/{rel}","templated":true}]}}