{"id":5470,"date":"2017-07-27T13:53:49","date_gmt":"2017-07-27T11:53:49","guid":{"rendered":"https:\/\/www.aribau.es\/?p=5470"},"modified":"2021-04-26T13:38:26","modified_gmt":"2021-04-26T12:38:26","slug":"este-fin-de-semana-nos-vamos-de-feria","status":"publish","type":"post","link":"https:\/\/www.aribau.es\/ca\/este-fin-de-semana-nos-vamos-de-feria\/","title":{"rendered":"AQUEST CAP DE SETMANA, ANEM DE FIRA!"},"content":{"rendered":"<p>En los meses de verano proliferan las ferias, las muestras gastron\u00f3micas y, como no, tambi\u00e9n las muestras y ferias de vinos. Y en Aribau, nos gusta participar en ellas siempre que podemos.<\/p>\n<p>Este fin de semana, concretamente el s\u00e1bado d\u00eda 29, tendr\u00e1 lugar en<strong> Sant Pol de Mar<\/strong> la <strong>Muestra de Vinos Catalanes<\/strong>, una feria que este a\u00f1o llega a su cuarta edici\u00f3n, y que naci\u00f3 con el objetivo de fomentar las tradiciones y los productos de la tierra.<\/p>\n<p>Nuestra querida <strong><a href=\"https:\/\/www.aribau.es\/ca\/la-descarada\/\" target=\"_blank\" rel=\"noopener\"><em>Descarada<\/em><\/a><\/strong> y nuestro estimado vermut <strong><a href=\"https:\/\/www.aribau.es\/ca\/portfolio-item\/musugorri\/\" target=\"_blank\" rel=\"noopener\"><em>Musugorri<\/em><\/a><\/strong> ser\u00e1n nuestros embajadores en una jornada festiva que arrancar\u00e1 a las 18h y se alargar\u00e1 hasta bien entrada la media noche. El punto de encuentro, un lugar inmejorable: la carpa de la Platja de les Barques, uno de los espacios con m\u00e1s encanto de Sant Pol de Mar gracias a su privilegiada ubicaci\u00f3n frente al mar.<\/p>\n<p><!--more--><\/p>\n<p><a href=\"https:\/\/www.aribau.es\/wp-content\/uploads\/2017\/07\/cartell_mostra_vins_aribau.jpg\"><img fetchpriority=\"high\" decoding=\"async\" class=\"wp-image-5473 alignleft\" src=\"https:\/\/www.aribau.es\/wp-content\/uploads\/2017\/07\/cartell_mostra_vins_aribau-724x1024.jpg\" alt=\"\" width=\"289\" height=\"409\" srcset=\"https:\/\/www.aribau.es\/wp-content\/uploads\/2017\/07\/cartell_mostra_vins_aribau-724x1024.jpg 724w, https:\/\/www.aribau.es\/wp-content\/uploads\/2017\/07\/cartell_mostra_vins_aribau-212x300.jpg 212w, https:\/\/www.aribau.es\/wp-content\/uploads\/2017\/07\/cartell_mostra_vins_aribau-768x1086.jpg 768w, https:\/\/www.aribau.es\/wp-content\/uploads\/2017\/07\/cartell_mostra_vins_aribau.jpg 842w\" sizes=\"(max-width: 289px) 100vw, 289px\" \/><\/a>Ser\u00e1 una jornada estupenda para disfrutar de una villa con el encanto de Sant Pol de Mar, un claro ejemplo de pueblo mediterr\u00e1neo, con sus calles estrechas y sus casas blancas, y orgulloso de sus or\u00edgenes marineros, que tanto esplendor le han dado.<\/p>\n<p>Y por si todo esto fuera poco, los asistentes podr\u00e1n disfrutar tambi\u00e9n de una serie de propuestas gastron\u00f3micas de la mano de diferentes comercios y restaurantes de la zona, que se suman as\u00ed a la oferta vin\u00edcola para completarla y hacerla a\u00fan m\u00e1s amena.<\/p>\n<p>Y hablando de cosas amenas, en una jornada as\u00ed, no pod\u00eda faltar la m\u00fasica. Conciertos a cargo de las bandas de swing <em>Men in Swing Jazz Band<\/em> y <em>Cool Cat Gumbo.<\/em> Y para los m\u00e1s animados, clases de baile de swing. \u00bfQu\u00e9 m\u00e1s se puede pedir?<\/p>\n<p>Sin duda, \u00a1el s\u00e1bado nos espera una gran jornada! An\u00edmate y ven a disfrutar con <em>La Descarada<\/em> y <em>Musugorri<\/em> de un evento que promete, \u00a1y mucho!<\/p>\n<p>&nbsp;<\/p>","protected":false},"excerpt":{"rendered":"<p>En los meses de verano proliferan las ferias, las muestras gastron\u00f3micas y, como no, tambi\u00e9n las muestras y ferias de vinos. Y en Aribau, nos gusta participar en ellas siempre que podemos. Este fin de semana, concretamente el s\u00e1bado d\u00eda 29, tendr\u00e1 lugar en Sant Pol de Mar la Muestra de Vinos Catalanes, una feria &#8230; <a title=\"AQUEST CAP DE SETMANA, ANEM DE FIRA!\" class=\"read-more\" href=\"https:\/\/www.aribau.es\/ca\/este-fin-de-semana-nos-vamos-de-feria\/\" aria-label=\"M\u00e9s informaci\u00f3 sobre ESTE FIN DE SEMANA, \u00a1NOS VAMOS DE FERIA!\">Llegiu m\u00e9s<\/a><\/p>","protected":false},"author":3,"featured_media":5474,"comment_status":"closed","ping_status":"closed","sticky":false,"template":"","format":"standard","meta":{"footnotes":""},"categories":[406],"tags":[484,341,407,423],"class_list":["post-5470","post","type-post","status-publish","format-standard","has-post-thumbnail","hentry","category-noticias","tag-ferias","tag-la-descarada","tag-musugorri","tag-witty-wines"],"yoast_head":"<!-- This site is optimized with the Yoast SEO plugin v26.7 - https:\/\/yoast.com\/wordpress\/plugins\/seo\/ -->\n<title>ESTE FIN DE SEMANA, \u00a1NOS VAMOS DE FERIA! - Aribau<\/title>\n<meta name=\"robots\" content=\"index, follow, max-snippet:-1, max-image-preview:large, max-video-preview:-1\" \/>\n<link rel=\"canonical\" href=\"https:\/\/www.aribau.es\/ca\/este-fin-de-semana-nos-vamos-de-feria\/\" \/>\n<meta property=\"og:locale\" content=\"ca_ES\" \/>\n<meta property=\"og:type\" content=\"article\" \/>\n<meta property=\"og:title\" content=\"ESTE FIN DE SEMANA, \u00a1NOS VAMOS DE FERIA! - Aribau\" \/>\n<meta property=\"og:description\" content=\"En los meses de verano proliferan las ferias, las muestras gastron\u00f3micas y, como no, tambi\u00e9n las muestras y ferias de vinos. Y en Aribau, nos gusta participar en ellas siempre que podemos. Este fin de semana, concretamente el s\u00e1bado d\u00eda 29, tendr\u00e1 lugar en Sant Pol de Mar la Muestra de Vinos Catalanes, una feria ... Llegiu m\u00e9s\" \/>\n<meta property=\"og:url\" content=\"https:\/\/www.aribau.es\/ca\/este-fin-de-semana-nos-vamos-de-feria\/\" \/>\n<meta property=\"og:site_name\" content=\"Aribau\" \/>\n<meta property=\"article:publisher\" content=\"https:\/\/www.facebook.com\/aribau1964\/\" \/>\n<meta property=\"article:published_time\" content=\"2017-07-27T11:53:49+00:00\" \/>\n<meta property=\"article:modified_time\" content=\"2021-04-26T12:38:26+00:00\" \/>\n<meta property=\"og:image\" content=\"https:\/\/www.aribau.es\/wp-content\/uploads\/2017\/07\/cartell_mostra_vins_aribau_02.jpg\" \/>\n\t<meta property=\"og:image:width\" content=\"809\" \/>\n\t<meta property=\"og:image:height\" content=\"572\" \/>\n\t<meta property=\"og:image:type\" content=\"image\/jpeg\" \/>\n<meta name=\"author\" content=\"aribau\" \/>\n<meta name=\"twitter:card\" content=\"summary_large_image\" \/>\n<meta name=\"twitter:creator\" content=\"@aribau1964\" \/>\n<meta name=\"twitter:site\" content=\"@aribau1964\" \/>\n<meta name=\"twitter:label1\" content=\"Escrit per\" \/>\n\t<meta name=\"twitter:data1\" content=\"aribau\" \/>\n\t<meta name=\"twitter:label2\" content=\"Temps estimat de lectura\" \/>\n\t<meta name=\"twitter:data2\" content=\"2 minuts\" \/>\n<script type=\"application\/ld+json\" class=\"yoast-schema-graph\">{\"@context\":\"https:\/\/schema.org\",\"@graph\":[{\"@type\":\"Article\",\"@id\":\"https:\/\/www.aribau.es\/este-fin-de-semana-nos-vamos-de-feria\/#article\",\"isPartOf\":{\"@id\":\"https:\/\/www.aribau.es\/este-fin-de-semana-nos-vamos-de-feria\/\"},\"author\":{\"name\":\"aribau\",\"@id\":\"https:\/\/www.aribau.es\/#\/schema\/person\/77a976898b3c705ed016499633f4ffd0\"},\"headline\":\"ESTE FIN DE SEMANA, \u00a1NOS VAMOS DE FERIA!\",\"datePublished\":\"2017-07-27T11:53:49+00:00\",\"dateModified\":\"2021-04-26T12:38:26+00:00\",\"mainEntityOfPage\":{\"@id\":\"https:\/\/www.aribau.es\/este-fin-de-semana-nos-vamos-de-feria\/\"},\"wordCount\":333,\"publisher\":{\"@id\":\"https:\/\/www.aribau.es\/#organization\"},\"image\":{\"@id\":\"https:\/\/www.aribau.es\/este-fin-de-semana-nos-vamos-de-feria\/#primaryimage\"},\"thumbnailUrl\":\"https:\/\/www.aribau.es\/wp-content\/uploads\/2017\/07\/cartell_mostra_vins_aribau_02.jpg\",\"keywords\":[\"Ferias\",\"La descarada\",\"Musugorri\",\"Witty Wines\"],\"articleSection\":[\"Noticias\"],\"inLanguage\":\"ca\"},{\"@type\":\"WebPage\",\"@id\":\"https:\/\/www.aribau.es\/este-fin-de-semana-nos-vamos-de-feria\/\",\"url\":\"https:\/\/www.aribau.es\/este-fin-de-semana-nos-vamos-de-feria\/\",\"name\":\"ESTE FIN DE SEMANA, \u00a1NOS VAMOS DE FERIA! - Aribau\",\"isPartOf\":{\"@id\":\"https:\/\/www.aribau.es\/#website\"},\"primaryImageOfPage\":{\"@id\":\"https:\/\/www.aribau.es\/este-fin-de-semana-nos-vamos-de-feria\/#primaryimage\"},\"image\":{\"@id\":\"https:\/\/www.aribau.es\/este-fin-de-semana-nos-vamos-de-feria\/#primaryimage\"},\"thumbnailUrl\":\"https:\/\/www.aribau.es\/wp-content\/uploads\/2017\/07\/cartell_mostra_vins_aribau_02.jpg\",\"datePublished\":\"2017-07-27T11:53:49+00:00\",\"dateModified\":\"2021-04-26T12:38:26+00:00\",\"breadcrumb\":{\"@id\":\"https:\/\/www.aribau.es\/este-fin-de-semana-nos-vamos-de-feria\/#breadcrumb\"},\"inLanguage\":\"ca\",\"potentialAction\":[{\"@type\":\"ReadAction\",\"target\":[\"https:\/\/www.aribau.es\/este-fin-de-semana-nos-vamos-de-feria\/\"]}]},{\"@type\":\"ImageObject\",\"inLanguage\":\"ca\",\"@id\":\"https:\/\/www.aribau.es\/este-fin-de-semana-nos-vamos-de-feria\/#primaryimage\",\"url\":\"https:\/\/www.aribau.es\/wp-content\/uploads\/2017\/07\/cartell_mostra_vins_aribau_02.jpg\",\"contentUrl\":\"https:\/\/www.aribau.es\/wp-content\/uploads\/2017\/07\/cartell_mostra_vins_aribau_02.jpg\",\"width\":809,\"height\":572},{\"@type\":\"BreadcrumbList\",\"@id\":\"https:\/\/www.aribau.es\/este-fin-de-semana-nos-vamos-de-feria\/#breadcrumb\",\"itemListElement\":[{\"@type\":\"ListItem\",\"position\":1,\"name\":\"Portada\",\"item\":\"https:\/\/www.aribau.es\/\"},{\"@type\":\"ListItem\",\"position\":2,\"name\":\"ESTE FIN DE SEMANA, \u00a1NOS VAMOS DE FERIA!\"}]},{\"@type\":\"WebSite\",\"@id\":\"https:\/\/www.aribau.es\/#website\",\"url\":\"https:\/\/www.aribau.es\/\",\"name\":\"Aribau\",\"description\":\"VINOS Y BODEGAS\",\"publisher\":{\"@id\":\"https:\/\/www.aribau.es\/#organization\"},\"potentialAction\":[{\"@type\":\"SearchAction\",\"target\":{\"@type\":\"EntryPoint\",\"urlTemplate\":\"https:\/\/www.aribau.es\/?s={search_term_string}\"},\"query-input\":{\"@type\":\"PropertyValueSpecification\",\"valueRequired\":true,\"valueName\":\"search_term_string\"}}],\"inLanguage\":\"ca\"},{\"@type\":\"Organization\",\"@id\":\"https:\/\/www.aribau.es\/#organization\",\"name\":\"Aribau\",\"url\":\"https:\/\/www.aribau.es\/\",\"logo\":{\"@type\":\"ImageObject\",\"inLanguage\":\"ca\",\"@id\":\"https:\/\/www.aribau.es\/#\/schema\/logo\/image\/\",\"url\":\"https:\/\/www.aribau.es\/wp-content\/uploads\/2022\/03\/logo.png\",\"contentUrl\":\"https:\/\/www.aribau.es\/wp-content\/uploads\/2022\/03\/logo.png\",\"width\":300,\"height\":300,\"caption\":\"Aribau\"},\"image\":{\"@id\":\"https:\/\/www.aribau.es\/#\/schema\/logo\/image\/\"},\"sameAs\":[\"https:\/\/www.facebook.com\/aribau1964\/\",\"https:\/\/x.com\/aribau1964\",\"https:\/\/www.instagram.com\/aribau1964\/\"]},{\"@type\":\"Person\",\"@id\":\"https:\/\/www.aribau.es\/#\/schema\/person\/77a976898b3c705ed016499633f4ffd0\",\"name\":\"aribau\",\"image\":{\"@type\":\"ImageObject\",\"inLanguage\":\"ca\",\"@id\":\"https:\/\/www.aribau.es\/#\/schema\/person\/image\/\",\"url\":\"https:\/\/secure.gravatar.com\/avatar\/6690491f832d5b32aa9482b978c9464816810fbff0f6658034a34c9d9657b94e?s=96&d=mm&r=g\",\"contentUrl\":\"https:\/\/secure.gravatar.com\/avatar\/6690491f832d5b32aa9482b978c9464816810fbff0f6658034a34c9d9657b94e?s=96&d=mm&r=g\",\"caption\":\"aribau\"},\"url\":\"https:\/\/www.aribau.es\/ca\/author\/aribau\/\"}]}<\/script>\n<!-- \/ Yoast SEO plugin. -->","yoast_head_json":{"title":"ESTE FIN DE SEMANA, \u00a1NOS VAMOS DE FERIA! - Aribau","robots":{"index":"index","follow":"follow","max-snippet":"max-snippet:-1","max-image-preview":"max-image-preview:large","max-video-preview":"max-video-preview:-1"},"canonical":"https:\/\/www.aribau.es\/ca\/este-fin-de-semana-nos-vamos-de-feria\/","og_locale":"ca_ES","og_type":"article","og_title":"ESTE FIN DE SEMANA, \u00a1NOS VAMOS DE FERIA! - Aribau","og_description":"En los meses de verano proliferan las ferias, las muestras gastron\u00f3micas y, como no, tambi\u00e9n las muestras y ferias de vinos. Y en Aribau, nos gusta participar en ellas siempre que podemos. Este fin de semana, concretamente el s\u00e1bado d\u00eda 29, tendr\u00e1 lugar en Sant Pol de Mar la Muestra de Vinos Catalanes, una feria ... Llegiu m\u00e9s","og_url":"https:\/\/www.aribau.es\/ca\/este-fin-de-semana-nos-vamos-de-feria\/","og_site_name":"Aribau","article_publisher":"https:\/\/www.facebook.com\/aribau1964\/","article_published_time":"2017-07-27T11:53:49+00:00","article_modified_time":"2021-04-26T12:38:26+00:00","og_image":[{"width":809,"height":572,"url":"https:\/\/www.aribau.es\/wp-content\/uploads\/2017\/07\/cartell_mostra_vins_aribau_02.jpg","type":"image\/jpeg"}],"author":"aribau","twitter_card":"summary_large_image","twitter_creator":"@aribau1964","twitter_site":"@aribau1964","twitter_misc":{"Escrit per":"aribau","Temps estimat de lectura":"2 minuts"},"schema":{"@context":"https:\/\/schema.org","@graph":[{"@type":"Article","@id":"https:\/\/www.aribau.es\/este-fin-de-semana-nos-vamos-de-feria\/#article","isPartOf":{"@id":"https:\/\/www.aribau.es\/este-fin-de-semana-nos-vamos-de-feria\/"},"author":{"name":"aribau","@id":"https:\/\/www.aribau.es\/#\/schema\/person\/77a976898b3c705ed016499633f4ffd0"},"headline":"ESTE FIN DE SEMANA, \u00a1NOS VAMOS DE FERIA!","datePublished":"2017-07-27T11:53:49+00:00","dateModified":"2021-04-26T12:38:26+00:00","mainEntityOfPage":{"@id":"https:\/\/www.aribau.es\/este-fin-de-semana-nos-vamos-de-feria\/"},"wordCount":333,"publisher":{"@id":"https:\/\/www.aribau.es\/#organization"},"image":{"@id":"https:\/\/www.aribau.es\/este-fin-de-semana-nos-vamos-de-feria\/#primaryimage"},"thumbnailUrl":"https:\/\/www.aribau.es\/wp-content\/uploads\/2017\/07\/cartell_mostra_vins_aribau_02.jpg","keywords":["Ferias","La descarada","Musugorri","Witty Wines"],"articleSection":["Noticias"],"inLanguage":"ca"},{"@type":"WebPage","@id":"https:\/\/www.aribau.es\/este-fin-de-semana-nos-vamos-de-feria\/","url":"https:\/\/www.aribau.es\/este-fin-de-semana-nos-vamos-de-feria\/","name":"ESTE FIN DE SEMANA, \u00a1NOS VAMOS DE FERIA! - Aribau","isPartOf":{"@id":"https:\/\/www.aribau.es\/#website"},"primaryImageOfPage":{"@id":"https:\/\/www.aribau.es\/este-fin-de-semana-nos-vamos-de-feria\/#primaryimage"},"image":{"@id":"https:\/\/www.aribau.es\/este-fin-de-semana-nos-vamos-de-feria\/#primaryimage"},"thumbnailUrl":"https:\/\/www.aribau.es\/wp-content\/uploads\/2017\/07\/cartell_mostra_vins_aribau_02.jpg","datePublished":"2017-07-27T11:53:49+00:00","dateModified":"2021-04-26T12:38:26+00:00","breadcrumb":{"@id":"https:\/\/www.aribau.es\/este-fin-de-semana-nos-vamos-de-feria\/#breadcrumb"},"inLanguage":"ca","potentialAction":[{"@type":"ReadAction","target":["https:\/\/www.aribau.es\/este-fin-de-semana-nos-vamos-de-feria\/"]}]},{"@type":"ImageObject","inLanguage":"ca","@id":"https:\/\/www.aribau.es\/este-fin-de-semana-nos-vamos-de-feria\/#primaryimage","url":"https:\/\/www.aribau.es\/wp-content\/uploads\/2017\/07\/cartell_mostra_vins_aribau_02.jpg","contentUrl":"https:\/\/www.aribau.es\/wp-content\/uploads\/2017\/07\/cartell_mostra_vins_aribau_02.jpg","width":809,"height":572},{"@type":"BreadcrumbList","@id":"https:\/\/www.aribau.es\/este-fin-de-semana-nos-vamos-de-feria\/#breadcrumb","itemListElement":[{"@type":"ListItem","position":1,"name":"Portada","item":"https:\/\/www.aribau.es\/"},{"@type":"ListItem","position":2,"name":"ESTE FIN DE SEMANA, \u00a1NOS VAMOS DE FERIA!"}]},{"@type":"WebSite","@id":"https:\/\/www.aribau.es\/#website","url":"https:\/\/www.aribau.es\/","name":"Aribau","description":"VINOS Y BODEGAS","publisher":{"@id":"https:\/\/www.aribau.es\/#organization"},"potentialAction":[{"@type":"SearchAction","target":{"@type":"EntryPoint","urlTemplate":"https:\/\/www.aribau.es\/?s={search_term_string}"},"query-input":{"@type":"PropertyValueSpecification","valueRequired":true,"valueName":"search_term_string"}}],"inLanguage":"ca"},{"@type":"Organization","@id":"https:\/\/www.aribau.es\/#organization","name":"Aribau","url":"https:\/\/www.aribau.es\/","logo":{"@type":"ImageObject","inLanguage":"ca","@id":"https:\/\/www.aribau.es\/#\/schema\/logo\/image\/","url":"https:\/\/www.aribau.es\/wp-content\/uploads\/2022\/03\/logo.png","contentUrl":"https:\/\/www.aribau.es\/wp-content\/uploads\/2022\/03\/logo.png","width":300,"height":300,"caption":"Aribau"},"image":{"@id":"https:\/\/www.aribau.es\/#\/schema\/logo\/image\/"},"sameAs":["https:\/\/www.facebook.com\/aribau1964\/","https:\/\/x.com\/aribau1964","https:\/\/www.instagram.com\/aribau1964\/"]},{"@type":"Person","@id":"https:\/\/www.aribau.es\/#\/schema\/person\/77a976898b3c705ed016499633f4ffd0","name":"aribau","image":{"@type":"ImageObject","inLanguage":"ca","@id":"https:\/\/www.aribau.es\/#\/schema\/person\/image\/","url":"https:\/\/secure.gravatar.com\/avatar\/6690491f832d5b32aa9482b978c9464816810fbff0f6658034a34c9d9657b94e?s=96&d=mm&r=g","contentUrl":"https:\/\/secure.gravatar.com\/avatar\/6690491f832d5b32aa9482b978c9464816810fbff0f6658034a34c9d9657b94e?s=96&d=mm&r=g","caption":"aribau"},"url":"https:\/\/www.aribau.es\/ca\/author\/aribau\/"}]}},"_links":{"self":[{"href":"https:\/\/www.aribau.es\/ca\/wp-json\/wp\/v2\/posts\/5470","targetHints":{"allow":["GET"]}}],"collection":[{"href":"https:\/\/www.aribau.es\/ca\/wp-json\/wp\/v2\/posts"}],"about":[{"href":"https:\/\/www.aribau.es\/ca\/wp-json\/wp\/v2\/types\/post"}],"author":[{"embeddable":true,"href":"https:\/\/www.aribau.es\/ca\/wp-json\/wp\/v2\/users\/3"}],"replies":[{"embeddable":true,"href":"https:\/\/www.aribau.es\/ca\/wp-json\/wp\/v2\/comments?post=5470"}],"version-history":[{"count":7,"href":"https:\/\/www.aribau.es\/ca\/wp-json\/wp\/v2\/posts\/5470\/revisions"}],"predecessor-version":[{"id":10171,"href":"https:\/\/www.aribau.es\/ca\/wp-json\/wp\/v2\/posts\/5470\/revisions\/10171"}],"wp:featuredmedia":[{"embeddable":true,"href":"https:\/\/www.aribau.es\/ca\/wp-json\/wp\/v2\/media\/5474"}],"wp:attachment":[{"href":"https:\/\/www.aribau.es\/ca\/wp-json\/wp\/v2\/media?parent=5470"}],"wp:term":[{"taxonomy":"category","embeddable":true,"href":"https:\/\/www.aribau.es\/ca\/wp-json\/wp\/v2\/categories?post=5470"},{"taxonomy":"post_tag","embeddable":true,"href":"https:\/\/www.aribau.es\/ca\/wp-json\/wp\/v2\/tags?post=5470"}],"curies":[{"name":"wp","href":"https:\/\/api.w.org\/{rel}","templated":true}]}}