{"id":5514,"date":"2017-08-24T10:36:05","date_gmt":"2017-08-24T08:36:05","guid":{"rendered":"https:\/\/www.aribau.es\/?p=5514"},"modified":"2021-04-26T13:33:52","modified_gmt":"2021-04-26T12:33:52","slug":"no-tinc-por","status":"publish","type":"post","link":"https:\/\/www.aribau.es\/ca\/no-tinc-por\/","title":{"rendered":"NO TINC POR!"},"content":{"rendered":"<p>El mes de agosto es para casi todo el mundo, y casi siempre, sin\u00f3nimo de vacaciones. Este a\u00f1o sin embargo el mes de agosto nos habr\u00e1 dejado un regusto amargo y triste con los tr\u00e1gicos acontecimientos en Barcelona y Cambrils. Y parad\u00f3jicamente, al mismo tiempo, tambi\u00e9n nos deja margen para la esperanza y calor en el coraz\u00f3n, gracias a las infinitas muestras de solidaridad y buena voluntad demostradas por nuestros conciudadanos de Barcelona y del mundo entero. Eso, junto con la excelente labor de nuestras fuerzas de seguridad, nos est\u00e1 permitiendo pasar p\u00e1gina con dignidad, la cabeza bien alta, y la determinaci\u00f3n de seguir adelante con confianza en un futuro mejor para la humanidad.<\/p>\n<p>La VIDA, pues, sigue. Con may\u00fasculas. M\u00e1s que nunca toca apreciar el instante, agradecer nuestra presencia aqu\u00ed y ahora, compartir con nuestros seres queridos, celebrar cada detalle sencillo, intentar que nuestra existencia traiga alegr\u00eda a quienes nos rodean. Sin olvidar, sin banalizar, sino con conciencia de que esa alegr\u00eda es por s\u00ed misma motivo suficiente para seguir adelante con gratitud.<\/p>\n<p>Desde ARIBAU seguiremos trabajando en lo que es nuestra especialidad: ayudarte a elegir un buen vino para tus momentos especiales, dese\u00e1ndote que lo disfrutes con moderaci\u00f3n, alegr\u00eda y gratitud.<\/p>\n<h5>Mariana Gonz\u00e1lez<\/h5>\n<h5>Administradora ARIBAU<\/h5>","protected":false},"excerpt":{"rendered":"<p>El mes de agosto es para casi todo el mundo, y casi siempre, sin\u00f3nimo de vacaciones. Este a\u00f1o sin embargo el mes de agosto nos habr\u00e1 dejado un regusto amargo y triste con los tr\u00e1gicos acontecimientos en Barcelona y Cambrils. Y parad\u00f3jicamente, al mismo tiempo, tambi\u00e9n nos deja margen para la esperanza y calor en &#8230; <a title=\"NO TINC POR!\" class=\"read-more\" href=\"https:\/\/www.aribau.es\/ca\/no-tinc-por\/\" aria-label=\"M\u00e9s informaci\u00f3 sobre NO TINC POR!\">Llegiu m\u00e9s<\/a><\/p>","protected":false},"author":3,"featured_media":5515,"comment_status":"closed","ping_status":"closed","sticky":false,"template":"","format":"standard","meta":{"footnotes":""},"categories":[406],"tags":[408],"class_list":["post-5514","post","type-post","status-publish","format-standard","has-post-thumbnail","hentry","category-noticias","tag-barcelona"],"yoast_head":"<!-- This site is optimized with the Yoast SEO plugin v26.7 - https:\/\/yoast.com\/wordpress\/plugins\/seo\/ -->\n<title>NO TINC POR! - Aribau<\/title>\n<meta name=\"robots\" content=\"index, follow, max-snippet:-1, max-image-preview:large, max-video-preview:-1\" \/>\n<link rel=\"canonical\" href=\"https:\/\/www.aribau.es\/ca\/no-tinc-por\/\" \/>\n<meta property=\"og:locale\" content=\"ca_ES\" \/>\n<meta property=\"og:type\" content=\"article\" \/>\n<meta property=\"og:title\" content=\"NO TINC POR! - Aribau\" \/>\n<meta property=\"og:description\" content=\"El mes de agosto es para casi todo el mundo, y casi siempre, sin\u00f3nimo de vacaciones. Este a\u00f1o sin embargo el mes de agosto nos habr\u00e1 dejado un regusto amargo y triste con los tr\u00e1gicos acontecimientos en Barcelona y Cambrils. Y parad\u00f3jicamente, al mismo tiempo, tambi\u00e9n nos deja margen para la esperanza y calor en ... Llegiu m\u00e9s\" \/>\n<meta property=\"og:url\" content=\"https:\/\/www.aribau.es\/ca\/no-tinc-por\/\" \/>\n<meta property=\"og:site_name\" content=\"Aribau\" \/>\n<meta property=\"article:publisher\" content=\"https:\/\/www.facebook.com\/aribau1964\/\" \/>\n<meta property=\"article:published_time\" content=\"2017-08-24T08:36:05+00:00\" \/>\n<meta property=\"article:modified_time\" content=\"2021-04-26T12:33:52+00:00\" \/>\n<meta property=\"og:image\" content=\"https:\/\/www.aribau.es\/wp-content\/uploads\/2017\/08\/barcelona_frederic_amat.jpg\" \/>\n\t<meta property=\"og:image:width\" content=\"980\" \/>\n\t<meta property=\"og:image:height\" content=\"566\" \/>\n\t<meta property=\"og:image:type\" content=\"image\/jpeg\" \/>\n<meta name=\"author\" content=\"aribau\" \/>\n<meta name=\"twitter:card\" content=\"summary_large_image\" \/>\n<meta name=\"twitter:creator\" content=\"@aribau1964\" \/>\n<meta name=\"twitter:site\" content=\"@aribau1964\" \/>\n<meta name=\"twitter:label1\" content=\"Escrit per\" \/>\n\t<meta name=\"twitter:data1\" content=\"aribau\" \/>\n\t<meta name=\"twitter:label2\" content=\"Temps estimat de lectura\" \/>\n\t<meta name=\"twitter:data2\" content=\"1 minut\" \/>\n<script type=\"application\/ld+json\" class=\"yoast-schema-graph\">{\"@context\":\"https:\/\/schema.org\",\"@graph\":[{\"@type\":\"Article\",\"@id\":\"https:\/\/www.aribau.es\/no-tinc-por\/#article\",\"isPartOf\":{\"@id\":\"https:\/\/www.aribau.es\/no-tinc-por\/\"},\"author\":{\"name\":\"aribau\",\"@id\":\"https:\/\/www.aribau.es\/#\/schema\/person\/77a976898b3c705ed016499633f4ffd0\"},\"headline\":\"NO TINC POR!\",\"datePublished\":\"2017-08-24T08:36:05+00:00\",\"dateModified\":\"2021-04-26T12:33:52+00:00\",\"mainEntityOfPage\":{\"@id\":\"https:\/\/www.aribau.es\/no-tinc-por\/\"},\"wordCount\":226,\"publisher\":{\"@id\":\"https:\/\/www.aribau.es\/#organization\"},\"image\":{\"@id\":\"https:\/\/www.aribau.es\/no-tinc-por\/#primaryimage\"},\"thumbnailUrl\":\"https:\/\/www.aribau.es\/wp-content\/uploads\/2017\/08\/barcelona_frederic_amat.jpg\",\"keywords\":[\"Barcelona\"],\"articleSection\":[\"Noticias\"],\"inLanguage\":\"ca\"},{\"@type\":\"WebPage\",\"@id\":\"https:\/\/www.aribau.es\/no-tinc-por\/\",\"url\":\"https:\/\/www.aribau.es\/no-tinc-por\/\",\"name\":\"NO TINC POR! - Aribau\",\"isPartOf\":{\"@id\":\"https:\/\/www.aribau.es\/#website\"},\"primaryImageOfPage\":{\"@id\":\"https:\/\/www.aribau.es\/no-tinc-por\/#primaryimage\"},\"image\":{\"@id\":\"https:\/\/www.aribau.es\/no-tinc-por\/#primaryimage\"},\"thumbnailUrl\":\"https:\/\/www.aribau.es\/wp-content\/uploads\/2017\/08\/barcelona_frederic_amat.jpg\",\"datePublished\":\"2017-08-24T08:36:05+00:00\",\"dateModified\":\"2021-04-26T12:33:52+00:00\",\"breadcrumb\":{\"@id\":\"https:\/\/www.aribau.es\/no-tinc-por\/#breadcrumb\"},\"inLanguage\":\"ca\",\"potentialAction\":[{\"@type\":\"ReadAction\",\"target\":[\"https:\/\/www.aribau.es\/no-tinc-por\/\"]}]},{\"@type\":\"ImageObject\",\"inLanguage\":\"ca\",\"@id\":\"https:\/\/www.aribau.es\/no-tinc-por\/#primaryimage\",\"url\":\"https:\/\/www.aribau.es\/wp-content\/uploads\/2017\/08\/barcelona_frederic_amat.jpg\",\"contentUrl\":\"https:\/\/www.aribau.es\/wp-content\/uploads\/2017\/08\/barcelona_frederic_amat.jpg\",\"width\":980,\"height\":566,\"caption\":\"@ Frederic Amat\"},{\"@type\":\"BreadcrumbList\",\"@id\":\"https:\/\/www.aribau.es\/no-tinc-por\/#breadcrumb\",\"itemListElement\":[{\"@type\":\"ListItem\",\"position\":1,\"name\":\"Portada\",\"item\":\"https:\/\/www.aribau.es\/\"},{\"@type\":\"ListItem\",\"position\":2,\"name\":\"NO TINC POR!\"}]},{\"@type\":\"WebSite\",\"@id\":\"https:\/\/www.aribau.es\/#website\",\"url\":\"https:\/\/www.aribau.es\/\",\"name\":\"Aribau\",\"description\":\"VINOS Y BODEGAS\",\"publisher\":{\"@id\":\"https:\/\/www.aribau.es\/#organization\"},\"potentialAction\":[{\"@type\":\"SearchAction\",\"target\":{\"@type\":\"EntryPoint\",\"urlTemplate\":\"https:\/\/www.aribau.es\/?s={search_term_string}\"},\"query-input\":{\"@type\":\"PropertyValueSpecification\",\"valueRequired\":true,\"valueName\":\"search_term_string\"}}],\"inLanguage\":\"ca\"},{\"@type\":\"Organization\",\"@id\":\"https:\/\/www.aribau.es\/#organization\",\"name\":\"Aribau\",\"url\":\"https:\/\/www.aribau.es\/\",\"logo\":{\"@type\":\"ImageObject\",\"inLanguage\":\"ca\",\"@id\":\"https:\/\/www.aribau.es\/#\/schema\/logo\/image\/\",\"url\":\"https:\/\/www.aribau.es\/wp-content\/uploads\/2022\/03\/logo.png\",\"contentUrl\":\"https:\/\/www.aribau.es\/wp-content\/uploads\/2022\/03\/logo.png\",\"width\":300,\"height\":300,\"caption\":\"Aribau\"},\"image\":{\"@id\":\"https:\/\/www.aribau.es\/#\/schema\/logo\/image\/\"},\"sameAs\":[\"https:\/\/www.facebook.com\/aribau1964\/\",\"https:\/\/x.com\/aribau1964\",\"https:\/\/www.instagram.com\/aribau1964\/\"]},{\"@type\":\"Person\",\"@id\":\"https:\/\/www.aribau.es\/#\/schema\/person\/77a976898b3c705ed016499633f4ffd0\",\"name\":\"aribau\",\"image\":{\"@type\":\"ImageObject\",\"inLanguage\":\"ca\",\"@id\":\"https:\/\/www.aribau.es\/#\/schema\/person\/image\/\",\"url\":\"https:\/\/secure.gravatar.com\/avatar\/6690491f832d5b32aa9482b978c9464816810fbff0f6658034a34c9d9657b94e?s=96&d=mm&r=g\",\"contentUrl\":\"https:\/\/secure.gravatar.com\/avatar\/6690491f832d5b32aa9482b978c9464816810fbff0f6658034a34c9d9657b94e?s=96&d=mm&r=g\",\"caption\":\"aribau\"},\"url\":\"https:\/\/www.aribau.es\/ca\/author\/aribau\/\"}]}<\/script>\n<!-- \/ Yoast SEO plugin. -->","yoast_head_json":{"title":"NO TINC POR! - Aribau","robots":{"index":"index","follow":"follow","max-snippet":"max-snippet:-1","max-image-preview":"max-image-preview:large","max-video-preview":"max-video-preview:-1"},"canonical":"https:\/\/www.aribau.es\/ca\/no-tinc-por\/","og_locale":"ca_ES","og_type":"article","og_title":"NO TINC POR! - Aribau","og_description":"El mes de agosto es para casi todo el mundo, y casi siempre, sin\u00f3nimo de vacaciones. Este a\u00f1o sin embargo el mes de agosto nos habr\u00e1 dejado un regusto amargo y triste con los tr\u00e1gicos acontecimientos en Barcelona y Cambrils. Y parad\u00f3jicamente, al mismo tiempo, tambi\u00e9n nos deja margen para la esperanza y calor en ... Llegiu m\u00e9s","og_url":"https:\/\/www.aribau.es\/ca\/no-tinc-por\/","og_site_name":"Aribau","article_publisher":"https:\/\/www.facebook.com\/aribau1964\/","article_published_time":"2017-08-24T08:36:05+00:00","article_modified_time":"2021-04-26T12:33:52+00:00","og_image":[{"width":980,"height":566,"url":"https:\/\/www.aribau.es\/wp-content\/uploads\/2017\/08\/barcelona_frederic_amat.jpg","type":"image\/jpeg"}],"author":"aribau","twitter_card":"summary_large_image","twitter_creator":"@aribau1964","twitter_site":"@aribau1964","twitter_misc":{"Escrit per":"aribau","Temps estimat de lectura":"1 minut"},"schema":{"@context":"https:\/\/schema.org","@graph":[{"@type":"Article","@id":"https:\/\/www.aribau.es\/no-tinc-por\/#article","isPartOf":{"@id":"https:\/\/www.aribau.es\/no-tinc-por\/"},"author":{"name":"aribau","@id":"https:\/\/www.aribau.es\/#\/schema\/person\/77a976898b3c705ed016499633f4ffd0"},"headline":"NO TINC POR!","datePublished":"2017-08-24T08:36:05+00:00","dateModified":"2021-04-26T12:33:52+00:00","mainEntityOfPage":{"@id":"https:\/\/www.aribau.es\/no-tinc-por\/"},"wordCount":226,"publisher":{"@id":"https:\/\/www.aribau.es\/#organization"},"image":{"@id":"https:\/\/www.aribau.es\/no-tinc-por\/#primaryimage"},"thumbnailUrl":"https:\/\/www.aribau.es\/wp-content\/uploads\/2017\/08\/barcelona_frederic_amat.jpg","keywords":["Barcelona"],"articleSection":["Noticias"],"inLanguage":"ca"},{"@type":"WebPage","@id":"https:\/\/www.aribau.es\/no-tinc-por\/","url":"https:\/\/www.aribau.es\/no-tinc-por\/","name":"NO TINC POR! - Aribau","isPartOf":{"@id":"https:\/\/www.aribau.es\/#website"},"primaryImageOfPage":{"@id":"https:\/\/www.aribau.es\/no-tinc-por\/#primaryimage"},"image":{"@id":"https:\/\/www.aribau.es\/no-tinc-por\/#primaryimage"},"thumbnailUrl":"https:\/\/www.aribau.es\/wp-content\/uploads\/2017\/08\/barcelona_frederic_amat.jpg","datePublished":"2017-08-24T08:36:05+00:00","dateModified":"2021-04-26T12:33:52+00:00","breadcrumb":{"@id":"https:\/\/www.aribau.es\/no-tinc-por\/#breadcrumb"},"inLanguage":"ca","potentialAction":[{"@type":"ReadAction","target":["https:\/\/www.aribau.es\/no-tinc-por\/"]}]},{"@type":"ImageObject","inLanguage":"ca","@id":"https:\/\/www.aribau.es\/no-tinc-por\/#primaryimage","url":"https:\/\/www.aribau.es\/wp-content\/uploads\/2017\/08\/barcelona_frederic_amat.jpg","contentUrl":"https:\/\/www.aribau.es\/wp-content\/uploads\/2017\/08\/barcelona_frederic_amat.jpg","width":980,"height":566,"caption":"@ Frederic Amat"},{"@type":"BreadcrumbList","@id":"https:\/\/www.aribau.es\/no-tinc-por\/#breadcrumb","itemListElement":[{"@type":"ListItem","position":1,"name":"Portada","item":"https:\/\/www.aribau.es\/"},{"@type":"ListItem","position":2,"name":"NO TINC POR!"}]},{"@type":"WebSite","@id":"https:\/\/www.aribau.es\/#website","url":"https:\/\/www.aribau.es\/","name":"Aribau","description":"VINOS Y BODEGAS","publisher":{"@id":"https:\/\/www.aribau.es\/#organization"},"potentialAction":[{"@type":"SearchAction","target":{"@type":"EntryPoint","urlTemplate":"https:\/\/www.aribau.es\/?s={search_term_string}"},"query-input":{"@type":"PropertyValueSpecification","valueRequired":true,"valueName":"search_term_string"}}],"inLanguage":"ca"},{"@type":"Organization","@id":"https:\/\/www.aribau.es\/#organization","name":"Aribau","url":"https:\/\/www.aribau.es\/","logo":{"@type":"ImageObject","inLanguage":"ca","@id":"https:\/\/www.aribau.es\/#\/schema\/logo\/image\/","url":"https:\/\/www.aribau.es\/wp-content\/uploads\/2022\/03\/logo.png","contentUrl":"https:\/\/www.aribau.es\/wp-content\/uploads\/2022\/03\/logo.png","width":300,"height":300,"caption":"Aribau"},"image":{"@id":"https:\/\/www.aribau.es\/#\/schema\/logo\/image\/"},"sameAs":["https:\/\/www.facebook.com\/aribau1964\/","https:\/\/x.com\/aribau1964","https:\/\/www.instagram.com\/aribau1964\/"]},{"@type":"Person","@id":"https:\/\/www.aribau.es\/#\/schema\/person\/77a976898b3c705ed016499633f4ffd0","name":"aribau","image":{"@type":"ImageObject","inLanguage":"ca","@id":"https:\/\/www.aribau.es\/#\/schema\/person\/image\/","url":"https:\/\/secure.gravatar.com\/avatar\/6690491f832d5b32aa9482b978c9464816810fbff0f6658034a34c9d9657b94e?s=96&d=mm&r=g","contentUrl":"https:\/\/secure.gravatar.com\/avatar\/6690491f832d5b32aa9482b978c9464816810fbff0f6658034a34c9d9657b94e?s=96&d=mm&r=g","caption":"aribau"},"url":"https:\/\/www.aribau.es\/ca\/author\/aribau\/"}]}},"_links":{"self":[{"href":"https:\/\/www.aribau.es\/ca\/wp-json\/wp\/v2\/posts\/5514","targetHints":{"allow":["GET"]}}],"collection":[{"href":"https:\/\/www.aribau.es\/ca\/wp-json\/wp\/v2\/posts"}],"about":[{"href":"https:\/\/www.aribau.es\/ca\/wp-json\/wp\/v2\/types\/post"}],"author":[{"embeddable":true,"href":"https:\/\/www.aribau.es\/ca\/wp-json\/wp\/v2\/users\/3"}],"replies":[{"embeddable":true,"href":"https:\/\/www.aribau.es\/ca\/wp-json\/wp\/v2\/comments?post=5514"}],"version-history":[{"count":8,"href":"https:\/\/www.aribau.es\/ca\/wp-json\/wp\/v2\/posts\/5514\/revisions"}],"predecessor-version":[{"id":10165,"href":"https:\/\/www.aribau.es\/ca\/wp-json\/wp\/v2\/posts\/5514\/revisions\/10165"}],"wp:featuredmedia":[{"embeddable":true,"href":"https:\/\/www.aribau.es\/ca\/wp-json\/wp\/v2\/media\/5515"}],"wp:attachment":[{"href":"https:\/\/www.aribau.es\/ca\/wp-json\/wp\/v2\/media?parent=5514"}],"wp:term":[{"taxonomy":"category","embeddable":true,"href":"https:\/\/www.aribau.es\/ca\/wp-json\/wp\/v2\/categories?post=5514"},{"taxonomy":"post_tag","embeddable":true,"href":"https:\/\/www.aribau.es\/ca\/wp-json\/wp\/v2\/tags?post=5514"}],"curies":[{"name":"wp","href":"https:\/\/api.w.org\/{rel}","templated":true}]}}