{"id":5522,"date":"2017-08-31T11:51:57","date_gmt":"2017-08-31T09:51:57","guid":{"rendered":"https:\/\/www.aribau.es\/?p=5522"},"modified":"2021-04-26T13:18:00","modified_gmt":"2021-04-26T12:18:00","slug":"3-vinos-y-un-cava-para-la-penultima-cena-del-verano","status":"publish","type":"post","link":"https:\/\/www.aribau.es\/ca\/3-vinos-y-un-cava-para-la-penultima-cena-del-verano\/","title":{"rendered":"3 VINS I UN CAVA PER AL PEN\u00daLTIM SOPAR DE L'ESTIU"},"content":{"rendered":"<p>S\u00ed, ya sabemos que, visto as\u00ed, suena bastante duro. Pero lo cierto es que agosto llega a su fin y, con \u00e9l, las vacaciones para la gran mayor\u00eda. Han sido largos d\u00edas de charlas frente al mar, risas y buenas comilonas. Y por eso, el verano merece ser despedido por todo lo alto: un buen pescado a la parrilla, unos mejillones, unas ostras\u2026 el men\u00fa lo dejamos en tu mano, pero con los vinos, que es lo nuestro, \u00a1te echamos una mano!<\/p>\n<p>De entrada, y para despedir el mes y el verano -aunque t\u00e9cnicamente no acabe hasta finales de septiembre- te vamos a proponer una serie de vinos blancos para maridar la cena y para brindar porque la vida nos siga dando muchos y buenos momentos para celebrar.<\/p>\n<p><!--more--><\/p>\n<p><strong>Empecemos con una copita de cava<\/strong><\/p>\n<p>Nada como recibir a los comensales con una copa de vino mientras esperamos a que llegue todo el mundo. Y pese a que, para muchos, el cava sigue siendo el que pone el punto final a las comidas y cenas, nosotros os proponemos empezar brindado con nuestro <strong><a href=\"https:\/\/www.aribau.es\/ca\/mar-salada-cava\/\" target=\"_blank\" rel=\"noopener\"><em>Mar Salada<\/em><\/a><\/strong>. Un cava de finas burbujas y excelente acidez, que lo convierten en el acompa\u00f1amiento ideal para todo tipo de aperitivos.<\/p>\n<p><strong>Para los entrantes, <em>Saltimbanqui<\/em><\/strong><\/p>\n<p><strong><a href=\"https:\/\/www.aribau.es\/ca\/saltimbanqui-verdejo\/\" target=\"_blank\" rel=\"noopener\"><em>Saltimbanqui<\/em><\/a><\/strong> es un blanco 100% Verdejo con Denominaci\u00f3n de Origen Rueda. Un vino joven y fresco, perfecto para acompa\u00f1ar los primeros pasos de una cena que, seguro, ser\u00e1 larga. Arranquemos con unos cuantos brindis, que la noche lo merece.<\/p>\n<p><strong>Llega el pescado. Abramos un <em>Tronat Blanc<\/em> <\/strong><\/p>\n<p>100% Garnacha Blanca del Empord\u00e0, nuestro <strong><a href=\"https:\/\/www.aribau.es\/ca\/tronat-blanco\/\" target=\"_blank\" rel=\"noopener\"><em>Tronat Blanc<\/em><\/a><\/strong> es el compa\u00f1ero ideal para el plato principal. Nosotros apostamos por un buen pescado a la brasa pero, como dec\u00edamos, el men\u00fa es cosa vuestra. <em>Tronat<\/em> es un vino intenso, con notas frutales y florales, y fuertemente marcado por la personalidad de la Garnacha, una variedad aut\u00f3ctona que en los \u00faltimos a\u00f1os est\u00e1 gozando de especial buena salud. El postgusto largo y expresivo no dejar\u00e1 indiferente a ninguno de los comensales.<\/p>\n<p><strong>Pongamos punto final con <em>La Descarada<\/em><\/strong><\/p>\n<p>Porque es nuestra ni\u00f1a bonita. Porque nos encanta su contacto con el paladar. Y porque nadie mejor que ella para poner el broche de oro a la fiesta. Elaborada a base de Gewurztraminer, Moscatel y Sauvignon Blanco, <strong><a href=\"https:\/\/www.aribau.es\/ca\/la-descarada\/\" target=\"_blank\" rel=\"noopener\"><em>La Descarada<\/em><\/a><\/strong> es un vino joven, fresco y cargado de personalidad gracias a su alta acidez, que contrasta con su estilo floral y que le da un car\u00e1cter \u00fanico y dif\u00edcil de olvidar. Ella har\u00e1 que esta pen\u00faltima cena -\u00a1nunca es la \u00faltima!- sea de lo m\u00e1s especial.<\/p>\n<p>Salud y \u00a1a disfrutar!<\/p>","protected":false},"excerpt":{"rendered":"<p>S\u00ed, ya sabemos que, visto as\u00ed, suena bastante duro. Pero lo cierto es que agosto llega a su fin y, con \u00e9l, las vacaciones para la gran mayor\u00eda. Han sido largos d\u00edas de charlas frente al mar, risas y buenas comilonas. Y por eso, el verano merece ser despedido por todo lo alto: un buen &#8230; <a title=\"3 VINS I UN CAVA PER AL PEN\u00daLTIM SOPAR DE L&#039;ESTIU\" class=\"read-more\" href=\"https:\/\/www.aribau.es\/ca\/3-vinos-y-un-cava-para-la-penultima-cena-del-verano\/\" aria-label=\"M\u00e9s informaci\u00f3 sobre 3 VINOS Y UN CAVA PARA LA PEN\u00daLTIMA CENA DEL VERANO\">Llegiu m\u00e9s<\/a><\/p>","protected":false},"author":3,"featured_media":5523,"comment_status":"closed","ping_status":"closed","sticky":false,"template":"","format":"standard","meta":{"footnotes":""},"categories":[406],"tags":[492,341,396,398,342,450,471],"class_list":["post-5522","post","type-post","status-publish","format-standard","has-post-thumbnail","hentry","category-noticias","tag-cavas","tag-la-descarada","tag-mar-salada","tag-saltimbanqui","tag-tronat","tag-vinos","tag-vinos-blancos"],"yoast_head":"<!-- This site is optimized with the Yoast SEO plugin v26.7 - https:\/\/yoast.com\/wordpress\/plugins\/seo\/ -->\n<title>3 VINOS Y UN CAVA PARA LA PEN\u00daLTIMA CENA DEL VERANO - Aribau<\/title>\n<meta name=\"robots\" content=\"index, follow, max-snippet:-1, max-image-preview:large, max-video-preview:-1\" \/>\n<link rel=\"canonical\" href=\"https:\/\/www.aribau.es\/ca\/3-vinos-y-un-cava-para-la-penultima-cena-del-verano\/\" \/>\n<meta property=\"og:locale\" content=\"ca_ES\" \/>\n<meta property=\"og:type\" content=\"article\" \/>\n<meta property=\"og:title\" content=\"3 VINOS Y UN CAVA PARA LA PEN\u00daLTIMA CENA DEL VERANO - Aribau\" \/>\n<meta property=\"og:description\" content=\"S\u00ed, ya sabemos que, visto as\u00ed, suena bastante duro. Pero lo cierto es que agosto llega a su fin y, con \u00e9l, las vacaciones para la gran mayor\u00eda. Han sido largos d\u00edas de charlas frente al mar, risas y buenas comilonas. Y por eso, el verano merece ser despedido por todo lo alto: un buen ... Llegiu m\u00e9s\" \/>\n<meta property=\"og:url\" content=\"https:\/\/www.aribau.es\/ca\/3-vinos-y-un-cava-para-la-penultima-cena-del-verano\/\" \/>\n<meta property=\"og:site_name\" content=\"Aribau\" \/>\n<meta property=\"article:publisher\" content=\"https:\/\/www.facebook.com\/aribau1964\/\" \/>\n<meta property=\"article:published_time\" content=\"2017-08-31T09:51:57+00:00\" \/>\n<meta property=\"article:modified_time\" content=\"2021-04-26T12:18:00+00:00\" \/>\n<meta property=\"og:image\" content=\"https:\/\/www.aribau.es\/wp-content\/uploads\/2017\/08\/ladescarada_aribau.jpg\" \/>\n\t<meta property=\"og:image:width\" content=\"768\" \/>\n\t<meta property=\"og:image:height\" content=\"485\" \/>\n\t<meta property=\"og:image:type\" content=\"image\/jpeg\" \/>\n<meta name=\"author\" content=\"aribau\" \/>\n<meta name=\"twitter:card\" content=\"summary_large_image\" \/>\n<meta name=\"twitter:creator\" content=\"@aribau1964\" \/>\n<meta name=\"twitter:site\" content=\"@aribau1964\" \/>\n<meta name=\"twitter:label1\" content=\"Escrit per\" \/>\n\t<meta name=\"twitter:data1\" content=\"aribau\" \/>\n\t<meta name=\"twitter:label2\" content=\"Temps estimat de lectura\" \/>\n\t<meta name=\"twitter:data2\" content=\"2 minuts\" \/>\n<script type=\"application\/ld+json\" class=\"yoast-schema-graph\">{\"@context\":\"https:\/\/schema.org\",\"@graph\":[{\"@type\":\"Article\",\"@id\":\"https:\/\/www.aribau.es\/3-vinos-y-un-cava-para-la-penultima-cena-del-verano\/#article\",\"isPartOf\":{\"@id\":\"https:\/\/www.aribau.es\/3-vinos-y-un-cava-para-la-penultima-cena-del-verano\/\"},\"author\":{\"name\":\"aribau\",\"@id\":\"https:\/\/www.aribau.es\/#\/schema\/person\/77a976898b3c705ed016499633f4ffd0\"},\"headline\":\"3 VINOS Y UN CAVA PARA LA PEN\u00daLTIMA CENA DEL VERANO\",\"datePublished\":\"2017-08-31T09:51:57+00:00\",\"dateModified\":\"2021-04-26T12:18:00+00:00\",\"mainEntityOfPage\":{\"@id\":\"https:\/\/www.aribau.es\/3-vinos-y-un-cava-para-la-penultima-cena-del-verano\/\"},\"wordCount\":453,\"publisher\":{\"@id\":\"https:\/\/www.aribau.es\/#organization\"},\"image\":{\"@id\":\"https:\/\/www.aribau.es\/3-vinos-y-un-cava-para-la-penultima-cena-del-verano\/#primaryimage\"},\"thumbnailUrl\":\"https:\/\/www.aribau.es\/wp-content\/uploads\/2017\/08\/ladescarada_aribau.jpg\",\"keywords\":[\"cavas\",\"La descarada\",\"Mar Salada\",\"Saltimbanqui\",\"Tronat\",\"Vinos\",\"vinos blancos\"],\"articleSection\":[\"Noticias\"],\"inLanguage\":\"ca\"},{\"@type\":\"WebPage\",\"@id\":\"https:\/\/www.aribau.es\/3-vinos-y-un-cava-para-la-penultima-cena-del-verano\/\",\"url\":\"https:\/\/www.aribau.es\/3-vinos-y-un-cava-para-la-penultima-cena-del-verano\/\",\"name\":\"3 VINOS Y UN CAVA PARA LA PEN\u00daLTIMA CENA DEL VERANO - Aribau\",\"isPartOf\":{\"@id\":\"https:\/\/www.aribau.es\/#website\"},\"primaryImageOfPage\":{\"@id\":\"https:\/\/www.aribau.es\/3-vinos-y-un-cava-para-la-penultima-cena-del-verano\/#primaryimage\"},\"image\":{\"@id\":\"https:\/\/www.aribau.es\/3-vinos-y-un-cava-para-la-penultima-cena-del-verano\/#primaryimage\"},\"thumbnailUrl\":\"https:\/\/www.aribau.es\/wp-content\/uploads\/2017\/08\/ladescarada_aribau.jpg\",\"datePublished\":\"2017-08-31T09:51:57+00:00\",\"dateModified\":\"2021-04-26T12:18:00+00:00\",\"breadcrumb\":{\"@id\":\"https:\/\/www.aribau.es\/3-vinos-y-un-cava-para-la-penultima-cena-del-verano\/#breadcrumb\"},\"inLanguage\":\"ca\",\"potentialAction\":[{\"@type\":\"ReadAction\",\"target\":[\"https:\/\/www.aribau.es\/3-vinos-y-un-cava-para-la-penultima-cena-del-verano\/\"]}]},{\"@type\":\"ImageObject\",\"inLanguage\":\"ca\",\"@id\":\"https:\/\/www.aribau.es\/3-vinos-y-un-cava-para-la-penultima-cena-del-verano\/#primaryimage\",\"url\":\"https:\/\/www.aribau.es\/wp-content\/uploads\/2017\/08\/ladescarada_aribau.jpg\",\"contentUrl\":\"https:\/\/www.aribau.es\/wp-content\/uploads\/2017\/08\/ladescarada_aribau.jpg\",\"width\":768,\"height\":485},{\"@type\":\"BreadcrumbList\",\"@id\":\"https:\/\/www.aribau.es\/3-vinos-y-un-cava-para-la-penultima-cena-del-verano\/#breadcrumb\",\"itemListElement\":[{\"@type\":\"ListItem\",\"position\":1,\"name\":\"Portada\",\"item\":\"https:\/\/www.aribau.es\/\"},{\"@type\":\"ListItem\",\"position\":2,\"name\":\"3 VINOS Y UN CAVA PARA LA PEN\u00daLTIMA CENA DEL VERANO\"}]},{\"@type\":\"WebSite\",\"@id\":\"https:\/\/www.aribau.es\/#website\",\"url\":\"https:\/\/www.aribau.es\/\",\"name\":\"Aribau\",\"description\":\"VINOS Y BODEGAS\",\"publisher\":{\"@id\":\"https:\/\/www.aribau.es\/#organization\"},\"potentialAction\":[{\"@type\":\"SearchAction\",\"target\":{\"@type\":\"EntryPoint\",\"urlTemplate\":\"https:\/\/www.aribau.es\/?s={search_term_string}\"},\"query-input\":{\"@type\":\"PropertyValueSpecification\",\"valueRequired\":true,\"valueName\":\"search_term_string\"}}],\"inLanguage\":\"ca\"},{\"@type\":\"Organization\",\"@id\":\"https:\/\/www.aribau.es\/#organization\",\"name\":\"Aribau\",\"url\":\"https:\/\/www.aribau.es\/\",\"logo\":{\"@type\":\"ImageObject\",\"inLanguage\":\"ca\",\"@id\":\"https:\/\/www.aribau.es\/#\/schema\/logo\/image\/\",\"url\":\"https:\/\/www.aribau.es\/wp-content\/uploads\/2022\/03\/logo.png\",\"contentUrl\":\"https:\/\/www.aribau.es\/wp-content\/uploads\/2022\/03\/logo.png\",\"width\":300,\"height\":300,\"caption\":\"Aribau\"},\"image\":{\"@id\":\"https:\/\/www.aribau.es\/#\/schema\/logo\/image\/\"},\"sameAs\":[\"https:\/\/www.facebook.com\/aribau1964\/\",\"https:\/\/x.com\/aribau1964\",\"https:\/\/www.instagram.com\/aribau1964\/\"]},{\"@type\":\"Person\",\"@id\":\"https:\/\/www.aribau.es\/#\/schema\/person\/77a976898b3c705ed016499633f4ffd0\",\"name\":\"aribau\",\"image\":{\"@type\":\"ImageObject\",\"inLanguage\":\"ca\",\"@id\":\"https:\/\/www.aribau.es\/#\/schema\/person\/image\/\",\"url\":\"https:\/\/secure.gravatar.com\/avatar\/6690491f832d5b32aa9482b978c9464816810fbff0f6658034a34c9d9657b94e?s=96&d=mm&r=g\",\"contentUrl\":\"https:\/\/secure.gravatar.com\/avatar\/6690491f832d5b32aa9482b978c9464816810fbff0f6658034a34c9d9657b94e?s=96&d=mm&r=g\",\"caption\":\"aribau\"},\"url\":\"https:\/\/www.aribau.es\/ca\/author\/aribau\/\"}]}<\/script>\n<!-- \/ Yoast SEO plugin. -->","yoast_head_json":{"title":"3 VINOS Y UN CAVA PARA LA PEN\u00daLTIMA CENA DEL VERANO - Aribau","robots":{"index":"index","follow":"follow","max-snippet":"max-snippet:-1","max-image-preview":"max-image-preview:large","max-video-preview":"max-video-preview:-1"},"canonical":"https:\/\/www.aribau.es\/ca\/3-vinos-y-un-cava-para-la-penultima-cena-del-verano\/","og_locale":"ca_ES","og_type":"article","og_title":"3 VINOS Y UN CAVA PARA LA PEN\u00daLTIMA CENA DEL VERANO - Aribau","og_description":"S\u00ed, ya sabemos que, visto as\u00ed, suena bastante duro. Pero lo cierto es que agosto llega a su fin y, con \u00e9l, las vacaciones para la gran mayor\u00eda. Han sido largos d\u00edas de charlas frente al mar, risas y buenas comilonas. Y por eso, el verano merece ser despedido por todo lo alto: un buen ... Llegiu m\u00e9s","og_url":"https:\/\/www.aribau.es\/ca\/3-vinos-y-un-cava-para-la-penultima-cena-del-verano\/","og_site_name":"Aribau","article_publisher":"https:\/\/www.facebook.com\/aribau1964\/","article_published_time":"2017-08-31T09:51:57+00:00","article_modified_time":"2021-04-26T12:18:00+00:00","og_image":[{"width":768,"height":485,"url":"https:\/\/www.aribau.es\/wp-content\/uploads\/2017\/08\/ladescarada_aribau.jpg","type":"image\/jpeg"}],"author":"aribau","twitter_card":"summary_large_image","twitter_creator":"@aribau1964","twitter_site":"@aribau1964","twitter_misc":{"Escrit per":"aribau","Temps estimat de lectura":"2 minuts"},"schema":{"@context":"https:\/\/schema.org","@graph":[{"@type":"Article","@id":"https:\/\/www.aribau.es\/3-vinos-y-un-cava-para-la-penultima-cena-del-verano\/#article","isPartOf":{"@id":"https:\/\/www.aribau.es\/3-vinos-y-un-cava-para-la-penultima-cena-del-verano\/"},"author":{"name":"aribau","@id":"https:\/\/www.aribau.es\/#\/schema\/person\/77a976898b3c705ed016499633f4ffd0"},"headline":"3 VINOS Y UN CAVA PARA LA PEN\u00daLTIMA CENA DEL VERANO","datePublished":"2017-08-31T09:51:57+00:00","dateModified":"2021-04-26T12:18:00+00:00","mainEntityOfPage":{"@id":"https:\/\/www.aribau.es\/3-vinos-y-un-cava-para-la-penultima-cena-del-verano\/"},"wordCount":453,"publisher":{"@id":"https:\/\/www.aribau.es\/#organization"},"image":{"@id":"https:\/\/www.aribau.es\/3-vinos-y-un-cava-para-la-penultima-cena-del-verano\/#primaryimage"},"thumbnailUrl":"https:\/\/www.aribau.es\/wp-content\/uploads\/2017\/08\/ladescarada_aribau.jpg","keywords":["cavas","La descarada","Mar Salada","Saltimbanqui","Tronat","Vinos","vinos blancos"],"articleSection":["Noticias"],"inLanguage":"ca"},{"@type":"WebPage","@id":"https:\/\/www.aribau.es\/3-vinos-y-un-cava-para-la-penultima-cena-del-verano\/","url":"https:\/\/www.aribau.es\/3-vinos-y-un-cava-para-la-penultima-cena-del-verano\/","name":"3 VINOS Y UN CAVA PARA LA PEN\u00daLTIMA CENA DEL VERANO - Aribau","isPartOf":{"@id":"https:\/\/www.aribau.es\/#website"},"primaryImageOfPage":{"@id":"https:\/\/www.aribau.es\/3-vinos-y-un-cava-para-la-penultima-cena-del-verano\/#primaryimage"},"image":{"@id":"https:\/\/www.aribau.es\/3-vinos-y-un-cava-para-la-penultima-cena-del-verano\/#primaryimage"},"thumbnailUrl":"https:\/\/www.aribau.es\/wp-content\/uploads\/2017\/08\/ladescarada_aribau.jpg","datePublished":"2017-08-31T09:51:57+00:00","dateModified":"2021-04-26T12:18:00+00:00","breadcrumb":{"@id":"https:\/\/www.aribau.es\/3-vinos-y-un-cava-para-la-penultima-cena-del-verano\/#breadcrumb"},"inLanguage":"ca","potentialAction":[{"@type":"ReadAction","target":["https:\/\/www.aribau.es\/3-vinos-y-un-cava-para-la-penultima-cena-del-verano\/"]}]},{"@type":"ImageObject","inLanguage":"ca","@id":"https:\/\/www.aribau.es\/3-vinos-y-un-cava-para-la-penultima-cena-del-verano\/#primaryimage","url":"https:\/\/www.aribau.es\/wp-content\/uploads\/2017\/08\/ladescarada_aribau.jpg","contentUrl":"https:\/\/www.aribau.es\/wp-content\/uploads\/2017\/08\/ladescarada_aribau.jpg","width":768,"height":485},{"@type":"BreadcrumbList","@id":"https:\/\/www.aribau.es\/3-vinos-y-un-cava-para-la-penultima-cena-del-verano\/#breadcrumb","itemListElement":[{"@type":"ListItem","position":1,"name":"Portada","item":"https:\/\/www.aribau.es\/"},{"@type":"ListItem","position":2,"name":"3 VINOS Y UN CAVA PARA LA PEN\u00daLTIMA CENA DEL VERANO"}]},{"@type":"WebSite","@id":"https:\/\/www.aribau.es\/#website","url":"https:\/\/www.aribau.es\/","name":"Aribau","description":"VINOS Y BODEGAS","publisher":{"@id":"https:\/\/www.aribau.es\/#organization"},"potentialAction":[{"@type":"SearchAction","target":{"@type":"EntryPoint","urlTemplate":"https:\/\/www.aribau.es\/?s={search_term_string}"},"query-input":{"@type":"PropertyValueSpecification","valueRequired":true,"valueName":"search_term_string"}}],"inLanguage":"ca"},{"@type":"Organization","@id":"https:\/\/www.aribau.es\/#organization","name":"Aribau","url":"https:\/\/www.aribau.es\/","logo":{"@type":"ImageObject","inLanguage":"ca","@id":"https:\/\/www.aribau.es\/#\/schema\/logo\/image\/","url":"https:\/\/www.aribau.es\/wp-content\/uploads\/2022\/03\/logo.png","contentUrl":"https:\/\/www.aribau.es\/wp-content\/uploads\/2022\/03\/logo.png","width":300,"height":300,"caption":"Aribau"},"image":{"@id":"https:\/\/www.aribau.es\/#\/schema\/logo\/image\/"},"sameAs":["https:\/\/www.facebook.com\/aribau1964\/","https:\/\/x.com\/aribau1964","https:\/\/www.instagram.com\/aribau1964\/"]},{"@type":"Person","@id":"https:\/\/www.aribau.es\/#\/schema\/person\/77a976898b3c705ed016499633f4ffd0","name":"aribau","image":{"@type":"ImageObject","inLanguage":"ca","@id":"https:\/\/www.aribau.es\/#\/schema\/person\/image\/","url":"https:\/\/secure.gravatar.com\/avatar\/6690491f832d5b32aa9482b978c9464816810fbff0f6658034a34c9d9657b94e?s=96&d=mm&r=g","contentUrl":"https:\/\/secure.gravatar.com\/avatar\/6690491f832d5b32aa9482b978c9464816810fbff0f6658034a34c9d9657b94e?s=96&d=mm&r=g","caption":"aribau"},"url":"https:\/\/www.aribau.es\/ca\/author\/aribau\/"}]}},"_links":{"self":[{"href":"https:\/\/www.aribau.es\/ca\/wp-json\/wp\/v2\/posts\/5522","targetHints":{"allow":["GET"]}}],"collection":[{"href":"https:\/\/www.aribau.es\/ca\/wp-json\/wp\/v2\/posts"}],"about":[{"href":"https:\/\/www.aribau.es\/ca\/wp-json\/wp\/v2\/types\/post"}],"author":[{"embeddable":true,"href":"https:\/\/www.aribau.es\/ca\/wp-json\/wp\/v2\/users\/3"}],"replies":[{"embeddable":true,"href":"https:\/\/www.aribau.es\/ca\/wp-json\/wp\/v2\/comments?post=5522"}],"version-history":[{"count":3,"href":"https:\/\/www.aribau.es\/ca\/wp-json\/wp\/v2\/posts\/5522\/revisions"}],"predecessor-version":[{"id":10163,"href":"https:\/\/www.aribau.es\/ca\/wp-json\/wp\/v2\/posts\/5522\/revisions\/10163"}],"wp:featuredmedia":[{"embeddable":true,"href":"https:\/\/www.aribau.es\/ca\/wp-json\/wp\/v2\/media\/5523"}],"wp:attachment":[{"href":"https:\/\/www.aribau.es\/ca\/wp-json\/wp\/v2\/media?parent=5522"}],"wp:term":[{"taxonomy":"category","embeddable":true,"href":"https:\/\/www.aribau.es\/ca\/wp-json\/wp\/v2\/categories?post=5522"},{"taxonomy":"post_tag","embeddable":true,"href":"https:\/\/www.aribau.es\/ca\/wp-json\/wp\/v2\/tags?post=5522"}],"curies":[{"name":"wp","href":"https:\/\/api.w.org\/{rel}","templated":true}]}}