{"id":5570,"date":"2017-10-13T12:14:28","date_gmt":"2017-10-13T10:14:28","guid":{"rendered":"https:\/\/www.aribau.es\/?p=5570"},"modified":"2021-04-26T13:11:31","modified_gmt":"2021-04-26T12:11:31","slug":"bodegas-la-val-elaboracion-tradicional-combinada-con-la-ultima-tecnologia","status":"publish","type":"post","link":"https:\/\/www.aribau.es\/ca\/bodegas-la-val-elaboracion-tradicional-combinada-con-la-ultima-tecnologia\/","title":{"rendered":"BODEGAS LA VAL. ELABORACI\u00d3 TRADICIONAL COMBINADA AMB L'\u00daLTIMA TECNOLOGIA"},"content":{"rendered":"<p><strong><a href=\"http:\/\/www.bodegaslaval.com\/\" target=\"_blank\" rel=\"noopener\">Bodegas La Val<\/a><\/strong>, situada en la poblaci\u00f3n pontevedresa de Salvaterra de Mi\u00f1o, es una de las marcas pioneras de la <strong>Denominaci<\/strong><strong>\u00f3<\/strong><strong>n de Origen R<\/strong><strong>\u00ed<\/strong><strong>as Baixas<\/strong>. Nacida en 1985, estuvo situada originariamente a orillas del r\u00edo Mi\u00f1o, en el municipio de O Rosal, para trasladarse en 2003 a la actual finca, permitiendo as\u00ed modernizar la bodega, y seguir con su objetivo de consolidaci\u00f3n y crecimiento sostenible.<\/p>\n<p>Uno de los hechos diferenciales que caracteriza a La Val es que fue una de las primeras bodegas en apostar por el autoabastecimiento, gracias al cultivo de la uva en sus propios vi\u00f1edos. Actualmente cuenta con cuatro vi\u00f1edos que ocupan m\u00e1s de 60 hect\u00e1reas de terreno repartidos en cuatro fincas ubicadas en los municipios de Salvaterra de Mi\u00f1o (Arentei y Porto), As Neves (Taboexa) y Tui (Pexeguerio). En ellos se elaboran las casi 500.000 botellas que salen de la bodega cada a\u00f1o, vinos de calidad elaborados de manera tradicional pero combinada con la \u00faltima tecnolog\u00eda disponible en el mercado.<\/p>\n<p><!--more--><\/p>\n<p>Y es precisamente la calidad uno de los factores a destacar en los vinos de La Val, una de las pocas empresas del sector que cuenta con la <strong>Certificaci\u00f3n British Retail Consortium (BRC) de Seguridad Alimentaria<\/strong>, una de las acreditaciones m\u00e1s importantes de la industria.<\/p>\n<p><strong><em>M<\/em><\/strong><strong><em>\u00e1<\/em><\/strong><strong><em>s que 2<\/em><\/strong><\/p>\n<p><strong><em><a href=\"https:\/\/www.aribau.es\/wp-content\/uploads\/2017\/10\/la-val-mq2-aribau.jpg\"><img fetchpriority=\"high\" decoding=\"async\" class=\"aligncenter size-full wp-image-5574\" src=\"https:\/\/www.aribau.es\/wp-content\/uploads\/2017\/10\/la-val-mq2-aribau.jpg\" alt=\"\" width=\"600\" height=\"211\" srcset=\"https:\/\/www.aribau.es\/wp-content\/uploads\/2017\/10\/la-val-mq2-aribau.jpg 600w, https:\/\/www.aribau.es\/wp-content\/uploads\/2017\/10\/la-val-mq2-aribau-300x106.jpg 300w\" sizes=\"(max-width: 600px) 100vw, 600px\" \/><\/a><a href=\"http:\/\/www.bodegaslaval.com\/vinos\/la-val-mas-que-2\/?lang=es\" target=\"_blank\" rel=\"noopener\">M\u00e1s que 2<\/a><\/em><\/strong> es uno de los vinos producidos por Bodegas La Val. Un vino blanco de aire joven y divertido, y elaborado a base de albari\u00f1o, treixadura y loureiro, estas dos \u00faltimas, variedades m\u00e1s sensibles en su cultivo y elaboraci\u00f3n, y de las m\u00e1s representativas en el valle del Mi\u00f1o.<\/p>\n<p>Es un vino de color amarillo pajizo con irisaciones verdosas, que en nariz destaca por sus notas florales, frutales y de hierbas frescas, y en boca es sabroso y fresco, con una acidez bien integrada e intensamente frutal. Su leve postgusto salino y la notas c\u00edtricas y refrescantes invitan a repetir. As\u00ed que, si quieres probarlo, te recomendamos que lo marides con marisco y pescado, o bien con quesos frescos, foie, aves, arroces y pastas. \u00a1Sa\u00fade!<\/p>","protected":false},"excerpt":{"rendered":"<p>Bodegas La Val, situada en la poblaci\u00f3n pontevedresa de Salvaterra de Mi\u00f1o, es una de las marcas pioneras de la Denominaci\u00f3n de Origen R\u00edas Baixas. Nacida en 1985, estuvo situada originariamente a orillas del r\u00edo Mi\u00f1o, en el municipio de O Rosal, para trasladarse en 2003 a la actual finca, permitiendo as\u00ed modernizar la bodega, &#8230; <a title=\"BODEGAS LA VAL. ELABORACI\u00d3 TRADICIONAL COMBINADA AMB L&#039;\u00daLTIMA TECNOLOGIA\" class=\"read-more\" href=\"https:\/\/www.aribau.es\/ca\/bodegas-la-val-elaboracion-tradicional-combinada-con-la-ultima-tecnologia\/\" aria-label=\"M\u00e9s informaci\u00f3 sobre BODEGAS LA VAL. ELABORACI\u00d3N TRADICIONAL COMBINADA CON LA \u00daLTIMA TECNOLOG\u00cdA\">Llegiu m\u00e9s<\/a><\/p>","protected":false},"author":3,"featured_media":5571,"comment_status":"closed","ping_status":"closed","sticky":false,"template":"","format":"standard","meta":{"footnotes":""},"categories":[406],"tags":[381,497,498,496,471],"class_list":["post-5570","post","type-post","status-publish","format-standard","has-post-thumbnail","hentry","category-noticias","tag-bodegas-la-val","tag-denominacion-de-origen-rias-baixas","tag-galicia","tag-mas-que-dos","tag-vinos-blancos"],"yoast_head":"<!-- This site is optimized with the Yoast SEO plugin v26.7 - https:\/\/yoast.com\/wordpress\/plugins\/seo\/ -->\n<title>BODEGAS LA VAL. ELABORACI\u00d3N TRADICIONAL COMBINADA CON LA \u00daLTIMA TECNOLOG\u00cdA - Aribau<\/title>\n<meta name=\"robots\" content=\"index, follow, max-snippet:-1, max-image-preview:large, max-video-preview:-1\" \/>\n<link rel=\"canonical\" href=\"https:\/\/www.aribau.es\/ca\/bodegas-la-val-elaboracion-tradicional-combinada-con-la-ultima-tecnologia\/\" \/>\n<meta property=\"og:locale\" content=\"ca_ES\" \/>\n<meta property=\"og:type\" content=\"article\" \/>\n<meta property=\"og:title\" content=\"BODEGAS LA VAL. ELABORACI\u00d3N TRADICIONAL COMBINADA CON LA \u00daLTIMA TECNOLOG\u00cdA - Aribau\" \/>\n<meta property=\"og:description\" content=\"Bodegas La Val, situada en la poblaci\u00f3n pontevedresa de Salvaterra de Mi\u00f1o, es una de las marcas pioneras de la Denominaci\u00f3n de Origen R\u00edas Baixas. Nacida en 1985, estuvo situada originariamente a orillas del r\u00edo Mi\u00f1o, en el municipio de O Rosal, para trasladarse en 2003 a la actual finca, permitiendo as\u00ed modernizar la bodega, ... Llegiu m\u00e9s\" \/>\n<meta property=\"og:url\" content=\"https:\/\/www.aribau.es\/ca\/bodegas-la-val-elaboracion-tradicional-combinada-con-la-ultima-tecnologia\/\" \/>\n<meta property=\"og:site_name\" content=\"Aribau\" \/>\n<meta property=\"article:publisher\" content=\"https:\/\/www.facebook.com\/aribau1964\/\" \/>\n<meta property=\"article:published_time\" content=\"2017-10-13T10:14:28+00:00\" \/>\n<meta property=\"article:modified_time\" content=\"2021-04-26T12:11:31+00:00\" \/>\n<meta property=\"og:image\" content=\"https:\/\/www.aribau.es\/wp-content\/uploads\/2017\/10\/la-val-aribau-02.jpg\" \/>\n\t<meta property=\"og:image:width\" content=\"1000\" \/>\n\t<meta property=\"og:image:height\" content=\"666\" \/>\n\t<meta property=\"og:image:type\" content=\"image\/jpeg\" \/>\n<meta name=\"author\" content=\"aribau\" \/>\n<meta name=\"twitter:card\" content=\"summary_large_image\" \/>\n<meta name=\"twitter:creator\" content=\"@aribau1964\" \/>\n<meta name=\"twitter:site\" content=\"@aribau1964\" \/>\n<meta name=\"twitter:label1\" content=\"Escrit per\" \/>\n\t<meta name=\"twitter:data1\" content=\"aribau\" \/>\n\t<meta name=\"twitter:label2\" content=\"Temps estimat de lectura\" \/>\n\t<meta name=\"twitter:data2\" content=\"2 minuts\" \/>\n<script type=\"application\/ld+json\" class=\"yoast-schema-graph\">{\"@context\":\"https:\/\/schema.org\",\"@graph\":[{\"@type\":\"Article\",\"@id\":\"https:\/\/www.aribau.es\/bodegas-la-val-elaboracion-tradicional-combinada-con-la-ultima-tecnologia\/#article\",\"isPartOf\":{\"@id\":\"https:\/\/www.aribau.es\/bodegas-la-val-elaboracion-tradicional-combinada-con-la-ultima-tecnologia\/\"},\"author\":{\"name\":\"aribau\",\"@id\":\"https:\/\/www.aribau.es\/#\/schema\/person\/77a976898b3c705ed016499633f4ffd0\"},\"headline\":\"BODEGAS LA VAL. ELABORACI\u00d3N TRADICIONAL COMBINADA CON LA \u00daLTIMA TECNOLOG\u00cdA\",\"datePublished\":\"2017-10-13T10:14:28+00:00\",\"dateModified\":\"2021-04-26T12:11:31+00:00\",\"mainEntityOfPage\":{\"@id\":\"https:\/\/www.aribau.es\/bodegas-la-val-elaboracion-tradicional-combinada-con-la-ultima-tecnologia\/\"},\"wordCount\":370,\"publisher\":{\"@id\":\"https:\/\/www.aribau.es\/#organization\"},\"image\":{\"@id\":\"https:\/\/www.aribau.es\/bodegas-la-val-elaboracion-tradicional-combinada-con-la-ultima-tecnologia\/#primaryimage\"},\"thumbnailUrl\":\"https:\/\/www.aribau.es\/wp-content\/uploads\/2017\/10\/la-val-aribau-02.jpg\",\"keywords\":[\"Bodegas La Val\",\"Denominaci\u00f3n de Origen R\u00edas Baixas\",\"Galicia\",\"M\u00e1s que dos\",\"vinos blancos\"],\"articleSection\":[\"Noticias\"],\"inLanguage\":\"ca\"},{\"@type\":\"WebPage\",\"@id\":\"https:\/\/www.aribau.es\/bodegas-la-val-elaboracion-tradicional-combinada-con-la-ultima-tecnologia\/\",\"url\":\"https:\/\/www.aribau.es\/bodegas-la-val-elaboracion-tradicional-combinada-con-la-ultima-tecnologia\/\",\"name\":\"BODEGAS LA VAL. ELABORACI\u00d3N TRADICIONAL COMBINADA CON LA \u00daLTIMA TECNOLOG\u00cdA - Aribau\",\"isPartOf\":{\"@id\":\"https:\/\/www.aribau.es\/#website\"},\"primaryImageOfPage\":{\"@id\":\"https:\/\/www.aribau.es\/bodegas-la-val-elaboracion-tradicional-combinada-con-la-ultima-tecnologia\/#primaryimage\"},\"image\":{\"@id\":\"https:\/\/www.aribau.es\/bodegas-la-val-elaboracion-tradicional-combinada-con-la-ultima-tecnologia\/#primaryimage\"},\"thumbnailUrl\":\"https:\/\/www.aribau.es\/wp-content\/uploads\/2017\/10\/la-val-aribau-02.jpg\",\"datePublished\":\"2017-10-13T10:14:28+00:00\",\"dateModified\":\"2021-04-26T12:11:31+00:00\",\"breadcrumb\":{\"@id\":\"https:\/\/www.aribau.es\/bodegas-la-val-elaboracion-tradicional-combinada-con-la-ultima-tecnologia\/#breadcrumb\"},\"inLanguage\":\"ca\",\"potentialAction\":[{\"@type\":\"ReadAction\",\"target\":[\"https:\/\/www.aribau.es\/bodegas-la-val-elaboracion-tradicional-combinada-con-la-ultima-tecnologia\/\"]}]},{\"@type\":\"ImageObject\",\"inLanguage\":\"ca\",\"@id\":\"https:\/\/www.aribau.es\/bodegas-la-val-elaboracion-tradicional-combinada-con-la-ultima-tecnologia\/#primaryimage\",\"url\":\"https:\/\/www.aribau.es\/wp-content\/uploads\/2017\/10\/la-val-aribau-02.jpg\",\"contentUrl\":\"https:\/\/www.aribau.es\/wp-content\/uploads\/2017\/10\/la-val-aribau-02.jpg\",\"width\":1000,\"height\":666},{\"@type\":\"BreadcrumbList\",\"@id\":\"https:\/\/www.aribau.es\/bodegas-la-val-elaboracion-tradicional-combinada-con-la-ultima-tecnologia\/#breadcrumb\",\"itemListElement\":[{\"@type\":\"ListItem\",\"position\":1,\"name\":\"Portada\",\"item\":\"https:\/\/www.aribau.es\/\"},{\"@type\":\"ListItem\",\"position\":2,\"name\":\"BODEGAS LA VAL. ELABORACI\u00d3N TRADICIONAL COMBINADA CON LA \u00daLTIMA TECNOLOG\u00cdA\"}]},{\"@type\":\"WebSite\",\"@id\":\"https:\/\/www.aribau.es\/#website\",\"url\":\"https:\/\/www.aribau.es\/\",\"name\":\"Aribau\",\"description\":\"VINOS Y BODEGAS\",\"publisher\":{\"@id\":\"https:\/\/www.aribau.es\/#organization\"},\"potentialAction\":[{\"@type\":\"SearchAction\",\"target\":{\"@type\":\"EntryPoint\",\"urlTemplate\":\"https:\/\/www.aribau.es\/?s={search_term_string}\"},\"query-input\":{\"@type\":\"PropertyValueSpecification\",\"valueRequired\":true,\"valueName\":\"search_term_string\"}}],\"inLanguage\":\"ca\"},{\"@type\":\"Organization\",\"@id\":\"https:\/\/www.aribau.es\/#organization\",\"name\":\"Aribau\",\"url\":\"https:\/\/www.aribau.es\/\",\"logo\":{\"@type\":\"ImageObject\",\"inLanguage\":\"ca\",\"@id\":\"https:\/\/www.aribau.es\/#\/schema\/logo\/image\/\",\"url\":\"https:\/\/www.aribau.es\/wp-content\/uploads\/2022\/03\/logo.png\",\"contentUrl\":\"https:\/\/www.aribau.es\/wp-content\/uploads\/2022\/03\/logo.png\",\"width\":300,\"height\":300,\"caption\":\"Aribau\"},\"image\":{\"@id\":\"https:\/\/www.aribau.es\/#\/schema\/logo\/image\/\"},\"sameAs\":[\"https:\/\/www.facebook.com\/aribau1964\/\",\"https:\/\/x.com\/aribau1964\",\"https:\/\/www.instagram.com\/aribau1964\/\"]},{\"@type\":\"Person\",\"@id\":\"https:\/\/www.aribau.es\/#\/schema\/person\/77a976898b3c705ed016499633f4ffd0\",\"name\":\"aribau\",\"image\":{\"@type\":\"ImageObject\",\"inLanguage\":\"ca\",\"@id\":\"https:\/\/www.aribau.es\/#\/schema\/person\/image\/\",\"url\":\"https:\/\/secure.gravatar.com\/avatar\/6690491f832d5b32aa9482b978c9464816810fbff0f6658034a34c9d9657b94e?s=96&d=mm&r=g\",\"contentUrl\":\"https:\/\/secure.gravatar.com\/avatar\/6690491f832d5b32aa9482b978c9464816810fbff0f6658034a34c9d9657b94e?s=96&d=mm&r=g\",\"caption\":\"aribau\"},\"url\":\"https:\/\/www.aribau.es\/ca\/author\/aribau\/\"}]}<\/script>\n<!-- \/ Yoast SEO plugin. -->","yoast_head_json":{"title":"BODEGAS LA VAL. ELABORACI\u00d3N TRADICIONAL COMBINADA CON LA \u00daLTIMA TECNOLOG\u00cdA - Aribau","robots":{"index":"index","follow":"follow","max-snippet":"max-snippet:-1","max-image-preview":"max-image-preview:large","max-video-preview":"max-video-preview:-1"},"canonical":"https:\/\/www.aribau.es\/ca\/bodegas-la-val-elaboracion-tradicional-combinada-con-la-ultima-tecnologia\/","og_locale":"ca_ES","og_type":"article","og_title":"BODEGAS LA VAL. ELABORACI\u00d3N TRADICIONAL COMBINADA CON LA \u00daLTIMA TECNOLOG\u00cdA - Aribau","og_description":"Bodegas La Val, situada en la poblaci\u00f3n pontevedresa de Salvaterra de Mi\u00f1o, es una de las marcas pioneras de la Denominaci\u00f3n de Origen R\u00edas Baixas. Nacida en 1985, estuvo situada originariamente a orillas del r\u00edo Mi\u00f1o, en el municipio de O Rosal, para trasladarse en 2003 a la actual finca, permitiendo as\u00ed modernizar la bodega, ... Llegiu m\u00e9s","og_url":"https:\/\/www.aribau.es\/ca\/bodegas-la-val-elaboracion-tradicional-combinada-con-la-ultima-tecnologia\/","og_site_name":"Aribau","article_publisher":"https:\/\/www.facebook.com\/aribau1964\/","article_published_time":"2017-10-13T10:14:28+00:00","article_modified_time":"2021-04-26T12:11:31+00:00","og_image":[{"width":1000,"height":666,"url":"https:\/\/www.aribau.es\/wp-content\/uploads\/2017\/10\/la-val-aribau-02.jpg","type":"image\/jpeg"}],"author":"aribau","twitter_card":"summary_large_image","twitter_creator":"@aribau1964","twitter_site":"@aribau1964","twitter_misc":{"Escrit per":"aribau","Temps estimat de lectura":"2 minuts"},"schema":{"@context":"https:\/\/schema.org","@graph":[{"@type":"Article","@id":"https:\/\/www.aribau.es\/bodegas-la-val-elaboracion-tradicional-combinada-con-la-ultima-tecnologia\/#article","isPartOf":{"@id":"https:\/\/www.aribau.es\/bodegas-la-val-elaboracion-tradicional-combinada-con-la-ultima-tecnologia\/"},"author":{"name":"aribau","@id":"https:\/\/www.aribau.es\/#\/schema\/person\/77a976898b3c705ed016499633f4ffd0"},"headline":"BODEGAS LA VAL. ELABORACI\u00d3N TRADICIONAL COMBINADA CON LA \u00daLTIMA TECNOLOG\u00cdA","datePublished":"2017-10-13T10:14:28+00:00","dateModified":"2021-04-26T12:11:31+00:00","mainEntityOfPage":{"@id":"https:\/\/www.aribau.es\/bodegas-la-val-elaboracion-tradicional-combinada-con-la-ultima-tecnologia\/"},"wordCount":370,"publisher":{"@id":"https:\/\/www.aribau.es\/#organization"},"image":{"@id":"https:\/\/www.aribau.es\/bodegas-la-val-elaboracion-tradicional-combinada-con-la-ultima-tecnologia\/#primaryimage"},"thumbnailUrl":"https:\/\/www.aribau.es\/wp-content\/uploads\/2017\/10\/la-val-aribau-02.jpg","keywords":["Bodegas La Val","Denominaci\u00f3n de Origen R\u00edas Baixas","Galicia","M\u00e1s que dos","vinos blancos"],"articleSection":["Noticias"],"inLanguage":"ca"},{"@type":"WebPage","@id":"https:\/\/www.aribau.es\/bodegas-la-val-elaboracion-tradicional-combinada-con-la-ultima-tecnologia\/","url":"https:\/\/www.aribau.es\/bodegas-la-val-elaboracion-tradicional-combinada-con-la-ultima-tecnologia\/","name":"BODEGAS LA VAL. ELABORACI\u00d3N TRADICIONAL COMBINADA CON LA \u00daLTIMA TECNOLOG\u00cdA - Aribau","isPartOf":{"@id":"https:\/\/www.aribau.es\/#website"},"primaryImageOfPage":{"@id":"https:\/\/www.aribau.es\/bodegas-la-val-elaboracion-tradicional-combinada-con-la-ultima-tecnologia\/#primaryimage"},"image":{"@id":"https:\/\/www.aribau.es\/bodegas-la-val-elaboracion-tradicional-combinada-con-la-ultima-tecnologia\/#primaryimage"},"thumbnailUrl":"https:\/\/www.aribau.es\/wp-content\/uploads\/2017\/10\/la-val-aribau-02.jpg","datePublished":"2017-10-13T10:14:28+00:00","dateModified":"2021-04-26T12:11:31+00:00","breadcrumb":{"@id":"https:\/\/www.aribau.es\/bodegas-la-val-elaboracion-tradicional-combinada-con-la-ultima-tecnologia\/#breadcrumb"},"inLanguage":"ca","potentialAction":[{"@type":"ReadAction","target":["https:\/\/www.aribau.es\/bodegas-la-val-elaboracion-tradicional-combinada-con-la-ultima-tecnologia\/"]}]},{"@type":"ImageObject","inLanguage":"ca","@id":"https:\/\/www.aribau.es\/bodegas-la-val-elaboracion-tradicional-combinada-con-la-ultima-tecnologia\/#primaryimage","url":"https:\/\/www.aribau.es\/wp-content\/uploads\/2017\/10\/la-val-aribau-02.jpg","contentUrl":"https:\/\/www.aribau.es\/wp-content\/uploads\/2017\/10\/la-val-aribau-02.jpg","width":1000,"height":666},{"@type":"BreadcrumbList","@id":"https:\/\/www.aribau.es\/bodegas-la-val-elaboracion-tradicional-combinada-con-la-ultima-tecnologia\/#breadcrumb","itemListElement":[{"@type":"ListItem","position":1,"name":"Portada","item":"https:\/\/www.aribau.es\/"},{"@type":"ListItem","position":2,"name":"BODEGAS LA VAL. ELABORACI\u00d3N TRADICIONAL COMBINADA CON LA \u00daLTIMA TECNOLOG\u00cdA"}]},{"@type":"WebSite","@id":"https:\/\/www.aribau.es\/#website","url":"https:\/\/www.aribau.es\/","name":"Aribau","description":"VINOS Y BODEGAS","publisher":{"@id":"https:\/\/www.aribau.es\/#organization"},"potentialAction":[{"@type":"SearchAction","target":{"@type":"EntryPoint","urlTemplate":"https:\/\/www.aribau.es\/?s={search_term_string}"},"query-input":{"@type":"PropertyValueSpecification","valueRequired":true,"valueName":"search_term_string"}}],"inLanguage":"ca"},{"@type":"Organization","@id":"https:\/\/www.aribau.es\/#organization","name":"Aribau","url":"https:\/\/www.aribau.es\/","logo":{"@type":"ImageObject","inLanguage":"ca","@id":"https:\/\/www.aribau.es\/#\/schema\/logo\/image\/","url":"https:\/\/www.aribau.es\/wp-content\/uploads\/2022\/03\/logo.png","contentUrl":"https:\/\/www.aribau.es\/wp-content\/uploads\/2022\/03\/logo.png","width":300,"height":300,"caption":"Aribau"},"image":{"@id":"https:\/\/www.aribau.es\/#\/schema\/logo\/image\/"},"sameAs":["https:\/\/www.facebook.com\/aribau1964\/","https:\/\/x.com\/aribau1964","https:\/\/www.instagram.com\/aribau1964\/"]},{"@type":"Person","@id":"https:\/\/www.aribau.es\/#\/schema\/person\/77a976898b3c705ed016499633f4ffd0","name":"aribau","image":{"@type":"ImageObject","inLanguage":"ca","@id":"https:\/\/www.aribau.es\/#\/schema\/person\/image\/","url":"https:\/\/secure.gravatar.com\/avatar\/6690491f832d5b32aa9482b978c9464816810fbff0f6658034a34c9d9657b94e?s=96&d=mm&r=g","contentUrl":"https:\/\/secure.gravatar.com\/avatar\/6690491f832d5b32aa9482b978c9464816810fbff0f6658034a34c9d9657b94e?s=96&d=mm&r=g","caption":"aribau"},"url":"https:\/\/www.aribau.es\/ca\/author\/aribau\/"}]}},"_links":{"self":[{"href":"https:\/\/www.aribau.es\/ca\/wp-json\/wp\/v2\/posts\/5570","targetHints":{"allow":["GET"]}}],"collection":[{"href":"https:\/\/www.aribau.es\/ca\/wp-json\/wp\/v2\/posts"}],"about":[{"href":"https:\/\/www.aribau.es\/ca\/wp-json\/wp\/v2\/types\/post"}],"author":[{"embeddable":true,"href":"https:\/\/www.aribau.es\/ca\/wp-json\/wp\/v2\/users\/3"}],"replies":[{"embeddable":true,"href":"https:\/\/www.aribau.es\/ca\/wp-json\/wp\/v2\/comments?post=5570"}],"version-history":[{"count":7,"href":"https:\/\/www.aribau.es\/ca\/wp-json\/wp\/v2\/posts\/5570\/revisions"}],"predecessor-version":[{"id":10154,"href":"https:\/\/www.aribau.es\/ca\/wp-json\/wp\/v2\/posts\/5570\/revisions\/10154"}],"wp:featuredmedia":[{"embeddable":true,"href":"https:\/\/www.aribau.es\/ca\/wp-json\/wp\/v2\/media\/5571"}],"wp:attachment":[{"href":"https:\/\/www.aribau.es\/ca\/wp-json\/wp\/v2\/media?parent=5570"}],"wp:term":[{"taxonomy":"category","embeddable":true,"href":"https:\/\/www.aribau.es\/ca\/wp-json\/wp\/v2\/categories?post=5570"},{"taxonomy":"post_tag","embeddable":true,"href":"https:\/\/www.aribau.es\/ca\/wp-json\/wp\/v2\/tags?post=5570"}],"curies":[{"name":"wp","href":"https:\/\/api.w.org\/{rel}","templated":true}]}}