{"id":5596,"date":"2017-11-02T15:31:55","date_gmt":"2017-11-02T13:31:55","guid":{"rendered":"https:\/\/www.aribau.es\/?p=5596"},"modified":"2021-04-26T13:06:03","modified_gmt":"2021-04-26T12:06:03","slug":"la-descarada-se-nos-vuelve-ecologica","status":"publish","type":"post","link":"https:\/\/www.aribau.es\/ca\/la-descarada-se-nos-vuelve-ecologica\/","title":{"rendered":"LA DESCARADA SE'NS HA TORNAT ECOL\u00d2GICA"},"content":{"rendered":"<p>Nuestra querida Descarada contin\u00faa d\u00e1ndonos muchas alegr\u00edas. Llevarla a una cena o comida es siempre garant\u00eda de \u00e9xito. Y ahora, para seguir sumando puntos, se nos ha vuelto ecol\u00f3gica.<\/p>\n<p>S\u00ed, la nueva a\u00f1ada ha llegado al mercado con la certificaci\u00f3n de producto ecol\u00f3gico bajo el brazo. \u00bfY que nos garantiza esta certificaci\u00f3n? Pues que el cultivo de las vi\u00f1as de las que se ha obtenido la uva para hacer esta nueva a\u00f1ada proviene de cultivos de agricultura ecol\u00f3gica, es decir, que han sido abonados con abonos org\u00e1nicos naturales especialmente de origen vegetal.<\/p>\n<p>\u00bfY c\u00f3mo afecta esto a nuestra Descarada? Pues la hace m\u00e1s comprometida con el medio ambiente que, en los tiempos que corren, no est\u00e1 de m\u00e1s. A parte de eso, su sabor y su estilo siguen siendo los mismos. Un vino blanco joven, floral y fresco a base de moscatel, sauvignon blanc y gew\u00fcrztraminer. El predominio de la uva moscatel, variedad fresca por excelencia, le imprime todo el car\u00e1cter, haciendo de <em>La Descarada<\/em> un vino divertido, \u00fanico y dif\u00edcil de olvidar. Un vino ideal para brindar con los amigos en cualquier encuentro que implique una celebraci\u00f3n.<\/p>\n<p>Para los que prefer\u00eds una definici\u00f3n m\u00e1s t\u00e9cnica, <strong><em><a href=\"https:\/\/www.aribau.es\/ca\/la-descarada\/\" target=\"_blank\" rel=\"noopener\">La Descarada<\/a><\/em><\/strong> es un vino seco en boca, de acidez alta, cuerpo medio, con el alcohol bien integrado, y de intenso sabor, destacando la fruta verde y unos toques florales. En nariz presenta una condici\u00f3n limpia, de intensidad alta y aroma a fruta verde. Un vino con un intenso olor a primavera, en el que encontramos toques de manzana, lichi y flor de cerezo, con un toque final herb\u00e1ceo de lavanda.<\/p>\n<p>Todos estos rasgos se mantienen intactos en la nueva a\u00f1ada de nuestra Descarada que, ahora, adem\u00e1s, nos garantiza que provine de cultivos respetuosos con el medio ambiente.<\/p>","protected":false},"excerpt":{"rendered":"<p>Nuestra querida Descarada contin\u00faa d\u00e1ndonos muchas alegr\u00edas. Llevarla a una cena o comida es siempre garant\u00eda de \u00e9xito. Y ahora, para seguir sumando puntos, se nos ha vuelto ecol\u00f3gica. S\u00ed, la nueva a\u00f1ada ha llegado al mercado con la certificaci\u00f3n de producto ecol\u00f3gico bajo el brazo. \u00bfY que nos garantiza esta certificaci\u00f3n? Pues que el &#8230; <a title=\"&#8216;LA DESCARADA&#8217; SE NOS VUELVE ECOL\u00d3GICA\" class=\"read-more\" href=\"https:\/\/www.aribau.es\/ca\/la-descarada-se-nos-vuelve-ecologica\/\" aria-label=\"M\u00e9s informaci\u00f3 sobre &#8216;LA DESCARADA&#8217; SE NOS VUELVE ECOL\u00d3GICA\">Llegiu m\u00e9s<\/a><\/p>","protected":false},"author":3,"featured_media":4876,"comment_status":"closed","ping_status":"closed","sticky":false,"template":"","format":"standard","meta":{"footnotes":""},"categories":[406],"tags":[341,412],"class_list":["post-5596","post","type-post","status-publish","format-standard","has-post-thumbnail","hentry","category-noticias","tag-la-descarada","tag-vino-blanco"],"yoast_head":"<!-- This site is optimized with the Yoast SEO plugin v26.7 - https:\/\/yoast.com\/wordpress\/plugins\/seo\/ -->\n<title>&#039;LA DESCARADA&#039; SE NOS VUELVE ECOL\u00d3GICA - Aribau<\/title>\n<meta name=\"robots\" content=\"index, follow, max-snippet:-1, max-image-preview:large, max-video-preview:-1\" \/>\n<link rel=\"canonical\" href=\"https:\/\/www.aribau.es\/ca\/la-descarada-se-nos-vuelve-ecologica\/\" \/>\n<meta property=\"og:locale\" content=\"ca_ES\" \/>\n<meta property=\"og:type\" content=\"article\" \/>\n<meta property=\"og:title\" content=\"&#039;LA DESCARADA&#039; SE NOS VUELVE ECOL\u00d3GICA - Aribau\" \/>\n<meta property=\"og:description\" content=\"Nuestra querida Descarada contin\u00faa d\u00e1ndonos muchas alegr\u00edas. Llevarla a una cena o comida es siempre garant\u00eda de \u00e9xito. Y ahora, para seguir sumando puntos, se nos ha vuelto ecol\u00f3gica. S\u00ed, la nueva a\u00f1ada ha llegado al mercado con la certificaci\u00f3n de producto ecol\u00f3gico bajo el brazo. \u00bfY que nos garantiza esta certificaci\u00f3n? Pues que el ... Llegiu m\u00e9s\" \/>\n<meta property=\"og:url\" content=\"https:\/\/www.aribau.es\/ca\/la-descarada-se-nos-vuelve-ecologica\/\" \/>\n<meta property=\"og:site_name\" content=\"Aribau\" \/>\n<meta property=\"article:publisher\" content=\"https:\/\/www.facebook.com\/aribau1964\/\" \/>\n<meta property=\"article:published_time\" content=\"2017-11-02T13:31:55+00:00\" \/>\n<meta property=\"article:modified_time\" content=\"2021-04-26T12:06:03+00:00\" \/>\n<meta property=\"og:image\" content=\"https:\/\/www.aribau.es\/wp-content\/uploads\/2016\/10\/detall_descarada-14.18.43.jpg\" \/>\n\t<meta property=\"og:image:width\" content=\"880\" \/>\n\t<meta property=\"og:image:height\" content=\"660\" \/>\n\t<meta property=\"og:image:type\" content=\"image\/jpeg\" \/>\n<meta name=\"author\" content=\"aribau\" \/>\n<meta name=\"twitter:card\" content=\"summary_large_image\" \/>\n<meta name=\"twitter:creator\" content=\"@aribau1964\" \/>\n<meta name=\"twitter:site\" content=\"@aribau1964\" \/>\n<meta name=\"twitter:label1\" content=\"Escrit per\" \/>\n\t<meta name=\"twitter:data1\" content=\"aribau\" \/>\n\t<meta name=\"twitter:label2\" content=\"Temps estimat de lectura\" \/>\n\t<meta name=\"twitter:data2\" content=\"2 minuts\" \/>\n<script type=\"application\/ld+json\" class=\"yoast-schema-graph\">{\"@context\":\"https:\/\/schema.org\",\"@graph\":[{\"@type\":\"Article\",\"@id\":\"https:\/\/www.aribau.es\/la-descarada-se-nos-vuelve-ecologica\/#article\",\"isPartOf\":{\"@id\":\"https:\/\/www.aribau.es\/la-descarada-se-nos-vuelve-ecologica\/\"},\"author\":{\"name\":\"aribau\",\"@id\":\"https:\/\/www.aribau.es\/#\/schema\/person\/77a976898b3c705ed016499633f4ffd0\"},\"headline\":\"&#8216;LA DESCARADA&#8217; SE NOS VUELVE ECOL\u00d3GICA\",\"datePublished\":\"2017-11-02T13:31:55+00:00\",\"dateModified\":\"2021-04-26T12:06:03+00:00\",\"mainEntityOfPage\":{\"@id\":\"https:\/\/www.aribau.es\/la-descarada-se-nos-vuelve-ecologica\/\"},\"wordCount\":329,\"publisher\":{\"@id\":\"https:\/\/www.aribau.es\/#organization\"},\"image\":{\"@id\":\"https:\/\/www.aribau.es\/la-descarada-se-nos-vuelve-ecologica\/#primaryimage\"},\"thumbnailUrl\":\"https:\/\/www.aribau.es\/wp-content\/uploads\/2016\/10\/detall_descarada-14.18.43.jpg\",\"keywords\":[\"La descarada\",\"Vino blanco\"],\"articleSection\":[\"Noticias\"],\"inLanguage\":\"ca\"},{\"@type\":\"WebPage\",\"@id\":\"https:\/\/www.aribau.es\/la-descarada-se-nos-vuelve-ecologica\/\",\"url\":\"https:\/\/www.aribau.es\/la-descarada-se-nos-vuelve-ecologica\/\",\"name\":\"'LA DESCARADA' SE NOS VUELVE ECOL\u00d3GICA - Aribau\",\"isPartOf\":{\"@id\":\"https:\/\/www.aribau.es\/#website\"},\"primaryImageOfPage\":{\"@id\":\"https:\/\/www.aribau.es\/la-descarada-se-nos-vuelve-ecologica\/#primaryimage\"},\"image\":{\"@id\":\"https:\/\/www.aribau.es\/la-descarada-se-nos-vuelve-ecologica\/#primaryimage\"},\"thumbnailUrl\":\"https:\/\/www.aribau.es\/wp-content\/uploads\/2016\/10\/detall_descarada-14.18.43.jpg\",\"datePublished\":\"2017-11-02T13:31:55+00:00\",\"dateModified\":\"2021-04-26T12:06:03+00:00\",\"breadcrumb\":{\"@id\":\"https:\/\/www.aribau.es\/la-descarada-se-nos-vuelve-ecologica\/#breadcrumb\"},\"inLanguage\":\"ca\",\"potentialAction\":[{\"@type\":\"ReadAction\",\"target\":[\"https:\/\/www.aribau.es\/la-descarada-se-nos-vuelve-ecologica\/\"]}]},{\"@type\":\"ImageObject\",\"inLanguage\":\"ca\",\"@id\":\"https:\/\/www.aribau.es\/la-descarada-se-nos-vuelve-ecologica\/#primaryimage\",\"url\":\"https:\/\/www.aribau.es\/wp-content\/uploads\/2016\/10\/detall_descarada-14.18.43.jpg\",\"contentUrl\":\"https:\/\/www.aribau.es\/wp-content\/uploads\/2016\/10\/detall_descarada-14.18.43.jpg\",\"width\":880,\"height\":660},{\"@type\":\"BreadcrumbList\",\"@id\":\"https:\/\/www.aribau.es\/la-descarada-se-nos-vuelve-ecologica\/#breadcrumb\",\"itemListElement\":[{\"@type\":\"ListItem\",\"position\":1,\"name\":\"Portada\",\"item\":\"https:\/\/www.aribau.es\/\"},{\"@type\":\"ListItem\",\"position\":2,\"name\":\"&#8216;LA DESCARADA&#8217; SE NOS VUELVE ECOL\u00d3GICA\"}]},{\"@type\":\"WebSite\",\"@id\":\"https:\/\/www.aribau.es\/#website\",\"url\":\"https:\/\/www.aribau.es\/\",\"name\":\"Aribau\",\"description\":\"VINOS Y BODEGAS\",\"publisher\":{\"@id\":\"https:\/\/www.aribau.es\/#organization\"},\"potentialAction\":[{\"@type\":\"SearchAction\",\"target\":{\"@type\":\"EntryPoint\",\"urlTemplate\":\"https:\/\/www.aribau.es\/?s={search_term_string}\"},\"query-input\":{\"@type\":\"PropertyValueSpecification\",\"valueRequired\":true,\"valueName\":\"search_term_string\"}}],\"inLanguage\":\"ca\"},{\"@type\":\"Organization\",\"@id\":\"https:\/\/www.aribau.es\/#organization\",\"name\":\"Aribau\",\"url\":\"https:\/\/www.aribau.es\/\",\"logo\":{\"@type\":\"ImageObject\",\"inLanguage\":\"ca\",\"@id\":\"https:\/\/www.aribau.es\/#\/schema\/logo\/image\/\",\"url\":\"https:\/\/www.aribau.es\/wp-content\/uploads\/2022\/03\/logo.png\",\"contentUrl\":\"https:\/\/www.aribau.es\/wp-content\/uploads\/2022\/03\/logo.png\",\"width\":300,\"height\":300,\"caption\":\"Aribau\"},\"image\":{\"@id\":\"https:\/\/www.aribau.es\/#\/schema\/logo\/image\/\"},\"sameAs\":[\"https:\/\/www.facebook.com\/aribau1964\/\",\"https:\/\/x.com\/aribau1964\",\"https:\/\/www.instagram.com\/aribau1964\/\"]},{\"@type\":\"Person\",\"@id\":\"https:\/\/www.aribau.es\/#\/schema\/person\/77a976898b3c705ed016499633f4ffd0\",\"name\":\"aribau\",\"image\":{\"@type\":\"ImageObject\",\"inLanguage\":\"ca\",\"@id\":\"https:\/\/www.aribau.es\/#\/schema\/person\/image\/\",\"url\":\"https:\/\/secure.gravatar.com\/avatar\/6690491f832d5b32aa9482b978c9464816810fbff0f6658034a34c9d9657b94e?s=96&d=mm&r=g\",\"contentUrl\":\"https:\/\/secure.gravatar.com\/avatar\/6690491f832d5b32aa9482b978c9464816810fbff0f6658034a34c9d9657b94e?s=96&d=mm&r=g\",\"caption\":\"aribau\"},\"url\":\"https:\/\/www.aribau.es\/ca\/author\/aribau\/\"}]}<\/script>\n<!-- \/ Yoast SEO plugin. -->","yoast_head_json":{"title":"'LA DESCARADA' SE NOS VUELVE ECOL\u00d3GICA - Aribau","robots":{"index":"index","follow":"follow","max-snippet":"max-snippet:-1","max-image-preview":"max-image-preview:large","max-video-preview":"max-video-preview:-1"},"canonical":"https:\/\/www.aribau.es\/ca\/la-descarada-se-nos-vuelve-ecologica\/","og_locale":"ca_ES","og_type":"article","og_title":"'LA DESCARADA' SE NOS VUELVE ECOL\u00d3GICA - Aribau","og_description":"Nuestra querida Descarada contin\u00faa d\u00e1ndonos muchas alegr\u00edas. Llevarla a una cena o comida es siempre garant\u00eda de \u00e9xito. Y ahora, para seguir sumando puntos, se nos ha vuelto ecol\u00f3gica. S\u00ed, la nueva a\u00f1ada ha llegado al mercado con la certificaci\u00f3n de producto ecol\u00f3gico bajo el brazo. \u00bfY que nos garantiza esta certificaci\u00f3n? Pues que el ... Llegiu m\u00e9s","og_url":"https:\/\/www.aribau.es\/ca\/la-descarada-se-nos-vuelve-ecologica\/","og_site_name":"Aribau","article_publisher":"https:\/\/www.facebook.com\/aribau1964\/","article_published_time":"2017-11-02T13:31:55+00:00","article_modified_time":"2021-04-26T12:06:03+00:00","og_image":[{"width":880,"height":660,"url":"https:\/\/www.aribau.es\/wp-content\/uploads\/2016\/10\/detall_descarada-14.18.43.jpg","type":"image\/jpeg"}],"author":"aribau","twitter_card":"summary_large_image","twitter_creator":"@aribau1964","twitter_site":"@aribau1964","twitter_misc":{"Escrit per":"aribau","Temps estimat de lectura":"2 minuts"},"schema":{"@context":"https:\/\/schema.org","@graph":[{"@type":"Article","@id":"https:\/\/www.aribau.es\/la-descarada-se-nos-vuelve-ecologica\/#article","isPartOf":{"@id":"https:\/\/www.aribau.es\/la-descarada-se-nos-vuelve-ecologica\/"},"author":{"name":"aribau","@id":"https:\/\/www.aribau.es\/#\/schema\/person\/77a976898b3c705ed016499633f4ffd0"},"headline":"&#8216;LA DESCARADA&#8217; SE NOS VUELVE ECOL\u00d3GICA","datePublished":"2017-11-02T13:31:55+00:00","dateModified":"2021-04-26T12:06:03+00:00","mainEntityOfPage":{"@id":"https:\/\/www.aribau.es\/la-descarada-se-nos-vuelve-ecologica\/"},"wordCount":329,"publisher":{"@id":"https:\/\/www.aribau.es\/#organization"},"image":{"@id":"https:\/\/www.aribau.es\/la-descarada-se-nos-vuelve-ecologica\/#primaryimage"},"thumbnailUrl":"https:\/\/www.aribau.es\/wp-content\/uploads\/2016\/10\/detall_descarada-14.18.43.jpg","keywords":["La descarada","Vino blanco"],"articleSection":["Noticias"],"inLanguage":"ca"},{"@type":"WebPage","@id":"https:\/\/www.aribau.es\/la-descarada-se-nos-vuelve-ecologica\/","url":"https:\/\/www.aribau.es\/la-descarada-se-nos-vuelve-ecologica\/","name":"'LA DESCARADA' SE NOS VUELVE ECOL\u00d3GICA - Aribau","isPartOf":{"@id":"https:\/\/www.aribau.es\/#website"},"primaryImageOfPage":{"@id":"https:\/\/www.aribau.es\/la-descarada-se-nos-vuelve-ecologica\/#primaryimage"},"image":{"@id":"https:\/\/www.aribau.es\/la-descarada-se-nos-vuelve-ecologica\/#primaryimage"},"thumbnailUrl":"https:\/\/www.aribau.es\/wp-content\/uploads\/2016\/10\/detall_descarada-14.18.43.jpg","datePublished":"2017-11-02T13:31:55+00:00","dateModified":"2021-04-26T12:06:03+00:00","breadcrumb":{"@id":"https:\/\/www.aribau.es\/la-descarada-se-nos-vuelve-ecologica\/#breadcrumb"},"inLanguage":"ca","potentialAction":[{"@type":"ReadAction","target":["https:\/\/www.aribau.es\/la-descarada-se-nos-vuelve-ecologica\/"]}]},{"@type":"ImageObject","inLanguage":"ca","@id":"https:\/\/www.aribau.es\/la-descarada-se-nos-vuelve-ecologica\/#primaryimage","url":"https:\/\/www.aribau.es\/wp-content\/uploads\/2016\/10\/detall_descarada-14.18.43.jpg","contentUrl":"https:\/\/www.aribau.es\/wp-content\/uploads\/2016\/10\/detall_descarada-14.18.43.jpg","width":880,"height":660},{"@type":"BreadcrumbList","@id":"https:\/\/www.aribau.es\/la-descarada-se-nos-vuelve-ecologica\/#breadcrumb","itemListElement":[{"@type":"ListItem","position":1,"name":"Portada","item":"https:\/\/www.aribau.es\/"},{"@type":"ListItem","position":2,"name":"&#8216;LA DESCARADA&#8217; SE NOS VUELVE ECOL\u00d3GICA"}]},{"@type":"WebSite","@id":"https:\/\/www.aribau.es\/#website","url":"https:\/\/www.aribau.es\/","name":"Aribau","description":"VINOS Y BODEGAS","publisher":{"@id":"https:\/\/www.aribau.es\/#organization"},"potentialAction":[{"@type":"SearchAction","target":{"@type":"EntryPoint","urlTemplate":"https:\/\/www.aribau.es\/?s={search_term_string}"},"query-input":{"@type":"PropertyValueSpecification","valueRequired":true,"valueName":"search_term_string"}}],"inLanguage":"ca"},{"@type":"Organization","@id":"https:\/\/www.aribau.es\/#organization","name":"Aribau","url":"https:\/\/www.aribau.es\/","logo":{"@type":"ImageObject","inLanguage":"ca","@id":"https:\/\/www.aribau.es\/#\/schema\/logo\/image\/","url":"https:\/\/www.aribau.es\/wp-content\/uploads\/2022\/03\/logo.png","contentUrl":"https:\/\/www.aribau.es\/wp-content\/uploads\/2022\/03\/logo.png","width":300,"height":300,"caption":"Aribau"},"image":{"@id":"https:\/\/www.aribau.es\/#\/schema\/logo\/image\/"},"sameAs":["https:\/\/www.facebook.com\/aribau1964\/","https:\/\/x.com\/aribau1964","https:\/\/www.instagram.com\/aribau1964\/"]},{"@type":"Person","@id":"https:\/\/www.aribau.es\/#\/schema\/person\/77a976898b3c705ed016499633f4ffd0","name":"aribau","image":{"@type":"ImageObject","inLanguage":"ca","@id":"https:\/\/www.aribau.es\/#\/schema\/person\/image\/","url":"https:\/\/secure.gravatar.com\/avatar\/6690491f832d5b32aa9482b978c9464816810fbff0f6658034a34c9d9657b94e?s=96&d=mm&r=g","contentUrl":"https:\/\/secure.gravatar.com\/avatar\/6690491f832d5b32aa9482b978c9464816810fbff0f6658034a34c9d9657b94e?s=96&d=mm&r=g","caption":"aribau"},"url":"https:\/\/www.aribau.es\/ca\/author\/aribau\/"}]}},"_links":{"self":[{"href":"https:\/\/www.aribau.es\/ca\/wp-json\/wp\/v2\/posts\/5596","targetHints":{"allow":["GET"]}}],"collection":[{"href":"https:\/\/www.aribau.es\/ca\/wp-json\/wp\/v2\/posts"}],"about":[{"href":"https:\/\/www.aribau.es\/ca\/wp-json\/wp\/v2\/types\/post"}],"author":[{"embeddable":true,"href":"https:\/\/www.aribau.es\/ca\/wp-json\/wp\/v2\/users\/3"}],"replies":[{"embeddable":true,"href":"https:\/\/www.aribau.es\/ca\/wp-json\/wp\/v2\/comments?post=5596"}],"version-history":[{"count":5,"href":"https:\/\/www.aribau.es\/ca\/wp-json\/wp\/v2\/posts\/5596\/revisions"}],"predecessor-version":[{"id":10149,"href":"https:\/\/www.aribau.es\/ca\/wp-json\/wp\/v2\/posts\/5596\/revisions\/10149"}],"wp:featuredmedia":[{"embeddable":true,"href":"https:\/\/www.aribau.es\/ca\/wp-json\/wp\/v2\/media\/4876"}],"wp:attachment":[{"href":"https:\/\/www.aribau.es\/ca\/wp-json\/wp\/v2\/media?parent=5596"}],"wp:term":[{"taxonomy":"category","embeddable":true,"href":"https:\/\/www.aribau.es\/ca\/wp-json\/wp\/v2\/categories?post=5596"},{"taxonomy":"post_tag","embeddable":true,"href":"https:\/\/www.aribau.es\/ca\/wp-json\/wp\/v2\/tags?post=5596"}],"curies":[{"name":"wp","href":"https:\/\/api.w.org\/{rel}","templated":true}]}}