{"id":5625,"date":"2017-12-07T10:00:13","date_gmt":"2017-12-07T08:00:13","guid":{"rendered":"https:\/\/www.aribau.es\/?p=5625"},"modified":"2021-04-26T12:55:14","modified_gmt":"2021-04-26T11:55:14","slug":"bodega-nuviana-la-mas-joven-de-la-familia-cordorniu","status":"publish","type":"post","link":"https:\/\/www.aribau.es\/ca\/bodega-nuviana-la-mas-joven-de-la-familia-cordorniu\/","title":{"rendered":"BODEGA NUVIANA, LA M\u00c9S JOVE DE LA FAM\u00cdLIA CORDORN\u00cdU"},"content":{"rendered":"<p><strong><a href=\"http:\/\/www.codorniuraventos.com\/es\/bodegas\/nuviana\" target=\"_blank\" rel=\"noopener\">Bodega Nuviana<\/a><\/strong> es una de las bodegas m\u00e1s recientes del Grupo Codorn\u00edu. Est\u00e1 situada en Belver de Cinca (Huesca), en la Finca San Miguel, una finca de 3,4 hect\u00e1reas con unas excelentes caracter\u00edsticas clim\u00e1ticas y de terru\u00f1o para el desarrollo de unas vi\u00f1as de calidad.<\/p>\n<p>El nombre de la bodega, Nuviana, procede de la palabra Novellana, que a su vez deriva de la palabra latina Novelliam. Novellana, una palabra rescatada del castellano antiguo, define el conjunto de p\u00e1jaros reci\u00e9n nacidos. Y esto entronca directamente con la finca en la que se encuentra situada la bodega. Y es que Finca San Miguel es un importante refugio de aves migratorias que, adem\u00e1s, est\u00e1 a punto de ser declarado Espacio Natural de Alto Inter\u00e9s Ecol\u00f3gico.<\/p>\n<p><!--more--><\/p>\n<p>La bodega cuenta con la \u00faltima tecnolog\u00eda para la elaboraci\u00f3n de vinos de calidad y, adem\u00e1s, con una gesti\u00f3n integral de la producci\u00f3n: desde el cultivo de las vi\u00f1as hasta el embotellado del vino; desde el control, cuidado y supervisi\u00f3n de las cepas, todas propias, hasta la aplicaci\u00f3n de la tecnolog\u00eda para la obtenci\u00f3n de unos vinos de perfil organol\u00e9ptico actual y moderno. Una estructuraci\u00f3n arquitect\u00f3nica funcional, l\u00f3gica y pensada para la optimizaci\u00f3n del proceso de elaboraci\u00f3n, desde su salida de la vi\u00f1a. Adem\u00e1s, la situaci\u00f3n de los pagos, muy cercanos unos de otros, permite la recepci\u00f3n de la uva con rapidez y en la mejor temperatura.<\/p>\n<p><a href=\"https:\/\/www.aribau.es\/wp-content\/uploads\/2017\/12\/nuviana-blanco-aribau.jpg\"><img decoding=\"async\" class=\"size-medium wp-image-5628 alignleft\" src=\"https:\/\/www.aribau.es\/wp-content\/uploads\/2017\/12\/nuviana-blanco-aribau-136x300.jpg\" alt=\"\" width=\"136\" height=\"300\" srcset=\"https:\/\/www.aribau.es\/wp-content\/uploads\/2017\/12\/nuviana-blanco-aribau-136x300.jpg 136w, https:\/\/www.aribau.es\/wp-content\/uploads\/2017\/12\/nuviana-blanco-aribau.jpg 228w\" sizes=\"(max-width: 136px) 100vw, 136px\" \/><\/a>Entre los <strong>vinos de Nuviana<\/strong>, encontramos la familia de vinos del mismo nombre, con opci\u00f3n<a href=\"https:\/\/www.aribau.es\/wp-content\/uploads\/2017\/12\/nuviana-rosado-aribau.jpg\"><img decoding=\"async\" class=\"alignright size-medium wp-image-5626\" src=\"https:\/\/www.aribau.es\/wp-content\/uploads\/2017\/12\/nuviana-rosado-aribau-129x300.jpg\" alt=\"\" width=\"129\" height=\"300\" srcset=\"https:\/\/www.aribau.es\/wp-content\/uploads\/2017\/12\/nuviana-rosado-aribau-129x300.jpg 129w, https:\/\/www.aribau.es\/wp-content\/uploads\/2017\/12\/nuviana-rosado-aribau.jpg 300w\" sizes=\"(max-width: 129px) 100vw, 129px\" \/><\/a> de escoger entre blanco, rosado y tinto. Son vinos de acusada personalidad, de cuerpo ligero y redondo. El <strong>Nuviana blanco<\/strong> est\u00e1 elaborado a base de chardonnay, mientras que el <strong>rosado<\/strong> es un cupaje de syrah, tempranillo y cabernet sauvignon. Un vino ligero, fresco y agradable, ideal para acompa\u00f1ar comida como jam\u00f3n ib\u00e9rico o queso semicurado.<\/p>\n<p>Y para los que prefieran un crianza, <strong>Nuviana Tempranillo<\/strong>, un vino tinto de intenso color cereza y con un aroma que recuerda a las bayas rojas. En boca se pueden apreciar frutos rojos y negros, as\u00ed como toques de madera. Un DO VT Valle de Cinca que ser\u00e1 el maridaje perfecto para las cenas que est\u00e1n por venir en las pr\u00f3ximas semanas.<a href=\"https:\/\/www.aribau.es\/wp-content\/uploads\/2017\/12\/nuviana-tempranillo-aribau.jpg\"><img fetchpriority=\"high\" decoding=\"async\" class=\"wp-image-5636 alignright\" src=\"https:\/\/www.aribau.es\/wp-content\/uploads\/2017\/12\/nuviana-tempranillo-aribau.jpg\" alt=\"\" width=\"600\" height=\"250\" srcset=\"https:\/\/www.aribau.es\/wp-content\/uploads\/2017\/12\/nuviana-tempranillo-aribau.jpg 1000w, https:\/\/www.aribau.es\/wp-content\/uploads\/2017\/12\/nuviana-tempranillo-aribau-300x125.jpg 300w, https:\/\/www.aribau.es\/wp-content\/uploads\/2017\/12\/nuviana-tempranillo-aribau-768x320.jpg 768w\" sizes=\"(max-width: 600px) 100vw, 600px\" \/><\/a><\/p>\n<p>&nbsp;<\/p>","protected":false},"excerpt":{"rendered":"<p>Bodega Nuviana es una de las bodegas m\u00e1s recientes del Grupo Codorn\u00edu. Est\u00e1 situada en Belver de Cinca (Huesca), en la Finca San Miguel, una finca de 3,4 hect\u00e1reas con unas excelentes caracter\u00edsticas clim\u00e1ticas y de terru\u00f1o para el desarrollo de unas vi\u00f1as de calidad. El nombre de la bodega, Nuviana, procede de la palabra &#8230; <a title=\"BODEGA NUVIANA, LA M\u00c9S JOVE DE LA FAM\u00cdLIA CORDORN\u00cdU\" class=\"read-more\" href=\"https:\/\/www.aribau.es\/ca\/bodega-nuviana-la-mas-joven-de-la-familia-cordorniu\/\" aria-label=\"M\u00e9s informaci\u00f3 sobre BODEGA NUVIANA, LA M\u00c1S JOVEN DE LA FAMILIA CORDORN\u00cdU\">Llegiu m\u00e9s<\/a><\/p>","protected":false},"author":3,"featured_media":5629,"comment_status":"closed","ping_status":"closed","sticky":false,"template":"","format":"standard","meta":{"footnotes":""},"categories":[406],"tags":[446,383,504],"class_list":["post-5625","post","type-post","status-publish","format-standard","has-post-thumbnail","hentry","category-noticias","tag-bodegas","tag-bodegas-nuviana","tag-do-vt-valle-del-cinca"],"yoast_head":"<!-- This site is optimized with the Yoast SEO plugin v26.7 - https:\/\/yoast.com\/wordpress\/plugins\/seo\/ -->\n<title>BODEGA NUVIANA, LA M\u00c1S JOVEN DE LA FAMILIA CORDORN\u00cdU - Aribau<\/title>\n<meta name=\"robots\" content=\"index, follow, max-snippet:-1, max-image-preview:large, max-video-preview:-1\" \/>\n<link rel=\"canonical\" href=\"https:\/\/www.aribau.es\/ca\/bodega-nuviana-la-mas-joven-de-la-familia-cordorniu\/\" \/>\n<meta property=\"og:locale\" content=\"ca_ES\" \/>\n<meta property=\"og:type\" content=\"article\" \/>\n<meta property=\"og:title\" content=\"BODEGA NUVIANA, LA M\u00c1S JOVEN DE LA FAMILIA CORDORN\u00cdU - Aribau\" \/>\n<meta property=\"og:description\" content=\"Bodega Nuviana es una de las bodegas m\u00e1s recientes del Grupo Codorn\u00edu. Est\u00e1 situada en Belver de Cinca (Huesca), en la Finca San Miguel, una finca de 3,4 hect\u00e1reas con unas excelentes caracter\u00edsticas clim\u00e1ticas y de terru\u00f1o para el desarrollo de unas vi\u00f1as de calidad. El nombre de la bodega, Nuviana, procede de la palabra ... Llegiu m\u00e9s\" \/>\n<meta property=\"og:url\" content=\"https:\/\/www.aribau.es\/ca\/bodega-nuviana-la-mas-joven-de-la-familia-cordorniu\/\" \/>\n<meta property=\"og:site_name\" content=\"Aribau\" \/>\n<meta property=\"article:publisher\" content=\"https:\/\/www.facebook.com\/aribau1964\/\" \/>\n<meta property=\"article:published_time\" content=\"2017-12-07T08:00:13+00:00\" \/>\n<meta property=\"article:modified_time\" content=\"2021-04-26T11:55:14+00:00\" \/>\n<meta property=\"og:image\" content=\"https:\/\/www.aribau.es\/wp-content\/uploads\/2017\/12\/nubiana-aribau.png\" \/>\n\t<meta property=\"og:image:width\" content=\"1140\" \/>\n\t<meta property=\"og:image:height\" content=\"713\" \/>\n\t<meta property=\"og:image:type\" content=\"image\/png\" \/>\n<meta name=\"author\" content=\"aribau\" \/>\n<meta name=\"twitter:card\" content=\"summary_large_image\" \/>\n<meta name=\"twitter:creator\" content=\"@aribau1964\" \/>\n<meta name=\"twitter:site\" content=\"@aribau1964\" \/>\n<meta name=\"twitter:label1\" content=\"Escrit per\" \/>\n\t<meta name=\"twitter:data1\" content=\"aribau\" \/>\n\t<meta name=\"twitter:label2\" content=\"Temps estimat de lectura\" \/>\n\t<meta name=\"twitter:data2\" content=\"2 minuts\" \/>\n<script type=\"application\/ld+json\" class=\"yoast-schema-graph\">{\"@context\":\"https:\/\/schema.org\",\"@graph\":[{\"@type\":\"Article\",\"@id\":\"https:\/\/www.aribau.es\/bodega-nuviana-la-mas-joven-de-la-familia-cordorniu\/#article\",\"isPartOf\":{\"@id\":\"https:\/\/www.aribau.es\/bodega-nuviana-la-mas-joven-de-la-familia-cordorniu\/\"},\"author\":{\"name\":\"aribau\",\"@id\":\"https:\/\/www.aribau.es\/#\/schema\/person\/77a976898b3c705ed016499633f4ffd0\"},\"headline\":\"BODEGA NUVIANA, LA M\u00c1S JOVEN DE LA FAMILIA CORDORN\u00cdU\",\"datePublished\":\"2017-12-07T08:00:13+00:00\",\"dateModified\":\"2021-04-26T11:55:14+00:00\",\"mainEntityOfPage\":{\"@id\":\"https:\/\/www.aribau.es\/bodega-nuviana-la-mas-joven-de-la-familia-cordorniu\/\"},\"wordCount\":410,\"publisher\":{\"@id\":\"https:\/\/www.aribau.es\/#organization\"},\"image\":{\"@id\":\"https:\/\/www.aribau.es\/bodega-nuviana-la-mas-joven-de-la-familia-cordorniu\/#primaryimage\"},\"thumbnailUrl\":\"https:\/\/www.aribau.es\/wp-content\/uploads\/2017\/12\/nubiana-aribau.png\",\"keywords\":[\"Bodegas\",\"Bodegas Nuviana\",\"DO VT Valle del Cinca\"],\"articleSection\":[\"Noticias\"],\"inLanguage\":\"ca\"},{\"@type\":\"WebPage\",\"@id\":\"https:\/\/www.aribau.es\/bodega-nuviana-la-mas-joven-de-la-familia-cordorniu\/\",\"url\":\"https:\/\/www.aribau.es\/bodega-nuviana-la-mas-joven-de-la-familia-cordorniu\/\",\"name\":\"BODEGA NUVIANA, LA M\u00c1S JOVEN DE LA FAMILIA CORDORN\u00cdU - Aribau\",\"isPartOf\":{\"@id\":\"https:\/\/www.aribau.es\/#website\"},\"primaryImageOfPage\":{\"@id\":\"https:\/\/www.aribau.es\/bodega-nuviana-la-mas-joven-de-la-familia-cordorniu\/#primaryimage\"},\"image\":{\"@id\":\"https:\/\/www.aribau.es\/bodega-nuviana-la-mas-joven-de-la-familia-cordorniu\/#primaryimage\"},\"thumbnailUrl\":\"https:\/\/www.aribau.es\/wp-content\/uploads\/2017\/12\/nubiana-aribau.png\",\"datePublished\":\"2017-12-07T08:00:13+00:00\",\"dateModified\":\"2021-04-26T11:55:14+00:00\",\"breadcrumb\":{\"@id\":\"https:\/\/www.aribau.es\/bodega-nuviana-la-mas-joven-de-la-familia-cordorniu\/#breadcrumb\"},\"inLanguage\":\"ca\",\"potentialAction\":[{\"@type\":\"ReadAction\",\"target\":[\"https:\/\/www.aribau.es\/bodega-nuviana-la-mas-joven-de-la-familia-cordorniu\/\"]}]},{\"@type\":\"ImageObject\",\"inLanguage\":\"ca\",\"@id\":\"https:\/\/www.aribau.es\/bodega-nuviana-la-mas-joven-de-la-familia-cordorniu\/#primaryimage\",\"url\":\"https:\/\/www.aribau.es\/wp-content\/uploads\/2017\/12\/nubiana-aribau.png\",\"contentUrl\":\"https:\/\/www.aribau.es\/wp-content\/uploads\/2017\/12\/nubiana-aribau.png\",\"width\":1140,\"height\":713},{\"@type\":\"BreadcrumbList\",\"@id\":\"https:\/\/www.aribau.es\/bodega-nuviana-la-mas-joven-de-la-familia-cordorniu\/#breadcrumb\",\"itemListElement\":[{\"@type\":\"ListItem\",\"position\":1,\"name\":\"Portada\",\"item\":\"https:\/\/www.aribau.es\/\"},{\"@type\":\"ListItem\",\"position\":2,\"name\":\"BODEGA NUVIANA, LA M\u00c1S JOVEN DE LA FAMILIA CORDORN\u00cdU\"}]},{\"@type\":\"WebSite\",\"@id\":\"https:\/\/www.aribau.es\/#website\",\"url\":\"https:\/\/www.aribau.es\/\",\"name\":\"Aribau\",\"description\":\"VINOS Y BODEGAS\",\"publisher\":{\"@id\":\"https:\/\/www.aribau.es\/#organization\"},\"potentialAction\":[{\"@type\":\"SearchAction\",\"target\":{\"@type\":\"EntryPoint\",\"urlTemplate\":\"https:\/\/www.aribau.es\/?s={search_term_string}\"},\"query-input\":{\"@type\":\"PropertyValueSpecification\",\"valueRequired\":true,\"valueName\":\"search_term_string\"}}],\"inLanguage\":\"ca\"},{\"@type\":\"Organization\",\"@id\":\"https:\/\/www.aribau.es\/#organization\",\"name\":\"Aribau\",\"url\":\"https:\/\/www.aribau.es\/\",\"logo\":{\"@type\":\"ImageObject\",\"inLanguage\":\"ca\",\"@id\":\"https:\/\/www.aribau.es\/#\/schema\/logo\/image\/\",\"url\":\"https:\/\/www.aribau.es\/wp-content\/uploads\/2022\/03\/logo.png\",\"contentUrl\":\"https:\/\/www.aribau.es\/wp-content\/uploads\/2022\/03\/logo.png\",\"width\":300,\"height\":300,\"caption\":\"Aribau\"},\"image\":{\"@id\":\"https:\/\/www.aribau.es\/#\/schema\/logo\/image\/\"},\"sameAs\":[\"https:\/\/www.facebook.com\/aribau1964\/\",\"https:\/\/x.com\/aribau1964\",\"https:\/\/www.instagram.com\/aribau1964\/\"]},{\"@type\":\"Person\",\"@id\":\"https:\/\/www.aribau.es\/#\/schema\/person\/77a976898b3c705ed016499633f4ffd0\",\"name\":\"aribau\",\"image\":{\"@type\":\"ImageObject\",\"inLanguage\":\"ca\",\"@id\":\"https:\/\/www.aribau.es\/#\/schema\/person\/image\/\",\"url\":\"https:\/\/secure.gravatar.com\/avatar\/6690491f832d5b32aa9482b978c9464816810fbff0f6658034a34c9d9657b94e?s=96&d=mm&r=g\",\"contentUrl\":\"https:\/\/secure.gravatar.com\/avatar\/6690491f832d5b32aa9482b978c9464816810fbff0f6658034a34c9d9657b94e?s=96&d=mm&r=g\",\"caption\":\"aribau\"},\"url\":\"https:\/\/www.aribau.es\/ca\/author\/aribau\/\"}]}<\/script>\n<!-- \/ Yoast SEO plugin. -->","yoast_head_json":{"title":"BODEGA NUVIANA, LA M\u00c1S JOVEN DE LA FAMILIA CORDORN\u00cdU - Aribau","robots":{"index":"index","follow":"follow","max-snippet":"max-snippet:-1","max-image-preview":"max-image-preview:large","max-video-preview":"max-video-preview:-1"},"canonical":"https:\/\/www.aribau.es\/ca\/bodega-nuviana-la-mas-joven-de-la-familia-cordorniu\/","og_locale":"ca_ES","og_type":"article","og_title":"BODEGA NUVIANA, LA M\u00c1S JOVEN DE LA FAMILIA CORDORN\u00cdU - Aribau","og_description":"Bodega Nuviana es una de las bodegas m\u00e1s recientes del Grupo Codorn\u00edu. Est\u00e1 situada en Belver de Cinca (Huesca), en la Finca San Miguel, una finca de 3,4 hect\u00e1reas con unas excelentes caracter\u00edsticas clim\u00e1ticas y de terru\u00f1o para el desarrollo de unas vi\u00f1as de calidad. El nombre de la bodega, Nuviana, procede de la palabra ... Llegiu m\u00e9s","og_url":"https:\/\/www.aribau.es\/ca\/bodega-nuviana-la-mas-joven-de-la-familia-cordorniu\/","og_site_name":"Aribau","article_publisher":"https:\/\/www.facebook.com\/aribau1964\/","article_published_time":"2017-12-07T08:00:13+00:00","article_modified_time":"2021-04-26T11:55:14+00:00","og_image":[{"width":1140,"height":713,"url":"https:\/\/www.aribau.es\/wp-content\/uploads\/2017\/12\/nubiana-aribau.png","type":"image\/png"}],"author":"aribau","twitter_card":"summary_large_image","twitter_creator":"@aribau1964","twitter_site":"@aribau1964","twitter_misc":{"Escrit per":"aribau","Temps estimat de lectura":"2 minuts"},"schema":{"@context":"https:\/\/schema.org","@graph":[{"@type":"Article","@id":"https:\/\/www.aribau.es\/bodega-nuviana-la-mas-joven-de-la-familia-cordorniu\/#article","isPartOf":{"@id":"https:\/\/www.aribau.es\/bodega-nuviana-la-mas-joven-de-la-familia-cordorniu\/"},"author":{"name":"aribau","@id":"https:\/\/www.aribau.es\/#\/schema\/person\/77a976898b3c705ed016499633f4ffd0"},"headline":"BODEGA NUVIANA, LA M\u00c1S JOVEN DE LA FAMILIA CORDORN\u00cdU","datePublished":"2017-12-07T08:00:13+00:00","dateModified":"2021-04-26T11:55:14+00:00","mainEntityOfPage":{"@id":"https:\/\/www.aribau.es\/bodega-nuviana-la-mas-joven-de-la-familia-cordorniu\/"},"wordCount":410,"publisher":{"@id":"https:\/\/www.aribau.es\/#organization"},"image":{"@id":"https:\/\/www.aribau.es\/bodega-nuviana-la-mas-joven-de-la-familia-cordorniu\/#primaryimage"},"thumbnailUrl":"https:\/\/www.aribau.es\/wp-content\/uploads\/2017\/12\/nubiana-aribau.png","keywords":["Bodegas","Bodegas Nuviana","DO VT Valle del Cinca"],"articleSection":["Noticias"],"inLanguage":"ca"},{"@type":"WebPage","@id":"https:\/\/www.aribau.es\/bodega-nuviana-la-mas-joven-de-la-familia-cordorniu\/","url":"https:\/\/www.aribau.es\/bodega-nuviana-la-mas-joven-de-la-familia-cordorniu\/","name":"BODEGA NUVIANA, LA M\u00c1S JOVEN DE LA FAMILIA CORDORN\u00cdU - Aribau","isPartOf":{"@id":"https:\/\/www.aribau.es\/#website"},"primaryImageOfPage":{"@id":"https:\/\/www.aribau.es\/bodega-nuviana-la-mas-joven-de-la-familia-cordorniu\/#primaryimage"},"image":{"@id":"https:\/\/www.aribau.es\/bodega-nuviana-la-mas-joven-de-la-familia-cordorniu\/#primaryimage"},"thumbnailUrl":"https:\/\/www.aribau.es\/wp-content\/uploads\/2017\/12\/nubiana-aribau.png","datePublished":"2017-12-07T08:00:13+00:00","dateModified":"2021-04-26T11:55:14+00:00","breadcrumb":{"@id":"https:\/\/www.aribau.es\/bodega-nuviana-la-mas-joven-de-la-familia-cordorniu\/#breadcrumb"},"inLanguage":"ca","potentialAction":[{"@type":"ReadAction","target":["https:\/\/www.aribau.es\/bodega-nuviana-la-mas-joven-de-la-familia-cordorniu\/"]}]},{"@type":"ImageObject","inLanguage":"ca","@id":"https:\/\/www.aribau.es\/bodega-nuviana-la-mas-joven-de-la-familia-cordorniu\/#primaryimage","url":"https:\/\/www.aribau.es\/wp-content\/uploads\/2017\/12\/nubiana-aribau.png","contentUrl":"https:\/\/www.aribau.es\/wp-content\/uploads\/2017\/12\/nubiana-aribau.png","width":1140,"height":713},{"@type":"BreadcrumbList","@id":"https:\/\/www.aribau.es\/bodega-nuviana-la-mas-joven-de-la-familia-cordorniu\/#breadcrumb","itemListElement":[{"@type":"ListItem","position":1,"name":"Portada","item":"https:\/\/www.aribau.es\/"},{"@type":"ListItem","position":2,"name":"BODEGA NUVIANA, LA M\u00c1S JOVEN DE LA FAMILIA CORDORN\u00cdU"}]},{"@type":"WebSite","@id":"https:\/\/www.aribau.es\/#website","url":"https:\/\/www.aribau.es\/","name":"Aribau","description":"VINOS Y BODEGAS","publisher":{"@id":"https:\/\/www.aribau.es\/#organization"},"potentialAction":[{"@type":"SearchAction","target":{"@type":"EntryPoint","urlTemplate":"https:\/\/www.aribau.es\/?s={search_term_string}"},"query-input":{"@type":"PropertyValueSpecification","valueRequired":true,"valueName":"search_term_string"}}],"inLanguage":"ca"},{"@type":"Organization","@id":"https:\/\/www.aribau.es\/#organization","name":"Aribau","url":"https:\/\/www.aribau.es\/","logo":{"@type":"ImageObject","inLanguage":"ca","@id":"https:\/\/www.aribau.es\/#\/schema\/logo\/image\/","url":"https:\/\/www.aribau.es\/wp-content\/uploads\/2022\/03\/logo.png","contentUrl":"https:\/\/www.aribau.es\/wp-content\/uploads\/2022\/03\/logo.png","width":300,"height":300,"caption":"Aribau"},"image":{"@id":"https:\/\/www.aribau.es\/#\/schema\/logo\/image\/"},"sameAs":["https:\/\/www.facebook.com\/aribau1964\/","https:\/\/x.com\/aribau1964","https:\/\/www.instagram.com\/aribau1964\/"]},{"@type":"Person","@id":"https:\/\/www.aribau.es\/#\/schema\/person\/77a976898b3c705ed016499633f4ffd0","name":"aribau","image":{"@type":"ImageObject","inLanguage":"ca","@id":"https:\/\/www.aribau.es\/#\/schema\/person\/image\/","url":"https:\/\/secure.gravatar.com\/avatar\/6690491f832d5b32aa9482b978c9464816810fbff0f6658034a34c9d9657b94e?s=96&d=mm&r=g","contentUrl":"https:\/\/secure.gravatar.com\/avatar\/6690491f832d5b32aa9482b978c9464816810fbff0f6658034a34c9d9657b94e?s=96&d=mm&r=g","caption":"aribau"},"url":"https:\/\/www.aribau.es\/ca\/author\/aribau\/"}]}},"_links":{"self":[{"href":"https:\/\/www.aribau.es\/ca\/wp-json\/wp\/v2\/posts\/5625","targetHints":{"allow":["GET"]}}],"collection":[{"href":"https:\/\/www.aribau.es\/ca\/wp-json\/wp\/v2\/posts"}],"about":[{"href":"https:\/\/www.aribau.es\/ca\/wp-json\/wp\/v2\/types\/post"}],"author":[{"embeddable":true,"href":"https:\/\/www.aribau.es\/ca\/wp-json\/wp\/v2\/users\/3"}],"replies":[{"embeddable":true,"href":"https:\/\/www.aribau.es\/ca\/wp-json\/wp\/v2\/comments?post=5625"}],"version-history":[{"count":10,"href":"https:\/\/www.aribau.es\/ca\/wp-json\/wp\/v2\/posts\/5625\/revisions"}],"predecessor-version":[{"id":10140,"href":"https:\/\/www.aribau.es\/ca\/wp-json\/wp\/v2\/posts\/5625\/revisions\/10140"}],"wp:featuredmedia":[{"embeddable":true,"href":"https:\/\/www.aribau.es\/ca\/wp-json\/wp\/v2\/media\/5629"}],"wp:attachment":[{"href":"https:\/\/www.aribau.es\/ca\/wp-json\/wp\/v2\/media?parent=5625"}],"wp:term":[{"taxonomy":"category","embeddable":true,"href":"https:\/\/www.aribau.es\/ca\/wp-json\/wp\/v2\/categories?post=5625"},{"taxonomy":"post_tag","embeddable":true,"href":"https:\/\/www.aribau.es\/ca\/wp-json\/wp\/v2\/tags?post=5625"}],"curies":[{"name":"wp","href":"https:\/\/api.w.org\/{rel}","templated":true}]}}