{"id":5664,"date":"2017-12-28T09:40:46","date_gmt":"2017-12-28T08:40:46","guid":{"rendered":"https:\/\/www.aribau.es\/?p=5664"},"modified":"2021-04-26T12:48:44","modified_gmt":"2021-04-26T11:48:44","slug":"en-la-ultima-cena-del-ano-brinda-con-aribau","status":"publish","type":"post","link":"https:\/\/www.aribau.es\/ca\/en-la-ultima-cena-del-ano-brinda-con-aribau\/","title":{"rendered":"A L'\u00daLTIM SOPAR DE L'ANY, BRINDA AMB ARIBAU"},"content":{"rendered":"<p>A punto estamos de cerrar un a\u00f1o m\u00e1s. 2017 se marcha y llega el momento de dar la bienvenida al 2018, un a\u00f1o que esperamos venga cargado de todo lo mejor para vosotros y los vuestros. Y como en Aribau pensamos que no hay mejor manera de entrar en un nuevo a\u00f1o que brindando, hemos decidido proponeros una selecci\u00f3n de nuestros vinos para acompa\u00f1aros en una noche tan especial.<\/p>\n<p><strong>Arranquemos con un vermut: <\/strong><strong>\u00a1<\/strong><strong><em><a href=\"https:\/\/www.aribau.es\/ca\/musugorri\/\" target=\"_blank\" rel=\"noopener\">Musugorri<\/a><\/em><\/strong><strong> para todos!<\/strong><\/p>\n<p><a href=\"https:\/\/www.aribau.es\/wp-content\/uploads\/2014\/04\/musugorri.jpg\"><img decoding=\"async\" class=\"alignleft wp-image-4825\" src=\"https:\/\/www.aribau.es\/wp-content\/uploads\/2014\/04\/musugorri.jpg\" alt=\"\" width=\"115\" height=\"230\" srcset=\"https:\/\/www.aribau.es\/wp-content\/uploads\/2014\/04\/musugorri.jpg 284w, https:\/\/www.aribau.es\/wp-content\/uploads\/2014\/04\/musugorri-150x300.jpg 150w\" sizes=\"(max-width: 115px) 100vw, 115px\" \/><\/a>Porque nos gusta como vermut y porque nos gusta como proyecto. <em>Musugorri<\/em> nos ha dado infinidad de alegr\u00edas desde que vio la luz, y este a\u00f1o <a href=\"https:\/\/www.aribau.es\/ca\/musugorri-la-felicidad-en-un-donativo\/\" target=\"_blank\" rel=\"noopener\">hemos hecho entrega de nuestro primer cheque solidario<\/a>, con toda la felicidad que eso comporta. Y como queremos que esa felicidad sea extensiva a todos vosotros, os proponemos que empec\u00e9is la \u00faltima cena del a\u00f1o brindando con \u00e9l. Un vermut que se elabora de manera tradicional y 100% natural, y cuyo suave amargor junto al delicado dulzor hacen de \u00e9l un vermut equilibrado y persistente. Perfecto para ir abriendo boca antes de sentarse a la mesa.<\/p>\n<p><!--more--><\/p>\n<p><strong>Seguimos con el blanco: llega <em><a href=\"https:\/\/www.aribau.es\/ca\/la-descarada\/\" target=\"_blank\" rel=\"noopener\">La Descarada<\/a><a href=\"https:\/\/www.aribau.es\/wp-content\/uploads\/2016\/09\/ladescarada_web_02.jpg\"><img decoding=\"async\" class=\"alignright wp-image-4715\" src=\"https:\/\/www.aribau.es\/wp-content\/uploads\/2016\/09\/ladescarada_web_02.jpg\" alt=\"\" width=\"93\" height=\"230\" srcset=\"https:\/\/www.aribau.es\/wp-content\/uploads\/2016\/09\/ladescarada_web_02.jpg 322w, https:\/\/www.aribau.es\/wp-content\/uploads\/2016\/09\/ladescarada_web_02-121x300.jpg 121w\" sizes=\"(max-width: 93px) 100vw, 93px\" \/><\/a><\/em> <\/strong><\/p>\n<p>Otro de nuestros proyectos m\u00e1s personales es <em>La Descarada<\/em>. Ella tambi\u00e9n nos ha dado much\u00edsimas alegr\u00edas, as\u00ed que no pod\u00eda faltar en una cita tan importante. Un vino blanco joven, floral y fresco, con Denominaci\u00f3n de Origen Pened\u00e8s, y elaborado a base de Moscatel, Sauvignon Blanc y Gew\u00fcrztraminer, que ser\u00e1 el acompa\u00f1ante perfecto para esos estupendos langostinos a la plancha y esas tablas de queso que abrir\u00e1n la cena. Y, por supuesto, si tu plato principal es pescado, te asegurar\u00e1s de que estar\u00e1 perfectamente acompa\u00f1ado.<\/p>\n<p><strong>Llega la carne, abramos un<em> <a href=\"https:\/\/www.aribau.es\/ca\/tronat-tinto\/\" target=\"_blank\" rel=\"noopener\">TRONAT NEGRE<\/a><\/em><\/strong><\/p>\n<p><a href=\"https:\/\/www.aribau.es\/wp-content\/uploads\/2016\/09\/tronat_negre_web_02.jpg\"><img decoding=\"async\" class=\"alignleft wp-image-4725\" src=\"https:\/\/www.aribau.es\/wp-content\/uploads\/2016\/09\/tronat_negre_web_02.jpg\" alt=\"\" width=\"93\" height=\"230\" srcset=\"https:\/\/www.aribau.es\/wp-content\/uploads\/2016\/09\/tronat_negre_web_02.jpg 322w, https:\/\/www.aribau.es\/wp-content\/uploads\/2016\/09\/tronat_negre_web_02-121x300.jpg 121w\" sizes=\"(max-width: 93px) 100vw, 93px\" \/><\/a>Si tus comensales son m\u00e1s de carne, llega el turno de pasarse al tinto. Y este a\u00f1o te proponemos que brindes con nuestro vino m\u00e1s loco. <em>TRONAT NEGRE<\/em> es un vino elaborado a base de Merlot, Garnacha y Cari\u00f1ena, y con Denominaci\u00f3n de Origen Empord\u00e0, que ser\u00e1 ideal para acompa\u00f1ar el plato estrella de la cena, si es que has optado por la carne. El paso por barrica le proporciona un fondo torrefacto y especiado que hace que resulte intenso en el paladar, y favorece un final persistente en boca. Vamos, el compa\u00f1ero ideal para el cordero asado que tanto se estila por estas fechas.<\/p>\n<p><strong>Y con las uvas, <\/strong><strong>\u00a1<\/strong><strong>que no falte el cava!\u00a0<a href=\"https:\/\/www.aribau.es\/wp-content\/uploads\/2016\/04\/CAVA-MAR-SALADA.jpg\"><img loading=\"lazy\" decoding=\"async\" class=\"alignright wp-image-4318\" src=\"https:\/\/www.aribau.es\/wp-content\/uploads\/2016\/04\/CAVA-MAR-SALADA.jpg\" alt=\"\" width=\"93\" height=\"230\" \/><\/a><\/strong><\/p>\n<p>Porque, \u00bfqu\u00e9 ser\u00eda de un final\/inicio de a\u00f1o sin uvas y cava? Es una de esas tradiciones tan nuestras que hay que asegurarse por todos los medios de que no se pierda. 12 uvas, una copa de <em><a href=\"https:\/\/www.aribau.es\/ca\/mar-salada-cava\/\" target=\"_blank\" rel=\"noopener\">Mar Salada<\/a><\/em>, y a brindar por un nuevo a\u00f1o que, desde Aribau, deseamos que venga cargado de nuevos proyectos, y que podamos compartirlos juntos.<\/p>\n<p>\u00a1Alcemos la copa y brindemos! \u00a1Feliz 2018!<\/p>\n<p>https:\/\/www.youtube.com\/watch?v=Qdunu-G_rIY&amp;t=1s <iframe title=\"Aribau os desea \u00a1Feliz Navidad!\" src=\"https:\/\/www.youtube.com\/embed\/Qdunu-G_rIY?feature=oembed\" width=\"829\" height=\"466\" frameborder=\"0\" allowfullscreen=\"allowfullscreen\"><\/iframe><\/p>\n<p><iframe title=\"Aribau os desea \u00a1Feliz Navidad!\" width=\"1200\" height=\"675\" src=\"https:\/\/www.youtube.com\/embed\/Qdunu-G_rIY?feature=oembed\" frameborder=\"0\" allow=\"accelerometer; autoplay; clipboard-write; encrypted-media; gyroscope; picture-in-picture\" allowfullscreen><\/iframe><\/p>","protected":false},"excerpt":{"rendered":"<p>A punto estamos de cerrar un a\u00f1o m\u00e1s. 2017 se marcha y llega el momento de dar la bienvenida al 2018, un a\u00f1o que esperamos venga cargado de todo lo mejor para vosotros y los vuestros. Y como en Aribau pensamos que no hay mejor manera de entrar en un nuevo a\u00f1o que brindando, hemos &#8230; <a title=\"A L&#039;\u00daLTIM SOPAR DE L&#039;ANY, BRINDA AMB ARIBAU\" class=\"read-more\" href=\"https:\/\/www.aribau.es\/ca\/en-la-ultima-cena-del-ano-brinda-con-aribau\/\" aria-label=\"M\u00e9s informaci\u00f3 sobre EN LA \u00daLTIMA CENA DEL A\u00d1O, BRINDA CON ARIBAU\">Llegiu m\u00e9s<\/a><\/p>","protected":false},"author":3,"featured_media":5665,"comment_status":"closed","ping_status":"closed","sticky":false,"template":"","format":"standard","meta":{"footnotes":""},"categories":[406],"tags":[341,396,407,342],"class_list":["post-5664","post","type-post","status-publish","format-standard","has-post-thumbnail","hentry","category-noticias","tag-la-descarada","tag-mar-salada","tag-musugorri","tag-tronat"],"yoast_head":"<!-- This site is optimized with the Yoast SEO plugin v26.7 - https:\/\/yoast.com\/wordpress\/plugins\/seo\/ -->\n<title>EN LA \u00daLTIMA CENA DEL A\u00d1O, BRINDA CON ARIBAU - Aribau<\/title>\n<meta name=\"robots\" content=\"index, follow, max-snippet:-1, max-image-preview:large, max-video-preview:-1\" \/>\n<link rel=\"canonical\" href=\"https:\/\/www.aribau.es\/ca\/en-la-ultima-cena-del-ano-brinda-con-aribau\/\" \/>\n<meta property=\"og:locale\" content=\"ca_ES\" \/>\n<meta property=\"og:type\" content=\"article\" \/>\n<meta property=\"og:title\" content=\"EN LA \u00daLTIMA CENA DEL A\u00d1O, BRINDA CON ARIBAU - Aribau\" \/>\n<meta property=\"og:description\" content=\"A punto estamos de cerrar un a\u00f1o m\u00e1s. 2017 se marcha y llega el momento de dar la bienvenida al 2018, un a\u00f1o que esperamos venga cargado de todo lo mejor para vosotros y los vuestros. Y como en Aribau pensamos que no hay mejor manera de entrar en un nuevo a\u00f1o que brindando, hemos ... Llegiu m\u00e9s\" \/>\n<meta property=\"og:url\" content=\"https:\/\/www.aribau.es\/ca\/en-la-ultima-cena-del-ano-brinda-con-aribau\/\" \/>\n<meta property=\"og:site_name\" content=\"Aribau\" \/>\n<meta property=\"article:publisher\" content=\"https:\/\/www.facebook.com\/aribau1964\/\" \/>\n<meta property=\"article:published_time\" content=\"2017-12-28T08:40:46+00:00\" \/>\n<meta property=\"article:modified_time\" content=\"2021-04-26T11:48:44+00:00\" \/>\n<meta property=\"og:image\" content=\"https:\/\/www.aribau.es\/wp-content\/uploads\/2017\/12\/navidad_aribau.png\" \/>\n\t<meta property=\"og:image:width\" content=\"1000\" \/>\n\t<meta property=\"og:image:height\" content=\"562\" \/>\n\t<meta property=\"og:image:type\" content=\"image\/png\" \/>\n<meta name=\"author\" content=\"aribau\" \/>\n<meta name=\"twitter:card\" content=\"summary_large_image\" \/>\n<meta name=\"twitter:creator\" content=\"@aribau1964\" \/>\n<meta name=\"twitter:site\" content=\"@aribau1964\" \/>\n<meta name=\"twitter:label1\" content=\"Escrit per\" \/>\n\t<meta name=\"twitter:data1\" content=\"aribau\" \/>\n\t<meta name=\"twitter:label2\" content=\"Temps estimat de lectura\" \/>\n\t<meta name=\"twitter:data2\" content=\"3 minuts\" \/>\n<script type=\"application\/ld+json\" class=\"yoast-schema-graph\">{\"@context\":\"https:\/\/schema.org\",\"@graph\":[{\"@type\":\"Article\",\"@id\":\"https:\/\/www.aribau.es\/en-la-ultima-cena-del-ano-brinda-con-aribau\/#article\",\"isPartOf\":{\"@id\":\"https:\/\/www.aribau.es\/en-la-ultima-cena-del-ano-brinda-con-aribau\/\"},\"author\":{\"name\":\"aribau\",\"@id\":\"https:\/\/www.aribau.es\/#\/schema\/person\/77a976898b3c705ed016499633f4ffd0\"},\"headline\":\"EN LA \u00daLTIMA CENA DEL A\u00d1O, BRINDA CON ARIBAU\",\"datePublished\":\"2017-12-28T08:40:46+00:00\",\"dateModified\":\"2021-04-26T11:48:44+00:00\",\"mainEntityOfPage\":{\"@id\":\"https:\/\/www.aribau.es\/en-la-ultima-cena-del-ano-brinda-con-aribau\/\"},\"wordCount\":519,\"publisher\":{\"@id\":\"https:\/\/www.aribau.es\/#organization\"},\"image\":{\"@id\":\"https:\/\/www.aribau.es\/en-la-ultima-cena-del-ano-brinda-con-aribau\/#primaryimage\"},\"thumbnailUrl\":\"https:\/\/www.aribau.es\/wp-content\/uploads\/2017\/12\/navidad_aribau.png\",\"keywords\":[\"La descarada\",\"Mar Salada\",\"Musugorri\",\"Tronat\"],\"articleSection\":[\"Noticias\"],\"inLanguage\":\"ca\"},{\"@type\":\"WebPage\",\"@id\":\"https:\/\/www.aribau.es\/en-la-ultima-cena-del-ano-brinda-con-aribau\/\",\"url\":\"https:\/\/www.aribau.es\/en-la-ultima-cena-del-ano-brinda-con-aribau\/\",\"name\":\"EN LA \u00daLTIMA CENA DEL A\u00d1O, BRINDA CON ARIBAU - Aribau\",\"isPartOf\":{\"@id\":\"https:\/\/www.aribau.es\/#website\"},\"primaryImageOfPage\":{\"@id\":\"https:\/\/www.aribau.es\/en-la-ultima-cena-del-ano-brinda-con-aribau\/#primaryimage\"},\"image\":{\"@id\":\"https:\/\/www.aribau.es\/en-la-ultima-cena-del-ano-brinda-con-aribau\/#primaryimage\"},\"thumbnailUrl\":\"https:\/\/www.aribau.es\/wp-content\/uploads\/2017\/12\/navidad_aribau.png\",\"datePublished\":\"2017-12-28T08:40:46+00:00\",\"dateModified\":\"2021-04-26T11:48:44+00:00\",\"breadcrumb\":{\"@id\":\"https:\/\/www.aribau.es\/en-la-ultima-cena-del-ano-brinda-con-aribau\/#breadcrumb\"},\"inLanguage\":\"ca\",\"potentialAction\":[{\"@type\":\"ReadAction\",\"target\":[\"https:\/\/www.aribau.es\/en-la-ultima-cena-del-ano-brinda-con-aribau\/\"]}]},{\"@type\":\"ImageObject\",\"inLanguage\":\"ca\",\"@id\":\"https:\/\/www.aribau.es\/en-la-ultima-cena-del-ano-brinda-con-aribau\/#primaryimage\",\"url\":\"https:\/\/www.aribau.es\/wp-content\/uploads\/2017\/12\/navidad_aribau.png\",\"contentUrl\":\"https:\/\/www.aribau.es\/wp-content\/uploads\/2017\/12\/navidad_aribau.png\",\"width\":1000,\"height\":562},{\"@type\":\"BreadcrumbList\",\"@id\":\"https:\/\/www.aribau.es\/en-la-ultima-cena-del-ano-brinda-con-aribau\/#breadcrumb\",\"itemListElement\":[{\"@type\":\"ListItem\",\"position\":1,\"name\":\"Portada\",\"item\":\"https:\/\/www.aribau.es\/\"},{\"@type\":\"ListItem\",\"position\":2,\"name\":\"EN LA \u00daLTIMA CENA DEL A\u00d1O, BRINDA CON ARIBAU\"}]},{\"@type\":\"WebSite\",\"@id\":\"https:\/\/www.aribau.es\/#website\",\"url\":\"https:\/\/www.aribau.es\/\",\"name\":\"Aribau\",\"description\":\"VINOS Y BODEGAS\",\"publisher\":{\"@id\":\"https:\/\/www.aribau.es\/#organization\"},\"potentialAction\":[{\"@type\":\"SearchAction\",\"target\":{\"@type\":\"EntryPoint\",\"urlTemplate\":\"https:\/\/www.aribau.es\/?s={search_term_string}\"},\"query-input\":{\"@type\":\"PropertyValueSpecification\",\"valueRequired\":true,\"valueName\":\"search_term_string\"}}],\"inLanguage\":\"ca\"},{\"@type\":\"Organization\",\"@id\":\"https:\/\/www.aribau.es\/#organization\",\"name\":\"Aribau\",\"url\":\"https:\/\/www.aribau.es\/\",\"logo\":{\"@type\":\"ImageObject\",\"inLanguage\":\"ca\",\"@id\":\"https:\/\/www.aribau.es\/#\/schema\/logo\/image\/\",\"url\":\"https:\/\/www.aribau.es\/wp-content\/uploads\/2022\/03\/logo.png\",\"contentUrl\":\"https:\/\/www.aribau.es\/wp-content\/uploads\/2022\/03\/logo.png\",\"width\":300,\"height\":300,\"caption\":\"Aribau\"},\"image\":{\"@id\":\"https:\/\/www.aribau.es\/#\/schema\/logo\/image\/\"},\"sameAs\":[\"https:\/\/www.facebook.com\/aribau1964\/\",\"https:\/\/x.com\/aribau1964\",\"https:\/\/www.instagram.com\/aribau1964\/\"]},{\"@type\":\"Person\",\"@id\":\"https:\/\/www.aribau.es\/#\/schema\/person\/77a976898b3c705ed016499633f4ffd0\",\"name\":\"aribau\",\"image\":{\"@type\":\"ImageObject\",\"inLanguage\":\"ca\",\"@id\":\"https:\/\/www.aribau.es\/#\/schema\/person\/image\/\",\"url\":\"https:\/\/secure.gravatar.com\/avatar\/6690491f832d5b32aa9482b978c9464816810fbff0f6658034a34c9d9657b94e?s=96&d=mm&r=g\",\"contentUrl\":\"https:\/\/secure.gravatar.com\/avatar\/6690491f832d5b32aa9482b978c9464816810fbff0f6658034a34c9d9657b94e?s=96&d=mm&r=g\",\"caption\":\"aribau\"},\"url\":\"https:\/\/www.aribau.es\/ca\/author\/aribau\/\"}]}<\/script>\n<!-- \/ Yoast SEO plugin. -->","yoast_head_json":{"title":"EN LA \u00daLTIMA CENA DEL A\u00d1O, BRINDA CON ARIBAU - Aribau","robots":{"index":"index","follow":"follow","max-snippet":"max-snippet:-1","max-image-preview":"max-image-preview:large","max-video-preview":"max-video-preview:-1"},"canonical":"https:\/\/www.aribau.es\/ca\/en-la-ultima-cena-del-ano-brinda-con-aribau\/","og_locale":"ca_ES","og_type":"article","og_title":"EN LA \u00daLTIMA CENA DEL A\u00d1O, BRINDA CON ARIBAU - Aribau","og_description":"A punto estamos de cerrar un a\u00f1o m\u00e1s. 2017 se marcha y llega el momento de dar la bienvenida al 2018, un a\u00f1o que esperamos venga cargado de todo lo mejor para vosotros y los vuestros. Y como en Aribau pensamos que no hay mejor manera de entrar en un nuevo a\u00f1o que brindando, hemos ... Llegiu m\u00e9s","og_url":"https:\/\/www.aribau.es\/ca\/en-la-ultima-cena-del-ano-brinda-con-aribau\/","og_site_name":"Aribau","article_publisher":"https:\/\/www.facebook.com\/aribau1964\/","article_published_time":"2017-12-28T08:40:46+00:00","article_modified_time":"2021-04-26T11:48:44+00:00","og_image":[{"width":1000,"height":562,"url":"https:\/\/www.aribau.es\/wp-content\/uploads\/2017\/12\/navidad_aribau.png","type":"image\/png"}],"author":"aribau","twitter_card":"summary_large_image","twitter_creator":"@aribau1964","twitter_site":"@aribau1964","twitter_misc":{"Escrit per":"aribau","Temps estimat de lectura":"3 minuts"},"schema":{"@context":"https:\/\/schema.org","@graph":[{"@type":"Article","@id":"https:\/\/www.aribau.es\/en-la-ultima-cena-del-ano-brinda-con-aribau\/#article","isPartOf":{"@id":"https:\/\/www.aribau.es\/en-la-ultima-cena-del-ano-brinda-con-aribau\/"},"author":{"name":"aribau","@id":"https:\/\/www.aribau.es\/#\/schema\/person\/77a976898b3c705ed016499633f4ffd0"},"headline":"EN LA \u00daLTIMA CENA DEL A\u00d1O, BRINDA CON ARIBAU","datePublished":"2017-12-28T08:40:46+00:00","dateModified":"2021-04-26T11:48:44+00:00","mainEntityOfPage":{"@id":"https:\/\/www.aribau.es\/en-la-ultima-cena-del-ano-brinda-con-aribau\/"},"wordCount":519,"publisher":{"@id":"https:\/\/www.aribau.es\/#organization"},"image":{"@id":"https:\/\/www.aribau.es\/en-la-ultima-cena-del-ano-brinda-con-aribau\/#primaryimage"},"thumbnailUrl":"https:\/\/www.aribau.es\/wp-content\/uploads\/2017\/12\/navidad_aribau.png","keywords":["La descarada","Mar Salada","Musugorri","Tronat"],"articleSection":["Noticias"],"inLanguage":"ca"},{"@type":"WebPage","@id":"https:\/\/www.aribau.es\/en-la-ultima-cena-del-ano-brinda-con-aribau\/","url":"https:\/\/www.aribau.es\/en-la-ultima-cena-del-ano-brinda-con-aribau\/","name":"EN LA \u00daLTIMA CENA DEL A\u00d1O, BRINDA CON ARIBAU - Aribau","isPartOf":{"@id":"https:\/\/www.aribau.es\/#website"},"primaryImageOfPage":{"@id":"https:\/\/www.aribau.es\/en-la-ultima-cena-del-ano-brinda-con-aribau\/#primaryimage"},"image":{"@id":"https:\/\/www.aribau.es\/en-la-ultima-cena-del-ano-brinda-con-aribau\/#primaryimage"},"thumbnailUrl":"https:\/\/www.aribau.es\/wp-content\/uploads\/2017\/12\/navidad_aribau.png","datePublished":"2017-12-28T08:40:46+00:00","dateModified":"2021-04-26T11:48:44+00:00","breadcrumb":{"@id":"https:\/\/www.aribau.es\/en-la-ultima-cena-del-ano-brinda-con-aribau\/#breadcrumb"},"inLanguage":"ca","potentialAction":[{"@type":"ReadAction","target":["https:\/\/www.aribau.es\/en-la-ultima-cena-del-ano-brinda-con-aribau\/"]}]},{"@type":"ImageObject","inLanguage":"ca","@id":"https:\/\/www.aribau.es\/en-la-ultima-cena-del-ano-brinda-con-aribau\/#primaryimage","url":"https:\/\/www.aribau.es\/wp-content\/uploads\/2017\/12\/navidad_aribau.png","contentUrl":"https:\/\/www.aribau.es\/wp-content\/uploads\/2017\/12\/navidad_aribau.png","width":1000,"height":562},{"@type":"BreadcrumbList","@id":"https:\/\/www.aribau.es\/en-la-ultima-cena-del-ano-brinda-con-aribau\/#breadcrumb","itemListElement":[{"@type":"ListItem","position":1,"name":"Portada","item":"https:\/\/www.aribau.es\/"},{"@type":"ListItem","position":2,"name":"EN LA \u00daLTIMA CENA DEL A\u00d1O, BRINDA CON ARIBAU"}]},{"@type":"WebSite","@id":"https:\/\/www.aribau.es\/#website","url":"https:\/\/www.aribau.es\/","name":"Aribau","description":"VINOS Y BODEGAS","publisher":{"@id":"https:\/\/www.aribau.es\/#organization"},"potentialAction":[{"@type":"SearchAction","target":{"@type":"EntryPoint","urlTemplate":"https:\/\/www.aribau.es\/?s={search_term_string}"},"query-input":{"@type":"PropertyValueSpecification","valueRequired":true,"valueName":"search_term_string"}}],"inLanguage":"ca"},{"@type":"Organization","@id":"https:\/\/www.aribau.es\/#organization","name":"Aribau","url":"https:\/\/www.aribau.es\/","logo":{"@type":"ImageObject","inLanguage":"ca","@id":"https:\/\/www.aribau.es\/#\/schema\/logo\/image\/","url":"https:\/\/www.aribau.es\/wp-content\/uploads\/2022\/03\/logo.png","contentUrl":"https:\/\/www.aribau.es\/wp-content\/uploads\/2022\/03\/logo.png","width":300,"height":300,"caption":"Aribau"},"image":{"@id":"https:\/\/www.aribau.es\/#\/schema\/logo\/image\/"},"sameAs":["https:\/\/www.facebook.com\/aribau1964\/","https:\/\/x.com\/aribau1964","https:\/\/www.instagram.com\/aribau1964\/"]},{"@type":"Person","@id":"https:\/\/www.aribau.es\/#\/schema\/person\/77a976898b3c705ed016499633f4ffd0","name":"aribau","image":{"@type":"ImageObject","inLanguage":"ca","@id":"https:\/\/www.aribau.es\/#\/schema\/person\/image\/","url":"https:\/\/secure.gravatar.com\/avatar\/6690491f832d5b32aa9482b978c9464816810fbff0f6658034a34c9d9657b94e?s=96&d=mm&r=g","contentUrl":"https:\/\/secure.gravatar.com\/avatar\/6690491f832d5b32aa9482b978c9464816810fbff0f6658034a34c9d9657b94e?s=96&d=mm&r=g","caption":"aribau"},"url":"https:\/\/www.aribau.es\/ca\/author\/aribau\/"}]}},"_links":{"self":[{"href":"https:\/\/www.aribau.es\/ca\/wp-json\/wp\/v2\/posts\/5664","targetHints":{"allow":["GET"]}}],"collection":[{"href":"https:\/\/www.aribau.es\/ca\/wp-json\/wp\/v2\/posts"}],"about":[{"href":"https:\/\/www.aribau.es\/ca\/wp-json\/wp\/v2\/types\/post"}],"author":[{"embeddable":true,"href":"https:\/\/www.aribau.es\/ca\/wp-json\/wp\/v2\/users\/3"}],"replies":[{"embeddable":true,"href":"https:\/\/www.aribau.es\/ca\/wp-json\/wp\/v2\/comments?post=5664"}],"version-history":[{"count":8,"href":"https:\/\/www.aribau.es\/ca\/wp-json\/wp\/v2\/posts\/5664\/revisions"}],"predecessor-version":[{"id":10135,"href":"https:\/\/www.aribau.es\/ca\/wp-json\/wp\/v2\/posts\/5664\/revisions\/10135"}],"wp:featuredmedia":[{"embeddable":true,"href":"https:\/\/www.aribau.es\/ca\/wp-json\/wp\/v2\/media\/5665"}],"wp:attachment":[{"href":"https:\/\/www.aribau.es\/ca\/wp-json\/wp\/v2\/media?parent=5664"}],"wp:term":[{"taxonomy":"category","embeddable":true,"href":"https:\/\/www.aribau.es\/ca\/wp-json\/wp\/v2\/categories?post=5664"},{"taxonomy":"post_tag","embeddable":true,"href":"https:\/\/www.aribau.es\/ca\/wp-json\/wp\/v2\/tags?post=5664"}],"curies":[{"name":"wp","href":"https:\/\/api.w.org\/{rel}","templated":true}]}}