{"id":5691,"date":"2018-01-25T10:01:00","date_gmt":"2018-01-25T09:01:00","guid":{"rendered":"https:\/\/www.aribau.es\/?p=5691"},"modified":"2021-04-26T12:45:05","modified_gmt":"2021-04-26T11:45:05","slug":"los-vinos-de-aribau-vuelven-al-ciclo-gastronomico-els-oblidats","status":"publish","type":"post","link":"https:\/\/www.aribau.es\/ca\/los-vinos-de-aribau-vuelven-al-ciclo-gastronomico-els-oblidats\/","title":{"rendered":"ELS VINS D'ARIBAU TORNEN AL CICLE GASTRON\u00d2MIC \u2018ELS OBLIDATS\u2019"},"content":{"rendered":"<p>Este viernes 26 de enero arranca de nuevo el <a href=\"http:\/\/www.mmb.cat\/activitats.php?idm=2&amp;pagina=8&amp;codi_subseccio=3&amp;codi_activitat=1111&amp;estic=1\" target=\"_blank\" rel=\"noopener\">ciclo de cenas <em>Els Oblidats<\/em> en el Museo Mar\u00edtimo de Barcelona<\/a>. Y Aribau volver\u00e1 a estar presente para acompa\u00f1ar las propuestas gastron\u00f3micas del restaurante <em>Norai<\/em>.<\/p>\n<p>Si <a href=\"https:\/\/www.aribau.es\/ca\/la-descarada-marida-la-cena-dedicada-a-la-bocanegra-en-el-ciclo-els-oblidats\/\" target=\"_blank\" rel=\"noopener\">en una primera ocasi\u00f3n <em>La Descarada<\/em> fue la protagonista<\/a>, esta vez Aribau participa con <a href=\"https:\/\/www.aribau.es\/ca\/i-tant-blanco\/\" target=\"_blank\" rel=\"noopener\"><em>I Tant blanco<\/em><\/a>, una garnacha blanca de la Terra Alta, para conmemorar de paso la celebraci\u00f3n del concurso internacional <em>Grenaches du Monde<\/em> que la DO Terra Alta acoger\u00e1 el pr\u00f3ximo mes de abril.<\/p>\n<p>El ciclo <em>Els Oblidats<\/em> es una actividad que organiza el <a href=\"http:\/\/www.mmb.cat\/index.php?idm=2\" target=\"_blank\" rel=\"noopener\">Museo Mar\u00edtimo de Barcelona<\/a> junto al <a href=\"http:\/\/restaurantnorai.com\/?lang=es\" target=\"_blank\" rel=\"noopener\">restaurante <em>Norai<\/em><\/a>, <a href=\"https:\/\/laplatjeta.net\/es\/presentacion-cap-a-mar\/\" target=\"_blank\" rel=\"noopener\"><em>Cap a Mar<\/em><\/a> (una peque\u00f1a empresa de Barcelona dedicada a la pesca de calidad y proximidad) y la revista <a href=\"http:\/\/www.cuina.cat\/\" target=\"_blank\" rel=\"noopener\"><em>Cuina<\/em><\/a>, y su objetivo es reivindicar el valor culinario de pescados propios de nuestro litoral pero que no es habitual encontrar en los mercados, ya sea porque tienen muchas espinas, porque no sabemos c\u00f3mo cocinarlos\u2026 Adem\u00e1s, se recuperan recetas de la cocina marinera t\u00edpica de los pescadores, quienes s\u00ed conocen el valor culinario de las especies que aqu\u00ed se presentan.<\/p>\n<p>Esta nueva temporada arranca ma\u00f1ana viernes d\u00eda 26, con un men\u00fa elaborado a base de mollera, un pescado blanco muy poco graso y de carne blanda y suave, que admite m\u00faltiples elaboraciones gastron\u00f3micas.<\/p>\n<p>Y para acompa\u00f1ar esta delicia nada mejor que nuestro <em>I Tant blanco<\/em>, un 100% garnacha blanca con toques de fruta blanca como la pera, y de hueso como el melocot\u00f3n o el albaricoque. Es un vino que encuentra el equilibrio gracias a la suavidad de la garnacha y la salinidad que le aporta el terreno en el que se cultivan las vi\u00f1as. En definitiva una propuesta ideal para maridar un men\u00fa marinero como el que aqu\u00ed se propone.<\/p>\n<p><a href=\"https:\/\/www.aribau.es\/wp-content\/uploads\/2018\/01\/oblidats-aribau.jpg\"><img fetchpriority=\"high\" decoding=\"async\" class=\"size-full wp-image-5692 aligncenter\" src=\"https:\/\/www.aribau.es\/wp-content\/uploads\/2018\/01\/oblidats-aribau.jpg\" alt=\"\" width=\"600\" height=\"654\" srcset=\"https:\/\/www.aribau.es\/wp-content\/uploads\/2018\/01\/oblidats-aribau.jpg 600w, https:\/\/www.aribau.es\/wp-content\/uploads\/2018\/01\/oblidats-aribau-275x300.jpg 275w\" sizes=\"(max-width: 600px) 100vw, 600px\" \/><\/a><\/p>","protected":false},"excerpt":{"rendered":"<p>Este viernes 26 de enero arranca de nuevo el ciclo de cenas Els Oblidats en el Museo Mar\u00edtimo de Barcelona. Y Aribau volver\u00e1 a estar presente para acompa\u00f1ar las propuestas gastron\u00f3micas del restaurante Norai. Si en una primera ocasi\u00f3n La Descarada fue la protagonista, esta vez Aribau participa con I Tant blanco, una garnacha blanca &#8230; <a title=\"ELS VINS D&#039;ARIBAU TORNEN AL CICLE GASTRON\u00d2MIC \u2018ELS OBLIDATS\u2019\" class=\"read-more\" href=\"https:\/\/www.aribau.es\/ca\/los-vinos-de-aribau-vuelven-al-ciclo-gastronomico-els-oblidats\/\" aria-label=\"M\u00e9s informaci\u00f3 sobre LOS VINOS DE ARIBAU VUELVEN AL CICLO GASTRON\u00d3MICO \u2018ELS OBLIDATS\u2019\">Llegiu m\u00e9s<\/a><\/p>","protected":false},"author":3,"featured_media":5349,"comment_status":"closed","ping_status":"closed","sticky":false,"template":"","format":"standard","meta":{"footnotes":""},"categories":[406],"tags":[443,395],"class_list":["post-5691","post","type-post","status-publish","format-standard","has-post-thumbnail","hentry","category-noticias","tag-i-tant-blanco","tag-i-tant-vins"],"yoast_head":"<!-- This site is optimized with the Yoast SEO plugin v26.7 - https:\/\/yoast.com\/wordpress\/plugins\/seo\/ -->\n<title>LOS VINOS DE ARIBAU VUELVEN AL CICLO GASTRON\u00d3MICO \u2018ELS OBLIDATS\u2019 - Aribau<\/title>\n<meta name=\"robots\" content=\"index, follow, max-snippet:-1, max-image-preview:large, max-video-preview:-1\" \/>\n<link rel=\"canonical\" href=\"https:\/\/www.aribau.es\/ca\/los-vinos-de-aribau-vuelven-al-ciclo-gastronomico-els-oblidats\/\" \/>\n<meta property=\"og:locale\" content=\"ca_ES\" \/>\n<meta property=\"og:type\" content=\"article\" \/>\n<meta property=\"og:title\" content=\"LOS VINOS DE ARIBAU VUELVEN AL CICLO GASTRON\u00d3MICO \u2018ELS OBLIDATS\u2019 - Aribau\" \/>\n<meta property=\"og:description\" content=\"Este viernes 26 de enero arranca de nuevo el ciclo de cenas Els Oblidats en el Museo Mar\u00edtimo de Barcelona. Y Aribau volver\u00e1 a estar presente para acompa\u00f1ar las propuestas gastron\u00f3micas del restaurante Norai. Si en una primera ocasi\u00f3n La Descarada fue la protagonista, esta vez Aribau participa con I Tant blanco, una garnacha blanca ... Llegiu m\u00e9s\" \/>\n<meta property=\"og:url\" content=\"https:\/\/www.aribau.es\/ca\/los-vinos-de-aribau-vuelven-al-ciclo-gastronomico-els-oblidats\/\" \/>\n<meta property=\"og:site_name\" content=\"Aribau\" \/>\n<meta property=\"article:publisher\" content=\"https:\/\/www.facebook.com\/aribau1964\/\" \/>\n<meta property=\"article:published_time\" content=\"2018-01-25T09:01:00+00:00\" \/>\n<meta property=\"article:modified_time\" content=\"2021-04-26T11:45:05+00:00\" \/>\n<meta property=\"og:image\" content=\"https:\/\/www.aribau.es\/wp-content\/uploads\/2017\/05\/sopar-cuina-la-descarada-aribau-02.jpeg\" \/>\n\t<meta property=\"og:image:width\" content=\"1000\" \/>\n\t<meta property=\"og:image:height\" content=\"750\" \/>\n\t<meta property=\"og:image:type\" content=\"image\/jpeg\" \/>\n<meta name=\"author\" content=\"aribau\" \/>\n<meta name=\"twitter:card\" content=\"summary_large_image\" \/>\n<meta name=\"twitter:creator\" content=\"@aribau1964\" \/>\n<meta name=\"twitter:site\" content=\"@aribau1964\" \/>\n<meta name=\"twitter:label1\" content=\"Escrit per\" \/>\n\t<meta name=\"twitter:data1\" content=\"aribau\" \/>\n\t<meta name=\"twitter:label2\" content=\"Temps estimat de lectura\" \/>\n\t<meta name=\"twitter:data2\" content=\"2 minuts\" \/>\n<script type=\"application\/ld+json\" class=\"yoast-schema-graph\">{\"@context\":\"https:\/\/schema.org\",\"@graph\":[{\"@type\":\"Article\",\"@id\":\"https:\/\/www.aribau.es\/los-vinos-de-aribau-vuelven-al-ciclo-gastronomico-els-oblidats\/#article\",\"isPartOf\":{\"@id\":\"https:\/\/www.aribau.es\/los-vinos-de-aribau-vuelven-al-ciclo-gastronomico-els-oblidats\/\"},\"author\":{\"name\":\"aribau\",\"@id\":\"https:\/\/www.aribau.es\/#\/schema\/person\/77a976898b3c705ed016499633f4ffd0\"},\"headline\":\"LOS VINOS DE ARIBAU VUELVEN AL CICLO GASTRON\u00d3MICO \u2018ELS OBLIDATS\u2019\",\"datePublished\":\"2018-01-25T09:01:00+00:00\",\"dateModified\":\"2021-04-26T11:45:05+00:00\",\"mainEntityOfPage\":{\"@id\":\"https:\/\/www.aribau.es\/los-vinos-de-aribau-vuelven-al-ciclo-gastronomico-els-oblidats\/\"},\"wordCount\":316,\"publisher\":{\"@id\":\"https:\/\/www.aribau.es\/#organization\"},\"image\":{\"@id\":\"https:\/\/www.aribau.es\/los-vinos-de-aribau-vuelven-al-ciclo-gastronomico-els-oblidats\/#primaryimage\"},\"thumbnailUrl\":\"https:\/\/www.aribau.es\/wp-content\/uploads\/2017\/05\/sopar-cuina-la-descarada-aribau-02.jpeg\",\"keywords\":[\"I Tant blanco\",\"I tant vins\"],\"articleSection\":[\"Noticias\"],\"inLanguage\":\"ca\"},{\"@type\":\"WebPage\",\"@id\":\"https:\/\/www.aribau.es\/los-vinos-de-aribau-vuelven-al-ciclo-gastronomico-els-oblidats\/\",\"url\":\"https:\/\/www.aribau.es\/los-vinos-de-aribau-vuelven-al-ciclo-gastronomico-els-oblidats\/\",\"name\":\"LOS VINOS DE ARIBAU VUELVEN AL CICLO GASTRON\u00d3MICO \u2018ELS OBLIDATS\u2019 - Aribau\",\"isPartOf\":{\"@id\":\"https:\/\/www.aribau.es\/#website\"},\"primaryImageOfPage\":{\"@id\":\"https:\/\/www.aribau.es\/los-vinos-de-aribau-vuelven-al-ciclo-gastronomico-els-oblidats\/#primaryimage\"},\"image\":{\"@id\":\"https:\/\/www.aribau.es\/los-vinos-de-aribau-vuelven-al-ciclo-gastronomico-els-oblidats\/#primaryimage\"},\"thumbnailUrl\":\"https:\/\/www.aribau.es\/wp-content\/uploads\/2017\/05\/sopar-cuina-la-descarada-aribau-02.jpeg\",\"datePublished\":\"2018-01-25T09:01:00+00:00\",\"dateModified\":\"2021-04-26T11:45:05+00:00\",\"breadcrumb\":{\"@id\":\"https:\/\/www.aribau.es\/los-vinos-de-aribau-vuelven-al-ciclo-gastronomico-els-oblidats\/#breadcrumb\"},\"inLanguage\":\"ca\",\"potentialAction\":[{\"@type\":\"ReadAction\",\"target\":[\"https:\/\/www.aribau.es\/los-vinos-de-aribau-vuelven-al-ciclo-gastronomico-els-oblidats\/\"]}]},{\"@type\":\"ImageObject\",\"inLanguage\":\"ca\",\"@id\":\"https:\/\/www.aribau.es\/los-vinos-de-aribau-vuelven-al-ciclo-gastronomico-els-oblidats\/#primaryimage\",\"url\":\"https:\/\/www.aribau.es\/wp-content\/uploads\/2017\/05\/sopar-cuina-la-descarada-aribau-02.jpeg\",\"contentUrl\":\"https:\/\/www.aribau.es\/wp-content\/uploads\/2017\/05\/sopar-cuina-la-descarada-aribau-02.jpeg\",\"width\":1000,\"height\":750},{\"@type\":\"BreadcrumbList\",\"@id\":\"https:\/\/www.aribau.es\/los-vinos-de-aribau-vuelven-al-ciclo-gastronomico-els-oblidats\/#breadcrumb\",\"itemListElement\":[{\"@type\":\"ListItem\",\"position\":1,\"name\":\"Portada\",\"item\":\"https:\/\/www.aribau.es\/\"},{\"@type\":\"ListItem\",\"position\":2,\"name\":\"LOS VINOS DE ARIBAU VUELVEN AL CICLO GASTRON\u00d3MICO \u2018ELS OBLIDATS\u2019\"}]},{\"@type\":\"WebSite\",\"@id\":\"https:\/\/www.aribau.es\/#website\",\"url\":\"https:\/\/www.aribau.es\/\",\"name\":\"Aribau\",\"description\":\"VINOS Y BODEGAS\",\"publisher\":{\"@id\":\"https:\/\/www.aribau.es\/#organization\"},\"potentialAction\":[{\"@type\":\"SearchAction\",\"target\":{\"@type\":\"EntryPoint\",\"urlTemplate\":\"https:\/\/www.aribau.es\/?s={search_term_string}\"},\"query-input\":{\"@type\":\"PropertyValueSpecification\",\"valueRequired\":true,\"valueName\":\"search_term_string\"}}],\"inLanguage\":\"ca\"},{\"@type\":\"Organization\",\"@id\":\"https:\/\/www.aribau.es\/#organization\",\"name\":\"Aribau\",\"url\":\"https:\/\/www.aribau.es\/\",\"logo\":{\"@type\":\"ImageObject\",\"inLanguage\":\"ca\",\"@id\":\"https:\/\/www.aribau.es\/#\/schema\/logo\/image\/\",\"url\":\"https:\/\/www.aribau.es\/wp-content\/uploads\/2022\/03\/logo.png\",\"contentUrl\":\"https:\/\/www.aribau.es\/wp-content\/uploads\/2022\/03\/logo.png\",\"width\":300,\"height\":300,\"caption\":\"Aribau\"},\"image\":{\"@id\":\"https:\/\/www.aribau.es\/#\/schema\/logo\/image\/\"},\"sameAs\":[\"https:\/\/www.facebook.com\/aribau1964\/\",\"https:\/\/x.com\/aribau1964\",\"https:\/\/www.instagram.com\/aribau1964\/\"]},{\"@type\":\"Person\",\"@id\":\"https:\/\/www.aribau.es\/#\/schema\/person\/77a976898b3c705ed016499633f4ffd0\",\"name\":\"aribau\",\"image\":{\"@type\":\"ImageObject\",\"inLanguage\":\"ca\",\"@id\":\"https:\/\/www.aribau.es\/#\/schema\/person\/image\/\",\"url\":\"https:\/\/secure.gravatar.com\/avatar\/6690491f832d5b32aa9482b978c9464816810fbff0f6658034a34c9d9657b94e?s=96&d=mm&r=g\",\"contentUrl\":\"https:\/\/secure.gravatar.com\/avatar\/6690491f832d5b32aa9482b978c9464816810fbff0f6658034a34c9d9657b94e?s=96&d=mm&r=g\",\"caption\":\"aribau\"},\"url\":\"https:\/\/www.aribau.es\/ca\/author\/aribau\/\"}]}<\/script>\n<!-- \/ Yoast SEO plugin. -->","yoast_head_json":{"title":"LOS VINOS DE ARIBAU VUELVEN AL CICLO GASTRON\u00d3MICO \u2018ELS OBLIDATS\u2019 - Aribau","robots":{"index":"index","follow":"follow","max-snippet":"max-snippet:-1","max-image-preview":"max-image-preview:large","max-video-preview":"max-video-preview:-1"},"canonical":"https:\/\/www.aribau.es\/ca\/los-vinos-de-aribau-vuelven-al-ciclo-gastronomico-els-oblidats\/","og_locale":"ca_ES","og_type":"article","og_title":"LOS VINOS DE ARIBAU VUELVEN AL CICLO GASTRON\u00d3MICO \u2018ELS OBLIDATS\u2019 - Aribau","og_description":"Este viernes 26 de enero arranca de nuevo el ciclo de cenas Els Oblidats en el Museo Mar\u00edtimo de Barcelona. Y Aribau volver\u00e1 a estar presente para acompa\u00f1ar las propuestas gastron\u00f3micas del restaurante Norai. Si en una primera ocasi\u00f3n La Descarada fue la protagonista, esta vez Aribau participa con I Tant blanco, una garnacha blanca ... Llegiu m\u00e9s","og_url":"https:\/\/www.aribau.es\/ca\/los-vinos-de-aribau-vuelven-al-ciclo-gastronomico-els-oblidats\/","og_site_name":"Aribau","article_publisher":"https:\/\/www.facebook.com\/aribau1964\/","article_published_time":"2018-01-25T09:01:00+00:00","article_modified_time":"2021-04-26T11:45:05+00:00","og_image":[{"width":1000,"height":750,"url":"https:\/\/www.aribau.es\/wp-content\/uploads\/2017\/05\/sopar-cuina-la-descarada-aribau-02.jpeg","type":"image\/jpeg"}],"author":"aribau","twitter_card":"summary_large_image","twitter_creator":"@aribau1964","twitter_site":"@aribau1964","twitter_misc":{"Escrit per":"aribau","Temps estimat de lectura":"2 minuts"},"schema":{"@context":"https:\/\/schema.org","@graph":[{"@type":"Article","@id":"https:\/\/www.aribau.es\/los-vinos-de-aribau-vuelven-al-ciclo-gastronomico-els-oblidats\/#article","isPartOf":{"@id":"https:\/\/www.aribau.es\/los-vinos-de-aribau-vuelven-al-ciclo-gastronomico-els-oblidats\/"},"author":{"name":"aribau","@id":"https:\/\/www.aribau.es\/#\/schema\/person\/77a976898b3c705ed016499633f4ffd0"},"headline":"LOS VINOS DE ARIBAU VUELVEN AL CICLO GASTRON\u00d3MICO \u2018ELS OBLIDATS\u2019","datePublished":"2018-01-25T09:01:00+00:00","dateModified":"2021-04-26T11:45:05+00:00","mainEntityOfPage":{"@id":"https:\/\/www.aribau.es\/los-vinos-de-aribau-vuelven-al-ciclo-gastronomico-els-oblidats\/"},"wordCount":316,"publisher":{"@id":"https:\/\/www.aribau.es\/#organization"},"image":{"@id":"https:\/\/www.aribau.es\/los-vinos-de-aribau-vuelven-al-ciclo-gastronomico-els-oblidats\/#primaryimage"},"thumbnailUrl":"https:\/\/www.aribau.es\/wp-content\/uploads\/2017\/05\/sopar-cuina-la-descarada-aribau-02.jpeg","keywords":["I Tant blanco","I tant vins"],"articleSection":["Noticias"],"inLanguage":"ca"},{"@type":"WebPage","@id":"https:\/\/www.aribau.es\/los-vinos-de-aribau-vuelven-al-ciclo-gastronomico-els-oblidats\/","url":"https:\/\/www.aribau.es\/los-vinos-de-aribau-vuelven-al-ciclo-gastronomico-els-oblidats\/","name":"LOS VINOS DE ARIBAU VUELVEN AL CICLO GASTRON\u00d3MICO \u2018ELS OBLIDATS\u2019 - Aribau","isPartOf":{"@id":"https:\/\/www.aribau.es\/#website"},"primaryImageOfPage":{"@id":"https:\/\/www.aribau.es\/los-vinos-de-aribau-vuelven-al-ciclo-gastronomico-els-oblidats\/#primaryimage"},"image":{"@id":"https:\/\/www.aribau.es\/los-vinos-de-aribau-vuelven-al-ciclo-gastronomico-els-oblidats\/#primaryimage"},"thumbnailUrl":"https:\/\/www.aribau.es\/wp-content\/uploads\/2017\/05\/sopar-cuina-la-descarada-aribau-02.jpeg","datePublished":"2018-01-25T09:01:00+00:00","dateModified":"2021-04-26T11:45:05+00:00","breadcrumb":{"@id":"https:\/\/www.aribau.es\/los-vinos-de-aribau-vuelven-al-ciclo-gastronomico-els-oblidats\/#breadcrumb"},"inLanguage":"ca","potentialAction":[{"@type":"ReadAction","target":["https:\/\/www.aribau.es\/los-vinos-de-aribau-vuelven-al-ciclo-gastronomico-els-oblidats\/"]}]},{"@type":"ImageObject","inLanguage":"ca","@id":"https:\/\/www.aribau.es\/los-vinos-de-aribau-vuelven-al-ciclo-gastronomico-els-oblidats\/#primaryimage","url":"https:\/\/www.aribau.es\/wp-content\/uploads\/2017\/05\/sopar-cuina-la-descarada-aribau-02.jpeg","contentUrl":"https:\/\/www.aribau.es\/wp-content\/uploads\/2017\/05\/sopar-cuina-la-descarada-aribau-02.jpeg","width":1000,"height":750},{"@type":"BreadcrumbList","@id":"https:\/\/www.aribau.es\/los-vinos-de-aribau-vuelven-al-ciclo-gastronomico-els-oblidats\/#breadcrumb","itemListElement":[{"@type":"ListItem","position":1,"name":"Portada","item":"https:\/\/www.aribau.es\/"},{"@type":"ListItem","position":2,"name":"LOS VINOS DE ARIBAU VUELVEN AL CICLO GASTRON\u00d3MICO \u2018ELS OBLIDATS\u2019"}]},{"@type":"WebSite","@id":"https:\/\/www.aribau.es\/#website","url":"https:\/\/www.aribau.es\/","name":"Aribau","description":"VINOS Y BODEGAS","publisher":{"@id":"https:\/\/www.aribau.es\/#organization"},"potentialAction":[{"@type":"SearchAction","target":{"@type":"EntryPoint","urlTemplate":"https:\/\/www.aribau.es\/?s={search_term_string}"},"query-input":{"@type":"PropertyValueSpecification","valueRequired":true,"valueName":"search_term_string"}}],"inLanguage":"ca"},{"@type":"Organization","@id":"https:\/\/www.aribau.es\/#organization","name":"Aribau","url":"https:\/\/www.aribau.es\/","logo":{"@type":"ImageObject","inLanguage":"ca","@id":"https:\/\/www.aribau.es\/#\/schema\/logo\/image\/","url":"https:\/\/www.aribau.es\/wp-content\/uploads\/2022\/03\/logo.png","contentUrl":"https:\/\/www.aribau.es\/wp-content\/uploads\/2022\/03\/logo.png","width":300,"height":300,"caption":"Aribau"},"image":{"@id":"https:\/\/www.aribau.es\/#\/schema\/logo\/image\/"},"sameAs":["https:\/\/www.facebook.com\/aribau1964\/","https:\/\/x.com\/aribau1964","https:\/\/www.instagram.com\/aribau1964\/"]},{"@type":"Person","@id":"https:\/\/www.aribau.es\/#\/schema\/person\/77a976898b3c705ed016499633f4ffd0","name":"aribau","image":{"@type":"ImageObject","inLanguage":"ca","@id":"https:\/\/www.aribau.es\/#\/schema\/person\/image\/","url":"https:\/\/secure.gravatar.com\/avatar\/6690491f832d5b32aa9482b978c9464816810fbff0f6658034a34c9d9657b94e?s=96&d=mm&r=g","contentUrl":"https:\/\/secure.gravatar.com\/avatar\/6690491f832d5b32aa9482b978c9464816810fbff0f6658034a34c9d9657b94e?s=96&d=mm&r=g","caption":"aribau"},"url":"https:\/\/www.aribau.es\/ca\/author\/aribau\/"}]}},"_links":{"self":[{"href":"https:\/\/www.aribau.es\/ca\/wp-json\/wp\/v2\/posts\/5691","targetHints":{"allow":["GET"]}}],"collection":[{"href":"https:\/\/www.aribau.es\/ca\/wp-json\/wp\/v2\/posts"}],"about":[{"href":"https:\/\/www.aribau.es\/ca\/wp-json\/wp\/v2\/types\/post"}],"author":[{"embeddable":true,"href":"https:\/\/www.aribau.es\/ca\/wp-json\/wp\/v2\/users\/3"}],"replies":[{"embeddable":true,"href":"https:\/\/www.aribau.es\/ca\/wp-json\/wp\/v2\/comments?post=5691"}],"version-history":[{"count":6,"href":"https:\/\/www.aribau.es\/ca\/wp-json\/wp\/v2\/posts\/5691\/revisions"}],"predecessor-version":[{"id":10129,"href":"https:\/\/www.aribau.es\/ca\/wp-json\/wp\/v2\/posts\/5691\/revisions\/10129"}],"wp:featuredmedia":[{"embeddable":true,"href":"https:\/\/www.aribau.es\/ca\/wp-json\/wp\/v2\/media\/5349"}],"wp:attachment":[{"href":"https:\/\/www.aribau.es\/ca\/wp-json\/wp\/v2\/media?parent=5691"}],"wp:term":[{"taxonomy":"category","embeddable":true,"href":"https:\/\/www.aribau.es\/ca\/wp-json\/wp\/v2\/categories?post=5691"},{"taxonomy":"post_tag","embeddable":true,"href":"https:\/\/www.aribau.es\/ca\/wp-json\/wp\/v2\/tags?post=5691"}],"curies":[{"name":"wp","href":"https:\/\/api.w.org\/{rel}","templated":true}]}}