{"id":5700,"date":"2018-02-08T10:01:49","date_gmt":"2018-02-08T09:01:49","guid":{"rendered":"https:\/\/www.aribau.es\/?p=5700"},"modified":"2021-04-26T12:43:36","modified_gmt":"2021-04-26T11:43:36","slug":"celebra-el-carnaval-con-tronat-nuestro-vino-mas-loco","status":"publish","type":"post","link":"https:\/\/www.aribau.es\/ca\/celebra-el-carnaval-con-tronat-nuestro-vino-mas-loco\/","title":{"rendered":"CELEBRA CARNESTOLTES AMB \u2018TRONAT\u2019, EL NOSTRE VI M\u00c9S BOIG"},"content":{"rendered":"<p>Este fin de semana se celebran los carnavales, posiblemente la fiesta m\u00e1s loca y divertida de todo el a\u00f1o, y de la que disfrutan tanto ni\u00f1os como mayores.<\/p>\n<p>Tambi\u00e9n a los que hacemos Aribau nos gusta esta fiesta y, como siempre, nos gusta celebrarla rodeados de los nuestros y brindando con vino. Y como suele decirse que hay un vino para cada ocasi\u00f3n, estamos convencidos de cu\u00e1l es el m\u00e1s apropiado para este fin de semana: <strong><em>Tronat<\/em>, nuestro vino <em>tocat per la Tramuntana<\/em><\/strong>, y que encontrar\u00e1s en versi\u00f3n blanca o tinta.<\/p>\n<p>100% Garnacha blanca o un cupaje de Merlot, Garnacha y Cari\u00f1ena. Un blanco fresco, expresivo, perfumado y atrevido; o un vino tinto, armonioso, magn\u00e1nimo y distinguido. As\u00ed es <em>Tronat<\/em>, un vino que nace en las fincas ubicadas al pie del parque natural de L\u2019Albera, en la parte norte del Alt Empord\u00e0. Unos terrenos minerales y rocosos donde la Tramontana intensifica su fuerza y descarga intensas lluvias.<\/p>\n<p><!--more--><\/p>\n<p><a href=\"https:\/\/www.aribau.es\/ca\/tronat-blanco\/\" target=\"_blank\" rel=\"noopener\"><strong><em>Tronat<\/em><\/strong><strong>, el blanco<\/strong><\/a><\/p>\n<p>Exquisito y con un n\u00famero limitado de botellas, es un vino marcado por la fuerte personalidad de la Garnacha blanca, que se presenta aqu\u00ed en todo su esplendor. Con notas de frutas dulces y peque\u00f1os toques florales, <em>TRONAT BLANC<\/em> es un vino equilibrado, fresco y sedoso que har\u00e1 las delicias de los amantes del vino blanco con personalidad.<\/p>\n<p><a href=\"https:\/\/www.aribau.es\/ca\/tronat-tinto\/\" target=\"_blank\" rel=\"noopener\"><strong>El tinto de <em>Tronat<\/em><\/strong><\/a><\/p>\n<p>El vino ideal para acompa\u00f1ar carnes rojas, platos de caza o guisados contundentes. Un vino con estructura y complejidad, incluso en los aromas, gracias a la Cari\u00f1ena. El paso por barrica le proporciona un fondo torrefacto y especiado, haci\u00e9ndolo intenso y profundo en el paladar, favoreciendo un final persistente.<\/p>\n<p>Blanco o tinto, dos propuestas diferentes que se adaptan a las preferencias y los gusto de cada uno, y que este fin de semana ser\u00e1n el mejor acompa\u00f1ante para una buena cena despu\u00e9s del desfile. \u00a1Feliz Carnaval!<\/p>","protected":false},"excerpt":{"rendered":"<p>Este fin de semana se celebran los carnavales, posiblemente la fiesta m\u00e1s loca y divertida de todo el a\u00f1o, y de la que disfrutan tanto ni\u00f1os como mayores. Tambi\u00e9n a los que hacemos Aribau nos gusta esta fiesta y, como siempre, nos gusta celebrarla rodeados de los nuestros y brindando con vino. Y como suele &#8230; <a title=\"CELEBRA CARNESTOLTES AMB \u2018TRONAT\u2019, EL NOSTRE VI M\u00c9S BOIG\" class=\"read-more\" href=\"https:\/\/www.aribau.es\/ca\/celebra-el-carnaval-con-tronat-nuestro-vino-mas-loco\/\" aria-label=\"M\u00e9s informaci\u00f3 sobre CELEBRA EL CARNAVAL CON \u2018TRONAT\u2019, NUESTRO VINO M\u00c1S LOCO\">Llegiu m\u00e9s<\/a><\/p>","protected":false},"author":3,"featured_media":4766,"comment_status":"closed","ping_status":"closed","sticky":false,"template":"","format":"standard","meta":{"footnotes":""},"categories":[406],"tags":[342,418,422],"class_list":["post-5700","post","type-post","status-publish","format-standard","has-post-thumbnail","hentry","category-noticias","tag-tronat","tag-tronat-blanco","tag-tronat-tinto"],"yoast_head":"<!-- This site is optimized with the Yoast SEO plugin v26.7 - https:\/\/yoast.com\/wordpress\/plugins\/seo\/ -->\n<title>CELEBRA EL CARNAVAL CON \u2018TRONAT\u2019, NUESTRO VINO M\u00c1S LOCO - Aribau<\/title>\n<meta name=\"robots\" content=\"index, follow, max-snippet:-1, max-image-preview:large, max-video-preview:-1\" \/>\n<link rel=\"canonical\" href=\"https:\/\/www.aribau.es\/ca\/celebra-el-carnaval-con-tronat-nuestro-vino-mas-loco\/\" \/>\n<meta property=\"og:locale\" content=\"ca_ES\" \/>\n<meta property=\"og:type\" content=\"article\" \/>\n<meta property=\"og:title\" content=\"CELEBRA EL CARNAVAL CON \u2018TRONAT\u2019, NUESTRO VINO M\u00c1S LOCO - Aribau\" \/>\n<meta property=\"og:description\" content=\"Este fin de semana se celebran los carnavales, posiblemente la fiesta m\u00e1s loca y divertida de todo el a\u00f1o, y de la que disfrutan tanto ni\u00f1os como mayores. Tambi\u00e9n a los que hacemos Aribau nos gusta esta fiesta y, como siempre, nos gusta celebrarla rodeados de los nuestros y brindando con vino. Y como suele ... Llegiu m\u00e9s\" \/>\n<meta property=\"og:url\" content=\"https:\/\/www.aribau.es\/ca\/celebra-el-carnaval-con-tronat-nuestro-vino-mas-loco\/\" \/>\n<meta property=\"og:site_name\" content=\"Aribau\" \/>\n<meta property=\"article:publisher\" content=\"https:\/\/www.facebook.com\/aribau1964\/\" \/>\n<meta property=\"article:published_time\" content=\"2018-02-08T09:01:49+00:00\" \/>\n<meta property=\"article:modified_time\" content=\"2021-04-26T11:43:36+00:00\" \/>\n<meta property=\"og:image\" content=\"https:\/\/www.aribau.es\/wp-content\/uploads\/2016\/09\/tronat.jpg\" \/>\n\t<meta property=\"og:image:width\" content=\"1000\" \/>\n\t<meta property=\"og:image:height\" content=\"851\" \/>\n\t<meta property=\"og:image:type\" content=\"image\/jpeg\" \/>\n<meta name=\"author\" content=\"aribau\" \/>\n<meta name=\"twitter:card\" content=\"summary_large_image\" \/>\n<meta name=\"twitter:creator\" content=\"@aribau1964\" \/>\n<meta name=\"twitter:site\" content=\"@aribau1964\" \/>\n<meta name=\"twitter:label1\" content=\"Escrit per\" \/>\n\t<meta name=\"twitter:data1\" content=\"aribau\" \/>\n\t<meta name=\"twitter:label2\" content=\"Temps estimat de lectura\" \/>\n\t<meta name=\"twitter:data2\" content=\"2 minuts\" \/>\n<script type=\"application\/ld+json\" class=\"yoast-schema-graph\">{\"@context\":\"https:\/\/schema.org\",\"@graph\":[{\"@type\":\"Article\",\"@id\":\"https:\/\/www.aribau.es\/ca\/celebra-el-carnaval-con-tronat-nuestro-vino-mas-loco\/#article\",\"isPartOf\":{\"@id\":\"https:\/\/www.aribau.es\/ca\/celebra-el-carnaval-con-tronat-nuestro-vino-mas-loco\/\"},\"author\":{\"name\":\"aribau\",\"@id\":\"https:\/\/www.aribau.es\/#\/schema\/person\/77a976898b3c705ed016499633f4ffd0\"},\"headline\":\"CELEBRA EL CARNAVAL CON \u2018TRONAT\u2019, NUESTRO VINO M\u00c1S LOCO\",\"datePublished\":\"2018-02-08T09:01:49+00:00\",\"dateModified\":\"2021-04-26T11:43:36+00:00\",\"mainEntityOfPage\":{\"@id\":\"https:\/\/www.aribau.es\/ca\/celebra-el-carnaval-con-tronat-nuestro-vino-mas-loco\/\"},\"wordCount\":337,\"publisher\":{\"@id\":\"https:\/\/www.aribau.es\/#organization\"},\"image\":{\"@id\":\"https:\/\/www.aribau.es\/ca\/celebra-el-carnaval-con-tronat-nuestro-vino-mas-loco\/#primaryimage\"},\"thumbnailUrl\":\"https:\/\/www.aribau.es\/wp-content\/uploads\/2016\/09\/tronat.jpg\",\"keywords\":[\"Tronat\",\"Tronat Blanco\",\"Tronat tinto\"],\"articleSection\":[\"Noticias\"],\"inLanguage\":\"ca\"},{\"@type\":\"WebPage\",\"@id\":\"https:\/\/www.aribau.es\/ca\/celebra-el-carnaval-con-tronat-nuestro-vino-mas-loco\/\",\"url\":\"https:\/\/www.aribau.es\/ca\/celebra-el-carnaval-con-tronat-nuestro-vino-mas-loco\/\",\"name\":\"CELEBRA EL CARNAVAL CON \u2018TRONAT\u2019, NUESTRO VINO M\u00c1S LOCO - Aribau\",\"isPartOf\":{\"@id\":\"https:\/\/www.aribau.es\/#website\"},\"primaryImageOfPage\":{\"@id\":\"https:\/\/www.aribau.es\/ca\/celebra-el-carnaval-con-tronat-nuestro-vino-mas-loco\/#primaryimage\"},\"image\":{\"@id\":\"https:\/\/www.aribau.es\/ca\/celebra-el-carnaval-con-tronat-nuestro-vino-mas-loco\/#primaryimage\"},\"thumbnailUrl\":\"https:\/\/www.aribau.es\/wp-content\/uploads\/2016\/09\/tronat.jpg\",\"datePublished\":\"2018-02-08T09:01:49+00:00\",\"dateModified\":\"2021-04-26T11:43:36+00:00\",\"breadcrumb\":{\"@id\":\"https:\/\/www.aribau.es\/ca\/celebra-el-carnaval-con-tronat-nuestro-vino-mas-loco\/#breadcrumb\"},\"inLanguage\":\"ca\",\"potentialAction\":[{\"@type\":\"ReadAction\",\"target\":[\"https:\/\/www.aribau.es\/ca\/celebra-el-carnaval-con-tronat-nuestro-vino-mas-loco\/\"]}]},{\"@type\":\"ImageObject\",\"inLanguage\":\"ca\",\"@id\":\"https:\/\/www.aribau.es\/ca\/celebra-el-carnaval-con-tronat-nuestro-vino-mas-loco\/#primaryimage\",\"url\":\"https:\/\/www.aribau.es\/wp-content\/uploads\/2016\/09\/tronat.jpg\",\"contentUrl\":\"https:\/\/www.aribau.es\/wp-content\/uploads\/2016\/09\/tronat.jpg\",\"width\":1000,\"height\":851},{\"@type\":\"BreadcrumbList\",\"@id\":\"https:\/\/www.aribau.es\/ca\/celebra-el-carnaval-con-tronat-nuestro-vino-mas-loco\/#breadcrumb\",\"itemListElement\":[{\"@type\":\"ListItem\",\"position\":1,\"name\":\"Portada\",\"item\":\"https:\/\/www.aribau.es\/\"},{\"@type\":\"ListItem\",\"position\":2,\"name\":\"CELEBRA EL CARNAVAL CON \u2018TRONAT\u2019, NUESTRO VINO M\u00c1S LOCO\"}]},{\"@type\":\"WebSite\",\"@id\":\"https:\/\/www.aribau.es\/#website\",\"url\":\"https:\/\/www.aribau.es\/\",\"name\":\"Aribau\",\"description\":\"VINOS Y BODEGAS\",\"publisher\":{\"@id\":\"https:\/\/www.aribau.es\/#organization\"},\"potentialAction\":[{\"@type\":\"SearchAction\",\"target\":{\"@type\":\"EntryPoint\",\"urlTemplate\":\"https:\/\/www.aribau.es\/?s={search_term_string}\"},\"query-input\":{\"@type\":\"PropertyValueSpecification\",\"valueRequired\":true,\"valueName\":\"search_term_string\"}}],\"inLanguage\":\"ca\"},{\"@type\":\"Organization\",\"@id\":\"https:\/\/www.aribau.es\/#organization\",\"name\":\"Aribau\",\"url\":\"https:\/\/www.aribau.es\/\",\"logo\":{\"@type\":\"ImageObject\",\"inLanguage\":\"ca\",\"@id\":\"https:\/\/www.aribau.es\/#\/schema\/logo\/image\/\",\"url\":\"https:\/\/www.aribau.es\/wp-content\/uploads\/2022\/03\/logo.png\",\"contentUrl\":\"https:\/\/www.aribau.es\/wp-content\/uploads\/2022\/03\/logo.png\",\"width\":300,\"height\":300,\"caption\":\"Aribau\"},\"image\":{\"@id\":\"https:\/\/www.aribau.es\/#\/schema\/logo\/image\/\"},\"sameAs\":[\"https:\/\/www.facebook.com\/aribau1964\/\",\"https:\/\/x.com\/aribau1964\",\"https:\/\/www.instagram.com\/aribau1964\/\"]},{\"@type\":\"Person\",\"@id\":\"https:\/\/www.aribau.es\/#\/schema\/person\/77a976898b3c705ed016499633f4ffd0\",\"name\":\"aribau\",\"image\":{\"@type\":\"ImageObject\",\"inLanguage\":\"ca\",\"@id\":\"https:\/\/www.aribau.es\/#\/schema\/person\/image\/\",\"url\":\"https:\/\/secure.gravatar.com\/avatar\/6690491f832d5b32aa9482b978c9464816810fbff0f6658034a34c9d9657b94e?s=96&d=mm&r=g\",\"contentUrl\":\"https:\/\/secure.gravatar.com\/avatar\/6690491f832d5b32aa9482b978c9464816810fbff0f6658034a34c9d9657b94e?s=96&d=mm&r=g\",\"caption\":\"aribau\"},\"url\":\"https:\/\/www.aribau.es\/ca\/author\/aribau\/\"}]}<\/script>\n<!-- \/ Yoast SEO plugin. -->","yoast_head_json":{"title":"CELEBRA EL CARNAVAL CON \u2018TRONAT\u2019, NUESTRO VINO M\u00c1S LOCO - Aribau","robots":{"index":"index","follow":"follow","max-snippet":"max-snippet:-1","max-image-preview":"max-image-preview:large","max-video-preview":"max-video-preview:-1"},"canonical":"https:\/\/www.aribau.es\/ca\/celebra-el-carnaval-con-tronat-nuestro-vino-mas-loco\/","og_locale":"ca_ES","og_type":"article","og_title":"CELEBRA EL CARNAVAL CON \u2018TRONAT\u2019, NUESTRO VINO M\u00c1S LOCO - Aribau","og_description":"Este fin de semana se celebran los carnavales, posiblemente la fiesta m\u00e1s loca y divertida de todo el a\u00f1o, y de la que disfrutan tanto ni\u00f1os como mayores. Tambi\u00e9n a los que hacemos Aribau nos gusta esta fiesta y, como siempre, nos gusta celebrarla rodeados de los nuestros y brindando con vino. Y como suele ... Llegiu m\u00e9s","og_url":"https:\/\/www.aribau.es\/ca\/celebra-el-carnaval-con-tronat-nuestro-vino-mas-loco\/","og_site_name":"Aribau","article_publisher":"https:\/\/www.facebook.com\/aribau1964\/","article_published_time":"2018-02-08T09:01:49+00:00","article_modified_time":"2021-04-26T11:43:36+00:00","og_image":[{"width":1000,"height":851,"url":"https:\/\/www.aribau.es\/wp-content\/uploads\/2016\/09\/tronat.jpg","type":"image\/jpeg"}],"author":"aribau","twitter_card":"summary_large_image","twitter_creator":"@aribau1964","twitter_site":"@aribau1964","twitter_misc":{"Escrit per":"aribau","Temps estimat de lectura":"2 minuts"},"schema":{"@context":"https:\/\/schema.org","@graph":[{"@type":"Article","@id":"https:\/\/www.aribau.es\/ca\/celebra-el-carnaval-con-tronat-nuestro-vino-mas-loco\/#article","isPartOf":{"@id":"https:\/\/www.aribau.es\/ca\/celebra-el-carnaval-con-tronat-nuestro-vino-mas-loco\/"},"author":{"name":"aribau","@id":"https:\/\/www.aribau.es\/#\/schema\/person\/77a976898b3c705ed016499633f4ffd0"},"headline":"CELEBRA EL CARNAVAL CON \u2018TRONAT\u2019, NUESTRO VINO M\u00c1S LOCO","datePublished":"2018-02-08T09:01:49+00:00","dateModified":"2021-04-26T11:43:36+00:00","mainEntityOfPage":{"@id":"https:\/\/www.aribau.es\/ca\/celebra-el-carnaval-con-tronat-nuestro-vino-mas-loco\/"},"wordCount":337,"publisher":{"@id":"https:\/\/www.aribau.es\/#organization"},"image":{"@id":"https:\/\/www.aribau.es\/ca\/celebra-el-carnaval-con-tronat-nuestro-vino-mas-loco\/#primaryimage"},"thumbnailUrl":"https:\/\/www.aribau.es\/wp-content\/uploads\/2016\/09\/tronat.jpg","keywords":["Tronat","Tronat Blanco","Tronat tinto"],"articleSection":["Noticias"],"inLanguage":"ca"},{"@type":"WebPage","@id":"https:\/\/www.aribau.es\/ca\/celebra-el-carnaval-con-tronat-nuestro-vino-mas-loco\/","url":"https:\/\/www.aribau.es\/ca\/celebra-el-carnaval-con-tronat-nuestro-vino-mas-loco\/","name":"CELEBRA EL CARNAVAL CON \u2018TRONAT\u2019, NUESTRO VINO M\u00c1S LOCO - Aribau","isPartOf":{"@id":"https:\/\/www.aribau.es\/#website"},"primaryImageOfPage":{"@id":"https:\/\/www.aribau.es\/ca\/celebra-el-carnaval-con-tronat-nuestro-vino-mas-loco\/#primaryimage"},"image":{"@id":"https:\/\/www.aribau.es\/ca\/celebra-el-carnaval-con-tronat-nuestro-vino-mas-loco\/#primaryimage"},"thumbnailUrl":"https:\/\/www.aribau.es\/wp-content\/uploads\/2016\/09\/tronat.jpg","datePublished":"2018-02-08T09:01:49+00:00","dateModified":"2021-04-26T11:43:36+00:00","breadcrumb":{"@id":"https:\/\/www.aribau.es\/ca\/celebra-el-carnaval-con-tronat-nuestro-vino-mas-loco\/#breadcrumb"},"inLanguage":"ca","potentialAction":[{"@type":"ReadAction","target":["https:\/\/www.aribau.es\/ca\/celebra-el-carnaval-con-tronat-nuestro-vino-mas-loco\/"]}]},{"@type":"ImageObject","inLanguage":"ca","@id":"https:\/\/www.aribau.es\/ca\/celebra-el-carnaval-con-tronat-nuestro-vino-mas-loco\/#primaryimage","url":"https:\/\/www.aribau.es\/wp-content\/uploads\/2016\/09\/tronat.jpg","contentUrl":"https:\/\/www.aribau.es\/wp-content\/uploads\/2016\/09\/tronat.jpg","width":1000,"height":851},{"@type":"BreadcrumbList","@id":"https:\/\/www.aribau.es\/ca\/celebra-el-carnaval-con-tronat-nuestro-vino-mas-loco\/#breadcrumb","itemListElement":[{"@type":"ListItem","position":1,"name":"Portada","item":"https:\/\/www.aribau.es\/"},{"@type":"ListItem","position":2,"name":"CELEBRA EL CARNAVAL CON \u2018TRONAT\u2019, NUESTRO VINO M\u00c1S LOCO"}]},{"@type":"WebSite","@id":"https:\/\/www.aribau.es\/#website","url":"https:\/\/www.aribau.es\/","name":"Aribau","description":"VINOS Y BODEGAS","publisher":{"@id":"https:\/\/www.aribau.es\/#organization"},"potentialAction":[{"@type":"SearchAction","target":{"@type":"EntryPoint","urlTemplate":"https:\/\/www.aribau.es\/?s={search_term_string}"},"query-input":{"@type":"PropertyValueSpecification","valueRequired":true,"valueName":"search_term_string"}}],"inLanguage":"ca"},{"@type":"Organization","@id":"https:\/\/www.aribau.es\/#organization","name":"Aribau","url":"https:\/\/www.aribau.es\/","logo":{"@type":"ImageObject","inLanguage":"ca","@id":"https:\/\/www.aribau.es\/#\/schema\/logo\/image\/","url":"https:\/\/www.aribau.es\/wp-content\/uploads\/2022\/03\/logo.png","contentUrl":"https:\/\/www.aribau.es\/wp-content\/uploads\/2022\/03\/logo.png","width":300,"height":300,"caption":"Aribau"},"image":{"@id":"https:\/\/www.aribau.es\/#\/schema\/logo\/image\/"},"sameAs":["https:\/\/www.facebook.com\/aribau1964\/","https:\/\/x.com\/aribau1964","https:\/\/www.instagram.com\/aribau1964\/"]},{"@type":"Person","@id":"https:\/\/www.aribau.es\/#\/schema\/person\/77a976898b3c705ed016499633f4ffd0","name":"aribau","image":{"@type":"ImageObject","inLanguage":"ca","@id":"https:\/\/www.aribau.es\/#\/schema\/person\/image\/","url":"https:\/\/secure.gravatar.com\/avatar\/6690491f832d5b32aa9482b978c9464816810fbff0f6658034a34c9d9657b94e?s=96&d=mm&r=g","contentUrl":"https:\/\/secure.gravatar.com\/avatar\/6690491f832d5b32aa9482b978c9464816810fbff0f6658034a34c9d9657b94e?s=96&d=mm&r=g","caption":"aribau"},"url":"https:\/\/www.aribau.es\/ca\/author\/aribau\/"}]}},"_links":{"self":[{"href":"https:\/\/www.aribau.es\/ca\/wp-json\/wp\/v2\/posts\/5700","targetHints":{"allow":["GET"]}}],"collection":[{"href":"https:\/\/www.aribau.es\/ca\/wp-json\/wp\/v2\/posts"}],"about":[{"href":"https:\/\/www.aribau.es\/ca\/wp-json\/wp\/v2\/types\/post"}],"author":[{"embeddable":true,"href":"https:\/\/www.aribau.es\/ca\/wp-json\/wp\/v2\/users\/3"}],"replies":[{"embeddable":true,"href":"https:\/\/www.aribau.es\/ca\/wp-json\/wp\/v2\/comments?post=5700"}],"version-history":[{"count":5,"href":"https:\/\/www.aribau.es\/ca\/wp-json\/wp\/v2\/posts\/5700\/revisions"}],"predecessor-version":[{"id":10125,"href":"https:\/\/www.aribau.es\/ca\/wp-json\/wp\/v2\/posts\/5700\/revisions\/10125"}],"wp:featuredmedia":[{"embeddable":true,"href":"https:\/\/www.aribau.es\/ca\/wp-json\/wp\/v2\/media\/4766"}],"wp:attachment":[{"href":"https:\/\/www.aribau.es\/ca\/wp-json\/wp\/v2\/media?parent=5700"}],"wp:term":[{"taxonomy":"category","embeddable":true,"href":"https:\/\/www.aribau.es\/ca\/wp-json\/wp\/v2\/categories?post=5700"},{"taxonomy":"post_tag","embeddable":true,"href":"https:\/\/www.aribau.es\/ca\/wp-json\/wp\/v2\/tags?post=5700"}],"curies":[{"name":"wp","href":"https:\/\/api.w.org\/{rel}","templated":true}]}}