{"id":5725,"date":"2018-03-01T13:09:19","date_gmt":"2018-03-01T12:09:19","guid":{"rendered":"https:\/\/www.aribau.es\/?p=5725"},"modified":"2021-04-26T12:40:38","modified_gmt":"2021-04-26T11:40:38","slug":"las-denominaciones-de-origen-catalanas-refuerzan-su-liderazgo","status":"publish","type":"post","link":"https:\/\/www.aribau.es\/ca\/las-denominaciones-de-origen-catalanas-refuerzan-su-liderazgo\/","title":{"rendered":"LES DENOMINACIONS D'ORIGEN CATALANES REFORCEN EL SEU LIDERATGE"},"content":{"rendered":"<p>Esta pasada semana conoc\u00edamos los <a href=\"http:\/\/incavi.gencat.cat\/ca\/denominacions-origen-protegides\/dades-estadistiques\/\" target=\"_blank\" rel=\"noopener\">datos del <strong>informe<\/strong> <strong>Nielsen<\/strong><\/a> sobre el consumo de vino, y que es encargado anualmente por el <strong>Instituto Catal\u00e1n de la Vi\u00f1a y el Vino (INCAVI)<\/strong>. Seg\u00fan los datos de este informe, las denominaciones de origen catalanas refuerzan su liderazgo, aumentando su cuota de consumo en el mercado interno en 2,52 puntos, pasando del 33,19% de 2016 al 35,71% en 2017.<\/p>\n<p>Seg\u00fan este informe, pr\u00e1cticamente todas las denominaciones de origen catalanas suben en Catalunya, especialmente a lo que se refiere en el consumo en restaurantes. As\u00ed, pese a que la denominaci\u00f3n de origen m\u00e1s demandada por los consumidores en los restaurantes sigue siendo la Rioja, con un volumen del 27,13%, es seguida ya por dos denominaciones de origen catalanas: la DO Catalunya, con un 11,79% y una subida de 1,25%, y la DO Pened\u00e8s, con un 10,91%, que experimenta una bajada de 0,91%.<\/p>\n<p><!--more--><\/p>\n<p>La DO Pened\u00e8s junto a la DO Empord\u00e0 son las \u00fanicas dos DDOO catalanas que sufren una ligera bajada. El resto de denominaciones de origen experimentan un incremento en la demanda. Es el caso de la DO Terra Alta que, con un 3,45% de cuota de mercado, sube 1,18% puntos; o Costers del Segre que sube 0,03% y se sit\u00faa en un 2,70%. Tambi\u00e9n la DO Montsant sube 0,36 puntos para situarse en un 2,39% de cuota de mercado.<\/p>\n<p>Respecto a la demanda en tiendas, la DO Pened\u00e8s sigue siendo la DO que m\u00e1s se vende, seguida muy de cerca por la DO Catalunya. El resto de las DDOO catalanas aparecen aqu\u00ed s\u00ed m\u00e1s alejadas de las primeras posiciones.<\/p>\n<p>En l\u00edneas generales, las cifras del estudio Nielsen indican que el mercado del vino con denominaci\u00f3n de origen aumenta en Catalunya en un 3,96% en volumen y un 7,68% en valor. Igual de interesantes son los datos que indican que el consumo de vino con denominaci\u00f3n de origen aumenta no s\u00f3lo en Catalunya sino en toda Espa\u00f1a, creciendo m\u00e1s que el consumo de vino sin denominaci\u00f3n de origen. Cifras positivas para el sector, y que animan a seguir trabajando para conseguir que aumenten a\u00f1o tras a\u00f1o.<\/p>","protected":false},"excerpt":{"rendered":"<p>Esta pasada semana conoc\u00edamos los datos del informe Nielsen sobre el consumo de vino, y que es encargado anualmente por el Instituto Catal\u00e1n de la Vi\u00f1a y el Vino (INCAVI). Seg\u00fan los datos de este informe, las denominaciones de origen catalanas refuerzan su liderazgo, aumentando su cuota de consumo en el mercado interno en 2,52 &#8230; <a title=\"LES DENOMINACIONS D&#039;ORIGEN CATALANES REFORCEN EL SEU LIDERATGE\" class=\"read-more\" href=\"https:\/\/www.aribau.es\/ca\/las-denominaciones-de-origen-catalanas-refuerzan-su-liderazgo\/\" aria-label=\"M\u00e9s informaci\u00f3 sobre LAS DENOMINACIONES DE ORIGEN CATALANAS REFUERZAN SU LIDERAZGO\">Llegiu m\u00e9s<\/a><\/p>","protected":false},"author":3,"featured_media":5266,"comment_status":"closed","ping_status":"closed","sticky":false,"template":"","format":"standard","meta":{"footnotes":""},"categories":[406],"tags":[507,361],"class_list":["post-5725","post","type-post","status-publish","format-standard","has-post-thumbnail","hentry","category-noticias","tag-consumo","tag-denominacions-dorigen-catalanes"],"yoast_head":"<!-- This site is optimized with the Yoast SEO plugin v26.7 - https:\/\/yoast.com\/wordpress\/plugins\/seo\/ -->\n<title>LAS DENOMINACIONES DE ORIGEN CATALANAS REFUERZAN SU LIDERAZGO - Aribau<\/title>\n<meta name=\"robots\" content=\"index, follow, max-snippet:-1, max-image-preview:large, max-video-preview:-1\" \/>\n<link rel=\"canonical\" href=\"https:\/\/www.aribau.es\/ca\/las-denominaciones-de-origen-catalanas-refuerzan-su-liderazgo\/\" \/>\n<meta property=\"og:locale\" content=\"ca_ES\" \/>\n<meta property=\"og:type\" content=\"article\" \/>\n<meta property=\"og:title\" content=\"LAS DENOMINACIONES DE ORIGEN CATALANAS REFUERZAN SU LIDERAZGO - Aribau\" \/>\n<meta property=\"og:description\" content=\"Esta pasada semana conoc\u00edamos los datos del informe Nielsen sobre el consumo de vino, y que es encargado anualmente por el Instituto Catal\u00e1n de la Vi\u00f1a y el Vino (INCAVI). Seg\u00fan los datos de este informe, las denominaciones de origen catalanas refuerzan su liderazgo, aumentando su cuota de consumo en el mercado interno en 2,52 ... Llegiu m\u00e9s\" \/>\n<meta property=\"og:url\" content=\"https:\/\/www.aribau.es\/ca\/las-denominaciones-de-origen-catalanas-refuerzan-su-liderazgo\/\" \/>\n<meta property=\"og:site_name\" content=\"Aribau\" \/>\n<meta property=\"article:publisher\" content=\"https:\/\/www.facebook.com\/aribau1964\/\" \/>\n<meta property=\"article:published_time\" content=\"2018-03-01T12:09:19+00:00\" \/>\n<meta property=\"article:modified_time\" content=\"2021-04-26T11:40:38+00:00\" \/>\n<meta property=\"og:image\" content=\"https:\/\/www.aribau.es\/wp-content\/uploads\/2017\/03\/vinos_aribau.jpeg\" \/>\n\t<meta property=\"og:image:width\" content=\"1000\" \/>\n\t<meta property=\"og:image:height\" content=\"700\" \/>\n\t<meta property=\"og:image:type\" content=\"image\/jpeg\" \/>\n<meta name=\"author\" content=\"aribau\" \/>\n<meta name=\"twitter:card\" content=\"summary_large_image\" \/>\n<meta name=\"twitter:creator\" content=\"@aribau1964\" \/>\n<meta name=\"twitter:site\" content=\"@aribau1964\" \/>\n<meta name=\"twitter:label1\" content=\"Escrit per\" \/>\n\t<meta name=\"twitter:data1\" content=\"aribau\" \/>\n\t<meta name=\"twitter:label2\" content=\"Temps estimat de lectura\" \/>\n\t<meta name=\"twitter:data2\" content=\"2 minuts\" \/>\n<script type=\"application\/ld+json\" class=\"yoast-schema-graph\">{\"@context\":\"https:\/\/schema.org\",\"@graph\":[{\"@type\":\"Article\",\"@id\":\"https:\/\/www.aribau.es\/las-denominaciones-de-origen-catalanas-refuerzan-su-liderazgo\/#article\",\"isPartOf\":{\"@id\":\"https:\/\/www.aribau.es\/las-denominaciones-de-origen-catalanas-refuerzan-su-liderazgo\/\"},\"author\":{\"name\":\"aribau\",\"@id\":\"https:\/\/www.aribau.es\/#\/schema\/person\/77a976898b3c705ed016499633f4ffd0\"},\"headline\":\"LAS DENOMINACIONES DE ORIGEN CATALANAS REFUERZAN SU LIDERAZGO\",\"datePublished\":\"2018-03-01T12:09:19+00:00\",\"dateModified\":\"2021-04-26T11:40:38+00:00\",\"mainEntityOfPage\":{\"@id\":\"https:\/\/www.aribau.es\/las-denominaciones-de-origen-catalanas-refuerzan-su-liderazgo\/\"},\"wordCount\":366,\"publisher\":{\"@id\":\"https:\/\/www.aribau.es\/#organization\"},\"image\":{\"@id\":\"https:\/\/www.aribau.es\/las-denominaciones-de-origen-catalanas-refuerzan-su-liderazgo\/#primaryimage\"},\"thumbnailUrl\":\"https:\/\/www.aribau.es\/wp-content\/uploads\/2017\/03\/vinos_aribau.jpeg\",\"keywords\":[\"consumo\",\"Denominacions d\u2019Origen catalanes\"],\"articleSection\":[\"Noticias\"],\"inLanguage\":\"ca\"},{\"@type\":\"WebPage\",\"@id\":\"https:\/\/www.aribau.es\/las-denominaciones-de-origen-catalanas-refuerzan-su-liderazgo\/\",\"url\":\"https:\/\/www.aribau.es\/las-denominaciones-de-origen-catalanas-refuerzan-su-liderazgo\/\",\"name\":\"LAS DENOMINACIONES DE ORIGEN CATALANAS REFUERZAN SU LIDERAZGO - Aribau\",\"isPartOf\":{\"@id\":\"https:\/\/www.aribau.es\/#website\"},\"primaryImageOfPage\":{\"@id\":\"https:\/\/www.aribau.es\/las-denominaciones-de-origen-catalanas-refuerzan-su-liderazgo\/#primaryimage\"},\"image\":{\"@id\":\"https:\/\/www.aribau.es\/las-denominaciones-de-origen-catalanas-refuerzan-su-liderazgo\/#primaryimage\"},\"thumbnailUrl\":\"https:\/\/www.aribau.es\/wp-content\/uploads\/2017\/03\/vinos_aribau.jpeg\",\"datePublished\":\"2018-03-01T12:09:19+00:00\",\"dateModified\":\"2021-04-26T11:40:38+00:00\",\"breadcrumb\":{\"@id\":\"https:\/\/www.aribau.es\/las-denominaciones-de-origen-catalanas-refuerzan-su-liderazgo\/#breadcrumb\"},\"inLanguage\":\"ca\",\"potentialAction\":[{\"@type\":\"ReadAction\",\"target\":[\"https:\/\/www.aribau.es\/las-denominaciones-de-origen-catalanas-refuerzan-su-liderazgo\/\"]}]},{\"@type\":\"ImageObject\",\"inLanguage\":\"ca\",\"@id\":\"https:\/\/www.aribau.es\/las-denominaciones-de-origen-catalanas-refuerzan-su-liderazgo\/#primaryimage\",\"url\":\"https:\/\/www.aribau.es\/wp-content\/uploads\/2017\/03\/vinos_aribau.jpeg\",\"contentUrl\":\"https:\/\/www.aribau.es\/wp-content\/uploads\/2017\/03\/vinos_aribau.jpeg\",\"width\":1000,\"height\":700},{\"@type\":\"BreadcrumbList\",\"@id\":\"https:\/\/www.aribau.es\/las-denominaciones-de-origen-catalanas-refuerzan-su-liderazgo\/#breadcrumb\",\"itemListElement\":[{\"@type\":\"ListItem\",\"position\":1,\"name\":\"Portada\",\"item\":\"https:\/\/www.aribau.es\/\"},{\"@type\":\"ListItem\",\"position\":2,\"name\":\"LAS DENOMINACIONES DE ORIGEN CATALANAS REFUERZAN SU LIDERAZGO\"}]},{\"@type\":\"WebSite\",\"@id\":\"https:\/\/www.aribau.es\/#website\",\"url\":\"https:\/\/www.aribau.es\/\",\"name\":\"Aribau\",\"description\":\"VINOS Y BODEGAS\",\"publisher\":{\"@id\":\"https:\/\/www.aribau.es\/#organization\"},\"potentialAction\":[{\"@type\":\"SearchAction\",\"target\":{\"@type\":\"EntryPoint\",\"urlTemplate\":\"https:\/\/www.aribau.es\/?s={search_term_string}\"},\"query-input\":{\"@type\":\"PropertyValueSpecification\",\"valueRequired\":true,\"valueName\":\"search_term_string\"}}],\"inLanguage\":\"ca\"},{\"@type\":\"Organization\",\"@id\":\"https:\/\/www.aribau.es\/#organization\",\"name\":\"Aribau\",\"url\":\"https:\/\/www.aribau.es\/\",\"logo\":{\"@type\":\"ImageObject\",\"inLanguage\":\"ca\",\"@id\":\"https:\/\/www.aribau.es\/#\/schema\/logo\/image\/\",\"url\":\"https:\/\/www.aribau.es\/wp-content\/uploads\/2022\/03\/logo.png\",\"contentUrl\":\"https:\/\/www.aribau.es\/wp-content\/uploads\/2022\/03\/logo.png\",\"width\":300,\"height\":300,\"caption\":\"Aribau\"},\"image\":{\"@id\":\"https:\/\/www.aribau.es\/#\/schema\/logo\/image\/\"},\"sameAs\":[\"https:\/\/www.facebook.com\/aribau1964\/\",\"https:\/\/x.com\/aribau1964\",\"https:\/\/www.instagram.com\/aribau1964\/\"]},{\"@type\":\"Person\",\"@id\":\"https:\/\/www.aribau.es\/#\/schema\/person\/77a976898b3c705ed016499633f4ffd0\",\"name\":\"aribau\",\"image\":{\"@type\":\"ImageObject\",\"inLanguage\":\"ca\",\"@id\":\"https:\/\/www.aribau.es\/#\/schema\/person\/image\/\",\"url\":\"https:\/\/secure.gravatar.com\/avatar\/6690491f832d5b32aa9482b978c9464816810fbff0f6658034a34c9d9657b94e?s=96&d=mm&r=g\",\"contentUrl\":\"https:\/\/secure.gravatar.com\/avatar\/6690491f832d5b32aa9482b978c9464816810fbff0f6658034a34c9d9657b94e?s=96&d=mm&r=g\",\"caption\":\"aribau\"},\"url\":\"https:\/\/www.aribau.es\/ca\/author\/aribau\/\"}]}<\/script>\n<!-- \/ Yoast SEO plugin. -->","yoast_head_json":{"title":"LAS DENOMINACIONES DE ORIGEN CATALANAS REFUERZAN SU LIDERAZGO - Aribau","robots":{"index":"index","follow":"follow","max-snippet":"max-snippet:-1","max-image-preview":"max-image-preview:large","max-video-preview":"max-video-preview:-1"},"canonical":"https:\/\/www.aribau.es\/ca\/las-denominaciones-de-origen-catalanas-refuerzan-su-liderazgo\/","og_locale":"ca_ES","og_type":"article","og_title":"LAS DENOMINACIONES DE ORIGEN CATALANAS REFUERZAN SU LIDERAZGO - Aribau","og_description":"Esta pasada semana conoc\u00edamos los datos del informe Nielsen sobre el consumo de vino, y que es encargado anualmente por el Instituto Catal\u00e1n de la Vi\u00f1a y el Vino (INCAVI). Seg\u00fan los datos de este informe, las denominaciones de origen catalanas refuerzan su liderazgo, aumentando su cuota de consumo en el mercado interno en 2,52 ... Llegiu m\u00e9s","og_url":"https:\/\/www.aribau.es\/ca\/las-denominaciones-de-origen-catalanas-refuerzan-su-liderazgo\/","og_site_name":"Aribau","article_publisher":"https:\/\/www.facebook.com\/aribau1964\/","article_published_time":"2018-03-01T12:09:19+00:00","article_modified_time":"2021-04-26T11:40:38+00:00","og_image":[{"width":1000,"height":700,"url":"https:\/\/www.aribau.es\/wp-content\/uploads\/2017\/03\/vinos_aribau.jpeg","type":"image\/jpeg"}],"author":"aribau","twitter_card":"summary_large_image","twitter_creator":"@aribau1964","twitter_site":"@aribau1964","twitter_misc":{"Escrit per":"aribau","Temps estimat de lectura":"2 minuts"},"schema":{"@context":"https:\/\/schema.org","@graph":[{"@type":"Article","@id":"https:\/\/www.aribau.es\/las-denominaciones-de-origen-catalanas-refuerzan-su-liderazgo\/#article","isPartOf":{"@id":"https:\/\/www.aribau.es\/las-denominaciones-de-origen-catalanas-refuerzan-su-liderazgo\/"},"author":{"name":"aribau","@id":"https:\/\/www.aribau.es\/#\/schema\/person\/77a976898b3c705ed016499633f4ffd0"},"headline":"LAS DENOMINACIONES DE ORIGEN CATALANAS REFUERZAN SU LIDERAZGO","datePublished":"2018-03-01T12:09:19+00:00","dateModified":"2021-04-26T11:40:38+00:00","mainEntityOfPage":{"@id":"https:\/\/www.aribau.es\/las-denominaciones-de-origen-catalanas-refuerzan-su-liderazgo\/"},"wordCount":366,"publisher":{"@id":"https:\/\/www.aribau.es\/#organization"},"image":{"@id":"https:\/\/www.aribau.es\/las-denominaciones-de-origen-catalanas-refuerzan-su-liderazgo\/#primaryimage"},"thumbnailUrl":"https:\/\/www.aribau.es\/wp-content\/uploads\/2017\/03\/vinos_aribau.jpeg","keywords":["consumo","Denominacions d\u2019Origen catalanes"],"articleSection":["Noticias"],"inLanguage":"ca"},{"@type":"WebPage","@id":"https:\/\/www.aribau.es\/las-denominaciones-de-origen-catalanas-refuerzan-su-liderazgo\/","url":"https:\/\/www.aribau.es\/las-denominaciones-de-origen-catalanas-refuerzan-su-liderazgo\/","name":"LAS DENOMINACIONES DE ORIGEN CATALANAS REFUERZAN SU LIDERAZGO - Aribau","isPartOf":{"@id":"https:\/\/www.aribau.es\/#website"},"primaryImageOfPage":{"@id":"https:\/\/www.aribau.es\/las-denominaciones-de-origen-catalanas-refuerzan-su-liderazgo\/#primaryimage"},"image":{"@id":"https:\/\/www.aribau.es\/las-denominaciones-de-origen-catalanas-refuerzan-su-liderazgo\/#primaryimage"},"thumbnailUrl":"https:\/\/www.aribau.es\/wp-content\/uploads\/2017\/03\/vinos_aribau.jpeg","datePublished":"2018-03-01T12:09:19+00:00","dateModified":"2021-04-26T11:40:38+00:00","breadcrumb":{"@id":"https:\/\/www.aribau.es\/las-denominaciones-de-origen-catalanas-refuerzan-su-liderazgo\/#breadcrumb"},"inLanguage":"ca","potentialAction":[{"@type":"ReadAction","target":["https:\/\/www.aribau.es\/las-denominaciones-de-origen-catalanas-refuerzan-su-liderazgo\/"]}]},{"@type":"ImageObject","inLanguage":"ca","@id":"https:\/\/www.aribau.es\/las-denominaciones-de-origen-catalanas-refuerzan-su-liderazgo\/#primaryimage","url":"https:\/\/www.aribau.es\/wp-content\/uploads\/2017\/03\/vinos_aribau.jpeg","contentUrl":"https:\/\/www.aribau.es\/wp-content\/uploads\/2017\/03\/vinos_aribau.jpeg","width":1000,"height":700},{"@type":"BreadcrumbList","@id":"https:\/\/www.aribau.es\/las-denominaciones-de-origen-catalanas-refuerzan-su-liderazgo\/#breadcrumb","itemListElement":[{"@type":"ListItem","position":1,"name":"Portada","item":"https:\/\/www.aribau.es\/"},{"@type":"ListItem","position":2,"name":"LAS DENOMINACIONES DE ORIGEN CATALANAS REFUERZAN SU LIDERAZGO"}]},{"@type":"WebSite","@id":"https:\/\/www.aribau.es\/#website","url":"https:\/\/www.aribau.es\/","name":"Aribau","description":"VINOS Y BODEGAS","publisher":{"@id":"https:\/\/www.aribau.es\/#organization"},"potentialAction":[{"@type":"SearchAction","target":{"@type":"EntryPoint","urlTemplate":"https:\/\/www.aribau.es\/?s={search_term_string}"},"query-input":{"@type":"PropertyValueSpecification","valueRequired":true,"valueName":"search_term_string"}}],"inLanguage":"ca"},{"@type":"Organization","@id":"https:\/\/www.aribau.es\/#organization","name":"Aribau","url":"https:\/\/www.aribau.es\/","logo":{"@type":"ImageObject","inLanguage":"ca","@id":"https:\/\/www.aribau.es\/#\/schema\/logo\/image\/","url":"https:\/\/www.aribau.es\/wp-content\/uploads\/2022\/03\/logo.png","contentUrl":"https:\/\/www.aribau.es\/wp-content\/uploads\/2022\/03\/logo.png","width":300,"height":300,"caption":"Aribau"},"image":{"@id":"https:\/\/www.aribau.es\/#\/schema\/logo\/image\/"},"sameAs":["https:\/\/www.facebook.com\/aribau1964\/","https:\/\/x.com\/aribau1964","https:\/\/www.instagram.com\/aribau1964\/"]},{"@type":"Person","@id":"https:\/\/www.aribau.es\/#\/schema\/person\/77a976898b3c705ed016499633f4ffd0","name":"aribau","image":{"@type":"ImageObject","inLanguage":"ca","@id":"https:\/\/www.aribau.es\/#\/schema\/person\/image\/","url":"https:\/\/secure.gravatar.com\/avatar\/6690491f832d5b32aa9482b978c9464816810fbff0f6658034a34c9d9657b94e?s=96&d=mm&r=g","contentUrl":"https:\/\/secure.gravatar.com\/avatar\/6690491f832d5b32aa9482b978c9464816810fbff0f6658034a34c9d9657b94e?s=96&d=mm&r=g","caption":"aribau"},"url":"https:\/\/www.aribau.es\/ca\/author\/aribau\/"}]}},"_links":{"self":[{"href":"https:\/\/www.aribau.es\/ca\/wp-json\/wp\/v2\/posts\/5725","targetHints":{"allow":["GET"]}}],"collection":[{"href":"https:\/\/www.aribau.es\/ca\/wp-json\/wp\/v2\/posts"}],"about":[{"href":"https:\/\/www.aribau.es\/ca\/wp-json\/wp\/v2\/types\/post"}],"author":[{"embeddable":true,"href":"https:\/\/www.aribau.es\/ca\/wp-json\/wp\/v2\/users\/3"}],"replies":[{"embeddable":true,"href":"https:\/\/www.aribau.es\/ca\/wp-json\/wp\/v2\/comments?post=5725"}],"version-history":[{"count":4,"href":"https:\/\/www.aribau.es\/ca\/wp-json\/wp\/v2\/posts\/5725\/revisions"}],"predecessor-version":[{"id":10122,"href":"https:\/\/www.aribau.es\/ca\/wp-json\/wp\/v2\/posts\/5725\/revisions\/10122"}],"wp:featuredmedia":[{"embeddable":true,"href":"https:\/\/www.aribau.es\/ca\/wp-json\/wp\/v2\/media\/5266"}],"wp:attachment":[{"href":"https:\/\/www.aribau.es\/ca\/wp-json\/wp\/v2\/media?parent=5725"}],"wp:term":[{"taxonomy":"category","embeddable":true,"href":"https:\/\/www.aribau.es\/ca\/wp-json\/wp\/v2\/categories?post=5725"},{"taxonomy":"post_tag","embeddable":true,"href":"https:\/\/www.aribau.es\/ca\/wp-json\/wp\/v2\/tags?post=5725"}],"curies":[{"name":"wp","href":"https:\/\/api.w.org\/{rel}","templated":true}]}}