{"id":5728,"date":"2018-03-08T10:01:46","date_gmt":"2018-03-08T09:01:46","guid":{"rendered":"https:\/\/www.aribau.es\/?p=5728"},"modified":"2021-04-26T12:39:59","modified_gmt":"2021-04-26T11:39:59","slug":"septima-una-bodega-a-los-pies-de-los-andes","status":"publish","type":"post","link":"https:\/\/www.aribau.es\/ca\/septima-una-bodega-a-los-pies-de-los-andes\/","title":{"rendered":"S\u00c9PTIMA, UNA BODEGA ALS PEUS DELS ANDES"},"content":{"rendered":"<p>La <strong>Bodega S<\/strong><strong>\u00e9<\/strong><strong>ptima<\/strong> recibe este nombre por ser la s\u00e9ptima incorporaci\u00f3n al <a href=\"http:\/\/www.codorniuraventos.com\/es\/bodegas\/septima\" target=\"_blank\" rel=\"noopener\">grupo <strong>Codorn\u00edu Ravent\u00f3s<\/strong><\/a>. Situada en Mendoza (Argentina), la bodega se encuentra a los pies de la cordillera de los Andes, en la regi\u00f3n vin\u00edcola m\u00e1s importante del pa\u00eds.<\/p>\n<p>Las 360 hect\u00e1reas de la bodega se encuentran a m\u00e1s de 1.000 metros sobre el nivel del mar, en una finca que rodea a la bodega al m\u00e1s puro estilo Chateaux franc\u00e9s. Las vi\u00f1as son cuidadas con mimo, de manera manual e individualizada. Adem\u00e1s, al estar tan pr\u00f3ximas a la bodega, se minimiza el tiempo de traslado de la uva, preservando as\u00ed su calidad, y dando lugar a vinos de alta gama, con numerosos reconocimientos en prensa y concursos internacionales.<\/p>\n<p><!--more--><\/p>\n<p><strong>Los vinos<\/strong><\/p>\n<p><strong><em><a href=\"https:\/\/www.aribau.es\/wp-content\/uploads\/2018\/03\/septima-malbec-bodega-septima-aribau.png\"><img decoding=\"async\" class=\"alignleft wp-image-5733\" src=\"https:\/\/www.aribau.es\/wp-content\/uploads\/2018\/03\/septima-malbec-bodega-septima-aribau-148x300.png\" alt=\"\" width=\"111\" height=\"225\" srcset=\"https:\/\/www.aribau.es\/wp-content\/uploads\/2018\/03\/septima-malbec-bodega-septima-aribau-148x300.png 148w, https:\/\/www.aribau.es\/wp-content\/uploads\/2018\/03\/septima-malbec-bodega-septima-aribau.png 246w\" sizes=\"(max-width: 111px) 100vw, 111px\" \/><\/a>S<\/em><\/strong><strong><em>\u00e9<\/em><\/strong><strong><em>ptima Malbec<\/em><\/strong> es un vino tinto elaborado 100% con uva Malbec. Con 6 meses de crianza, es un vino de color rojo rub\u00ed brillante, que presenta aromas como ciruela o higo entremezclados con vainilla. En boca combina densidad, dulzor y ligeros toques minerales, dejando un final largo y persistente. Si duda el compa\u00f1ero ideal para carnes rojas y de caza.<\/p>\n<p>En contraposici\u00f3n encontramos <strong><em>S<\/em><\/strong><strong><em>\u00e9<\/em><\/strong><strong><em>ptima Tard<\/em><\/strong><strong><em>\u00ed<\/em><\/strong><strong><em>o<\/em><\/strong>, un vino dulce con crianza elaborado a base\u00a0de\u00a0<a href=\"https:\/\/www.aribau.es\/wp-content\/uploads\/2018\/03\/septima-tardio-bodega-septima-aribau.jpg\"><img decoding=\"async\" class=\"alignright wp-image-5731\" src=\"https:\/\/www.aribau.es\/wp-content\/uploads\/2018\/03\/septima-tardio-bodega-septima-aribau-74x300.jpg\" alt=\"\" width=\"54\" height=\"219\" srcset=\"https:\/\/www.aribau.es\/wp-content\/uploads\/2018\/03\/septima-tardio-bodega-septima-aribau-74x300.jpg 74w, https:\/\/www.aribau.es\/wp-content\/uploads\/2018\/03\/septima-tardio-bodega-septima-aribau.jpg 157w\" sizes=\"(max-width: 54px) 100vw, 54px\" \/><\/a> Gewurztraminer. Sus aromas recuerdan a rosas blancas y maracuy\u00e1, y en boca resulta elegante, untuoso y frutal, con un final que recuerda a nueces y almendras. Desde la bodega recomiendan servirlo bien fr\u00edo, a unos 10\u00ba, para acompa\u00f1ar una buena onza de chocolate negro.<\/p>\n<p><a href=\"https:\/\/www.aribau.es\/wp-content\/uploads\/2018\/03\/septima-gran-reserva-bodega-septima-aribau.png\"><img decoding=\"async\" class=\"alignleft wp-image-5732\" src=\"https:\/\/www.aribau.es\/wp-content\/uploads\/2018\/03\/septima-gran-reserva-bodega-septima-aribau-105x300.png\" alt=\"\" width=\"86\" height=\"246\" srcset=\"https:\/\/www.aribau.es\/wp-content\/uploads\/2018\/03\/septima-gran-reserva-bodega-septima-aribau-105x300.png 105w, https:\/\/www.aribau.es\/wp-content\/uploads\/2018\/03\/septima-gran-reserva-bodega-septima-aribau.png 279w\" sizes=\"(max-width: 86px) 100vw, 86px\" \/><\/a>Otra de las joyas de la bodega es <strong><em>S<\/em><\/strong><strong><em>\u00e9<\/em><\/strong><strong><em>ptima Gran Reserva<\/em><\/strong>, un vino tinto con 18 meses de crianza y un cupaje de Cabernet Sauvignon, Malbec y Tannat. De aromas elegantes a frutos rojos maduros, especias y toques florales que le aporta el Tannat, este vino de color rojo intenso es un vino de gran volumen, con sabores a tostados combinados con frutas, y con un final largo y persistente. A la hora de servirlo, se recomienda abrir la botella media hora antes para a asegurar una experiencia redonda.<\/p>","protected":false},"excerpt":{"rendered":"<p>La Bodega S\u00e9ptima recibe este nombre por ser la s\u00e9ptima incorporaci\u00f3n al grupo Codorn\u00edu Ravent\u00f3s. Situada en Mendoza (Argentina), la bodega se encuentra a los pies de la cordillera de los Andes, en la regi\u00f3n vin\u00edcola m\u00e1s importante del pa\u00eds. Las 360 hect\u00e1reas de la bodega se encuentran a m\u00e1s de 1.000 metros sobre el &#8230; <a title=\"S\u00c9PTIMA, UNA BODEGA ALS PEUS DELS ANDES\" class=\"read-more\" href=\"https:\/\/www.aribau.es\/ca\/septima-una-bodega-a-los-pies-de-los-andes\/\" aria-label=\"M\u00e9s informaci\u00f3 sobre S\u00c9PTIMA, UNA BODEGA A LOS PIES DE LOS ANDES\">Llegiu m\u00e9s<\/a><\/p>","protected":false},"author":3,"featured_media":0,"comment_status":"closed","ping_status":"closed","sticky":false,"template":"","format":"standard","meta":{"footnotes":""},"categories":[406],"tags":[446,386,415],"class_list":["post-5728","post","type-post","status-publish","format-standard","hentry","category-noticias","tag-bodegas","tag-bodegas-septima","tag-codorniu"],"yoast_head":"<!-- This site is optimized with the Yoast SEO plugin v26.7 - https:\/\/yoast.com\/wordpress\/plugins\/seo\/ -->\n<title>S\u00c9PTIMA, UNA BODEGA A LOS PIES DE LOS ANDES - Aribau<\/title>\n<meta name=\"robots\" content=\"index, follow, max-snippet:-1, max-image-preview:large, max-video-preview:-1\" \/>\n<link rel=\"canonical\" href=\"https:\/\/www.aribau.es\/ca\/septima-una-bodega-a-los-pies-de-los-andes\/\" \/>\n<meta property=\"og:locale\" content=\"ca_ES\" \/>\n<meta property=\"og:type\" content=\"article\" \/>\n<meta property=\"og:title\" content=\"S\u00c9PTIMA, UNA BODEGA A LOS PIES DE LOS ANDES - Aribau\" \/>\n<meta property=\"og:description\" content=\"La Bodega S\u00e9ptima recibe este nombre por ser la s\u00e9ptima incorporaci\u00f3n al grupo Codorn\u00edu Ravent\u00f3s. Situada en Mendoza (Argentina), la bodega se encuentra a los pies de la cordillera de los Andes, en la regi\u00f3n vin\u00edcola m\u00e1s importante del pa\u00eds. Las 360 hect\u00e1reas de la bodega se encuentran a m\u00e1s de 1.000 metros sobre el ... Llegiu m\u00e9s\" \/>\n<meta property=\"og:url\" content=\"https:\/\/www.aribau.es\/ca\/septima-una-bodega-a-los-pies-de-los-andes\/\" \/>\n<meta property=\"og:site_name\" content=\"Aribau\" \/>\n<meta property=\"article:publisher\" content=\"https:\/\/www.facebook.com\/aribau1964\/\" \/>\n<meta property=\"article:published_time\" content=\"2018-03-08T09:01:46+00:00\" \/>\n<meta property=\"article:modified_time\" content=\"2021-04-26T11:39:59+00:00\" \/>\n<meta property=\"og:image\" content=\"https:\/\/www.aribau.es\/wp-content\/uploads\/2016\/03\/septima.png\" \/>\n\t<meta property=\"og:image:width\" content=\"1140\" \/>\n\t<meta property=\"og:image:height\" content=\"713\" \/>\n\t<meta property=\"og:image:type\" content=\"image\/png\" \/>\n<meta name=\"author\" content=\"aribau\" \/>\n<meta name=\"twitter:card\" content=\"summary_large_image\" \/>\n<meta name=\"twitter:creator\" content=\"@aribau1964\" \/>\n<meta name=\"twitter:site\" content=\"@aribau1964\" \/>\n<meta name=\"twitter:label1\" content=\"Escrit per\" \/>\n\t<meta name=\"twitter:data1\" content=\"aribau\" \/>\n\t<meta name=\"twitter:label2\" content=\"Temps estimat de lectura\" \/>\n\t<meta name=\"twitter:data2\" content=\"2 minuts\" \/>\n<script type=\"application\/ld+json\" class=\"yoast-schema-graph\">{\"@context\":\"https:\/\/schema.org\",\"@graph\":[{\"@type\":\"Article\",\"@id\":\"https:\/\/www.aribau.es\/septima-una-bodega-a-los-pies-de-los-andes\/#article\",\"isPartOf\":{\"@id\":\"https:\/\/www.aribau.es\/septima-una-bodega-a-los-pies-de-los-andes\/\"},\"author\":{\"name\":\"aribau\",\"@id\":\"https:\/\/www.aribau.es\/#\/schema\/person\/77a976898b3c705ed016499633f4ffd0\"},\"headline\":\"S\u00c9PTIMA, UNA BODEGA A LOS PIES DE LOS ANDES\",\"datePublished\":\"2018-03-08T09:01:46+00:00\",\"dateModified\":\"2021-04-26T11:39:59+00:00\",\"mainEntityOfPage\":{\"@id\":\"https:\/\/www.aribau.es\/septima-una-bodega-a-los-pies-de-los-andes\/\"},\"wordCount\":357,\"publisher\":{\"@id\":\"https:\/\/www.aribau.es\/#organization\"},\"image\":{\"@id\":\"https:\/\/www.aribau.es\/septima-una-bodega-a-los-pies-de-los-andes\/#primaryimage\"},\"thumbnailUrl\":\"https:\/\/www.aribau.es\/wp-content\/uploads\/2018\/03\/septima-malbec-bodega-septima-aribau-148x300.png\",\"keywords\":[\"Bodegas\",\"Bodegas S\u00e9ptima\",\"Codorn\u00edu\"],\"articleSection\":[\"Noticias\"],\"inLanguage\":\"ca\"},{\"@type\":\"WebPage\",\"@id\":\"https:\/\/www.aribau.es\/septima-una-bodega-a-los-pies-de-los-andes\/\",\"url\":\"https:\/\/www.aribau.es\/septima-una-bodega-a-los-pies-de-los-andes\/\",\"name\":\"S\u00c9PTIMA, UNA BODEGA A LOS PIES DE LOS ANDES - Aribau\",\"isPartOf\":{\"@id\":\"https:\/\/www.aribau.es\/#website\"},\"primaryImageOfPage\":{\"@id\":\"https:\/\/www.aribau.es\/septima-una-bodega-a-los-pies-de-los-andes\/#primaryimage\"},\"image\":{\"@id\":\"https:\/\/www.aribau.es\/septima-una-bodega-a-los-pies-de-los-andes\/#primaryimage\"},\"thumbnailUrl\":\"https:\/\/www.aribau.es\/wp-content\/uploads\/2018\/03\/septima-malbec-bodega-septima-aribau-148x300.png\",\"datePublished\":\"2018-03-08T09:01:46+00:00\",\"dateModified\":\"2021-04-26T11:39:59+00:00\",\"breadcrumb\":{\"@id\":\"https:\/\/www.aribau.es\/septima-una-bodega-a-los-pies-de-los-andes\/#breadcrumb\"},\"inLanguage\":\"ca\",\"potentialAction\":[{\"@type\":\"ReadAction\",\"target\":[\"https:\/\/www.aribau.es\/septima-una-bodega-a-los-pies-de-los-andes\/\"]}]},{\"@type\":\"ImageObject\",\"inLanguage\":\"ca\",\"@id\":\"https:\/\/www.aribau.es\/septima-una-bodega-a-los-pies-de-los-andes\/#primaryimage\",\"url\":\"https:\/\/www.aribau.es\/wp-content\/uploads\/2018\/03\/septima-malbec-bodega-septima-aribau-148x300.png\",\"contentUrl\":\"https:\/\/www.aribau.es\/wp-content\/uploads\/2018\/03\/septima-malbec-bodega-septima-aribau-148x300.png\"},{\"@type\":\"BreadcrumbList\",\"@id\":\"https:\/\/www.aribau.es\/septima-una-bodega-a-los-pies-de-los-andes\/#breadcrumb\",\"itemListElement\":[{\"@type\":\"ListItem\",\"position\":1,\"name\":\"Portada\",\"item\":\"https:\/\/www.aribau.es\/\"},{\"@type\":\"ListItem\",\"position\":2,\"name\":\"S\u00c9PTIMA, UNA BODEGA A LOS PIES DE LOS ANDES\"}]},{\"@type\":\"WebSite\",\"@id\":\"https:\/\/www.aribau.es\/#website\",\"url\":\"https:\/\/www.aribau.es\/\",\"name\":\"Aribau\",\"description\":\"VINOS Y BODEGAS\",\"publisher\":{\"@id\":\"https:\/\/www.aribau.es\/#organization\"},\"potentialAction\":[{\"@type\":\"SearchAction\",\"target\":{\"@type\":\"EntryPoint\",\"urlTemplate\":\"https:\/\/www.aribau.es\/?s={search_term_string}\"},\"query-input\":{\"@type\":\"PropertyValueSpecification\",\"valueRequired\":true,\"valueName\":\"search_term_string\"}}],\"inLanguage\":\"ca\"},{\"@type\":\"Organization\",\"@id\":\"https:\/\/www.aribau.es\/#organization\",\"name\":\"Aribau\",\"url\":\"https:\/\/www.aribau.es\/\",\"logo\":{\"@type\":\"ImageObject\",\"inLanguage\":\"ca\",\"@id\":\"https:\/\/www.aribau.es\/#\/schema\/logo\/image\/\",\"url\":\"https:\/\/www.aribau.es\/wp-content\/uploads\/2022\/03\/logo.png\",\"contentUrl\":\"https:\/\/www.aribau.es\/wp-content\/uploads\/2022\/03\/logo.png\",\"width\":300,\"height\":300,\"caption\":\"Aribau\"},\"image\":{\"@id\":\"https:\/\/www.aribau.es\/#\/schema\/logo\/image\/\"},\"sameAs\":[\"https:\/\/www.facebook.com\/aribau1964\/\",\"https:\/\/x.com\/aribau1964\",\"https:\/\/www.instagram.com\/aribau1964\/\"]},{\"@type\":\"Person\",\"@id\":\"https:\/\/www.aribau.es\/#\/schema\/person\/77a976898b3c705ed016499633f4ffd0\",\"name\":\"aribau\",\"image\":{\"@type\":\"ImageObject\",\"inLanguage\":\"ca\",\"@id\":\"https:\/\/www.aribau.es\/#\/schema\/person\/image\/\",\"url\":\"https:\/\/secure.gravatar.com\/avatar\/6690491f832d5b32aa9482b978c9464816810fbff0f6658034a34c9d9657b94e?s=96&d=mm&r=g\",\"contentUrl\":\"https:\/\/secure.gravatar.com\/avatar\/6690491f832d5b32aa9482b978c9464816810fbff0f6658034a34c9d9657b94e?s=96&d=mm&r=g\",\"caption\":\"aribau\"},\"url\":\"https:\/\/www.aribau.es\/ca\/author\/aribau\/\"}]}<\/script>\n<!-- \/ Yoast SEO plugin. -->","yoast_head_json":{"title":"S\u00c9PTIMA, UNA BODEGA A LOS PIES DE LOS ANDES - Aribau","robots":{"index":"index","follow":"follow","max-snippet":"max-snippet:-1","max-image-preview":"max-image-preview:large","max-video-preview":"max-video-preview:-1"},"canonical":"https:\/\/www.aribau.es\/ca\/septima-una-bodega-a-los-pies-de-los-andes\/","og_locale":"ca_ES","og_type":"article","og_title":"S\u00c9PTIMA, UNA BODEGA A LOS PIES DE LOS ANDES - Aribau","og_description":"La Bodega S\u00e9ptima recibe este nombre por ser la s\u00e9ptima incorporaci\u00f3n al grupo Codorn\u00edu Ravent\u00f3s. Situada en Mendoza (Argentina), la bodega se encuentra a los pies de la cordillera de los Andes, en la regi\u00f3n vin\u00edcola m\u00e1s importante del pa\u00eds. Las 360 hect\u00e1reas de la bodega se encuentran a m\u00e1s de 1.000 metros sobre el ... Llegiu m\u00e9s","og_url":"https:\/\/www.aribau.es\/ca\/septima-una-bodega-a-los-pies-de-los-andes\/","og_site_name":"Aribau","article_publisher":"https:\/\/www.facebook.com\/aribau1964\/","article_published_time":"2018-03-08T09:01:46+00:00","article_modified_time":"2021-04-26T11:39:59+00:00","og_image":[{"width":1140,"height":713,"url":"https:\/\/www.aribau.es\/wp-content\/uploads\/2016\/03\/septima.png","type":"image\/png"}],"author":"aribau","twitter_card":"summary_large_image","twitter_creator":"@aribau1964","twitter_site":"@aribau1964","twitter_misc":{"Escrit per":"aribau","Temps estimat de lectura":"2 minuts"},"schema":{"@context":"https:\/\/schema.org","@graph":[{"@type":"Article","@id":"https:\/\/www.aribau.es\/septima-una-bodega-a-los-pies-de-los-andes\/#article","isPartOf":{"@id":"https:\/\/www.aribau.es\/septima-una-bodega-a-los-pies-de-los-andes\/"},"author":{"name":"aribau","@id":"https:\/\/www.aribau.es\/#\/schema\/person\/77a976898b3c705ed016499633f4ffd0"},"headline":"S\u00c9PTIMA, UNA BODEGA A LOS PIES DE LOS ANDES","datePublished":"2018-03-08T09:01:46+00:00","dateModified":"2021-04-26T11:39:59+00:00","mainEntityOfPage":{"@id":"https:\/\/www.aribau.es\/septima-una-bodega-a-los-pies-de-los-andes\/"},"wordCount":357,"publisher":{"@id":"https:\/\/www.aribau.es\/#organization"},"image":{"@id":"https:\/\/www.aribau.es\/septima-una-bodega-a-los-pies-de-los-andes\/#primaryimage"},"thumbnailUrl":"https:\/\/www.aribau.es\/wp-content\/uploads\/2018\/03\/septima-malbec-bodega-septima-aribau-148x300.png","keywords":["Bodegas","Bodegas S\u00e9ptima","Codorn\u00edu"],"articleSection":["Noticias"],"inLanguage":"ca"},{"@type":"WebPage","@id":"https:\/\/www.aribau.es\/septima-una-bodega-a-los-pies-de-los-andes\/","url":"https:\/\/www.aribau.es\/septima-una-bodega-a-los-pies-de-los-andes\/","name":"S\u00c9PTIMA, UNA BODEGA A LOS PIES DE LOS ANDES - Aribau","isPartOf":{"@id":"https:\/\/www.aribau.es\/#website"},"primaryImageOfPage":{"@id":"https:\/\/www.aribau.es\/septima-una-bodega-a-los-pies-de-los-andes\/#primaryimage"},"image":{"@id":"https:\/\/www.aribau.es\/septima-una-bodega-a-los-pies-de-los-andes\/#primaryimage"},"thumbnailUrl":"https:\/\/www.aribau.es\/wp-content\/uploads\/2018\/03\/septima-malbec-bodega-septima-aribau-148x300.png","datePublished":"2018-03-08T09:01:46+00:00","dateModified":"2021-04-26T11:39:59+00:00","breadcrumb":{"@id":"https:\/\/www.aribau.es\/septima-una-bodega-a-los-pies-de-los-andes\/#breadcrumb"},"inLanguage":"ca","potentialAction":[{"@type":"ReadAction","target":["https:\/\/www.aribau.es\/septima-una-bodega-a-los-pies-de-los-andes\/"]}]},{"@type":"ImageObject","inLanguage":"ca","@id":"https:\/\/www.aribau.es\/septima-una-bodega-a-los-pies-de-los-andes\/#primaryimage","url":"https:\/\/www.aribau.es\/wp-content\/uploads\/2018\/03\/septima-malbec-bodega-septima-aribau-148x300.png","contentUrl":"https:\/\/www.aribau.es\/wp-content\/uploads\/2018\/03\/septima-malbec-bodega-septima-aribau-148x300.png"},{"@type":"BreadcrumbList","@id":"https:\/\/www.aribau.es\/septima-una-bodega-a-los-pies-de-los-andes\/#breadcrumb","itemListElement":[{"@type":"ListItem","position":1,"name":"Portada","item":"https:\/\/www.aribau.es\/"},{"@type":"ListItem","position":2,"name":"S\u00c9PTIMA, UNA BODEGA A LOS PIES DE LOS ANDES"}]},{"@type":"WebSite","@id":"https:\/\/www.aribau.es\/#website","url":"https:\/\/www.aribau.es\/","name":"Aribau","description":"VINOS Y BODEGAS","publisher":{"@id":"https:\/\/www.aribau.es\/#organization"},"potentialAction":[{"@type":"SearchAction","target":{"@type":"EntryPoint","urlTemplate":"https:\/\/www.aribau.es\/?s={search_term_string}"},"query-input":{"@type":"PropertyValueSpecification","valueRequired":true,"valueName":"search_term_string"}}],"inLanguage":"ca"},{"@type":"Organization","@id":"https:\/\/www.aribau.es\/#organization","name":"Aribau","url":"https:\/\/www.aribau.es\/","logo":{"@type":"ImageObject","inLanguage":"ca","@id":"https:\/\/www.aribau.es\/#\/schema\/logo\/image\/","url":"https:\/\/www.aribau.es\/wp-content\/uploads\/2022\/03\/logo.png","contentUrl":"https:\/\/www.aribau.es\/wp-content\/uploads\/2022\/03\/logo.png","width":300,"height":300,"caption":"Aribau"},"image":{"@id":"https:\/\/www.aribau.es\/#\/schema\/logo\/image\/"},"sameAs":["https:\/\/www.facebook.com\/aribau1964\/","https:\/\/x.com\/aribau1964","https:\/\/www.instagram.com\/aribau1964\/"]},{"@type":"Person","@id":"https:\/\/www.aribau.es\/#\/schema\/person\/77a976898b3c705ed016499633f4ffd0","name":"aribau","image":{"@type":"ImageObject","inLanguage":"ca","@id":"https:\/\/www.aribau.es\/#\/schema\/person\/image\/","url":"https:\/\/secure.gravatar.com\/avatar\/6690491f832d5b32aa9482b978c9464816810fbff0f6658034a34c9d9657b94e?s=96&d=mm&r=g","contentUrl":"https:\/\/secure.gravatar.com\/avatar\/6690491f832d5b32aa9482b978c9464816810fbff0f6658034a34c9d9657b94e?s=96&d=mm&r=g","caption":"aribau"},"url":"https:\/\/www.aribau.es\/ca\/author\/aribau\/"}]}},"_links":{"self":[{"href":"https:\/\/www.aribau.es\/ca\/wp-json\/wp\/v2\/posts\/5728","targetHints":{"allow":["GET"]}}],"collection":[{"href":"https:\/\/www.aribau.es\/ca\/wp-json\/wp\/v2\/posts"}],"about":[{"href":"https:\/\/www.aribau.es\/ca\/wp-json\/wp\/v2\/types\/post"}],"author":[{"embeddable":true,"href":"https:\/\/www.aribau.es\/ca\/wp-json\/wp\/v2\/users\/3"}],"replies":[{"embeddable":true,"href":"https:\/\/www.aribau.es\/ca\/wp-json\/wp\/v2\/comments?post=5728"}],"version-history":[{"count":6,"href":"https:\/\/www.aribau.es\/ca\/wp-json\/wp\/v2\/posts\/5728\/revisions"}],"predecessor-version":[{"id":10120,"href":"https:\/\/www.aribau.es\/ca\/wp-json\/wp\/v2\/posts\/5728\/revisions\/10120"}],"wp:attachment":[{"href":"https:\/\/www.aribau.es\/ca\/wp-json\/wp\/v2\/media?parent=5728"}],"wp:term":[{"taxonomy":"category","embeddable":true,"href":"https:\/\/www.aribau.es\/ca\/wp-json\/wp\/v2\/categories?post=5728"},{"taxonomy":"post_tag","embeddable":true,"href":"https:\/\/www.aribau.es\/ca\/wp-json\/wp\/v2\/tags?post=5728"}],"curies":[{"name":"wp","href":"https:\/\/api.w.org\/{rel}","templated":true}]}}