{"id":5759,"date":"2018-04-05T13:56:18","date_gmt":"2018-04-05T12:56:18","guid":{"rendered":"https:\/\/www.aribau.es\/?p=5759"},"modified":"2021-04-26T12:36:22","modified_gmt":"2021-04-26T11:36:22","slug":"celebra-sant-jordi-con-anna-de-codorniu","status":"publish","type":"post","link":"https:\/\/www.aribau.es\/ca\/celebra-sant-jordi-con-anna-de-codorniu\/","title":{"rendered":"CELEBRA SANT JORDI AMB ANNA DE CODORN\u00cdU"},"content":{"rendered":"<p><em><a href=\"http:\/\/www.codorniuraventos.com\/es\" target=\"_blank\" rel=\"noopener\">Codorn\u00edu<\/a><\/em>, la empresa familiar m\u00e1s antigua de Espa\u00f1a y l\u00edder en el sector del cava, acaba de lanzar una edici\u00f3n especial de <em><a href=\"http:\/\/www.annadecodorniu.com\/\" target=\"_blank\" rel=\"noopener\">Anna de Codorn\u00edu<\/a><\/em> para celebrar el pr\u00f3ximo Sant Jordi. Se trata de una botella que une los elementos caracter\u00edsticos del d\u00eda del libro en Catalunya: la rosa y las letras.<\/p>\n<p>La botella, vestida de p\u00e9talos, se puede personalizar con el mensaje que se desee, y en un plazo de 15 d\u00edas se recibir\u00e1 en casa lista para ser regalada a la persona que deseemos. Y todo c\u00f3modamente desde nuestro sof\u00e1 a trav\u00e9s de este <a href=\"https:\/\/www.amigosdelasbodegas.com\/shop\/personaliza-tu-anna.html\">link<\/a>.<\/p>\n<p><!--more--><\/p>\n<p>De esta forma tan especial, <em>Codorn<\/em><em>\u00ed<\/em><em>u<\/em> sigue la misma de l\u00ednea de comunicaci\u00f3n de <a href=\"https:\/\/www.aribau.es\/ca\/algo-maravilloso-va-a-pasar-con-codorniu\/\" target=\"_blank\" rel=\"noopener\">otras campa\u00f1as lanzadas<\/a> con anterioridad con las que trata de romper el t\u00f3pico de la estacionalidad del cava y su asociaci\u00f3n a la \u00e9poca navide\u00f1a. Una botella de cava es apta para celebrar cualquier ocasi\u00f3n y, sin duda, Sant Jordi es siempre un buen momento para brindar por la cultura y, por qu\u00e9 no, por el amor.<\/p>\n<p><strong>Botellas personalizadas<\/strong><\/p>\n<p>Adem\u00e1s de ofrecer la posibilidad de personalizar nuestra botella para Sant Jordi, <em>Codorn<\/em><em>\u00ed<\/em><em>u<\/em> ofrece toda una serie de botellas personalizables para diferentes ocasiones que as\u00ed lo merezcan: una boda, un cumplea\u00f1os, un ascenso o, simplemente, dar las gracias a alguien. <a href=\"https:\/\/www.amigosdelasbodegas.com\/shop\/personaliza-tu-anna.html\" target=\"_blank\" rel=\"noopener\">A trav\u00e9s de su web<\/a> ser\u00e1 posible darle un toque personal a todos nuestros brindis.<\/p>","protected":false},"excerpt":{"rendered":"<p>Codorn\u00edu, la empresa familiar m\u00e1s antigua de Espa\u00f1a y l\u00edder en el sector del cava, acaba de lanzar una edici\u00f3n especial de Anna de Codorn\u00edu para celebrar el pr\u00f3ximo Sant Jordi. Se trata de una botella que une los elementos caracter\u00edsticos del d\u00eda del libro en Catalunya: la rosa y las letras. La botella, vestida &#8230; <a title=\"CELEBRA SANT JORDI AMB ANNA DE CODORN\u00cdU\" class=\"read-more\" href=\"https:\/\/www.aribau.es\/ca\/celebra-sant-jordi-con-anna-de-codorniu\/\" aria-label=\"M\u00e9s informaci\u00f3 sobre CELEBRA SANT JORDI CON ANNA DE CODORN\u00cdU\">Llegiu m\u00e9s<\/a><\/p>","protected":false},"author":3,"featured_media":5760,"comment_status":"closed","ping_status":"closed","sticky":false,"template":"","format":"standard","meta":{"footnotes":""},"categories":[406],"tags":[416,369,415],"class_list":["post-5759","post","type-post","status-publish","format-standard","has-post-thumbnail","hentry","category-noticias","tag-anna-de-codorniu","tag-cava","tag-codorniu"],"yoast_head":"<!-- This site is optimized with the Yoast SEO plugin v26.7 - https:\/\/yoast.com\/wordpress\/plugins\/seo\/ -->\n<title>CELEBRA SANT JORDI CON ANNA DE CODORN\u00cdU - Aribau<\/title>\n<meta name=\"robots\" content=\"index, follow, max-snippet:-1, max-image-preview:large, max-video-preview:-1\" \/>\n<link rel=\"canonical\" href=\"https:\/\/www.aribau.es\/ca\/celebra-sant-jordi-con-anna-de-codorniu\/\" \/>\n<meta property=\"og:locale\" content=\"ca_ES\" \/>\n<meta property=\"og:type\" content=\"article\" \/>\n<meta property=\"og:title\" content=\"CELEBRA SANT JORDI CON ANNA DE CODORN\u00cdU - Aribau\" \/>\n<meta property=\"og:description\" content=\"Codorn\u00edu, la empresa familiar m\u00e1s antigua de Espa\u00f1a y l\u00edder en el sector del cava, acaba de lanzar una edici\u00f3n especial de Anna de Codorn\u00edu para celebrar el pr\u00f3ximo Sant Jordi. Se trata de una botella que une los elementos caracter\u00edsticos del d\u00eda del libro en Catalunya: la rosa y las letras. La botella, vestida ... Llegiu m\u00e9s\" \/>\n<meta property=\"og:url\" content=\"https:\/\/www.aribau.es\/ca\/celebra-sant-jordi-con-anna-de-codorniu\/\" \/>\n<meta property=\"og:site_name\" content=\"Aribau\" \/>\n<meta property=\"article:publisher\" content=\"https:\/\/www.facebook.com\/aribau1964\/\" \/>\n<meta property=\"article:published_time\" content=\"2018-04-05T12:56:18+00:00\" \/>\n<meta property=\"article:modified_time\" content=\"2021-04-26T11:36:22+00:00\" \/>\n<meta property=\"og:image\" content=\"https:\/\/www.aribau.es\/wp-content\/uploads\/2018\/04\/anna-de-codorniu-sant-jordi-aribau.jpg\" \/>\n\t<meta property=\"og:image:width\" content=\"760\" \/>\n\t<meta property=\"og:image:height\" content=\"608\" \/>\n\t<meta property=\"og:image:type\" content=\"image\/jpeg\" \/>\n<meta name=\"author\" content=\"aribau\" \/>\n<meta name=\"twitter:card\" content=\"summary_large_image\" \/>\n<meta name=\"twitter:creator\" content=\"@aribau1964\" \/>\n<meta name=\"twitter:site\" content=\"@aribau1964\" \/>\n<meta name=\"twitter:label1\" content=\"Escrit per\" \/>\n\t<meta name=\"twitter:data1\" content=\"aribau\" \/>\n\t<meta name=\"twitter:label2\" content=\"Temps estimat de lectura\" \/>\n\t<meta name=\"twitter:data2\" content=\"1 minut\" \/>\n<script type=\"application\/ld+json\" class=\"yoast-schema-graph\">{\"@context\":\"https:\/\/schema.org\",\"@graph\":[{\"@type\":\"Article\",\"@id\":\"https:\/\/www.aribau.es\/celebra-sant-jordi-con-anna-de-codorniu\/#article\",\"isPartOf\":{\"@id\":\"https:\/\/www.aribau.es\/celebra-sant-jordi-con-anna-de-codorniu\/\"},\"author\":{\"name\":\"aribau\",\"@id\":\"https:\/\/www.aribau.es\/#\/schema\/person\/77a976898b3c705ed016499633f4ffd0\"},\"headline\":\"CELEBRA SANT JORDI CON ANNA DE CODORN\u00cdU\",\"datePublished\":\"2018-04-05T12:56:18+00:00\",\"dateModified\":\"2021-04-26T11:36:22+00:00\",\"mainEntityOfPage\":{\"@id\":\"https:\/\/www.aribau.es\/celebra-sant-jordi-con-anna-de-codorniu\/\"},\"wordCount\":257,\"publisher\":{\"@id\":\"https:\/\/www.aribau.es\/#organization\"},\"image\":{\"@id\":\"https:\/\/www.aribau.es\/celebra-sant-jordi-con-anna-de-codorniu\/#primaryimage\"},\"thumbnailUrl\":\"https:\/\/www.aribau.es\/wp-content\/uploads\/2018\/04\/anna-de-codorniu-sant-jordi-aribau.jpg\",\"keywords\":[\"Anna de Codorn\u00edu\",\"cava\",\"Codorn\u00edu\"],\"articleSection\":[\"Noticias\"],\"inLanguage\":\"ca\"},{\"@type\":\"WebPage\",\"@id\":\"https:\/\/www.aribau.es\/celebra-sant-jordi-con-anna-de-codorniu\/\",\"url\":\"https:\/\/www.aribau.es\/celebra-sant-jordi-con-anna-de-codorniu\/\",\"name\":\"CELEBRA SANT JORDI CON ANNA DE CODORN\u00cdU - Aribau\",\"isPartOf\":{\"@id\":\"https:\/\/www.aribau.es\/#website\"},\"primaryImageOfPage\":{\"@id\":\"https:\/\/www.aribau.es\/celebra-sant-jordi-con-anna-de-codorniu\/#primaryimage\"},\"image\":{\"@id\":\"https:\/\/www.aribau.es\/celebra-sant-jordi-con-anna-de-codorniu\/#primaryimage\"},\"thumbnailUrl\":\"https:\/\/www.aribau.es\/wp-content\/uploads\/2018\/04\/anna-de-codorniu-sant-jordi-aribau.jpg\",\"datePublished\":\"2018-04-05T12:56:18+00:00\",\"dateModified\":\"2021-04-26T11:36:22+00:00\",\"breadcrumb\":{\"@id\":\"https:\/\/www.aribau.es\/celebra-sant-jordi-con-anna-de-codorniu\/#breadcrumb\"},\"inLanguage\":\"ca\",\"potentialAction\":[{\"@type\":\"ReadAction\",\"target\":[\"https:\/\/www.aribau.es\/celebra-sant-jordi-con-anna-de-codorniu\/\"]}]},{\"@type\":\"ImageObject\",\"inLanguage\":\"ca\",\"@id\":\"https:\/\/www.aribau.es\/celebra-sant-jordi-con-anna-de-codorniu\/#primaryimage\",\"url\":\"https:\/\/www.aribau.es\/wp-content\/uploads\/2018\/04\/anna-de-codorniu-sant-jordi-aribau.jpg\",\"contentUrl\":\"https:\/\/www.aribau.es\/wp-content\/uploads\/2018\/04\/anna-de-codorniu-sant-jordi-aribau.jpg\",\"width\":760,\"height\":608},{\"@type\":\"BreadcrumbList\",\"@id\":\"https:\/\/www.aribau.es\/celebra-sant-jordi-con-anna-de-codorniu\/#breadcrumb\",\"itemListElement\":[{\"@type\":\"ListItem\",\"position\":1,\"name\":\"Portada\",\"item\":\"https:\/\/www.aribau.es\/\"},{\"@type\":\"ListItem\",\"position\":2,\"name\":\"CELEBRA SANT JORDI CON ANNA DE CODORN\u00cdU\"}]},{\"@type\":\"WebSite\",\"@id\":\"https:\/\/www.aribau.es\/#website\",\"url\":\"https:\/\/www.aribau.es\/\",\"name\":\"Aribau\",\"description\":\"VINOS Y BODEGAS\",\"publisher\":{\"@id\":\"https:\/\/www.aribau.es\/#organization\"},\"potentialAction\":[{\"@type\":\"SearchAction\",\"target\":{\"@type\":\"EntryPoint\",\"urlTemplate\":\"https:\/\/www.aribau.es\/?s={search_term_string}\"},\"query-input\":{\"@type\":\"PropertyValueSpecification\",\"valueRequired\":true,\"valueName\":\"search_term_string\"}}],\"inLanguage\":\"ca\"},{\"@type\":\"Organization\",\"@id\":\"https:\/\/www.aribau.es\/#organization\",\"name\":\"Aribau\",\"url\":\"https:\/\/www.aribau.es\/\",\"logo\":{\"@type\":\"ImageObject\",\"inLanguage\":\"ca\",\"@id\":\"https:\/\/www.aribau.es\/#\/schema\/logo\/image\/\",\"url\":\"https:\/\/www.aribau.es\/wp-content\/uploads\/2022\/03\/logo.png\",\"contentUrl\":\"https:\/\/www.aribau.es\/wp-content\/uploads\/2022\/03\/logo.png\",\"width\":300,\"height\":300,\"caption\":\"Aribau\"},\"image\":{\"@id\":\"https:\/\/www.aribau.es\/#\/schema\/logo\/image\/\"},\"sameAs\":[\"https:\/\/www.facebook.com\/aribau1964\/\",\"https:\/\/x.com\/aribau1964\",\"https:\/\/www.instagram.com\/aribau1964\/\"]},{\"@type\":\"Person\",\"@id\":\"https:\/\/www.aribau.es\/#\/schema\/person\/77a976898b3c705ed016499633f4ffd0\",\"name\":\"aribau\",\"image\":{\"@type\":\"ImageObject\",\"inLanguage\":\"ca\",\"@id\":\"https:\/\/www.aribau.es\/#\/schema\/person\/image\/\",\"url\":\"https:\/\/secure.gravatar.com\/avatar\/6690491f832d5b32aa9482b978c9464816810fbff0f6658034a34c9d9657b94e?s=96&d=mm&r=g\",\"contentUrl\":\"https:\/\/secure.gravatar.com\/avatar\/6690491f832d5b32aa9482b978c9464816810fbff0f6658034a34c9d9657b94e?s=96&d=mm&r=g\",\"caption\":\"aribau\"},\"url\":\"https:\/\/www.aribau.es\/ca\/author\/aribau\/\"}]}<\/script>\n<!-- \/ Yoast SEO plugin. -->","yoast_head_json":{"title":"CELEBRA SANT JORDI CON ANNA DE CODORN\u00cdU - Aribau","robots":{"index":"index","follow":"follow","max-snippet":"max-snippet:-1","max-image-preview":"max-image-preview:large","max-video-preview":"max-video-preview:-1"},"canonical":"https:\/\/www.aribau.es\/ca\/celebra-sant-jordi-con-anna-de-codorniu\/","og_locale":"ca_ES","og_type":"article","og_title":"CELEBRA SANT JORDI CON ANNA DE CODORN\u00cdU - Aribau","og_description":"Codorn\u00edu, la empresa familiar m\u00e1s antigua de Espa\u00f1a y l\u00edder en el sector del cava, acaba de lanzar una edici\u00f3n especial de Anna de Codorn\u00edu para celebrar el pr\u00f3ximo Sant Jordi. Se trata de una botella que une los elementos caracter\u00edsticos del d\u00eda del libro en Catalunya: la rosa y las letras. La botella, vestida ... Llegiu m\u00e9s","og_url":"https:\/\/www.aribau.es\/ca\/celebra-sant-jordi-con-anna-de-codorniu\/","og_site_name":"Aribau","article_publisher":"https:\/\/www.facebook.com\/aribau1964\/","article_published_time":"2018-04-05T12:56:18+00:00","article_modified_time":"2021-04-26T11:36:22+00:00","og_image":[{"width":760,"height":608,"url":"https:\/\/www.aribau.es\/wp-content\/uploads\/2018\/04\/anna-de-codorniu-sant-jordi-aribau.jpg","type":"image\/jpeg"}],"author":"aribau","twitter_card":"summary_large_image","twitter_creator":"@aribau1964","twitter_site":"@aribau1964","twitter_misc":{"Escrit per":"aribau","Temps estimat de lectura":"1 minut"},"schema":{"@context":"https:\/\/schema.org","@graph":[{"@type":"Article","@id":"https:\/\/www.aribau.es\/celebra-sant-jordi-con-anna-de-codorniu\/#article","isPartOf":{"@id":"https:\/\/www.aribau.es\/celebra-sant-jordi-con-anna-de-codorniu\/"},"author":{"name":"aribau","@id":"https:\/\/www.aribau.es\/#\/schema\/person\/77a976898b3c705ed016499633f4ffd0"},"headline":"CELEBRA SANT JORDI CON ANNA DE CODORN\u00cdU","datePublished":"2018-04-05T12:56:18+00:00","dateModified":"2021-04-26T11:36:22+00:00","mainEntityOfPage":{"@id":"https:\/\/www.aribau.es\/celebra-sant-jordi-con-anna-de-codorniu\/"},"wordCount":257,"publisher":{"@id":"https:\/\/www.aribau.es\/#organization"},"image":{"@id":"https:\/\/www.aribau.es\/celebra-sant-jordi-con-anna-de-codorniu\/#primaryimage"},"thumbnailUrl":"https:\/\/www.aribau.es\/wp-content\/uploads\/2018\/04\/anna-de-codorniu-sant-jordi-aribau.jpg","keywords":["Anna de Codorn\u00edu","cava","Codorn\u00edu"],"articleSection":["Noticias"],"inLanguage":"ca"},{"@type":"WebPage","@id":"https:\/\/www.aribau.es\/celebra-sant-jordi-con-anna-de-codorniu\/","url":"https:\/\/www.aribau.es\/celebra-sant-jordi-con-anna-de-codorniu\/","name":"CELEBRA SANT JORDI CON ANNA DE CODORN\u00cdU - Aribau","isPartOf":{"@id":"https:\/\/www.aribau.es\/#website"},"primaryImageOfPage":{"@id":"https:\/\/www.aribau.es\/celebra-sant-jordi-con-anna-de-codorniu\/#primaryimage"},"image":{"@id":"https:\/\/www.aribau.es\/celebra-sant-jordi-con-anna-de-codorniu\/#primaryimage"},"thumbnailUrl":"https:\/\/www.aribau.es\/wp-content\/uploads\/2018\/04\/anna-de-codorniu-sant-jordi-aribau.jpg","datePublished":"2018-04-05T12:56:18+00:00","dateModified":"2021-04-26T11:36:22+00:00","breadcrumb":{"@id":"https:\/\/www.aribau.es\/celebra-sant-jordi-con-anna-de-codorniu\/#breadcrumb"},"inLanguage":"ca","potentialAction":[{"@type":"ReadAction","target":["https:\/\/www.aribau.es\/celebra-sant-jordi-con-anna-de-codorniu\/"]}]},{"@type":"ImageObject","inLanguage":"ca","@id":"https:\/\/www.aribau.es\/celebra-sant-jordi-con-anna-de-codorniu\/#primaryimage","url":"https:\/\/www.aribau.es\/wp-content\/uploads\/2018\/04\/anna-de-codorniu-sant-jordi-aribau.jpg","contentUrl":"https:\/\/www.aribau.es\/wp-content\/uploads\/2018\/04\/anna-de-codorniu-sant-jordi-aribau.jpg","width":760,"height":608},{"@type":"BreadcrumbList","@id":"https:\/\/www.aribau.es\/celebra-sant-jordi-con-anna-de-codorniu\/#breadcrumb","itemListElement":[{"@type":"ListItem","position":1,"name":"Portada","item":"https:\/\/www.aribau.es\/"},{"@type":"ListItem","position":2,"name":"CELEBRA SANT JORDI CON ANNA DE CODORN\u00cdU"}]},{"@type":"WebSite","@id":"https:\/\/www.aribau.es\/#website","url":"https:\/\/www.aribau.es\/","name":"Aribau","description":"VINOS Y BODEGAS","publisher":{"@id":"https:\/\/www.aribau.es\/#organization"},"potentialAction":[{"@type":"SearchAction","target":{"@type":"EntryPoint","urlTemplate":"https:\/\/www.aribau.es\/?s={search_term_string}"},"query-input":{"@type":"PropertyValueSpecification","valueRequired":true,"valueName":"search_term_string"}}],"inLanguage":"ca"},{"@type":"Organization","@id":"https:\/\/www.aribau.es\/#organization","name":"Aribau","url":"https:\/\/www.aribau.es\/","logo":{"@type":"ImageObject","inLanguage":"ca","@id":"https:\/\/www.aribau.es\/#\/schema\/logo\/image\/","url":"https:\/\/www.aribau.es\/wp-content\/uploads\/2022\/03\/logo.png","contentUrl":"https:\/\/www.aribau.es\/wp-content\/uploads\/2022\/03\/logo.png","width":300,"height":300,"caption":"Aribau"},"image":{"@id":"https:\/\/www.aribau.es\/#\/schema\/logo\/image\/"},"sameAs":["https:\/\/www.facebook.com\/aribau1964\/","https:\/\/x.com\/aribau1964","https:\/\/www.instagram.com\/aribau1964\/"]},{"@type":"Person","@id":"https:\/\/www.aribau.es\/#\/schema\/person\/77a976898b3c705ed016499633f4ffd0","name":"aribau","image":{"@type":"ImageObject","inLanguage":"ca","@id":"https:\/\/www.aribau.es\/#\/schema\/person\/image\/","url":"https:\/\/secure.gravatar.com\/avatar\/6690491f832d5b32aa9482b978c9464816810fbff0f6658034a34c9d9657b94e?s=96&d=mm&r=g","contentUrl":"https:\/\/secure.gravatar.com\/avatar\/6690491f832d5b32aa9482b978c9464816810fbff0f6658034a34c9d9657b94e?s=96&d=mm&r=g","caption":"aribau"},"url":"https:\/\/www.aribau.es\/ca\/author\/aribau\/"}]}},"_links":{"self":[{"href":"https:\/\/www.aribau.es\/ca\/wp-json\/wp\/v2\/posts\/5759","targetHints":{"allow":["GET"]}}],"collection":[{"href":"https:\/\/www.aribau.es\/ca\/wp-json\/wp\/v2\/posts"}],"about":[{"href":"https:\/\/www.aribau.es\/ca\/wp-json\/wp\/v2\/types\/post"}],"author":[{"embeddable":true,"href":"https:\/\/www.aribau.es\/ca\/wp-json\/wp\/v2\/users\/3"}],"replies":[{"embeddable":true,"href":"https:\/\/www.aribau.es\/ca\/wp-json\/wp\/v2\/comments?post=5759"}],"version-history":[{"count":6,"href":"https:\/\/www.aribau.es\/ca\/wp-json\/wp\/v2\/posts\/5759\/revisions"}],"predecessor-version":[{"id":10112,"href":"https:\/\/www.aribau.es\/ca\/wp-json\/wp\/v2\/posts\/5759\/revisions\/10112"}],"wp:featuredmedia":[{"embeddable":true,"href":"https:\/\/www.aribau.es\/ca\/wp-json\/wp\/v2\/media\/5760"}],"wp:attachment":[{"href":"https:\/\/www.aribau.es\/ca\/wp-json\/wp\/v2\/media?parent=5759"}],"wp:term":[{"taxonomy":"category","embeddable":true,"href":"https:\/\/www.aribau.es\/ca\/wp-json\/wp\/v2\/categories?post=5759"},{"taxonomy":"post_tag","embeddable":true,"href":"https:\/\/www.aribau.es\/ca\/wp-json\/wp\/v2\/tags?post=5759"}],"curies":[{"name":"wp","href":"https:\/\/api.w.org\/{rel}","templated":true}]}}