{"id":5765,"date":"2018-04-12T10:01:05","date_gmt":"2018-04-12T09:01:05","guid":{"rendered":"https:\/\/www.aribau.es\/?p=5765"},"modified":"2021-04-26T12:35:38","modified_gmt":"2021-04-26T11:35:38","slug":"brindamos-con-i-tant-por-la-llegada-del-concurso-internacional-grenaches-du-monde-a-la-terra-alta","status":"publish","type":"post","link":"https:\/\/www.aribau.es\/ca\/brindamos-con-i-tant-por-la-llegada-del-concurso-internacional-grenaches-du-monde-a-la-terra-alta\/","title":{"rendered":"BRINDEM AMB \u2018I TANT\u2019 PER L'ARRIBADA DEL CONCURSO INTERNACIONAL GRENACHES DU MONDE A LA TERRA ALTA"},"content":{"rendered":"<p>Esta semana se est\u00e1 celebrando la sexta edici\u00f3n del concurso internacional <em>Grenaches du Monde<\/em>, que este a\u00f1o tiene como sede oficial la Denominaci\u00f3n de Origen Terra Alta.<\/p>\n<p>El concurso <em>Grenaches du Monde<\/em> es un proyecto iniciado por el Consejo Regulador de los Vinos de Rosell\u00f3n que, tras tres ediciones celebradas en Francia, ha comenzado a viajar por las diferentes zonas productoras de garnacha.<\/p>\n<p>En 2016 el concurso llegaba a la Denominaci\u00f3n de Origen Campo de Borja, donde fue celebrado por todo lo alto. El pasado a\u00f1o, la sede se traslad\u00f3 hasta Cerde\u00f1a, y este a\u00f1o la Denominaci\u00f3n de Origen que lo acoge es la catalana DO Terra Alta, una de las cuatro DDOO garnacheras catalanas junto a Empord\u00e0, Monstant y Priorat.<\/p>\n<p><!--more--><\/p>\n<p>Desde Aribau, como fans de la garnacha que somos, no quer\u00edamos dejar de sumarnos a este evento internacional. Y lo hacemos brindando con dos de nuestras mejores garnachas: <a href=\"https:\/\/www.aribau.es\/ca\/i-tant-un-vino-fruto-de-la-garnacha-tinta-del-montsant\/\" target=\"_blank\" rel=\"noopener\"><em>I Tant<\/em> <em>tinto<\/em><\/a>, a base de garnacha tinta; e <em><a href=\"https:\/\/www.aribau.es\/ca\/i-tant-blanco-el-primero-de-una-familia-de-vinos-arraigados-al-territorio\/\" target=\"_blank\" rel=\"noopener\">I Tant blanco<\/a><\/em>, una aut\u00e9ntica garnacha blanca de la Terra Alta.<em><strong><br \/>\n<a href=\"https:\/\/www.aribau.es\/wp-content\/uploads\/2014\/06\/itant_02.jpg\"><img fetchpriority=\"high\" decoding=\"async\" class=\"aligncenter size-full wp-image-3614\" src=\"https:\/\/www.aribau.es\/wp-content\/uploads\/2014\/06\/itant_02.jpg\" alt=\"\" width=\"460\" height=\"605\" \/><\/a><\/strong><\/em><\/p>\n<p><em><strong>I Tant tinto<\/strong><\/em><\/p>\n<p><em>I Tant tinto<\/em> es un vino con Denominaci\u00f3n de Origen Montsant. Es un vino de color granate intenso, con tonos viol\u00e1ceos. En nariz presenta una explosi\u00f3n arom\u00e1tica de frutos rojos, as\u00ed como toques anisados que recuerdan al hinojo, una planta t\u00edpica del sotobosque mediterr\u00e1neo. En boca resulta afrutado, con predominio de fruta roja, y con una entrada suave y limpia. Si hablamos de maridajes, es el acompa\u00f1ante perfecto para carnes, desde un cordero asado hasta carnes blancas con salsas o estofados.<\/p>\n<p><em><strong>I Tant blanco<\/strong><\/em><\/p>\n<p>Este 100% Garnacha blanca de la Terra Alta es un vino que presenta un color amarillo de baja intensidad. En boca, es f\u00e1cil encontrar los toques de fruta blanca como la pera, y el recuerdo de frutas de hueso como el melocot\u00f3n o el albaricoque. A la hora de maridarlo es ideal para acompa\u00f1ar un arroz mar y monta\u00f1a, o unas sardinas marinadas. Y, claro, es el vino perfecto para brindar por esta gran oportunidad que representa poder organizar un concurso mundial como es el <em>Grenaches du Monde<\/em>.<\/p>","protected":false},"excerpt":{"rendered":"<p>Esta semana se est\u00e1 celebrando la sexta edici\u00f3n del concurso internacional Grenaches du Monde, que este a\u00f1o tiene como sede oficial la Denominaci\u00f3n de Origen Terra Alta. El concurso Grenaches du Monde es un proyecto iniciado por el Consejo Regulador de los Vinos de Rosell\u00f3n que, tras tres ediciones celebradas en Francia, ha comenzado a &#8230; <a title=\"BRINDEM AMB \u2018I TANT\u2019 PER L&#039;ARRIBADA DEL CONCURSO INTERNACIONAL GRENACHES DU MONDE A LA TERRA ALTA\" class=\"read-more\" href=\"https:\/\/www.aribau.es\/ca\/brindamos-con-i-tant-por-la-llegada-del-concurso-internacional-grenaches-du-monde-a-la-terra-alta\/\" aria-label=\"M\u00e9s informaci\u00f3 sobre BRINDAMOS CON \u2018I TANT\u2019 POR LA LLEGADA DEL CONCURSO INTERNACIONAL GRENACHES DU MONDE A LA TERRA ALTA\">Llegiu m\u00e9s<\/a><\/p>","protected":false},"author":3,"featured_media":5767,"comment_status":"closed","ping_status":"closed","sticky":false,"template":"","format":"standard","meta":{"footnotes":""},"categories":[406],"tags":[],"class_list":["post-5765","post","type-post","status-publish","format-standard","has-post-thumbnail","hentry","category-noticias"],"yoast_head":"<!-- This site is optimized with the Yoast SEO plugin v26.7 - https:\/\/yoast.com\/wordpress\/plugins\/seo\/ -->\n<title>BRINDAMOS CON \u2018I TANT\u2019 POR LA LLEGADA DEL CONCURSO INTERNACIONAL GRENACHES DU MONDE A LA TERRA ALTA - Aribau<\/title>\n<meta name=\"robots\" content=\"index, follow, max-snippet:-1, max-image-preview:large, max-video-preview:-1\" \/>\n<link rel=\"canonical\" href=\"https:\/\/www.aribau.es\/ca\/brindamos-con-i-tant-por-la-llegada-del-concurso-internacional-grenaches-du-monde-a-la-terra-alta\/\" \/>\n<meta property=\"og:locale\" content=\"ca_ES\" \/>\n<meta property=\"og:type\" content=\"article\" \/>\n<meta property=\"og:title\" content=\"BRINDAMOS CON \u2018I TANT\u2019 POR LA LLEGADA DEL CONCURSO INTERNACIONAL GRENACHES DU MONDE A LA TERRA ALTA - Aribau\" \/>\n<meta property=\"og:description\" content=\"Esta semana se est\u00e1 celebrando la sexta edici\u00f3n del concurso internacional Grenaches du Monde, que este a\u00f1o tiene como sede oficial la Denominaci\u00f3n de Origen Terra Alta. El concurso Grenaches du Monde es un proyecto iniciado por el Consejo Regulador de los Vinos de Rosell\u00f3n que, tras tres ediciones celebradas en Francia, ha comenzado a ... Llegiu m\u00e9s\" \/>\n<meta property=\"og:url\" content=\"https:\/\/www.aribau.es\/ca\/brindamos-con-i-tant-por-la-llegada-del-concurso-internacional-grenaches-du-monde-a-la-terra-alta\/\" \/>\n<meta property=\"og:site_name\" content=\"Aribau\" \/>\n<meta property=\"article:publisher\" content=\"https:\/\/www.facebook.com\/aribau1964\/\" \/>\n<meta property=\"article:published_time\" content=\"2018-04-12T09:01:05+00:00\" \/>\n<meta property=\"article:modified_time\" content=\"2021-04-26T11:35:38+00:00\" \/>\n<meta property=\"og:image\" content=\"https:\/\/www.aribau.es\/wp-content\/uploads\/2018\/04\/concurso-garnachas-aribau.jpg\" \/>\n\t<meta property=\"og:image:width\" content=\"1000\" \/>\n\t<meta property=\"og:image:height\" content=\"1151\" \/>\n\t<meta property=\"og:image:type\" content=\"image\/jpeg\" \/>\n<meta name=\"author\" content=\"aribau\" \/>\n<meta name=\"twitter:card\" content=\"summary_large_image\" \/>\n<meta name=\"twitter:creator\" content=\"@aribau1964\" \/>\n<meta name=\"twitter:site\" content=\"@aribau1964\" \/>\n<meta name=\"twitter:label1\" content=\"Escrit per\" \/>\n\t<meta name=\"twitter:data1\" content=\"aribau\" \/>\n\t<meta name=\"twitter:label2\" content=\"Temps estimat de lectura\" \/>\n\t<meta name=\"twitter:data2\" content=\"2 minuts\" \/>\n<script type=\"application\/ld+json\" class=\"yoast-schema-graph\">{\"@context\":\"https:\/\/schema.org\",\"@graph\":[{\"@type\":\"Article\",\"@id\":\"https:\/\/www.aribau.es\/ca\/brindamos-con-i-tant-por-la-llegada-del-concurso-internacional-grenaches-du-monde-a-la-terra-alta\/#article\",\"isPartOf\":{\"@id\":\"https:\/\/www.aribau.es\/ca\/brindamos-con-i-tant-por-la-llegada-del-concurso-internacional-grenaches-du-monde-a-la-terra-alta\/\"},\"author\":{\"name\":\"aribau\",\"@id\":\"https:\/\/www.aribau.es\/#\/schema\/person\/77a976898b3c705ed016499633f4ffd0\"},\"headline\":\"BRINDAMOS CON \u2018I TANT\u2019 POR LA LLEGADA DEL CONCURSO INTERNACIONAL GRENACHES DU MONDE A LA TERRA ALTA\",\"datePublished\":\"2018-04-12T09:01:05+00:00\",\"dateModified\":\"2021-04-26T11:35:38+00:00\",\"mainEntityOfPage\":{\"@id\":\"https:\/\/www.aribau.es\/ca\/brindamos-con-i-tant-por-la-llegada-del-concurso-internacional-grenaches-du-monde-a-la-terra-alta\/\"},\"wordCount\":381,\"publisher\":{\"@id\":\"https:\/\/www.aribau.es\/#organization\"},\"image\":{\"@id\":\"https:\/\/www.aribau.es\/ca\/brindamos-con-i-tant-por-la-llegada-del-concurso-internacional-grenaches-du-monde-a-la-terra-alta\/#primaryimage\"},\"thumbnailUrl\":\"https:\/\/www.aribau.es\/wp-content\/uploads\/2018\/04\/concurso-garnachas-aribau.jpg\",\"articleSection\":[\"Noticias\"],\"inLanguage\":\"ca\"},{\"@type\":\"WebPage\",\"@id\":\"https:\/\/www.aribau.es\/ca\/brindamos-con-i-tant-por-la-llegada-del-concurso-internacional-grenaches-du-monde-a-la-terra-alta\/\",\"url\":\"https:\/\/www.aribau.es\/ca\/brindamos-con-i-tant-por-la-llegada-del-concurso-internacional-grenaches-du-monde-a-la-terra-alta\/\",\"name\":\"BRINDAMOS CON \u2018I TANT\u2019 POR LA LLEGADA DEL CONCURSO INTERNACIONAL GRENACHES DU MONDE A LA TERRA ALTA - Aribau\",\"isPartOf\":{\"@id\":\"https:\/\/www.aribau.es\/#website\"},\"primaryImageOfPage\":{\"@id\":\"https:\/\/www.aribau.es\/ca\/brindamos-con-i-tant-por-la-llegada-del-concurso-internacional-grenaches-du-monde-a-la-terra-alta\/#primaryimage\"},\"image\":{\"@id\":\"https:\/\/www.aribau.es\/ca\/brindamos-con-i-tant-por-la-llegada-del-concurso-internacional-grenaches-du-monde-a-la-terra-alta\/#primaryimage\"},\"thumbnailUrl\":\"https:\/\/www.aribau.es\/wp-content\/uploads\/2018\/04\/concurso-garnachas-aribau.jpg\",\"datePublished\":\"2018-04-12T09:01:05+00:00\",\"dateModified\":\"2021-04-26T11:35:38+00:00\",\"breadcrumb\":{\"@id\":\"https:\/\/www.aribau.es\/ca\/brindamos-con-i-tant-por-la-llegada-del-concurso-internacional-grenaches-du-monde-a-la-terra-alta\/#breadcrumb\"},\"inLanguage\":\"ca\",\"potentialAction\":[{\"@type\":\"ReadAction\",\"target\":[\"https:\/\/www.aribau.es\/ca\/brindamos-con-i-tant-por-la-llegada-del-concurso-internacional-grenaches-du-monde-a-la-terra-alta\/\"]}]},{\"@type\":\"ImageObject\",\"inLanguage\":\"ca\",\"@id\":\"https:\/\/www.aribau.es\/ca\/brindamos-con-i-tant-por-la-llegada-del-concurso-internacional-grenaches-du-monde-a-la-terra-alta\/#primaryimage\",\"url\":\"https:\/\/www.aribau.es\/wp-content\/uploads\/2018\/04\/concurso-garnachas-aribau.jpg\",\"contentUrl\":\"https:\/\/www.aribau.es\/wp-content\/uploads\/2018\/04\/concurso-garnachas-aribau.jpg\",\"width\":1000,\"height\":1151},{\"@type\":\"BreadcrumbList\",\"@id\":\"https:\/\/www.aribau.es\/ca\/brindamos-con-i-tant-por-la-llegada-del-concurso-internacional-grenaches-du-monde-a-la-terra-alta\/#breadcrumb\",\"itemListElement\":[{\"@type\":\"ListItem\",\"position\":1,\"name\":\"Portada\",\"item\":\"https:\/\/www.aribau.es\/\"},{\"@type\":\"ListItem\",\"position\":2,\"name\":\"BRINDAMOS CON \u2018I TANT\u2019 POR LA LLEGADA DEL CONCURSO INTERNACIONAL GRENACHES DU MONDE A LA TERRA ALTA\"}]},{\"@type\":\"WebSite\",\"@id\":\"https:\/\/www.aribau.es\/#website\",\"url\":\"https:\/\/www.aribau.es\/\",\"name\":\"Aribau\",\"description\":\"VINOS Y BODEGAS\",\"publisher\":{\"@id\":\"https:\/\/www.aribau.es\/#organization\"},\"potentialAction\":[{\"@type\":\"SearchAction\",\"target\":{\"@type\":\"EntryPoint\",\"urlTemplate\":\"https:\/\/www.aribau.es\/?s={search_term_string}\"},\"query-input\":{\"@type\":\"PropertyValueSpecification\",\"valueRequired\":true,\"valueName\":\"search_term_string\"}}],\"inLanguage\":\"ca\"},{\"@type\":\"Organization\",\"@id\":\"https:\/\/www.aribau.es\/#organization\",\"name\":\"Aribau\",\"url\":\"https:\/\/www.aribau.es\/\",\"logo\":{\"@type\":\"ImageObject\",\"inLanguage\":\"ca\",\"@id\":\"https:\/\/www.aribau.es\/#\/schema\/logo\/image\/\",\"url\":\"https:\/\/www.aribau.es\/wp-content\/uploads\/2022\/03\/logo.png\",\"contentUrl\":\"https:\/\/www.aribau.es\/wp-content\/uploads\/2022\/03\/logo.png\",\"width\":300,\"height\":300,\"caption\":\"Aribau\"},\"image\":{\"@id\":\"https:\/\/www.aribau.es\/#\/schema\/logo\/image\/\"},\"sameAs\":[\"https:\/\/www.facebook.com\/aribau1964\/\",\"https:\/\/x.com\/aribau1964\",\"https:\/\/www.instagram.com\/aribau1964\/\"]},{\"@type\":\"Person\",\"@id\":\"https:\/\/www.aribau.es\/#\/schema\/person\/77a976898b3c705ed016499633f4ffd0\",\"name\":\"aribau\",\"image\":{\"@type\":\"ImageObject\",\"inLanguage\":\"ca\",\"@id\":\"https:\/\/www.aribau.es\/#\/schema\/person\/image\/\",\"url\":\"https:\/\/secure.gravatar.com\/avatar\/6690491f832d5b32aa9482b978c9464816810fbff0f6658034a34c9d9657b94e?s=96&d=mm&r=g\",\"contentUrl\":\"https:\/\/secure.gravatar.com\/avatar\/6690491f832d5b32aa9482b978c9464816810fbff0f6658034a34c9d9657b94e?s=96&d=mm&r=g\",\"caption\":\"aribau\"},\"url\":\"https:\/\/www.aribau.es\/ca\/author\/aribau\/\"}]}<\/script>\n<!-- \/ Yoast SEO plugin. -->","yoast_head_json":{"title":"BRINDAMOS CON \u2018I TANT\u2019 POR LA LLEGADA DEL CONCURSO INTERNACIONAL GRENACHES DU MONDE A LA TERRA ALTA - Aribau","robots":{"index":"index","follow":"follow","max-snippet":"max-snippet:-1","max-image-preview":"max-image-preview:large","max-video-preview":"max-video-preview:-1"},"canonical":"https:\/\/www.aribau.es\/ca\/brindamos-con-i-tant-por-la-llegada-del-concurso-internacional-grenaches-du-monde-a-la-terra-alta\/","og_locale":"ca_ES","og_type":"article","og_title":"BRINDAMOS CON \u2018I TANT\u2019 POR LA LLEGADA DEL CONCURSO INTERNACIONAL GRENACHES DU MONDE A LA TERRA ALTA - Aribau","og_description":"Esta semana se est\u00e1 celebrando la sexta edici\u00f3n del concurso internacional Grenaches du Monde, que este a\u00f1o tiene como sede oficial la Denominaci\u00f3n de Origen Terra Alta. El concurso Grenaches du Monde es un proyecto iniciado por el Consejo Regulador de los Vinos de Rosell\u00f3n que, tras tres ediciones celebradas en Francia, ha comenzado a ... Llegiu m\u00e9s","og_url":"https:\/\/www.aribau.es\/ca\/brindamos-con-i-tant-por-la-llegada-del-concurso-internacional-grenaches-du-monde-a-la-terra-alta\/","og_site_name":"Aribau","article_publisher":"https:\/\/www.facebook.com\/aribau1964\/","article_published_time":"2018-04-12T09:01:05+00:00","article_modified_time":"2021-04-26T11:35:38+00:00","og_image":[{"width":1000,"height":1151,"url":"https:\/\/www.aribau.es\/wp-content\/uploads\/2018\/04\/concurso-garnachas-aribau.jpg","type":"image\/jpeg"}],"author":"aribau","twitter_card":"summary_large_image","twitter_creator":"@aribau1964","twitter_site":"@aribau1964","twitter_misc":{"Escrit per":"aribau","Temps estimat de lectura":"2 minuts"},"schema":{"@context":"https:\/\/schema.org","@graph":[{"@type":"Article","@id":"https:\/\/www.aribau.es\/ca\/brindamos-con-i-tant-por-la-llegada-del-concurso-internacional-grenaches-du-monde-a-la-terra-alta\/#article","isPartOf":{"@id":"https:\/\/www.aribau.es\/ca\/brindamos-con-i-tant-por-la-llegada-del-concurso-internacional-grenaches-du-monde-a-la-terra-alta\/"},"author":{"name":"aribau","@id":"https:\/\/www.aribau.es\/#\/schema\/person\/77a976898b3c705ed016499633f4ffd0"},"headline":"BRINDAMOS CON \u2018I TANT\u2019 POR LA LLEGADA DEL CONCURSO INTERNACIONAL GRENACHES DU MONDE A LA TERRA ALTA","datePublished":"2018-04-12T09:01:05+00:00","dateModified":"2021-04-26T11:35:38+00:00","mainEntityOfPage":{"@id":"https:\/\/www.aribau.es\/ca\/brindamos-con-i-tant-por-la-llegada-del-concurso-internacional-grenaches-du-monde-a-la-terra-alta\/"},"wordCount":381,"publisher":{"@id":"https:\/\/www.aribau.es\/#organization"},"image":{"@id":"https:\/\/www.aribau.es\/ca\/brindamos-con-i-tant-por-la-llegada-del-concurso-internacional-grenaches-du-monde-a-la-terra-alta\/#primaryimage"},"thumbnailUrl":"https:\/\/www.aribau.es\/wp-content\/uploads\/2018\/04\/concurso-garnachas-aribau.jpg","articleSection":["Noticias"],"inLanguage":"ca"},{"@type":"WebPage","@id":"https:\/\/www.aribau.es\/ca\/brindamos-con-i-tant-por-la-llegada-del-concurso-internacional-grenaches-du-monde-a-la-terra-alta\/","url":"https:\/\/www.aribau.es\/ca\/brindamos-con-i-tant-por-la-llegada-del-concurso-internacional-grenaches-du-monde-a-la-terra-alta\/","name":"BRINDAMOS CON \u2018I TANT\u2019 POR LA LLEGADA DEL CONCURSO INTERNACIONAL GRENACHES DU MONDE A LA TERRA ALTA - Aribau","isPartOf":{"@id":"https:\/\/www.aribau.es\/#website"},"primaryImageOfPage":{"@id":"https:\/\/www.aribau.es\/ca\/brindamos-con-i-tant-por-la-llegada-del-concurso-internacional-grenaches-du-monde-a-la-terra-alta\/#primaryimage"},"image":{"@id":"https:\/\/www.aribau.es\/ca\/brindamos-con-i-tant-por-la-llegada-del-concurso-internacional-grenaches-du-monde-a-la-terra-alta\/#primaryimage"},"thumbnailUrl":"https:\/\/www.aribau.es\/wp-content\/uploads\/2018\/04\/concurso-garnachas-aribau.jpg","datePublished":"2018-04-12T09:01:05+00:00","dateModified":"2021-04-26T11:35:38+00:00","breadcrumb":{"@id":"https:\/\/www.aribau.es\/ca\/brindamos-con-i-tant-por-la-llegada-del-concurso-internacional-grenaches-du-monde-a-la-terra-alta\/#breadcrumb"},"inLanguage":"ca","potentialAction":[{"@type":"ReadAction","target":["https:\/\/www.aribau.es\/ca\/brindamos-con-i-tant-por-la-llegada-del-concurso-internacional-grenaches-du-monde-a-la-terra-alta\/"]}]},{"@type":"ImageObject","inLanguage":"ca","@id":"https:\/\/www.aribau.es\/ca\/brindamos-con-i-tant-por-la-llegada-del-concurso-internacional-grenaches-du-monde-a-la-terra-alta\/#primaryimage","url":"https:\/\/www.aribau.es\/wp-content\/uploads\/2018\/04\/concurso-garnachas-aribau.jpg","contentUrl":"https:\/\/www.aribau.es\/wp-content\/uploads\/2018\/04\/concurso-garnachas-aribau.jpg","width":1000,"height":1151},{"@type":"BreadcrumbList","@id":"https:\/\/www.aribau.es\/ca\/brindamos-con-i-tant-por-la-llegada-del-concurso-internacional-grenaches-du-monde-a-la-terra-alta\/#breadcrumb","itemListElement":[{"@type":"ListItem","position":1,"name":"Portada","item":"https:\/\/www.aribau.es\/"},{"@type":"ListItem","position":2,"name":"BRINDAMOS CON \u2018I TANT\u2019 POR LA LLEGADA DEL CONCURSO INTERNACIONAL GRENACHES DU MONDE A LA TERRA ALTA"}]},{"@type":"WebSite","@id":"https:\/\/www.aribau.es\/#website","url":"https:\/\/www.aribau.es\/","name":"Aribau","description":"VINOS Y BODEGAS","publisher":{"@id":"https:\/\/www.aribau.es\/#organization"},"potentialAction":[{"@type":"SearchAction","target":{"@type":"EntryPoint","urlTemplate":"https:\/\/www.aribau.es\/?s={search_term_string}"},"query-input":{"@type":"PropertyValueSpecification","valueRequired":true,"valueName":"search_term_string"}}],"inLanguage":"ca"},{"@type":"Organization","@id":"https:\/\/www.aribau.es\/#organization","name":"Aribau","url":"https:\/\/www.aribau.es\/","logo":{"@type":"ImageObject","inLanguage":"ca","@id":"https:\/\/www.aribau.es\/#\/schema\/logo\/image\/","url":"https:\/\/www.aribau.es\/wp-content\/uploads\/2022\/03\/logo.png","contentUrl":"https:\/\/www.aribau.es\/wp-content\/uploads\/2022\/03\/logo.png","width":300,"height":300,"caption":"Aribau"},"image":{"@id":"https:\/\/www.aribau.es\/#\/schema\/logo\/image\/"},"sameAs":["https:\/\/www.facebook.com\/aribau1964\/","https:\/\/x.com\/aribau1964","https:\/\/www.instagram.com\/aribau1964\/"]},{"@type":"Person","@id":"https:\/\/www.aribau.es\/#\/schema\/person\/77a976898b3c705ed016499633f4ffd0","name":"aribau","image":{"@type":"ImageObject","inLanguage":"ca","@id":"https:\/\/www.aribau.es\/#\/schema\/person\/image\/","url":"https:\/\/secure.gravatar.com\/avatar\/6690491f832d5b32aa9482b978c9464816810fbff0f6658034a34c9d9657b94e?s=96&d=mm&r=g","contentUrl":"https:\/\/secure.gravatar.com\/avatar\/6690491f832d5b32aa9482b978c9464816810fbff0f6658034a34c9d9657b94e?s=96&d=mm&r=g","caption":"aribau"},"url":"https:\/\/www.aribau.es\/ca\/author\/aribau\/"}]}},"_links":{"self":[{"href":"https:\/\/www.aribau.es\/ca\/wp-json\/wp\/v2\/posts\/5765","targetHints":{"allow":["GET"]}}],"collection":[{"href":"https:\/\/www.aribau.es\/ca\/wp-json\/wp\/v2\/posts"}],"about":[{"href":"https:\/\/www.aribau.es\/ca\/wp-json\/wp\/v2\/types\/post"}],"author":[{"embeddable":true,"href":"https:\/\/www.aribau.es\/ca\/wp-json\/wp\/v2\/users\/3"}],"replies":[{"embeddable":true,"href":"https:\/\/www.aribau.es\/ca\/wp-json\/wp\/v2\/comments?post=5765"}],"version-history":[{"count":5,"href":"https:\/\/www.aribau.es\/ca\/wp-json\/wp\/v2\/posts\/5765\/revisions"}],"predecessor-version":[{"id":10110,"href":"https:\/\/www.aribau.es\/ca\/wp-json\/wp\/v2\/posts\/5765\/revisions\/10110"}],"wp:featuredmedia":[{"embeddable":true,"href":"https:\/\/www.aribau.es\/ca\/wp-json\/wp\/v2\/media\/5767"}],"wp:attachment":[{"href":"https:\/\/www.aribau.es\/ca\/wp-json\/wp\/v2\/media?parent=5765"}],"wp:term":[{"taxonomy":"category","embeddable":true,"href":"https:\/\/www.aribau.es\/ca\/wp-json\/wp\/v2\/categories?post=5765"},{"taxonomy":"post_tag","embeddable":true,"href":"https:\/\/www.aribau.es\/ca\/wp-json\/wp\/v2\/tags?post=5765"}],"curies":[{"name":"wp","href":"https:\/\/api.w.org\/{rel}","templated":true}]}}