{"id":5802,"date":"2018-05-03T18:42:17","date_gmt":"2018-05-03T17:42:17","guid":{"rendered":"https:\/\/www.aribau.es\/?p=5802"},"modified":"2021-04-26T12:31:07","modified_gmt":"2021-04-26T11:31:07","slug":"celebramos-la-fira-del-vi-de-falset-con-nuestros-i-tant-que-si","status":"publish","type":"post","link":"https:\/\/www.aribau.es\/ca\/celebramos-la-fira-del-vi-de-falset-con-nuestros-i-tant-que-si\/","title":{"rendered":"CELEBREM LA FIRA DEL VI DE FALSET AMB ELS NOSTRES I TANT, QUE S\u00cd!"},"content":{"rendered":"<p>Este fin de semana se celebra en <strong>Falset<\/strong> la <strong>23<\/strong><strong>\u00aa<\/strong><strong> edici<\/strong><strong>\u00f3<\/strong><strong>n de la <a href=\"http:\/\/www.firadelvi.org\/index.php\/es\" target=\"_blank\" rel=\"noopener\">Fira del Vi<\/a><\/strong>, una muestra que re\u00fane vinos de la <strong>DOQ Priorat<\/strong> i la <strong>DO Montsant<\/strong>, y que ha conseguido convertirse en la Fiesta Mayor de la comarca del Priorat.<\/p>\n<p>La cita es una de esas imprescindibles para amantes del vino y tambi\u00e9n para aquellos que se inician, ya que es un escenario ideal para probar nuevos vinos, conocer bodegas\u2026 Este a\u00f1o, adem\u00e1s, se han batido todos los records con la participaci\u00f3n de m\u00e1s de 70 bodegas de la DO Montsant y la DOQ Priorat.<\/p>\n<p>La agenda de actividades es muy completa, con catas para profesionales, otras m\u00e1s pensadas para p\u00fablico final, conciertos, conferencias, actos gastron\u00f3micos, maridajes\u2026 Un fin de semana perfecto para pasar en familia por estas tierras cuyos paisajes son conocidos internacionalmente por su belleza y, claro, por sus vinos.<\/p>\n<p><!--more--><\/p>\n<p>Desde Aribau queremos sumarnos a la celebraci\u00f3n de esta gran fiesta del vino con dos de nuestras referencias, <em>I Tant, Que S<\/em><em>\u00ed<\/em><em>!<\/em><\/p>\n<p><strong><em><a href=\"https:\/\/www.aribau.es\/wp-content\/uploads\/2014\/06\/itant-tinto.jpg\"><img decoding=\"async\" class=\"alignleft wp-image-4231\" src=\"https:\/\/www.aribau.es\/wp-content\/uploads\/2014\/06\/itant-tinto-121x300.jpg\" alt=\"\" width=\"106\" height=\"263\" \/><\/a><a href=\"https:\/\/www.aribau.es\/ca\/i-tant\/\" target=\"_blank\" rel=\"noopener\">I Tant<\/a><\/em><a href=\"https:\/\/www.aribau.es\/ca\/i-tant\/\" target=\"_blank\" rel=\"noopener\">, un tinto con Denominaci\u00f3n de Origen Montsant<\/a><\/strong><\/p>\n<p>Recientemente galardonado con una <strong>Medalla de Oro en el concurso internacional <em>Grenaches du Monde<\/em><\/strong>, <em>I Tant<\/em> es un vino que, en nariz, presenta una explosi\u00f3n arom\u00e1tica frutos rojos con toques anisados que recuerdan al hinojo. En boca tiene una entrada suave y limpia, y resulta afrutado con predominio de fruta roja. A la hora de maridarlo, es perfecto para carnes asadas, en salsa o estofadas.<\/p>\n<p><strong><a href=\"https:\/\/www.aribau.es\/ca\/que-si\/\" target=\"_blank\" rel=\"noopener\"><em>Que S<\/em><em>\u00ed!<\/em>, con sello de la Denominaci\u00f3n de Origen Calificada Priorat\u00a0<\/a><a href=\"https:\/\/www.aribau.es\/wp-content\/uploads\/2014\/06\/que-si.jpg\"><img decoding=\"async\" class=\"alignright wp-image-4210\" src=\"https:\/\/www.aribau.es\/wp-content\/uploads\/2014\/06\/que-si-121x300.jpg\" alt=\"\" width=\"100\" height=\"248\" \/><\/a><\/strong><\/p>\n<p><em>Que S\u00ed!<\/em> es un vino que presenta aromas florales, entre los que destacan el romero y el hinojo, junto con una mezcla de frutas negras y rojas. Tambi\u00e9n es posible notar ciertos toques especiados que recuerdan al piment\u00f3n rojo y a la nuez moscada. Cremoso y amplio en boca, es el maridaje ideal para platos de sabores intensos, como puede ser una buena selecci\u00f3n de quesos curados.<\/p>","protected":false},"excerpt":{"rendered":"<p>Este fin de semana se celebra en Falset la 23\u00aa edici\u00f3n de la Fira del Vi, una muestra que re\u00fane vinos de la DOQ Priorat y la DO Montsant, y que ha conseguido convertirse en la Fiesta Mayor de la comarca del Priorat. La cita es una de esas imprescindibles para amantes del vino y &#8230; <a title=\"CELEBREM LA FIRA DEL VI DE FALSET AMB ELS NOSTRES I TANT, QUE S\u00cd!\" class=\"read-more\" href=\"https:\/\/www.aribau.es\/ca\/celebramos-la-fira-del-vi-de-falset-con-nuestros-i-tant-que-si\/\" aria-label=\"M\u00e9s informaci\u00f3 sobre CELEBRAMOS LA FIRA DEL VI DE FALSET CON NUESTROS I TANT, QUE SI!\">Llegiu m\u00e9s<\/a><\/p>","protected":false},"author":3,"featured_media":5803,"comment_status":"closed","ping_status":"closed","sticky":false,"template":"","format":"standard","meta":{"footnotes":""},"categories":[406],"tags":[320,480,440,441],"class_list":["post-5802","post","type-post","status-publish","format-standard","has-post-thumbnail","hentry","category-noticias","tag-do-montsant","tag-doq-priorat","tag-i-tant","tag-que-si"],"yoast_head":"<!-- This site is optimized with the Yoast SEO plugin v26.7 - https:\/\/yoast.com\/wordpress\/plugins\/seo\/ -->\n<title>CELEBRAMOS LA FIRA DEL VI DE FALSET CON NUESTROS I TANT, QUE SI! - Aribau<\/title>\n<meta name=\"robots\" content=\"index, follow, max-snippet:-1, max-image-preview:large, max-video-preview:-1\" \/>\n<link rel=\"canonical\" href=\"https:\/\/www.aribau.es\/ca\/celebramos-la-fira-del-vi-de-falset-con-nuestros-i-tant-que-si\/\" \/>\n<meta property=\"og:locale\" content=\"ca_ES\" \/>\n<meta property=\"og:type\" content=\"article\" \/>\n<meta property=\"og:title\" content=\"CELEBRAMOS LA FIRA DEL VI DE FALSET CON NUESTROS I TANT, QUE SI! - Aribau\" \/>\n<meta property=\"og:description\" content=\"Este fin de semana se celebra en Falset la 23\u00aa edici\u00f3n de la Fira del Vi, una muestra que re\u00fane vinos de la DOQ Priorat y la DO Montsant, y que ha conseguido convertirse en la Fiesta Mayor de la comarca del Priorat. La cita es una de esas imprescindibles para amantes del vino y ... Llegiu m\u00e9s\" \/>\n<meta property=\"og:url\" content=\"https:\/\/www.aribau.es\/ca\/celebramos-la-fira-del-vi-de-falset-con-nuestros-i-tant-que-si\/\" \/>\n<meta property=\"og:site_name\" content=\"Aribau\" \/>\n<meta property=\"article:publisher\" content=\"https:\/\/www.facebook.com\/aribau1964\/\" \/>\n<meta property=\"article:published_time\" content=\"2018-05-03T17:42:17+00:00\" \/>\n<meta property=\"article:modified_time\" content=\"2021-04-26T11:31:07+00:00\" \/>\n<meta property=\"og:image\" content=\"https:\/\/www.aribau.es\/wp-content\/uploads\/2018\/05\/fira-vi-falset-aribau.jpg\" \/>\n\t<meta property=\"og:image:width\" content=\"680\" \/>\n\t<meta property=\"og:image:height\" content=\"434\" \/>\n\t<meta property=\"og:image:type\" content=\"image\/jpeg\" \/>\n<meta name=\"author\" content=\"aribau\" \/>\n<meta name=\"twitter:card\" content=\"summary_large_image\" \/>\n<meta name=\"twitter:creator\" content=\"@aribau1964\" \/>\n<meta name=\"twitter:site\" content=\"@aribau1964\" \/>\n<meta name=\"twitter:label1\" content=\"Escrit per\" \/>\n\t<meta name=\"twitter:data1\" content=\"aribau\" \/>\n\t<meta name=\"twitter:label2\" content=\"Temps estimat de lectura\" \/>\n\t<meta name=\"twitter:data2\" content=\"2 minuts\" \/>\n<script type=\"application\/ld+json\" class=\"yoast-schema-graph\">{\"@context\":\"https:\/\/schema.org\",\"@graph\":[{\"@type\":\"Article\",\"@id\":\"https:\/\/www.aribau.es\/celebramos-la-fira-del-vi-de-falset-con-nuestros-i-tant-que-si\/#article\",\"isPartOf\":{\"@id\":\"https:\/\/www.aribau.es\/celebramos-la-fira-del-vi-de-falset-con-nuestros-i-tant-que-si\/\"},\"author\":{\"name\":\"aribau\",\"@id\":\"https:\/\/www.aribau.es\/#\/schema\/person\/77a976898b3c705ed016499633f4ffd0\"},\"headline\":\"CELEBRAMOS LA FIRA DEL VI DE FALSET CON NUESTROS I TANT, QUE SI!\",\"datePublished\":\"2018-05-03T17:42:17+00:00\",\"dateModified\":\"2021-04-26T11:31:07+00:00\",\"mainEntityOfPage\":{\"@id\":\"https:\/\/www.aribau.es\/celebramos-la-fira-del-vi-de-falset-con-nuestros-i-tant-que-si\/\"},\"wordCount\":348,\"publisher\":{\"@id\":\"https:\/\/www.aribau.es\/#organization\"},\"image\":{\"@id\":\"https:\/\/www.aribau.es\/celebramos-la-fira-del-vi-de-falset-con-nuestros-i-tant-que-si\/#primaryimage\"},\"thumbnailUrl\":\"https:\/\/www.aribau.es\/wp-content\/uploads\/2018\/05\/fira-vi-falset-aribau.jpg\",\"keywords\":[\"DO Montsant\",\"DOQ Priorat\",\"I Tant\",\"Que s\u00ed!\"],\"articleSection\":[\"Noticias\"],\"inLanguage\":\"ca\"},{\"@type\":\"WebPage\",\"@id\":\"https:\/\/www.aribau.es\/celebramos-la-fira-del-vi-de-falset-con-nuestros-i-tant-que-si\/\",\"url\":\"https:\/\/www.aribau.es\/celebramos-la-fira-del-vi-de-falset-con-nuestros-i-tant-que-si\/\",\"name\":\"CELEBRAMOS LA FIRA DEL VI DE FALSET CON NUESTROS I TANT, QUE SI! - Aribau\",\"isPartOf\":{\"@id\":\"https:\/\/www.aribau.es\/#website\"},\"primaryImageOfPage\":{\"@id\":\"https:\/\/www.aribau.es\/celebramos-la-fira-del-vi-de-falset-con-nuestros-i-tant-que-si\/#primaryimage\"},\"image\":{\"@id\":\"https:\/\/www.aribau.es\/celebramos-la-fira-del-vi-de-falset-con-nuestros-i-tant-que-si\/#primaryimage\"},\"thumbnailUrl\":\"https:\/\/www.aribau.es\/wp-content\/uploads\/2018\/05\/fira-vi-falset-aribau.jpg\",\"datePublished\":\"2018-05-03T17:42:17+00:00\",\"dateModified\":\"2021-04-26T11:31:07+00:00\",\"breadcrumb\":{\"@id\":\"https:\/\/www.aribau.es\/celebramos-la-fira-del-vi-de-falset-con-nuestros-i-tant-que-si\/#breadcrumb\"},\"inLanguage\":\"ca\",\"potentialAction\":[{\"@type\":\"ReadAction\",\"target\":[\"https:\/\/www.aribau.es\/celebramos-la-fira-del-vi-de-falset-con-nuestros-i-tant-que-si\/\"]}]},{\"@type\":\"ImageObject\",\"inLanguage\":\"ca\",\"@id\":\"https:\/\/www.aribau.es\/celebramos-la-fira-del-vi-de-falset-con-nuestros-i-tant-que-si\/#primaryimage\",\"url\":\"https:\/\/www.aribau.es\/wp-content\/uploads\/2018\/05\/fira-vi-falset-aribau.jpg\",\"contentUrl\":\"https:\/\/www.aribau.es\/wp-content\/uploads\/2018\/05\/fira-vi-falset-aribau.jpg\",\"width\":680,\"height\":434},{\"@type\":\"BreadcrumbList\",\"@id\":\"https:\/\/www.aribau.es\/celebramos-la-fira-del-vi-de-falset-con-nuestros-i-tant-que-si\/#breadcrumb\",\"itemListElement\":[{\"@type\":\"ListItem\",\"position\":1,\"name\":\"Portada\",\"item\":\"https:\/\/www.aribau.es\/\"},{\"@type\":\"ListItem\",\"position\":2,\"name\":\"CELEBRAMOS LA FIRA DEL VI DE FALSET CON NUESTROS I TANT, QUE SI!\"}]},{\"@type\":\"WebSite\",\"@id\":\"https:\/\/www.aribau.es\/#website\",\"url\":\"https:\/\/www.aribau.es\/\",\"name\":\"Aribau\",\"description\":\"VINOS Y BODEGAS\",\"publisher\":{\"@id\":\"https:\/\/www.aribau.es\/#organization\"},\"potentialAction\":[{\"@type\":\"SearchAction\",\"target\":{\"@type\":\"EntryPoint\",\"urlTemplate\":\"https:\/\/www.aribau.es\/?s={search_term_string}\"},\"query-input\":{\"@type\":\"PropertyValueSpecification\",\"valueRequired\":true,\"valueName\":\"search_term_string\"}}],\"inLanguage\":\"ca\"},{\"@type\":\"Organization\",\"@id\":\"https:\/\/www.aribau.es\/#organization\",\"name\":\"Aribau\",\"url\":\"https:\/\/www.aribau.es\/\",\"logo\":{\"@type\":\"ImageObject\",\"inLanguage\":\"ca\",\"@id\":\"https:\/\/www.aribau.es\/#\/schema\/logo\/image\/\",\"url\":\"https:\/\/www.aribau.es\/wp-content\/uploads\/2022\/03\/logo.png\",\"contentUrl\":\"https:\/\/www.aribau.es\/wp-content\/uploads\/2022\/03\/logo.png\",\"width\":300,\"height\":300,\"caption\":\"Aribau\"},\"image\":{\"@id\":\"https:\/\/www.aribau.es\/#\/schema\/logo\/image\/\"},\"sameAs\":[\"https:\/\/www.facebook.com\/aribau1964\/\",\"https:\/\/x.com\/aribau1964\",\"https:\/\/www.instagram.com\/aribau1964\/\"]},{\"@type\":\"Person\",\"@id\":\"https:\/\/www.aribau.es\/#\/schema\/person\/77a976898b3c705ed016499633f4ffd0\",\"name\":\"aribau\",\"image\":{\"@type\":\"ImageObject\",\"inLanguage\":\"ca\",\"@id\":\"https:\/\/www.aribau.es\/#\/schema\/person\/image\/\",\"url\":\"https:\/\/secure.gravatar.com\/avatar\/6690491f832d5b32aa9482b978c9464816810fbff0f6658034a34c9d9657b94e?s=96&d=mm&r=g\",\"contentUrl\":\"https:\/\/secure.gravatar.com\/avatar\/6690491f832d5b32aa9482b978c9464816810fbff0f6658034a34c9d9657b94e?s=96&d=mm&r=g\",\"caption\":\"aribau\"},\"url\":\"https:\/\/www.aribau.es\/ca\/author\/aribau\/\"}]}<\/script>\n<!-- \/ Yoast SEO plugin. -->","yoast_head_json":{"title":"CELEBRAMOS LA FIRA DEL VI DE FALSET CON NUESTROS I TANT, QUE SI! - Aribau","robots":{"index":"index","follow":"follow","max-snippet":"max-snippet:-1","max-image-preview":"max-image-preview:large","max-video-preview":"max-video-preview:-1"},"canonical":"https:\/\/www.aribau.es\/ca\/celebramos-la-fira-del-vi-de-falset-con-nuestros-i-tant-que-si\/","og_locale":"ca_ES","og_type":"article","og_title":"CELEBRAMOS LA FIRA DEL VI DE FALSET CON NUESTROS I TANT, QUE SI! - Aribau","og_description":"Este fin de semana se celebra en Falset la 23\u00aa edici\u00f3n de la Fira del Vi, una muestra que re\u00fane vinos de la DOQ Priorat y la DO Montsant, y que ha conseguido convertirse en la Fiesta Mayor de la comarca del Priorat. La cita es una de esas imprescindibles para amantes del vino y ... Llegiu m\u00e9s","og_url":"https:\/\/www.aribau.es\/ca\/celebramos-la-fira-del-vi-de-falset-con-nuestros-i-tant-que-si\/","og_site_name":"Aribau","article_publisher":"https:\/\/www.facebook.com\/aribau1964\/","article_published_time":"2018-05-03T17:42:17+00:00","article_modified_time":"2021-04-26T11:31:07+00:00","og_image":[{"width":680,"height":434,"url":"https:\/\/www.aribau.es\/wp-content\/uploads\/2018\/05\/fira-vi-falset-aribau.jpg","type":"image\/jpeg"}],"author":"aribau","twitter_card":"summary_large_image","twitter_creator":"@aribau1964","twitter_site":"@aribau1964","twitter_misc":{"Escrit per":"aribau","Temps estimat de lectura":"2 minuts"},"schema":{"@context":"https:\/\/schema.org","@graph":[{"@type":"Article","@id":"https:\/\/www.aribau.es\/celebramos-la-fira-del-vi-de-falset-con-nuestros-i-tant-que-si\/#article","isPartOf":{"@id":"https:\/\/www.aribau.es\/celebramos-la-fira-del-vi-de-falset-con-nuestros-i-tant-que-si\/"},"author":{"name":"aribau","@id":"https:\/\/www.aribau.es\/#\/schema\/person\/77a976898b3c705ed016499633f4ffd0"},"headline":"CELEBRAMOS LA FIRA DEL VI DE FALSET CON NUESTROS I TANT, QUE SI!","datePublished":"2018-05-03T17:42:17+00:00","dateModified":"2021-04-26T11:31:07+00:00","mainEntityOfPage":{"@id":"https:\/\/www.aribau.es\/celebramos-la-fira-del-vi-de-falset-con-nuestros-i-tant-que-si\/"},"wordCount":348,"publisher":{"@id":"https:\/\/www.aribau.es\/#organization"},"image":{"@id":"https:\/\/www.aribau.es\/celebramos-la-fira-del-vi-de-falset-con-nuestros-i-tant-que-si\/#primaryimage"},"thumbnailUrl":"https:\/\/www.aribau.es\/wp-content\/uploads\/2018\/05\/fira-vi-falset-aribau.jpg","keywords":["DO Montsant","DOQ Priorat","I Tant","Que s\u00ed!"],"articleSection":["Noticias"],"inLanguage":"ca"},{"@type":"WebPage","@id":"https:\/\/www.aribau.es\/celebramos-la-fira-del-vi-de-falset-con-nuestros-i-tant-que-si\/","url":"https:\/\/www.aribau.es\/celebramos-la-fira-del-vi-de-falset-con-nuestros-i-tant-que-si\/","name":"CELEBRAMOS LA FIRA DEL VI DE FALSET CON NUESTROS I TANT, QUE SI! - Aribau","isPartOf":{"@id":"https:\/\/www.aribau.es\/#website"},"primaryImageOfPage":{"@id":"https:\/\/www.aribau.es\/celebramos-la-fira-del-vi-de-falset-con-nuestros-i-tant-que-si\/#primaryimage"},"image":{"@id":"https:\/\/www.aribau.es\/celebramos-la-fira-del-vi-de-falset-con-nuestros-i-tant-que-si\/#primaryimage"},"thumbnailUrl":"https:\/\/www.aribau.es\/wp-content\/uploads\/2018\/05\/fira-vi-falset-aribau.jpg","datePublished":"2018-05-03T17:42:17+00:00","dateModified":"2021-04-26T11:31:07+00:00","breadcrumb":{"@id":"https:\/\/www.aribau.es\/celebramos-la-fira-del-vi-de-falset-con-nuestros-i-tant-que-si\/#breadcrumb"},"inLanguage":"ca","potentialAction":[{"@type":"ReadAction","target":["https:\/\/www.aribau.es\/celebramos-la-fira-del-vi-de-falset-con-nuestros-i-tant-que-si\/"]}]},{"@type":"ImageObject","inLanguage":"ca","@id":"https:\/\/www.aribau.es\/celebramos-la-fira-del-vi-de-falset-con-nuestros-i-tant-que-si\/#primaryimage","url":"https:\/\/www.aribau.es\/wp-content\/uploads\/2018\/05\/fira-vi-falset-aribau.jpg","contentUrl":"https:\/\/www.aribau.es\/wp-content\/uploads\/2018\/05\/fira-vi-falset-aribau.jpg","width":680,"height":434},{"@type":"BreadcrumbList","@id":"https:\/\/www.aribau.es\/celebramos-la-fira-del-vi-de-falset-con-nuestros-i-tant-que-si\/#breadcrumb","itemListElement":[{"@type":"ListItem","position":1,"name":"Portada","item":"https:\/\/www.aribau.es\/"},{"@type":"ListItem","position":2,"name":"CELEBRAMOS LA FIRA DEL VI DE FALSET CON NUESTROS I TANT, QUE SI!"}]},{"@type":"WebSite","@id":"https:\/\/www.aribau.es\/#website","url":"https:\/\/www.aribau.es\/","name":"Aribau","description":"VINOS Y BODEGAS","publisher":{"@id":"https:\/\/www.aribau.es\/#organization"},"potentialAction":[{"@type":"SearchAction","target":{"@type":"EntryPoint","urlTemplate":"https:\/\/www.aribau.es\/?s={search_term_string}"},"query-input":{"@type":"PropertyValueSpecification","valueRequired":true,"valueName":"search_term_string"}}],"inLanguage":"ca"},{"@type":"Organization","@id":"https:\/\/www.aribau.es\/#organization","name":"Aribau","url":"https:\/\/www.aribau.es\/","logo":{"@type":"ImageObject","inLanguage":"ca","@id":"https:\/\/www.aribau.es\/#\/schema\/logo\/image\/","url":"https:\/\/www.aribau.es\/wp-content\/uploads\/2022\/03\/logo.png","contentUrl":"https:\/\/www.aribau.es\/wp-content\/uploads\/2022\/03\/logo.png","width":300,"height":300,"caption":"Aribau"},"image":{"@id":"https:\/\/www.aribau.es\/#\/schema\/logo\/image\/"},"sameAs":["https:\/\/www.facebook.com\/aribau1964\/","https:\/\/x.com\/aribau1964","https:\/\/www.instagram.com\/aribau1964\/"]},{"@type":"Person","@id":"https:\/\/www.aribau.es\/#\/schema\/person\/77a976898b3c705ed016499633f4ffd0","name":"aribau","image":{"@type":"ImageObject","inLanguage":"ca","@id":"https:\/\/www.aribau.es\/#\/schema\/person\/image\/","url":"https:\/\/secure.gravatar.com\/avatar\/6690491f832d5b32aa9482b978c9464816810fbff0f6658034a34c9d9657b94e?s=96&d=mm&r=g","contentUrl":"https:\/\/secure.gravatar.com\/avatar\/6690491f832d5b32aa9482b978c9464816810fbff0f6658034a34c9d9657b94e?s=96&d=mm&r=g","caption":"aribau"},"url":"https:\/\/www.aribau.es\/ca\/author\/aribau\/"}]}},"_links":{"self":[{"href":"https:\/\/www.aribau.es\/ca\/wp-json\/wp\/v2\/posts\/5802","targetHints":{"allow":["GET"]}}],"collection":[{"href":"https:\/\/www.aribau.es\/ca\/wp-json\/wp\/v2\/posts"}],"about":[{"href":"https:\/\/www.aribau.es\/ca\/wp-json\/wp\/v2\/types\/post"}],"author":[{"embeddable":true,"href":"https:\/\/www.aribau.es\/ca\/wp-json\/wp\/v2\/users\/3"}],"replies":[{"embeddable":true,"href":"https:\/\/www.aribau.es\/ca\/wp-json\/wp\/v2\/comments?post=5802"}],"version-history":[{"count":5,"href":"https:\/\/www.aribau.es\/ca\/wp-json\/wp\/v2\/posts\/5802\/revisions"}],"predecessor-version":[{"id":10106,"href":"https:\/\/www.aribau.es\/ca\/wp-json\/wp\/v2\/posts\/5802\/revisions\/10106"}],"wp:featuredmedia":[{"embeddable":true,"href":"https:\/\/www.aribau.es\/ca\/wp-json\/wp\/v2\/media\/5803"}],"wp:attachment":[{"href":"https:\/\/www.aribau.es\/ca\/wp-json\/wp\/v2\/media?parent=5802"}],"wp:term":[{"taxonomy":"category","embeddable":true,"href":"https:\/\/www.aribau.es\/ca\/wp-json\/wp\/v2\/categories?post=5802"},{"taxonomy":"post_tag","embeddable":true,"href":"https:\/\/www.aribau.es\/ca\/wp-json\/wp\/v2\/tags?post=5802"}],"curies":[{"name":"wp","href":"https:\/\/api.w.org\/{rel}","templated":true}]}}