{"id":5807,"date":"2018-05-10T15:57:00","date_gmt":"2018-05-10T14:57:00","guid":{"rendered":"https:\/\/www.aribau.es\/?p=5807"},"modified":"2021-04-26T12:30:10","modified_gmt":"2021-04-26T11:30:10","slug":"aribau-colabora-en-la-cena-benefica-or-con-el-vermut-musugorri","status":"publish","type":"post","link":"https:\/\/www.aribau.es\/ca\/aribau-colabora-en-la-cena-benefica-or-con-el-vermut-musugorri\/","title":{"rendered":"ARIBAU COL\u00b7LABORA EN EL SOPAR BEN\u00c8FIC DE L'ASSOCIACI\u00d3 OR AMB EL VERMUT MUSUGORRI"},"content":{"rendered":"<p>El vermut <em><strong><a href=\"https:\/\/www.aribau.es\/ca\/musugorri\/\" target=\"_blank\" rel=\"noopener\">Musugorri<\/a><\/strong><\/em> de Aribau estar\u00e1 presente en la 4\u00aa cena ben\u00e9fica de la <strong><a href=\"https:\/\/orasociacion.org\/\" target=\"_blank\" rel=\"noopener\">Asociaci\u00f3n Or<\/a><\/strong>. El objetivo del encuentro, que tendr\u00e1 lugar el pr\u00f3ximo 15 de mayo en el Restaurante Solraig de Castelldefels, es ayudar a financiar una beca de investigaci\u00f3n que, bajo el nombre <em>Proyecto Histiocitosis<\/em>, investiga sobre el c\u00e1ncer infantil en el Hospital Sant Joan de D\u00e9u de Barcelona. As\u00ed, durante la cena se pretende <strong>recaudar un total de 5.500\u20ac<\/strong>, que representar\u00eda aproximadamente el 10% del coste anual de la beca.<\/p>\n<p>Desde Aribau llevamos un a\u00f1o colaborando con la Asociaci\u00f3n Or, por lo que no pod\u00eda faltar a esta cita. Y es que si algo caracteriza nuestro vermut es que fue concebido para <strong>ayudar, a trav\u00e9s de la investigaci\u00f3n, a curar a todos esos ni\u00f1os<\/strong> que, desafortunadamente, sufren c\u00e1ncer o otras enfermedades raras ligadas a \u00e9l.<\/p>\n<p><!--more--><\/p>\n<p><a href=\"https:\/\/www.aribau.es\/wp-content\/uploads\/2018\/05\/cartel-or-musugorri-aribau.jpg\"><img fetchpriority=\"high\" decoding=\"async\" class=\"aligncenter size-full wp-image-5809\" src=\"https:\/\/www.aribau.es\/wp-content\/uploads\/2018\/05\/cartel-or-musugorri-aribau.jpg\" alt=\"\" width=\"596\" height=\"756\" srcset=\"https:\/\/www.aribau.es\/wp-content\/uploads\/2018\/05\/cartel-or-musugorri-aribau.jpg 596w, https:\/\/www.aribau.es\/wp-content\/uploads\/2018\/05\/cartel-or-musugorri-aribau-237x300.jpg 237w\" sizes=\"(max-width: 596px) 100vw, 596px\" \/><\/a><\/p>\n<p>El nombre de <em>Musugorri<\/em>, que como ya hemos dicho en otras ocasiones significa \u201cmofletes rojos\u201d en euskera, no fue elegido por casualidad ya que si logramos que los ni\u00f1os recuperan sus mofletes rojos nos proclamaremos vencedores de esta lucha. De hecho, el a\u00f1o pasado <a href=\"https:\/\/www.aribau.es\/ca\/musugorri-la-felicidad-en-un-donativo\/\" target=\"_blank\" rel=\"noopener\">el proyecto solidario hizo entrega de su primer donativo a la Asociaci\u00f3n contra el Rabdosiosarcoma<\/a>. Este a\u00f1o, la Asociaci\u00f3n Or ser\u00e1 la beneficiaria de ese cheque que ayudar\u00e1 a seguir investigando en los diversos campos de investigaci\u00f3n del c\u00e1ncer infantil.<\/p>\n<p>Si cre\u00e9is en la causa y quer\u00e9is aportar vuestro granito de arena, aqu\u00ed os dejamos la web de la Asociaci\u00f3n OR-Tibur\u00f3n en la que encontrar\u00e9is m\u00e1s informaci\u00f3n sobre su labor a favor de los ni\u00f1os y sobre la cena ben\u00e9fica: <a href=\"http:\/\/www.orasociacion.org\/dona\">www.orasociacion.org\/dona<\/a><\/p>\n<p><strong>El vermut<\/strong><\/p>\n<p><em>Musugorri<\/em>\u00a0se elabora de manera tradicional y 100% natural en La Secuita (Tarragona). Para su maceraci\u00f3n se utilizan 30 bot\u00e1nicos que le aportan unos intensos y complejos aromas y sabores de marcado car\u00e1cter mediterr\u00e1neo. Su suave amargor y delicado dulzor hacen de \u00e9l un vermut equilibrado y persistente.<\/p>\n<p><a href=\"https:\/\/www.aribau.es\/wp-content\/uploads\/2018\/05\/cartell-vermut-solidari-musugorri-aribau.jpg\"><img decoding=\"async\" class=\"aligncenter size-full wp-image-5810\" src=\"https:\/\/www.aribau.es\/wp-content\/uploads\/2018\/05\/cartell-vermut-solidari-musugorri-aribau.jpg\" alt=\"\" width=\"694\" height=\"960\" srcset=\"https:\/\/www.aribau.es\/wp-content\/uploads\/2018\/05\/cartell-vermut-solidari-musugorri-aribau.jpg 694w, https:\/\/www.aribau.es\/wp-content\/uploads\/2018\/05\/cartell-vermut-solidari-musugorri-aribau-217x300.jpg 217w\" sizes=\"(max-width: 694px) 100vw, 694px\" \/><\/a><\/p>","protected":false},"excerpt":{"rendered":"<p>El vermut Musugorri de Aribau estar\u00e1 presente en la 4\u00aa cena ben\u00e9fica de la Asociaci\u00f3n Or. El objetivo del encuentro, que tendr\u00e1 lugar el pr\u00f3ximo 15 de mayo en el Restaurante Solraig de Castelldefels, es ayudar a financiar una beca de investigaci\u00f3n que, bajo el nombre Proyecto Histiocitosis, investiga sobre el c\u00e1ncer infantil en el &#8230; <a title=\"ARIBAU COL\u00b7LABORA EN EL SOPAR BEN\u00c8FIC DE L&#039;ASSOCIACI\u00d3 OR AMB EL VERMUT MUSUGORRI\" class=\"read-more\" href=\"https:\/\/www.aribau.es\/ca\/aribau-colabora-en-la-cena-benefica-or-con-el-vermut-musugorri\/\" aria-label=\"M\u00e9s informaci\u00f3 sobre ARIBAU COLABORA EN LA CENA BEN\u00c9FICA DE LA ASOCIACI\u00d3N OR CON EL VERMUT MUSUGORRI\">Llegiu m\u00e9s<\/a><\/p>","protected":false},"author":3,"featured_media":5808,"comment_status":"closed","ping_status":"closed","sticky":false,"template":"","format":"standard","meta":{"footnotes":""},"categories":[406],"tags":[407,334],"class_list":["post-5807","post","type-post","status-publish","format-standard","has-post-thumbnail","hentry","category-noticias","tag-musugorri","tag-vermut"],"yoast_head":"<!-- This site is optimized with the Yoast SEO plugin v26.7 - https:\/\/yoast.com\/wordpress\/plugins\/seo\/ -->\n<title>ARIBAU COLABORA EN LA CENA BEN\u00c9FICA DE LA ASOCIACI\u00d3N OR CON EL VERMUT MUSUGORRI - Aribau<\/title>\n<meta name=\"robots\" content=\"index, follow, max-snippet:-1, max-image-preview:large, max-video-preview:-1\" \/>\n<link rel=\"canonical\" href=\"https:\/\/www.aribau.es\/ca\/aribau-colabora-en-la-cena-benefica-or-con-el-vermut-musugorri\/\" \/>\n<meta property=\"og:locale\" content=\"ca_ES\" \/>\n<meta property=\"og:type\" content=\"article\" \/>\n<meta property=\"og:title\" content=\"ARIBAU COLABORA EN LA CENA BEN\u00c9FICA DE LA ASOCIACI\u00d3N OR CON EL VERMUT MUSUGORRI - Aribau\" \/>\n<meta property=\"og:description\" content=\"El vermut Musugorri de Aribau estar\u00e1 presente en la 4\u00aa cena ben\u00e9fica de la Asociaci\u00f3n Or. El objetivo del encuentro, que tendr\u00e1 lugar el pr\u00f3ximo 15 de mayo en el Restaurante Solraig de Castelldefels, es ayudar a financiar una beca de investigaci\u00f3n que, bajo el nombre Proyecto Histiocitosis, investiga sobre el c\u00e1ncer infantil en el ... Llegiu m\u00e9s\" \/>\n<meta property=\"og:url\" content=\"https:\/\/www.aribau.es\/ca\/aribau-colabora-en-la-cena-benefica-or-con-el-vermut-musugorri\/\" \/>\n<meta property=\"og:site_name\" content=\"Aribau\" \/>\n<meta property=\"article:publisher\" content=\"https:\/\/www.facebook.com\/aribau1964\/\" \/>\n<meta property=\"article:published_time\" content=\"2018-05-10T14:57:00+00:00\" \/>\n<meta property=\"article:modified_time\" content=\"2021-04-26T11:30:10+00:00\" \/>\n<meta property=\"og:image\" content=\"https:\/\/www.aribau.es\/wp-content\/uploads\/2018\/05\/cartel-or-musugorri-aribau_02.jpg\" \/>\n\t<meta property=\"og:image:width\" content=\"595\" \/>\n\t<meta property=\"og:image:height\" content=\"215\" \/>\n\t<meta property=\"og:image:type\" content=\"image\/jpeg\" \/>\n<meta name=\"author\" content=\"aribau\" \/>\n<meta name=\"twitter:card\" content=\"summary_large_image\" \/>\n<meta name=\"twitter:creator\" content=\"@aribau1964\" \/>\n<meta name=\"twitter:site\" content=\"@aribau1964\" \/>\n<meta name=\"twitter:label1\" content=\"Escrit per\" \/>\n\t<meta name=\"twitter:data1\" content=\"aribau\" \/>\n\t<meta name=\"twitter:label2\" content=\"Temps estimat de lectura\" \/>\n\t<meta name=\"twitter:data2\" content=\"2 minuts\" \/>\n<script type=\"application\/ld+json\" class=\"yoast-schema-graph\">{\"@context\":\"https:\/\/schema.org\",\"@graph\":[{\"@type\":\"Article\",\"@id\":\"https:\/\/www.aribau.es\/aribau-colabora-en-la-cena-benefica-or-con-el-vermut-musugorri\/#article\",\"isPartOf\":{\"@id\":\"https:\/\/www.aribau.es\/aribau-colabora-en-la-cena-benefica-or-con-el-vermut-musugorri\/\"},\"author\":{\"name\":\"aribau\",\"@id\":\"https:\/\/www.aribau.es\/#\/schema\/person\/77a976898b3c705ed016499633f4ffd0\"},\"headline\":\"ARIBAU COLABORA EN LA CENA BEN\u00c9FICA DE LA ASOCIACI\u00d3N OR CON EL VERMUT MUSUGORRI\",\"datePublished\":\"2018-05-10T14:57:00+00:00\",\"dateModified\":\"2021-04-26T11:30:10+00:00\",\"mainEntityOfPage\":{\"@id\":\"https:\/\/www.aribau.es\/aribau-colabora-en-la-cena-benefica-or-con-el-vermut-musugorri\/\"},\"wordCount\":361,\"publisher\":{\"@id\":\"https:\/\/www.aribau.es\/#organization\"},\"image\":{\"@id\":\"https:\/\/www.aribau.es\/aribau-colabora-en-la-cena-benefica-or-con-el-vermut-musugorri\/#primaryimage\"},\"thumbnailUrl\":\"https:\/\/www.aribau.es\/wp-content\/uploads\/2018\/05\/cartel-or-musugorri-aribau_02.jpg\",\"keywords\":[\"Musugorri\",\"Vermut\"],\"articleSection\":[\"Noticias\"],\"inLanguage\":\"ca\"},{\"@type\":\"WebPage\",\"@id\":\"https:\/\/www.aribau.es\/aribau-colabora-en-la-cena-benefica-or-con-el-vermut-musugorri\/\",\"url\":\"https:\/\/www.aribau.es\/aribau-colabora-en-la-cena-benefica-or-con-el-vermut-musugorri\/\",\"name\":\"ARIBAU COLABORA EN LA CENA BEN\u00c9FICA DE LA ASOCIACI\u00d3N OR CON EL VERMUT MUSUGORRI - Aribau\",\"isPartOf\":{\"@id\":\"https:\/\/www.aribau.es\/#website\"},\"primaryImageOfPage\":{\"@id\":\"https:\/\/www.aribau.es\/aribau-colabora-en-la-cena-benefica-or-con-el-vermut-musugorri\/#primaryimage\"},\"image\":{\"@id\":\"https:\/\/www.aribau.es\/aribau-colabora-en-la-cena-benefica-or-con-el-vermut-musugorri\/#primaryimage\"},\"thumbnailUrl\":\"https:\/\/www.aribau.es\/wp-content\/uploads\/2018\/05\/cartel-or-musugorri-aribau_02.jpg\",\"datePublished\":\"2018-05-10T14:57:00+00:00\",\"dateModified\":\"2021-04-26T11:30:10+00:00\",\"breadcrumb\":{\"@id\":\"https:\/\/www.aribau.es\/aribau-colabora-en-la-cena-benefica-or-con-el-vermut-musugorri\/#breadcrumb\"},\"inLanguage\":\"ca\",\"potentialAction\":[{\"@type\":\"ReadAction\",\"target\":[\"https:\/\/www.aribau.es\/aribau-colabora-en-la-cena-benefica-or-con-el-vermut-musugorri\/\"]}]},{\"@type\":\"ImageObject\",\"inLanguage\":\"ca\",\"@id\":\"https:\/\/www.aribau.es\/aribau-colabora-en-la-cena-benefica-or-con-el-vermut-musugorri\/#primaryimage\",\"url\":\"https:\/\/www.aribau.es\/wp-content\/uploads\/2018\/05\/cartel-or-musugorri-aribau_02.jpg\",\"contentUrl\":\"https:\/\/www.aribau.es\/wp-content\/uploads\/2018\/05\/cartel-or-musugorri-aribau_02.jpg\",\"width\":595,\"height\":215},{\"@type\":\"BreadcrumbList\",\"@id\":\"https:\/\/www.aribau.es\/aribau-colabora-en-la-cena-benefica-or-con-el-vermut-musugorri\/#breadcrumb\",\"itemListElement\":[{\"@type\":\"ListItem\",\"position\":1,\"name\":\"Portada\",\"item\":\"https:\/\/www.aribau.es\/\"},{\"@type\":\"ListItem\",\"position\":2,\"name\":\"ARIBAU COLABORA EN LA CENA BEN\u00c9FICA DE LA ASOCIACI\u00d3N OR CON EL VERMUT MUSUGORRI\"}]},{\"@type\":\"WebSite\",\"@id\":\"https:\/\/www.aribau.es\/#website\",\"url\":\"https:\/\/www.aribau.es\/\",\"name\":\"Aribau\",\"description\":\"VINOS Y BODEGAS\",\"publisher\":{\"@id\":\"https:\/\/www.aribau.es\/#organization\"},\"potentialAction\":[{\"@type\":\"SearchAction\",\"target\":{\"@type\":\"EntryPoint\",\"urlTemplate\":\"https:\/\/www.aribau.es\/?s={search_term_string}\"},\"query-input\":{\"@type\":\"PropertyValueSpecification\",\"valueRequired\":true,\"valueName\":\"search_term_string\"}}],\"inLanguage\":\"ca\"},{\"@type\":\"Organization\",\"@id\":\"https:\/\/www.aribau.es\/#organization\",\"name\":\"Aribau\",\"url\":\"https:\/\/www.aribau.es\/\",\"logo\":{\"@type\":\"ImageObject\",\"inLanguage\":\"ca\",\"@id\":\"https:\/\/www.aribau.es\/#\/schema\/logo\/image\/\",\"url\":\"https:\/\/www.aribau.es\/wp-content\/uploads\/2022\/03\/logo.png\",\"contentUrl\":\"https:\/\/www.aribau.es\/wp-content\/uploads\/2022\/03\/logo.png\",\"width\":300,\"height\":300,\"caption\":\"Aribau\"},\"image\":{\"@id\":\"https:\/\/www.aribau.es\/#\/schema\/logo\/image\/\"},\"sameAs\":[\"https:\/\/www.facebook.com\/aribau1964\/\",\"https:\/\/x.com\/aribau1964\",\"https:\/\/www.instagram.com\/aribau1964\/\"]},{\"@type\":\"Person\",\"@id\":\"https:\/\/www.aribau.es\/#\/schema\/person\/77a976898b3c705ed016499633f4ffd0\",\"name\":\"aribau\",\"image\":{\"@type\":\"ImageObject\",\"inLanguage\":\"ca\",\"@id\":\"https:\/\/www.aribau.es\/#\/schema\/person\/image\/\",\"url\":\"https:\/\/secure.gravatar.com\/avatar\/6690491f832d5b32aa9482b978c9464816810fbff0f6658034a34c9d9657b94e?s=96&d=mm&r=g\",\"contentUrl\":\"https:\/\/secure.gravatar.com\/avatar\/6690491f832d5b32aa9482b978c9464816810fbff0f6658034a34c9d9657b94e?s=96&d=mm&r=g\",\"caption\":\"aribau\"},\"url\":\"https:\/\/www.aribau.es\/ca\/author\/aribau\/\"}]}<\/script>\n<!-- \/ Yoast SEO plugin. -->","yoast_head_json":{"title":"ARIBAU COLABORA EN LA CENA BEN\u00c9FICA DE LA ASOCIACI\u00d3N OR CON EL VERMUT MUSUGORRI - Aribau","robots":{"index":"index","follow":"follow","max-snippet":"max-snippet:-1","max-image-preview":"max-image-preview:large","max-video-preview":"max-video-preview:-1"},"canonical":"https:\/\/www.aribau.es\/ca\/aribau-colabora-en-la-cena-benefica-or-con-el-vermut-musugorri\/","og_locale":"ca_ES","og_type":"article","og_title":"ARIBAU COLABORA EN LA CENA BEN\u00c9FICA DE LA ASOCIACI\u00d3N OR CON EL VERMUT MUSUGORRI - Aribau","og_description":"El vermut Musugorri de Aribau estar\u00e1 presente en la 4\u00aa cena ben\u00e9fica de la Asociaci\u00f3n Or. El objetivo del encuentro, que tendr\u00e1 lugar el pr\u00f3ximo 15 de mayo en el Restaurante Solraig de Castelldefels, es ayudar a financiar una beca de investigaci\u00f3n que, bajo el nombre Proyecto Histiocitosis, investiga sobre el c\u00e1ncer infantil en el ... Llegiu m\u00e9s","og_url":"https:\/\/www.aribau.es\/ca\/aribau-colabora-en-la-cena-benefica-or-con-el-vermut-musugorri\/","og_site_name":"Aribau","article_publisher":"https:\/\/www.facebook.com\/aribau1964\/","article_published_time":"2018-05-10T14:57:00+00:00","article_modified_time":"2021-04-26T11:30:10+00:00","og_image":[{"width":595,"height":215,"url":"https:\/\/www.aribau.es\/wp-content\/uploads\/2018\/05\/cartel-or-musugorri-aribau_02.jpg","type":"image\/jpeg"}],"author":"aribau","twitter_card":"summary_large_image","twitter_creator":"@aribau1964","twitter_site":"@aribau1964","twitter_misc":{"Escrit per":"aribau","Temps estimat de lectura":"2 minuts"},"schema":{"@context":"https:\/\/schema.org","@graph":[{"@type":"Article","@id":"https:\/\/www.aribau.es\/aribau-colabora-en-la-cena-benefica-or-con-el-vermut-musugorri\/#article","isPartOf":{"@id":"https:\/\/www.aribau.es\/aribau-colabora-en-la-cena-benefica-or-con-el-vermut-musugorri\/"},"author":{"name":"aribau","@id":"https:\/\/www.aribau.es\/#\/schema\/person\/77a976898b3c705ed016499633f4ffd0"},"headline":"ARIBAU COLABORA EN LA CENA BEN\u00c9FICA DE LA ASOCIACI\u00d3N OR CON EL VERMUT MUSUGORRI","datePublished":"2018-05-10T14:57:00+00:00","dateModified":"2021-04-26T11:30:10+00:00","mainEntityOfPage":{"@id":"https:\/\/www.aribau.es\/aribau-colabora-en-la-cena-benefica-or-con-el-vermut-musugorri\/"},"wordCount":361,"publisher":{"@id":"https:\/\/www.aribau.es\/#organization"},"image":{"@id":"https:\/\/www.aribau.es\/aribau-colabora-en-la-cena-benefica-or-con-el-vermut-musugorri\/#primaryimage"},"thumbnailUrl":"https:\/\/www.aribau.es\/wp-content\/uploads\/2018\/05\/cartel-or-musugorri-aribau_02.jpg","keywords":["Musugorri","Vermut"],"articleSection":["Noticias"],"inLanguage":"ca"},{"@type":"WebPage","@id":"https:\/\/www.aribau.es\/aribau-colabora-en-la-cena-benefica-or-con-el-vermut-musugorri\/","url":"https:\/\/www.aribau.es\/aribau-colabora-en-la-cena-benefica-or-con-el-vermut-musugorri\/","name":"ARIBAU COLABORA EN LA CENA BEN\u00c9FICA DE LA ASOCIACI\u00d3N OR CON EL VERMUT MUSUGORRI - Aribau","isPartOf":{"@id":"https:\/\/www.aribau.es\/#website"},"primaryImageOfPage":{"@id":"https:\/\/www.aribau.es\/aribau-colabora-en-la-cena-benefica-or-con-el-vermut-musugorri\/#primaryimage"},"image":{"@id":"https:\/\/www.aribau.es\/aribau-colabora-en-la-cena-benefica-or-con-el-vermut-musugorri\/#primaryimage"},"thumbnailUrl":"https:\/\/www.aribau.es\/wp-content\/uploads\/2018\/05\/cartel-or-musugorri-aribau_02.jpg","datePublished":"2018-05-10T14:57:00+00:00","dateModified":"2021-04-26T11:30:10+00:00","breadcrumb":{"@id":"https:\/\/www.aribau.es\/aribau-colabora-en-la-cena-benefica-or-con-el-vermut-musugorri\/#breadcrumb"},"inLanguage":"ca","potentialAction":[{"@type":"ReadAction","target":["https:\/\/www.aribau.es\/aribau-colabora-en-la-cena-benefica-or-con-el-vermut-musugorri\/"]}]},{"@type":"ImageObject","inLanguage":"ca","@id":"https:\/\/www.aribau.es\/aribau-colabora-en-la-cena-benefica-or-con-el-vermut-musugorri\/#primaryimage","url":"https:\/\/www.aribau.es\/wp-content\/uploads\/2018\/05\/cartel-or-musugorri-aribau_02.jpg","contentUrl":"https:\/\/www.aribau.es\/wp-content\/uploads\/2018\/05\/cartel-or-musugorri-aribau_02.jpg","width":595,"height":215},{"@type":"BreadcrumbList","@id":"https:\/\/www.aribau.es\/aribau-colabora-en-la-cena-benefica-or-con-el-vermut-musugorri\/#breadcrumb","itemListElement":[{"@type":"ListItem","position":1,"name":"Portada","item":"https:\/\/www.aribau.es\/"},{"@type":"ListItem","position":2,"name":"ARIBAU COLABORA EN LA CENA BEN\u00c9FICA DE LA ASOCIACI\u00d3N OR CON EL VERMUT MUSUGORRI"}]},{"@type":"WebSite","@id":"https:\/\/www.aribau.es\/#website","url":"https:\/\/www.aribau.es\/","name":"Aribau","description":"VINOS Y BODEGAS","publisher":{"@id":"https:\/\/www.aribau.es\/#organization"},"potentialAction":[{"@type":"SearchAction","target":{"@type":"EntryPoint","urlTemplate":"https:\/\/www.aribau.es\/?s={search_term_string}"},"query-input":{"@type":"PropertyValueSpecification","valueRequired":true,"valueName":"search_term_string"}}],"inLanguage":"ca"},{"@type":"Organization","@id":"https:\/\/www.aribau.es\/#organization","name":"Aribau","url":"https:\/\/www.aribau.es\/","logo":{"@type":"ImageObject","inLanguage":"ca","@id":"https:\/\/www.aribau.es\/#\/schema\/logo\/image\/","url":"https:\/\/www.aribau.es\/wp-content\/uploads\/2022\/03\/logo.png","contentUrl":"https:\/\/www.aribau.es\/wp-content\/uploads\/2022\/03\/logo.png","width":300,"height":300,"caption":"Aribau"},"image":{"@id":"https:\/\/www.aribau.es\/#\/schema\/logo\/image\/"},"sameAs":["https:\/\/www.facebook.com\/aribau1964\/","https:\/\/x.com\/aribau1964","https:\/\/www.instagram.com\/aribau1964\/"]},{"@type":"Person","@id":"https:\/\/www.aribau.es\/#\/schema\/person\/77a976898b3c705ed016499633f4ffd0","name":"aribau","image":{"@type":"ImageObject","inLanguage":"ca","@id":"https:\/\/www.aribau.es\/#\/schema\/person\/image\/","url":"https:\/\/secure.gravatar.com\/avatar\/6690491f832d5b32aa9482b978c9464816810fbff0f6658034a34c9d9657b94e?s=96&d=mm&r=g","contentUrl":"https:\/\/secure.gravatar.com\/avatar\/6690491f832d5b32aa9482b978c9464816810fbff0f6658034a34c9d9657b94e?s=96&d=mm&r=g","caption":"aribau"},"url":"https:\/\/www.aribau.es\/ca\/author\/aribau\/"}]}},"_links":{"self":[{"href":"https:\/\/www.aribau.es\/ca\/wp-json\/wp\/v2\/posts\/5807","targetHints":{"allow":["GET"]}}],"collection":[{"href":"https:\/\/www.aribau.es\/ca\/wp-json\/wp\/v2\/posts"}],"about":[{"href":"https:\/\/www.aribau.es\/ca\/wp-json\/wp\/v2\/types\/post"}],"author":[{"embeddable":true,"href":"https:\/\/www.aribau.es\/ca\/wp-json\/wp\/v2\/users\/3"}],"replies":[{"embeddable":true,"href":"https:\/\/www.aribau.es\/ca\/wp-json\/wp\/v2\/comments?post=5807"}],"version-history":[{"count":7,"href":"https:\/\/www.aribau.es\/ca\/wp-json\/wp\/v2\/posts\/5807\/revisions"}],"predecessor-version":[{"id":10104,"href":"https:\/\/www.aribau.es\/ca\/wp-json\/wp\/v2\/posts\/5807\/revisions\/10104"}],"wp:featuredmedia":[{"embeddable":true,"href":"https:\/\/www.aribau.es\/ca\/wp-json\/wp\/v2\/media\/5808"}],"wp:attachment":[{"href":"https:\/\/www.aribau.es\/ca\/wp-json\/wp\/v2\/media?parent=5807"}],"wp:term":[{"taxonomy":"category","embeddable":true,"href":"https:\/\/www.aribau.es\/ca\/wp-json\/wp\/v2\/categories?post=5807"},{"taxonomy":"post_tag","embeddable":true,"href":"https:\/\/www.aribau.es\/ca\/wp-json\/wp\/v2\/tags?post=5807"}],"curies":[{"name":"wp","href":"https:\/\/api.w.org\/{rel}","templated":true}]}}